{"id":12861,"date":"2025-03-27T12:29:37","date_gmt":"2025-03-27T12:29:37","guid":{"rendered":"https:\/\/bobea.net\/?p=12861"},"modified":"2025-03-27T12:29:39","modified_gmt":"2025-03-27T12:29:39","slug":"creez-un-espace-de-travail-zen-a-la-maison","status":"publish","type":"post","link":"https:\/\/bobea.net\/index.php\/2025\/03\/27\/creez-un-espace-de-travail-zen-a-la-maison\/","title":{"rendered":"Cr\u00e9ez un espace de travail zen \u00e0 la maison"},"content":{"rendered":"\n<p>Avec l\u2019es\u00adsor du t\u00e9l\u00e9\u00adtra\u00advail, cr\u00e9er un espace de tra\u00advail fonc\u00adtion\u00adnel et apaisant \u00e0 la mai\u00adson est devenu une pri\u00ador\u00adit\u00e9 pour beau\u00adcoup. En 2025, le con\u00adcept de bureau \u00e0 domi\u00adcile ne se lim\u00adite plus \u00e0 une sim\u00adple table et une chaise. Il s\u2019ag\u00adit d\u00e9sor\u00admais d\u2019un espace qui favorise \u00e0 la fois la pro\u00adduc\u00adtiv\u00adit\u00e9 et le bien-\u00eatre men\u00adtal, en int\u00e9\u00adgrant des \u00e9l\u00e9\u00adments de design inspir\u00e9s par le min\u00adi\u00admal\u00adisme et la philoso\u00adphie zen.<\/p>\n\n\n\n<p><strong>Pourquoi un espace de tra\u00advail zen est essen\u00adtiel<\/strong><\/p>\n\n\n\n<p>Les \u00e9tudes mon\u00adtrent que l\u2019en\u00advi\u00adron\u00adnement dans lequel nous tra\u00advail\u00adlons a un impact direct sur notre con\u00adcen\u00adtra\u00adtion, notre cr\u00e9a\u00adtiv\u00adit\u00e9 et notre niveau de stress. Un espace encom\u00adbr\u00e9 ou mal organ\u00adis\u00e9 peut entra\u00een\u00ader une baisse de pro\u00adduc\u00adtiv\u00adit\u00e9 et une aug\u00admen\u00adta\u00adtion de l\u2019anx\u00adi\u00e9t\u00e9. \u00c0 l\u2019in\u00adverse, un bureau bien am\u00e9\u00adnag\u00e9, avec des \u00e9l\u00e9\u00adments naturels et une organ\u00adi\u00adsa\u00adtion opti\u00admale, peut am\u00e9lior\u00ader notre humeur et nos per\u00adfor\u00admances.<\/p>\n\n\n\n<p>Dr. Aman\u00adda Lee, psy\u00adcho\u00adlogue sp\u00e9\u00adcial\u00adis\u00e9e en ergonomie, explique : \u201cUn espace de tra\u00advail zen per\u00admet de r\u00e9duire les dis\u00adtrac\u00adtions visuelles et men\u00adtales, tout en cr\u00e9ant une ambiance prop\u00adice \u00e0 la con\u00adcen\u00adtra\u00adtion et \u00e0 la s\u00e9r\u00e9nit\u00e9.\u201d<\/p>\n\n\n\n<figure class=\"wp-block-image size-large\"><img loading=\"lazy\" decoding=\"async\" width=\"1024\" height=\"575\" src=\"https:\/\/bobea.net\/wp-content\/uploads\/2025\/03\/bureau-couleur-verte-tres-apaisante-1160x651-1-1024x575.jpg\" alt class=\"wp-image-12864\" srcset=\"https:\/\/bobea.net\/wp-content\/uploads\/2025\/03\/bureau-couleur-verte-tres-apaisante-1160x651-1-1024x575.jpg 1024w, https:\/\/bobea.net\/wp-content\/uploads\/2025\/03\/bureau-couleur-verte-tres-apaisante-1160x651-1-300x168.jpg 300w, https:\/\/bobea.net\/wp-content\/uploads\/2025\/03\/bureau-couleur-verte-tres-apaisante-1160x651-1-768x431.jpg 768w, https:\/\/bobea.net\/wp-content\/uploads\/2025\/03\/bureau-couleur-verte-tres-apaisante-1160x651-1.jpg 1160w\" sizes=\"(max-width: 1024px) 100vw, 1024px\"><\/figure>\n\n\n\n<p><strong>Les principes du design zen pour un bureau \u00e0 domi\u00adcile<\/strong><\/p>\n\n\n\n<ol start=\"1\" class=\"wp-block-list\">\n<li><strong>Min\u00adi\u00admal\u00adisme<\/strong>&nbsp;: Le min\u00adi\u00admal\u00adisme est au c\u0153ur du design zen. \u00c9lim\u00adinez tout ce qui n\u2019est pas essen\u00adtiel sur votre bureau. Chaque objet doit avoir une fonc\u00adtion pr\u00e9\u00adcise ou apporter une valeur esth\u00e9\u00adtique.<\/li>\n\n\n\n<li><strong>Lumi\u00e8re naturelle<\/strong>&nbsp;: Placez votre bureau pr\u00e8s d\u2019une fen\u00eatre pour max\u00adimiser l\u2019ex\u00adpo\u00adsi\u00adtion \u00e0 la lumi\u00e8re naturelle. Cela am\u00e9liore non seule\u00adment l\u2019\u00e9\u00adclairage, mais aus\u00adsi votre humeur et votre rythme cir\u00adca\u00addi\u00aden.<\/li>\n\n\n\n<li><strong>Couleurs apaisantes<\/strong>&nbsp;: Optez pour des teintes neu\u00adtres ou pas\u00adtel comme le beige, le blanc cass\u00e9 ou le vert doux. Ces couleurs cr\u00e9ent une atmo\u00adsph\u00e8re calme et relax\u00adante.<\/li>\n\n\n\n<li><strong>Mat\u00e9ri\u00adaux naturels<\/strong>&nbsp;: Int\u00e9\u00adgrez des mat\u00e9ri\u00adaux comme le bois, le bam\u00adbou ou le lin pour apporter une touche organique \u00e0 votre espace.<\/li>\n\n\n\n<li><strong>Plantes d\u2019in\u00adt\u00e9rieur<\/strong>&nbsp;: Les plantes ne sont pas seule\u00adment d\u00e9co\u00adra\u00adtives ; elles puri\u00adfient \u00e9gale\u00adment l\u2019air et r\u00e9duisent le stress. Des options comme les suc\u00adcu\u00adlentes, les pothos ou les foug\u00e8res sont id\u00e9ales pour les bureaux.<\/li>\n\n\n\n<li><strong>Organ\u00adi\u00adsa\u00adtion opti\u00admale<\/strong>&nbsp;: Utilisez des range\u00adments intel\u00adli\u00adgents pour garder votre espace pro\u00adpre et ordon\u00adn\u00e9. Des bo\u00eetes en bam\u00adbou ou des paniers en osier peu\u00advent ajouter une touche esth\u00e9\u00adtique tout en \u00e9tant pra\u00adtiques.<\/li>\n\n\n\n<li><strong>\u00c9l\u00e9\u00adments sen\u00adsoriels<\/strong>&nbsp;: Ajoutez des bou\u00adgies par\u00adfum\u00e9es, des dif\u00adfuseurs d\u2019huiles essen\u00adtielles ou m\u00eame une petite fontaine d\u2019in\u00adt\u00e9rieur pour stim\u00aduler vos sens et cr\u00e9er une ambiance apaisante.<\/li>\n<\/ol>\n\n\n\n<p><strong>L\u2019im\u00adpor\u00adtance de l\u2019er\u00adgonomie<\/strong><\/p>\n\n\n\n<p>Un espace de tra\u00advail zen ne se lim\u00adite pas au design ; il doit \u00e9gale\u00adment \u00eatre ergonomique pour pr\u00e9venir les douleurs physiques li\u00e9es au t\u00e9l\u00e9\u00adtra\u00advail. Voici quelques con\u00adseils :<\/p>\n\n\n\n<ul class=\"wp-block-list\">\n<li>Investis\u00adsez dans une chaise ergonomique qui sou\u00adtient cor\u00adrecte\u00adment votre dos.<\/li>\n\n\n\n<li>R\u00e9glez la hau\u00adteur de votre \u00e9cran pour qu\u2019il soit au niveau des yeux.<\/li>\n\n\n\n<li>Utilisez un repose-pieds si n\u00e9ces\u00adsaire pour main\u00adtenir une pos\u00adture cor\u00adrecte.<\/li>\n\n\n\n<li>Faites des paus\u00ades r\u00e9guli\u00e8res pour vous \u00e9tir\u00ader et \u00e9viter les ten\u00adsions mus\u00adcu\u00adlaires.<\/li>\n<\/ul>\n\n\n\n<figure class=\"wp-block-image size-full\"><img loading=\"lazy\" decoding=\"async\" width=\"1000\" height=\"667\" src=\"https:\/\/bobea.net\/wp-content\/uploads\/2025\/03\/10_astuces_pour_amenager_un_bureau_zen_1024x.webp\" alt class=\"wp-image-12863\" srcset=\"https:\/\/bobea.net\/wp-content\/uploads\/2025\/03\/10_astuces_pour_amenager_un_bureau_zen_1024x.webp 1000w, https:\/\/bobea.net\/wp-content\/uploads\/2025\/03\/10_astuces_pour_amenager_un_bureau_zen_1024x-300x200.webp 300w, https:\/\/bobea.net\/wp-content\/uploads\/2025\/03\/10_astuces_pour_amenager_un_bureau_zen_1024x-768x512.webp 768w\" sizes=\"(max-width: 1000px) 100vw, 1000px\"><\/figure>\n\n\n\n<p><strong>Tech\u00adnolo\u00adgie dis\u00adcr\u00e8te<\/strong><\/p>\n\n\n\n<p>Bien que la tech\u00adnolo\u00adgie soit essen\u00adtielle dans un bureau mod\u00aderne, elle peut \u00e9gale\u00adment per\u00adturber l\u2019esth\u00e9\u00adtique zen si elle n\u2019est pas bien int\u00e9\u00adgr\u00e9e. Cachez les c\u00e2bles avec des organ\u00adiseurs ou des bo\u00eetiers sp\u00e9\u00adci\u00adfiques, et optez pour des acces\u00adsoires sans fil lorsque c\u2019est pos\u00adsi\u00adble.<\/p>\n\n\n\n<p><strong>T\u00e9moignages d\u2019u\u00adtil\u00adisa\u00adteurs<\/strong><\/p>\n\n\n\n<p>Sophie Mar\u00adtin, graphiste free\u00adlance, partage son exp\u00e9ri\u00adence : \u201cDepuis que j\u2019ai r\u00e9am\u00e9\u00adnag\u00e9 mon bureau en suiv\u00adant les principes du design zen, je me sens beau\u00adcoup plus con\u00adcen\u00adtr\u00e9e et cr\u00e9a\u00adtive. Les plantes et la lumi\u00e8re naturelle ont vrai\u00adment trans\u00adfor\u00adm\u00e9 mon espace.\u201d<\/p>\n\n\n\n<p><strong>Con\u00adclu\u00adsion<\/strong><\/p>\n\n\n\n<p>Cr\u00e9er un espace de tra\u00advail zen \u00e0 la mai\u00adson est un investisse\u00adment dans votre bien-\u00eatre men\u00adtal et physique. En suiv\u00adant ces principes sim\u00adples mais effi\u00adcaces, vous pou\u00advez trans\u00adformer votre bureau en un sanc\u00adtu\u00adaire per\u00adson\u00adnel qui favorise la pro\u00adduc\u00adtiv\u00adit\u00e9 et r\u00e9duit le stress. Alors que le t\u00e9l\u00e9\u00adtra\u00advail con\u00adtin\u00adue de faire par\u00adtie int\u00e9\u00adgrante de nos vies, il est temps de repenser nos espaces pour qu\u2019ils refl\u00e8\u00adtent non seule\u00adment nos besoins pro\u00adfes\u00adsion\u00adnels, mais aus\u00adsi notre qu\u00eate d\u2019\u00e9quili\u00adbre et de s\u00e9r\u00e9nit\u00e9.<\/p>\n","protected":false},"excerpt":{"rendered":"<p>Avec l\u2019es\u00adsor du t\u00e9l\u00e9\u00adtra\u00advail, cr\u00e9er un espace de tra\u00advail fonc\u00adtion\u00adnel et apaisant \u00e0 la mai\u00adson est devenu une pri\u00ador\u00adit\u00e9 pour beau\u00adcoup. En 2025, le con\u00adcept de bureau \u00e0 domi\u00adcile ne\u2026 <\/p>\n","protected":false},"author":1,"featured_media":12862,"comment_status":"open","ping_status":"closed","sticky":false,"template":"","format":"standard","meta":{"wp_typography_post_enhancements_disabled":false,"footnotes":""},"categories":[53],"tags":[],"class_list":["post-12861","post","type-post","status-publish","format-standard","has-post-thumbnail","hentry","category-viva"],"yoast_head":"<!-- This site is optimized with the Yoast SEO plugin v24.7 - https:\/\/yoast.com\/wordpress\/plugins\/seo\/ -->\n<title>Cr\u00e9ez un espace de travail zen \u00e0 la maison - Bobea<\/title>\n<meta name=\"description\" content=\"Avec l&#039;essor du t\u00e9l\u00e9travail, cr\u00e9er un espace de travail fonctionnel et apaisant \u00e0 la maison est devenu une priorit\u00e9 pour beaucoup.\" \/>\n<meta name=\"robots\" content=\"index, follow, max-snippet:-1, max-image-preview:large, max-video-preview:-1\" \/>\n<link rel=\"canonical\" href=\"https:\/\/bobea.net\/index.php\/2025\/03\/27\/creez-un-espace-de-travail-zen-a-la-maison\/\" \/>\n<meta property=\"og:locale\" content=\"fr_FR\" \/>\n<meta property=\"og:type\" content=\"article\" \/>\n<meta property=\"og:title\" content=\"Cr\u00e9ez un espace de travail zen \u00e0 la maison - Bobea\" \/>\n<meta property=\"og:description\" content=\"Avec l&#039;essor du t\u00e9l\u00e9travail, cr\u00e9er un espace de travail fonctionnel et apaisant \u00e0 la maison est devenu une priorit\u00e9 pour beaucoup.\" \/>\n<meta property=\"og:url\" content=\"https:\/\/bobea.net\/index.php\/2025\/03\/27\/creez-un-espace-de-travail-zen-a-la-maison\/\" \/>\n<meta property=\"og:site_name\" content=\"Bobea\" \/>\n<meta property=\"article:publisher\" content=\"https:\/\/web.facebook.com\/profile.php?id=61559252188416\" \/>\n<meta property=\"article:published_time\" content=\"2025-03-27T12:29:37+00:00\" \/>\n<meta property=\"article:modified_time\" content=\"2025-03-27T12:29:39+00:00\" \/>\n<meta property=\"og:image\" content=\"https:\/\/bobea.net\/wp-content\/uploads\/2025\/03\/1-deco-bureau-nature.jpg\" \/>\n\t<meta property=\"og:image:width\" content=\"650\" \/>\n\t<meta property=\"og:image:height\" content=\"370\" \/>\n\t<meta property=\"og:image:type\" content=\"image\/jpeg\" \/>\n<meta name=\"author\" content=\"bobea.info\" \/>\n<meta name=\"twitter:card\" content=\"summary_large_image\" \/>\n<meta name=\"twitter:label1\" content=\"\u00c9crit par\" \/>\n\t<meta name=\"twitter:data1\" content=\"bobea.info\" \/>\n\t<meta name=\"twitter:label2\" content=\"Dur\u00e9e de lecture estim\u00e9e\" \/>\n\t<meta name=\"twitter:data2\" content=\"4 minutes\" \/>\n<script type=\"application\/ld+json\" class=\"yoast-schema-graph\">{\"@context\":\"https:\/\/schema.org\",\"@graph\":[{\"@type\":\"Article\",\"@id\":\"https:\/\/bobea.net\/index.php\/2025\/03\/27\/creez-un-espace-de-travail-zen-a-la-maison\/#article\",\"isPartOf\":{\"@id\":\"https:\/\/bobea.net\/index.php\/2025\/03\/27\/creez-un-espace-de-travail-zen-a-la-maison\/\"},\"author\":{\"name\":\"bobea.info\",\"@id\":\"https:\/\/bobea.net\/#\/schema\/person\/e7f45ef187918d7c956bf619dce90ccf\"},\"headline\":\"Cr\u00e9ez un espace de travail zen \u00e0 la maison\",\"datePublished\":\"2025-03-27T12:29:37+00:00\",\"dateModified\":\"2025-03-27T12:29:39+00:00\",\"mainEntityOfPage\":{\"@id\":\"https:\/\/bobea.net\/index.php\/2025\/03\/27\/creez-un-espace-de-travail-zen-a-la-maison\/\"},\"wordCount\":714,\"commentCount\":0,\"publisher\":{\"@id\":\"https:\/\/bobea.net\/#organization\"},\"image\":{\"@id\":\"https:\/\/bobea.net\/index.php\/2025\/03\/27\/creez-un-espace-de-travail-zen-a-la-maison\/#primaryimage\"},\"thumbnailUrl\":\"https:\/\/bobea.net\/wp-content\/uploads\/2025\/03\/1-deco-bureau-nature.jpg\",\"articleSection\":[\"Viva\"],\"inLanguage\":\"fr-FR\",\"potentialAction\":[{\"@type\":\"CommentAction\",\"name\":\"Comment\",\"target\":[\"https:\/\/bobea.net\/index.php\/2025\/03\/27\/creez-un-espace-de-travail-zen-a-la-maison\/#respond\"]}]},{\"@type\":\"WebPage\",\"@id\":\"https:\/\/bobea.net\/index.php\/2025\/03\/27\/creez-un-espace-de-travail-zen-a-la-maison\/\",\"url\":\"https:\/\/bobea.net\/index.php\/2025\/03\/27\/creez-un-espace-de-travail-zen-a-la-maison\/\",\"name\":\"Cr\u00e9ez un espace de travail zen \u00e0 la maison - Bobea\",\"isPartOf\":{\"@id\":\"https:\/\/bobea.net\/#website\"},\"primaryImageOfPage\":{\"@id\":\"https:\/\/bobea.net\/index.php\/2025\/03\/27\/creez-un-espace-de-travail-zen-a-la-maison\/#primaryimage\"},\"image\":{\"@id\":\"https:\/\/bobea.net\/index.php\/2025\/03\/27\/creez-un-espace-de-travail-zen-a-la-maison\/#primaryimage\"},\"thumbnailUrl\":\"https:\/\/bobea.net\/wp-content\/uploads\/2025\/03\/1-deco-bureau-nature.jpg\",\"datePublished\":\"2025-03-27T12:29:37+00:00\",\"dateModified\":\"2025-03-27T12:29:39+00:00\",\"description\":\"Avec l'essor du t\u00e9l\u00e9travail, cr\u00e9er un espace de travail fonctionnel et apaisant \u00e0 la maison est devenu une priorit\u00e9 pour beaucoup.\",\"breadcrumb\":{\"@id\":\"https:\/\/bobea.net\/index.php\/2025\/03\/27\/creez-un-espace-de-travail-zen-a-la-maison\/#breadcrumb\"},\"inLanguage\":\"fr-FR\",\"potentialAction\":[{\"@type\":\"ReadAction\",\"target\":[\"https:\/\/bobea.net\/index.php\/2025\/03\/27\/creez-un-espace-de-travail-zen-a-la-maison\/\"]}]},{\"@type\":\"ImageObject\",\"inLanguage\":\"fr-FR\",\"@id\":\"https:\/\/bobea.net\/index.php\/2025\/03\/27\/creez-un-espace-de-travail-zen-a-la-maison\/#primaryimage\",\"url\":\"https:\/\/bobea.net\/wp-content\/uploads\/2025\/03\/1-deco-bureau-nature.jpg\",\"contentUrl\":\"https:\/\/bobea.net\/wp-content\/uploads\/2025\/03\/1-deco-bureau-nature.jpg\",\"width\":650,\"height\":370},{\"@type\":\"BreadcrumbList\",\"@id\":\"https:\/\/bobea.net\/index.php\/2025\/03\/27\/creez-un-espace-de-travail-zen-a-la-maison\/#breadcrumb\",\"itemListElement\":[{\"@type\":\"ListItem\",\"position\":1,\"name\":\"Accueil\",\"item\":\"https:\/\/bobea.net\/\"},{\"@type\":\"ListItem\",\"position\":2,\"name\":\"Cr\u00e9ez un espace de travail zen \u00e0 la maison\"}]},{\"@type\":\"WebSite\",\"@id\":\"https:\/\/bobea.net\/#website\",\"url\":\"https:\/\/bobea.net\/\",\"name\":\"Bobea\",\"description\":\"Le magazine de la nouvelle \u00c8ve\",\"publisher\":{\"@id\":\"https:\/\/bobea.net\/#organization\"},\"potentialAction\":[{\"@type\":\"SearchAction\",\"target\":{\"@type\":\"EntryPoint\",\"urlTemplate\":\"https:\/\/bobea.net\/?s={search_term_string}\"},\"query-input\":{\"@type\":\"PropertyValueSpecification\",\"valueRequired\":true,\"valueName\":\"search_term_string\"}}],\"inLanguage\":\"fr-FR\"},{\"@type\":\"Organization\",\"@id\":\"https:\/\/bobea.net\/#organization\",\"name\":\"Bobea\",\"url\":\"https:\/\/bobea.net\/\",\"logo\":{\"@type\":\"ImageObject\",\"inLanguage\":\"fr-FR\",\"@id\":\"https:\/\/bobea.net\/#\/schema\/logo\/image\/\",\"url\":\"https:\/\/bobea.net\/wp-content\/uploads\/2024\/06\/bobea.jpg\",\"contentUrl\":\"https:\/\/bobea.net\/wp-content\/uploads\/2024\/06\/bobea.jpg\",\"width\":1080,\"height\":1080,\"caption\":\"Bobea\"},\"image\":{\"@id\":\"https:\/\/bobea.net\/#\/schema\/logo\/image\/\"},\"sameAs\":[\"https:\/\/web.facebook.com\/profile.php?id=61559252188416\"]},{\"@type\":\"Person\",\"@id\":\"https:\/\/bobea.net\/#\/schema\/person\/e7f45ef187918d7c956bf619dce90ccf\",\"name\":\"bobea.info\",\"image\":{\"@type\":\"ImageObject\",\"inLanguage\":\"fr-FR\",\"@id\":\"https:\/\/bobea.net\/#\/schema\/person\/image\/\",\"url\":\"https:\/\/secure.gravatar.com\/avatar\/36147980349df887ae30808df3e29474?s=96&d=mm&r=g\",\"contentUrl\":\"https:\/\/secure.gravatar.com\/avatar\/36147980349df887ae30808df3e29474?s=96&d=mm&r=g\",\"caption\":\"bobea.info\"},\"sameAs\":[\"https:\/\/bobea.net\"],\"url\":\"https:\/\/bobea.net\/index.php\/author\/bobea-info\/\"}]}<\/script>\n<!-- \/ Yoast SEO plugin. -->","yoast_head_json":{"title":"Cr\u00e9ez un espace de travail zen \u00e0 la maison - Bobea","description":"Avec l'essor du t\u00e9l\u00e9travail, cr\u00e9er un espace de travail fonctionnel et apaisant \u00e0 la maison est devenu une priorit\u00e9 pour beaucoup.","robots":{"index":"index","follow":"follow","max-snippet":"max-snippet:-1","max-image-preview":"max-image-preview:large","max-video-preview":"max-video-preview:-1"},"canonical":"https:\/\/bobea.net\/index.php\/2025\/03\/27\/creez-un-espace-de-travail-zen-a-la-maison\/","og_locale":"fr_FR","og_type":"article","og_title":"Cr\u00e9ez un espace de travail zen \u00e0 la maison - Bobea","og_description":"Avec l'essor du t\u00e9l\u00e9travail, cr\u00e9er un espace de travail fonctionnel et apaisant \u00e0 la maison est devenu une priorit\u00e9 pour beaucoup.","og_url":"https:\/\/bobea.net\/index.php\/2025\/03\/27\/creez-un-espace-de-travail-zen-a-la-maison\/","og_site_name":"Bobea","article_publisher":"https:\/\/web.facebook.com\/profile.php?id=61559252188416","article_published_time":"2025-03-27T12:29:37+00:00","article_modified_time":"2025-03-27T12:29:39+00:00","og_image":[{"width":650,"height":370,"url":"https:\/\/bobea.net\/wp-content\/uploads\/2025\/03\/1-deco-bureau-nature.jpg","type":"image\/jpeg"}],"author":"bobea.info","twitter_card":"summary_large_image","twitter_misc":{"\u00c9crit par":"bobea.info","Dur\u00e9e de lecture estim\u00e9e":"4 minutes"},"schema":{"@context":"https:\/\/schema.org","@graph":[{"@type":"Article","@id":"https:\/\/bobea.net\/index.php\/2025\/03\/27\/creez-un-espace-de-travail-zen-a-la-maison\/#article","isPartOf":{"@id":"https:\/\/bobea.net\/index.php\/2025\/03\/27\/creez-un-espace-de-travail-zen-a-la-maison\/"},"author":{"name":"bobea.info","@id":"https:\/\/bobea.net\/#\/schema\/person\/e7f45ef187918d7c956bf619dce90ccf"},"headline":"Cr\u00e9ez un espace de travail zen \u00e0 la maison","datePublished":"2025-03-27T12:29:37+00:00","dateModified":"2025-03-27T12:29:39+00:00","mainEntityOfPage":{"@id":"https:\/\/bobea.net\/index.php\/2025\/03\/27\/creez-un-espace-de-travail-zen-a-la-maison\/"},"wordCount":714,"commentCount":0,"publisher":{"@id":"https:\/\/bobea.net\/#organization"},"image":{"@id":"https:\/\/bobea.net\/index.php\/2025\/03\/27\/creez-un-espace-de-travail-zen-a-la-maison\/#primaryimage"},"thumbnailUrl":"https:\/\/bobea.net\/wp-content\/uploads\/2025\/03\/1-deco-bureau-nature.jpg","articleSection":["Viva"],"inLanguage":"fr-FR","potentialAction":[{"@type":"CommentAction","name":"Comment","target":["https:\/\/bobea.net\/index.php\/2025\/03\/27\/creez-un-espace-de-travail-zen-a-la-maison\/#respond"]}]},{"@type":"WebPage","@id":"https:\/\/bobea.net\/index.php\/2025\/03\/27\/creez-un-espace-de-travail-zen-a-la-maison\/","url":"https:\/\/bobea.net\/index.php\/2025\/03\/27\/creez-un-espace-de-travail-zen-a-la-maison\/","name":"Cr\u00e9ez un espace de travail zen \u00e0 la maison - Bobea","isPartOf":{"@id":"https:\/\/bobea.net\/#website"},"primaryImageOfPage":{"@id":"https:\/\/bobea.net\/index.php\/2025\/03\/27\/creez-un-espace-de-travail-zen-a-la-maison\/#primaryimage"},"image":{"@id":"https:\/\/bobea.net\/index.php\/2025\/03\/27\/creez-un-espace-de-travail-zen-a-la-maison\/#primaryimage"},"thumbnailUrl":"https:\/\/bobea.net\/wp-content\/uploads\/2025\/03\/1-deco-bureau-nature.jpg","datePublished":"2025-03-27T12:29:37+00:00","dateModified":"2025-03-27T12:29:39+00:00","description":"Avec l'essor du t\u00e9l\u00e9travail, cr\u00e9er un espace de travail fonctionnel et apaisant \u00e0 la maison est devenu une priorit\u00e9 pour beaucoup.","breadcrumb":{"@id":"https:\/\/bobea.net\/index.php\/2025\/03\/27\/creez-un-espace-de-travail-zen-a-la-maison\/#breadcrumb"},"inLanguage":"fr-FR","potentialAction":[{"@type":"ReadAction","target":["https:\/\/bobea.net\/index.php\/2025\/03\/27\/creez-un-espace-de-travail-zen-a-la-maison\/"]}]},{"@type":"ImageObject","inLanguage":"fr-FR","@id":"https:\/\/bobea.net\/index.php\/2025\/03\/27\/creez-un-espace-de-travail-zen-a-la-maison\/#primaryimage","url":"https:\/\/bobea.net\/wp-content\/uploads\/2025\/03\/1-deco-bureau-nature.jpg","contentUrl":"https:\/\/bobea.net\/wp-content\/uploads\/2025\/03\/1-deco-bureau-nature.jpg","width":650,"height":370},{"@type":"BreadcrumbList","@id":"https:\/\/bobea.net\/index.php\/2025\/03\/27\/creez-un-espace-de-travail-zen-a-la-maison\/#breadcrumb","itemListElement":[{"@type":"ListItem","position":1,"name":"Accueil","item":"https:\/\/bobea.net\/"},{"@type":"ListItem","position":2,"name":"Cr\u00e9ez un espace de travail zen \u00e0 la maison"}]},{"@type":"WebSite","@id":"https:\/\/bobea.net\/#website","url":"https:\/\/bobea.net\/","name":"Bobea","description":"Le magazine de la nouvelle \u00c8ve","publisher":{"@id":"https:\/\/bobea.net\/#organization"},"potentialAction":[{"@type":"SearchAction","target":{"@type":"EntryPoint","urlTemplate":"https:\/\/bobea.net\/?s={search_term_string}"},"query-input":{"@type":"PropertyValueSpecification","valueRequired":true,"valueName":"search_term_string"}}],"inLanguage":"fr-FR"},{"@type":"Organization","@id":"https:\/\/bobea.net\/#organization","name":"Bobea","url":"https:\/\/bobea.net\/","logo":{"@type":"ImageObject","inLanguage":"fr-FR","@id":"https:\/\/bobea.net\/#\/schema\/logo\/image\/","url":"https:\/\/bobea.net\/wp-content\/uploads\/2024\/06\/bobea.jpg","contentUrl":"https:\/\/bobea.net\/wp-content\/uploads\/2024\/06\/bobea.jpg","width":1080,"height":1080,"caption":"Bobea"},"image":{"@id":"https:\/\/bobea.net\/#\/schema\/logo\/image\/"},"sameAs":["https:\/\/web.facebook.com\/profile.php?id=61559252188416"]},{"@type":"Person","@id":"https:\/\/bobea.net\/#\/schema\/person\/e7f45ef187918d7c956bf619dce90ccf","name":"bobea.info","image":{"@type":"ImageObject","inLanguage":"fr-FR","@id":"https:\/\/bobea.net\/#\/schema\/person\/image\/","url":"https:\/\/secure.gravatar.com\/avatar\/36147980349df887ae30808df3e29474?s=96&d=mm&r=g","contentUrl":"https:\/\/secure.gravatar.com\/avatar\/36147980349df887ae30808df3e29474?s=96&d=mm&r=g","caption":"bobea.info"},"sameAs":["https:\/\/bobea.net"],"url":"https:\/\/bobea.net\/index.php\/author\/bobea-info\/"}]}},"_links":{"self":[{"href":"https:\/\/bobea.net\/index.php\/wp-json\/wp\/v2\/posts\/12861"}],"collection":[{"href":"https:\/\/bobea.net\/index.php\/wp-json\/wp\/v2\/posts"}],"about":[{"href":"https:\/\/bobea.net\/index.php\/wp-json\/wp\/v2\/types\/post"}],"author":[{"embeddable":true,"href":"https:\/\/bobea.net\/index.php\/wp-json\/wp\/v2\/users\/1"}],"replies":[{"embeddable":true,"href":"https:\/\/bobea.net\/index.php\/wp-json\/wp\/v2\/comments?post=12861"}],"version-history":[{"count":1,"href":"https:\/\/bobea.net\/index.php\/wp-json\/wp\/v2\/posts\/12861\/revisions"}],"predecessor-version":[{"id":12865,"href":"https:\/\/bobea.net\/index.php\/wp-json\/wp\/v2\/posts\/12861\/revisions\/12865"}],"wp:featuredmedia":[{"embeddable":true,"href":"https:\/\/bobea.net\/index.php\/wp-json\/wp\/v2\/media\/12862"}],"wp:attachment":[{"href":"https:\/\/bobea.net\/index.php\/wp-json\/wp\/v2\/media?parent=12861"}],"wp:term":[{"taxonomy":"category","embeddable":true,"href":"https:\/\/bobea.net\/index.php\/wp-json\/wp\/v2\/categories?post=12861"},{"taxonomy":"post_tag","embeddable":true,"href":"https:\/\/bobea.net\/index.php\/wp-json\/wp\/v2\/tags?post=12861"}],"curies":[{"name":"wp","href":"https:\/\/api.w.org\/{rel}","templated":true}]}}