{"id":12819,"date":"2025-03-27T11:50:24","date_gmt":"2025-03-27T11:50:24","guid":{"rendered":"https:\/\/bobea.net\/?p=12819"},"modified":"2025-03-27T11:50:25","modified_gmt":"2025-03-27T11:50:25","slug":"dressing-minimaliste-comment-optimiser-sa-garde-robe","status":"publish","type":"post","link":"https:\/\/bobea.net\/index.php\/2025\/03\/27\/dressing-minimaliste-comment-optimiser-sa-garde-robe\/","title":{"rendered":"Dressing minimaliste : comment optimiser sa garde-robe"},"content":{"rendered":"\n<p>En 2025, le con\u00adcept de dress\u00ading min\u00adi\u00admal\u00adiste gagne en pop\u00adu\u00adlar\u00adit\u00e9, refl\u00e9\u00adtant une prise de con\u00adscience crois\u00adsante de l\u2019im\u00adpact envi\u00adron\u00adnemen\u00adtal de la mode et un d\u00e9sir de sim\u00adpli\u00adfi\u00ader nos vies. Cette approche ne se lim\u00adite pas \u00e0 r\u00e9duire le nom\u00adbre de v\u00eate\u00adments, mais vise \u00e0 cr\u00e9er une garde-robe fonc\u00adtion\u00adnelle, poly\u00adva\u00adlente et durable.<\/p>\n\n\n\n<p>Le min\u00adi\u00admal\u00adisme ves\u00adti\u00admen\u00adtaire s\u2019in\u00adscrit dans une philoso\u00adphie plus large de con\u00adsom\u00adma\u00adtion respon\u00ads\u00adable. Il s\u2019ag\u00adit de priv\u00adil\u00e9gi\u00ader la qual\u00adit\u00e9 \u00e0 la quan\u00adtit\u00e9, de choisir des pi\u00e8ces intem\u00adporelles et de max\u00adimiser l\u2019u\u00adtil\u00adi\u00adsa\u00adtion de chaque v\u00eate\u00adment.<\/p>\n\n\n\n<figure class=\"wp-block-image size-full\"><img loading=\"lazy\" decoding=\"async\" width=\"1000\" height=\"800\" src=\"https:\/\/bobea.net\/wp-content\/uploads\/2025\/03\/dressing-minimaliste-1.jpg\" alt class=\"wp-image-12822\" srcset=\"https:\/\/bobea.net\/wp-content\/uploads\/2025\/03\/dressing-minimaliste-1.jpg 1000w, https:\/\/bobea.net\/wp-content\/uploads\/2025\/03\/dressing-minimaliste-1-300x240.jpg 300w, https:\/\/bobea.net\/wp-content\/uploads\/2025\/03\/dressing-minimaliste-1-768x614.jpg 768w\" sizes=\"(max-width: 1000px) 100vw, 1000px\"><\/figure>\n\n\n\n<p>Voici les principes cl\u00e9s pour opti\u00admiser son dress\u00ading :<\/p>\n\n\n\n<ol start=\"1\" class=\"wp-block-list\">\n<li>L\u2019au\u00addit de garde-robe : La pre\u00admi\u00e8re \u00e9tape con\u00adsiste \u00e0 faire un inven\u00adtaire com\u00adplet de ses v\u00eate\u00adments, en \u00e9val\u00adu\u00adant l\u2019u\u00adtil\u00adit\u00e9 et la fr\u00e9quence d\u2019u\u00adtil\u00adi\u00adsa\u00adtion de chaque pi\u00e8ce.<\/li>\n\n\n\n<li>La r\u00e8gle des 80\/20 : Iden\u00adti\u00adfiez les 20% de vos v\u00eate\u00adments que vous portez 80% du temps. Ces pi\u00e8ces for\u00admeront la base de votre garde-robe min\u00adi\u00admal\u00adiste.<\/li>\n\n\n\n<li>La palette de couleurs : Choi\u00adsis\u00adsez une palette de couleurs coh\u00e9rente pour faciliter les asso\u00adci\u00ada\u00adtions.<\/li>\n\n\n\n<li>La poly\u00adva\u00adlence : Priv\u00adil\u00e9giez les pi\u00e8ces ver\u00adsa\u00adtiles qui peu\u00advent \u00eatre port\u00e9es dans dif\u00adf\u00e9rentes occa\u00adsions.<\/li>\n\n\n\n<li>La qual\u00adit\u00e9 avant tout : Investis\u00adsez dans des v\u00eate\u00adments de qual\u00adit\u00e9 qui dureront plus longtemps.<\/li>\n\n\n\n<li>La r\u00e8gle du \u201cun dedans, un dehors\u201d : Pour chaque nou\u00adveau v\u00eate\u00adment achet\u00e9, don\u00adnez ou recy\u00adclez un ancien.<\/li>\n<\/ol>\n\n\n\n<p>La styl\u00adiste Marie Kon\u00addo, con\u00adnue pour sa m\u00e9th\u00adode de range\u00adment, explique : \u201cUn dress\u00ading min\u00adi\u00admal\u00adiste n\u2019est pas seule\u00adment une ques\u00adtion d\u2019e\u00adspace, c\u2019est une fa\u00e7on de vivre. Chaque pi\u00e8ce doit avoir un but et vous apporter de la joie.\u201d<\/p>\n\n\n\n<p>Cette ten\u00addance s\u2019ac\u00adcom\u00adpa\u00adgne d\u2019in\u00adno\u00adva\u00adtions tech\u00adnologiques. Des appli\u00adca\u00adtions comme \u201cWardrobe AI\u201d utilisent l\u2019in\u00adtel\u00adli\u00adgence arti\u00adfi\u00adcielle pour analyser votre style et sug\u00adg\u00e9r\u00ader des com\u00adbi\u00adnaisons opti\u00admales avec un nom\u00adbre lim\u00adit\u00e9 de v\u00eate\u00adments.<\/p>\n\n\n\n<p>Le min\u00adi\u00admal\u00adisme ves\u00adti\u00admen\u00adtaire a \u00e9gale\u00adment un impact posi\u00adtif sur l\u2019en\u00advi\u00adron\u00adnement. Selon une \u00e9tude de l\u2019A\u00adgence Europ\u00e9enne de l\u2019En\u00advi\u00adron\u00adnement, r\u00e9duire sa con\u00adsom\u00adma\u00adtion de v\u00eate\u00adments de 50% pour\u00adrait dimin\u00aduer l\u2019empreinte car\u00adbone li\u00e9e \u00e0 la mode de 30%.<\/p>\n\n\n\n<p>Cepen\u00addant, cer\u00adtains cri\u00adtiques soulig\u00adnent les d\u00e9fis de cette approche. La psy\u00adcho\u00adlogue de la mode, Dr. Car\u00adolyn Mair, note : \u201cPour cer\u00adtains, les v\u00eate\u00adments sont une forme d\u2019ex\u00adpres\u00adsion per\u00adson\u00adnelle. Le d\u00e9fi est de trou\u00adver un \u00e9quili\u00adbre entre min\u00adi\u00admal\u00adisme et cr\u00e9a\u00adtiv\u00adit\u00e9.\u201d<\/p>\n\n\n\n<figure class=\"wp-block-image size-large\"><img loading=\"lazy\" decoding=\"async\" width=\"1024\" height=\"683\" src=\"https:\/\/bobea.net\/wp-content\/uploads\/2025\/03\/mode-ethique-et-responsable-1024x683.jpg\" alt class=\"wp-image-12821\" srcset=\"https:\/\/bobea.net\/wp-content\/uploads\/2025\/03\/mode-ethique-et-responsable-1024x683.jpg 1024w, https:\/\/bobea.net\/wp-content\/uploads\/2025\/03\/mode-ethique-et-responsable-300x200.jpg 300w, https:\/\/bobea.net\/wp-content\/uploads\/2025\/03\/mode-ethique-et-responsable-768x512.jpg 768w, https:\/\/bobea.net\/wp-content\/uploads\/2025\/03\/mode-ethique-et-responsable-1536x1024.jpg 1536w, https:\/\/bobea.net\/wp-content\/uploads\/2025\/03\/mode-ethique-et-responsable.jpg 1900w\" sizes=\"(max-width: 1024px) 100vw, 1024px\"><\/figure>\n\n\n\n<p>Pour ceux qui souhait\u00adent adopter un dress\u00ading min\u00adi\u00admal\u00adiste, voici quelques con\u00adseils pra\u00adtiques :<\/p>\n\n\n\n<ol start=\"1\" class=\"wp-block-list\">\n<li>Com\u00admencez par une cap\u00adsule wardrobe saison\u00adni\u00e8re<\/li>\n\n\n\n<li>Investis\u00adsez dans des basiques de qual\u00adit\u00e9<\/li>\n\n\n\n<li>Apprenez \u00e0 mix\u00ader et assor\u00adtir vos pi\u00e8ces de dif\u00adf\u00e9rentes fa\u00e7ons<\/li>\n\n\n\n<li>Entretenez bien vos v\u00eate\u00adments pour pro\u00adlonger leur dur\u00e9e de vie<\/li>\n\n\n\n<li>Explorez les options de loca\u00adtion pour les occa\u00adsions sp\u00e9\u00adciales<\/li>\n<\/ol>\n\n\n\n<p>En con\u00adclu\u00adsion, le dress\u00ading min\u00adi\u00admal\u00adiste de 2025 va au-del\u00e0 de la sim\u00adple mode. C\u2019est une approche r\u00e9fl\u00e9chie de la con\u00adsom\u00adma\u00adtion qui allie style, fonc\u00adtion\u00adnal\u00adit\u00e9 et dura\u00adbil\u00adit\u00e9. En adop\u00adtant cette philoso\u00adphie, on ne sim\u00adpli\u00adfie pas seule\u00adment sa garde-robe, mais on repense \u00e9gale\u00adment son rap\u00adport \u00e0 la mode et \u00e0 la con\u00adsom\u00adma\u00adtion.<\/p>\n","protected":false},"excerpt":{"rendered":"<p>En 2025, le con\u00adcept de dress\u00ading min\u00adi\u00admal\u00adiste gagne en pop\u00adu\u00adlar\u00adit\u00e9, refl\u00e9\u00adtant une prise de con\u00adscience crois\u00adsante de l\u2019im\u00adpact envi\u00adron\u00adnemen\u00adtal de la mode et un d\u00e9sir de sim\u00adpli\u00adfi\u00ader nos vies. Cette\u2026 <\/p>\n","protected":false},"author":1,"featured_media":12820,"comment_status":"open","ping_status":"closed","sticky":false,"template":"","format":"standard","meta":{"wp_typography_post_enhancements_disabled":false,"footnotes":""},"categories":[53],"tags":[],"class_list":["post-12819","post","type-post","status-publish","format-standard","has-post-thumbnail","hentry","category-viva"],"yoast_head":"<!-- This site is optimized with the Yoast SEO plugin v24.7 - https:\/\/yoast.com\/wordpress\/plugins\/seo\/ -->\n<title>Dressing minimaliste : comment optimiser sa garde-robe - Bobea<\/title>\n<meta name=\"description\" content=\"En 2025, le concept de dressing minimaliste gagne en popularit\u00e9, refl\u00e9tant une prise de conscience croissante de l&#039;impact environnemental\" \/>\n<meta name=\"robots\" content=\"index, follow, max-snippet:-1, max-image-preview:large, max-video-preview:-1\" \/>\n<link rel=\"canonical\" href=\"https:\/\/bobea.net\/index.php\/2025\/03\/27\/dressing-minimaliste-comment-optimiser-sa-garde-robe\/\" \/>\n<meta property=\"og:locale\" content=\"fr_FR\" \/>\n<meta property=\"og:type\" content=\"article\" \/>\n<meta property=\"og:title\" content=\"Dressing minimaliste : comment optimiser sa garde-robe - Bobea\" \/>\n<meta property=\"og:description\" content=\"En 2025, le concept de dressing minimaliste gagne en popularit\u00e9, refl\u00e9tant une prise de conscience croissante de l&#039;impact environnemental\" \/>\n<meta property=\"og:url\" content=\"https:\/\/bobea.net\/index.php\/2025\/03\/27\/dressing-minimaliste-comment-optimiser-sa-garde-robe\/\" \/>\n<meta property=\"og:site_name\" content=\"Bobea\" \/>\n<meta property=\"article:publisher\" content=\"https:\/\/web.facebook.com\/profile.php?id=61559252188416\" \/>\n<meta property=\"article:published_time\" content=\"2025-03-27T11:50:24+00:00\" \/>\n<meta property=\"article:modified_time\" content=\"2025-03-27T11:50:25+00:00\" \/>\n<meta property=\"og:image\" content=\"https:\/\/bobea.net\/wp-content\/uploads\/2025\/03\/dressing-minimaliste.jpg\" \/>\n\t<meta property=\"og:image:width\" content=\"600\" \/>\n\t<meta property=\"og:image:height\" content=\"507\" \/>\n\t<meta property=\"og:image:type\" content=\"image\/jpeg\" \/>\n<meta name=\"author\" content=\"bobea.info\" \/>\n<meta name=\"twitter:card\" content=\"summary_large_image\" \/>\n<meta name=\"twitter:label1\" content=\"\u00c9crit par\" \/>\n\t<meta name=\"twitter:data1\" content=\"bobea.info\" \/>\n\t<meta name=\"twitter:label2\" content=\"Dur\u00e9e de lecture estim\u00e9e\" \/>\n\t<meta name=\"twitter:data2\" content=\"3 minutes\" \/>\n<script type=\"application\/ld+json\" class=\"yoast-schema-graph\">{\"@context\":\"https:\/\/schema.org\",\"@graph\":[{\"@type\":\"Article\",\"@id\":\"https:\/\/bobea.net\/index.php\/2025\/03\/27\/dressing-minimaliste-comment-optimiser-sa-garde-robe\/#article\",\"isPartOf\":{\"@id\":\"https:\/\/bobea.net\/index.php\/2025\/03\/27\/dressing-minimaliste-comment-optimiser-sa-garde-robe\/\"},\"author\":{\"name\":\"bobea.info\",\"@id\":\"https:\/\/bobea.net\/#\/schema\/person\/e7f45ef187918d7c956bf619dce90ccf\"},\"headline\":\"Dressing minimaliste : comment optimiser sa garde-robe\",\"datePublished\":\"2025-03-27T11:50:24+00:00\",\"dateModified\":\"2025-03-27T11:50:25+00:00\",\"mainEntityOfPage\":{\"@id\":\"https:\/\/bobea.net\/index.php\/2025\/03\/27\/dressing-minimaliste-comment-optimiser-sa-garde-robe\/\"},\"wordCount\":497,\"commentCount\":0,\"publisher\":{\"@id\":\"https:\/\/bobea.net\/#organization\"},\"image\":{\"@id\":\"https:\/\/bobea.net\/index.php\/2025\/03\/27\/dressing-minimaliste-comment-optimiser-sa-garde-robe\/#primaryimage\"},\"thumbnailUrl\":\"https:\/\/bobea.net\/wp-content\/uploads\/2025\/03\/dressing-minimaliste.jpg\",\"articleSection\":[\"Viva\"],\"inLanguage\":\"fr-FR\",\"potentialAction\":[{\"@type\":\"CommentAction\",\"name\":\"Comment\",\"target\":[\"https:\/\/bobea.net\/index.php\/2025\/03\/27\/dressing-minimaliste-comment-optimiser-sa-garde-robe\/#respond\"]}]},{\"@type\":\"WebPage\",\"@id\":\"https:\/\/bobea.net\/index.php\/2025\/03\/27\/dressing-minimaliste-comment-optimiser-sa-garde-robe\/\",\"url\":\"https:\/\/bobea.net\/index.php\/2025\/03\/27\/dressing-minimaliste-comment-optimiser-sa-garde-robe\/\",\"name\":\"Dressing minimaliste : comment optimiser sa garde-robe - Bobea\",\"isPartOf\":{\"@id\":\"https:\/\/bobea.net\/#website\"},\"primaryImageOfPage\":{\"@id\":\"https:\/\/bobea.net\/index.php\/2025\/03\/27\/dressing-minimaliste-comment-optimiser-sa-garde-robe\/#primaryimage\"},\"image\":{\"@id\":\"https:\/\/bobea.net\/index.php\/2025\/03\/27\/dressing-minimaliste-comment-optimiser-sa-garde-robe\/#primaryimage\"},\"thumbnailUrl\":\"https:\/\/bobea.net\/wp-content\/uploads\/2025\/03\/dressing-minimaliste.jpg\",\"datePublished\":\"2025-03-27T11:50:24+00:00\",\"dateModified\":\"2025-03-27T11:50:25+00:00\",\"description\":\"En 2025, le concept de dressing minimaliste gagne en popularit\u00e9, refl\u00e9tant une prise de conscience croissante de l'impact environnemental\",\"breadcrumb\":{\"@id\":\"https:\/\/bobea.net\/index.php\/2025\/03\/27\/dressing-minimaliste-comment-optimiser-sa-garde-robe\/#breadcrumb\"},\"inLanguage\":\"fr-FR\",\"potentialAction\":[{\"@type\":\"ReadAction\",\"target\":[\"https:\/\/bobea.net\/index.php\/2025\/03\/27\/dressing-minimaliste-comment-optimiser-sa-garde-robe\/\"]}]},{\"@type\":\"ImageObject\",\"inLanguage\":\"fr-FR\",\"@id\":\"https:\/\/bobea.net\/index.php\/2025\/03\/27\/dressing-minimaliste-comment-optimiser-sa-garde-robe\/#primaryimage\",\"url\":\"https:\/\/bobea.net\/wp-content\/uploads\/2025\/03\/dressing-minimaliste.jpg\",\"contentUrl\":\"https:\/\/bobea.net\/wp-content\/uploads\/2025\/03\/dressing-minimaliste.jpg\",\"width\":600,\"height\":507},{\"@type\":\"BreadcrumbList\",\"@id\":\"https:\/\/bobea.net\/index.php\/2025\/03\/27\/dressing-minimaliste-comment-optimiser-sa-garde-robe\/#breadcrumb\",\"itemListElement\":[{\"@type\":\"ListItem\",\"position\":1,\"name\":\"Accueil\",\"item\":\"https:\/\/bobea.net\/\"},{\"@type\":\"ListItem\",\"position\":2,\"name\":\"Dressing minimaliste : comment optimiser sa garde-robe\"}]},{\"@type\":\"WebSite\",\"@id\":\"https:\/\/bobea.net\/#website\",\"url\":\"https:\/\/bobea.net\/\",\"name\":\"Bobea\",\"description\":\"Le magazine de la nouvelle \u00c8ve\",\"publisher\":{\"@id\":\"https:\/\/bobea.net\/#organization\"},\"potentialAction\":[{\"@type\":\"SearchAction\",\"target\":{\"@type\":\"EntryPoint\",\"urlTemplate\":\"https:\/\/bobea.net\/?s={search_term_string}\"},\"query-input\":{\"@type\":\"PropertyValueSpecification\",\"valueRequired\":true,\"valueName\":\"search_term_string\"}}],\"inLanguage\":\"fr-FR\"},{\"@type\":\"Organization\",\"@id\":\"https:\/\/bobea.net\/#organization\",\"name\":\"Bobea\",\"url\":\"https:\/\/bobea.net\/\",\"logo\":{\"@type\":\"ImageObject\",\"inLanguage\":\"fr-FR\",\"@id\":\"https:\/\/bobea.net\/#\/schema\/logo\/image\/\",\"url\":\"https:\/\/bobea.net\/wp-content\/uploads\/2024\/06\/bobea.jpg\",\"contentUrl\":\"https:\/\/bobea.net\/wp-content\/uploads\/2024\/06\/bobea.jpg\",\"width\":1080,\"height\":1080,\"caption\":\"Bobea\"},\"image\":{\"@id\":\"https:\/\/bobea.net\/#\/schema\/logo\/image\/\"},\"sameAs\":[\"https:\/\/web.facebook.com\/profile.php?id=61559252188416\"]},{\"@type\":\"Person\",\"@id\":\"https:\/\/bobea.net\/#\/schema\/person\/e7f45ef187918d7c956bf619dce90ccf\",\"name\":\"bobea.info\",\"image\":{\"@type\":\"ImageObject\",\"inLanguage\":\"fr-FR\",\"@id\":\"https:\/\/bobea.net\/#\/schema\/person\/image\/\",\"url\":\"https:\/\/secure.gravatar.com\/avatar\/36147980349df887ae30808df3e29474?s=96&d=mm&r=g\",\"contentUrl\":\"https:\/\/secure.gravatar.com\/avatar\/36147980349df887ae30808df3e29474?s=96&d=mm&r=g\",\"caption\":\"bobea.info\"},\"sameAs\":[\"https:\/\/bobea.net\"],\"url\":\"https:\/\/bobea.net\/index.php\/author\/bobea-info\/\"}]}<\/script>\n<!-- \/ Yoast SEO plugin. -->","yoast_head_json":{"title":"Dressing minimaliste : comment optimiser sa garde-robe - Bobea","description":"En 2025, le concept de dressing minimaliste gagne en popularit\u00e9, refl\u00e9tant une prise de conscience croissante de l'impact environnemental","robots":{"index":"index","follow":"follow","max-snippet":"max-snippet:-1","max-image-preview":"max-image-preview:large","max-video-preview":"max-video-preview:-1"},"canonical":"https:\/\/bobea.net\/index.php\/2025\/03\/27\/dressing-minimaliste-comment-optimiser-sa-garde-robe\/","og_locale":"fr_FR","og_type":"article","og_title":"Dressing minimaliste : comment optimiser sa garde-robe - Bobea","og_description":"En 2025, le concept de dressing minimaliste gagne en popularit\u00e9, refl\u00e9tant une prise de conscience croissante de l'impact environnemental","og_url":"https:\/\/bobea.net\/index.php\/2025\/03\/27\/dressing-minimaliste-comment-optimiser-sa-garde-robe\/","og_site_name":"Bobea","article_publisher":"https:\/\/web.facebook.com\/profile.php?id=61559252188416","article_published_time":"2025-03-27T11:50:24+00:00","article_modified_time":"2025-03-27T11:50:25+00:00","og_image":[{"width":600,"height":507,"url":"https:\/\/bobea.net\/wp-content\/uploads\/2025\/03\/dressing-minimaliste.jpg","type":"image\/jpeg"}],"author":"bobea.info","twitter_card":"summary_large_image","twitter_misc":{"\u00c9crit par":"bobea.info","Dur\u00e9e de lecture estim\u00e9e":"3 minutes"},"schema":{"@context":"https:\/\/schema.org","@graph":[{"@type":"Article","@id":"https:\/\/bobea.net\/index.php\/2025\/03\/27\/dressing-minimaliste-comment-optimiser-sa-garde-robe\/#article","isPartOf":{"@id":"https:\/\/bobea.net\/index.php\/2025\/03\/27\/dressing-minimaliste-comment-optimiser-sa-garde-robe\/"},"author":{"name":"bobea.info","@id":"https:\/\/bobea.net\/#\/schema\/person\/e7f45ef187918d7c956bf619dce90ccf"},"headline":"Dressing minimaliste : comment optimiser sa garde-robe","datePublished":"2025-03-27T11:50:24+00:00","dateModified":"2025-03-27T11:50:25+00:00","mainEntityOfPage":{"@id":"https:\/\/bobea.net\/index.php\/2025\/03\/27\/dressing-minimaliste-comment-optimiser-sa-garde-robe\/"},"wordCount":497,"commentCount":0,"publisher":{"@id":"https:\/\/bobea.net\/#organization"},"image":{"@id":"https:\/\/bobea.net\/index.php\/2025\/03\/27\/dressing-minimaliste-comment-optimiser-sa-garde-robe\/#primaryimage"},"thumbnailUrl":"https:\/\/bobea.net\/wp-content\/uploads\/2025\/03\/dressing-minimaliste.jpg","articleSection":["Viva"],"inLanguage":"fr-FR","potentialAction":[{"@type":"CommentAction","name":"Comment","target":["https:\/\/bobea.net\/index.php\/2025\/03\/27\/dressing-minimaliste-comment-optimiser-sa-garde-robe\/#respond"]}]},{"@type":"WebPage","@id":"https:\/\/bobea.net\/index.php\/2025\/03\/27\/dressing-minimaliste-comment-optimiser-sa-garde-robe\/","url":"https:\/\/bobea.net\/index.php\/2025\/03\/27\/dressing-minimaliste-comment-optimiser-sa-garde-robe\/","name":"Dressing minimaliste : comment optimiser sa garde-robe - Bobea","isPartOf":{"@id":"https:\/\/bobea.net\/#website"},"primaryImageOfPage":{"@id":"https:\/\/bobea.net\/index.php\/2025\/03\/27\/dressing-minimaliste-comment-optimiser-sa-garde-robe\/#primaryimage"},"image":{"@id":"https:\/\/bobea.net\/index.php\/2025\/03\/27\/dressing-minimaliste-comment-optimiser-sa-garde-robe\/#primaryimage"},"thumbnailUrl":"https:\/\/bobea.net\/wp-content\/uploads\/2025\/03\/dressing-minimaliste.jpg","datePublished":"2025-03-27T11:50:24+00:00","dateModified":"2025-03-27T11:50:25+00:00","description":"En 2025, le concept de dressing minimaliste gagne en popularit\u00e9, refl\u00e9tant une prise de conscience croissante de l'impact environnemental","breadcrumb":{"@id":"https:\/\/bobea.net\/index.php\/2025\/03\/27\/dressing-minimaliste-comment-optimiser-sa-garde-robe\/#breadcrumb"},"inLanguage":"fr-FR","potentialAction":[{"@type":"ReadAction","target":["https:\/\/bobea.net\/index.php\/2025\/03\/27\/dressing-minimaliste-comment-optimiser-sa-garde-robe\/"]}]},{"@type":"ImageObject","inLanguage":"fr-FR","@id":"https:\/\/bobea.net\/index.php\/2025\/03\/27\/dressing-minimaliste-comment-optimiser-sa-garde-robe\/#primaryimage","url":"https:\/\/bobea.net\/wp-content\/uploads\/2025\/03\/dressing-minimaliste.jpg","contentUrl":"https:\/\/bobea.net\/wp-content\/uploads\/2025\/03\/dressing-minimaliste.jpg","width":600,"height":507},{"@type":"BreadcrumbList","@id":"https:\/\/bobea.net\/index.php\/2025\/03\/27\/dressing-minimaliste-comment-optimiser-sa-garde-robe\/#breadcrumb","itemListElement":[{"@type":"ListItem","position":1,"name":"Accueil","item":"https:\/\/bobea.net\/"},{"@type":"ListItem","position":2,"name":"Dressing minimaliste : comment optimiser sa garde-robe"}]},{"@type":"WebSite","@id":"https:\/\/bobea.net\/#website","url":"https:\/\/bobea.net\/","name":"Bobea","description":"Le magazine de la nouvelle \u00c8ve","publisher":{"@id":"https:\/\/bobea.net\/#organization"},"potentialAction":[{"@type":"SearchAction","target":{"@type":"EntryPoint","urlTemplate":"https:\/\/bobea.net\/?s={search_term_string}"},"query-input":{"@type":"PropertyValueSpecification","valueRequired":true,"valueName":"search_term_string"}}],"inLanguage":"fr-FR"},{"@type":"Organization","@id":"https:\/\/bobea.net\/#organization","name":"Bobea","url":"https:\/\/bobea.net\/","logo":{"@type":"ImageObject","inLanguage":"fr-FR","@id":"https:\/\/bobea.net\/#\/schema\/logo\/image\/","url":"https:\/\/bobea.net\/wp-content\/uploads\/2024\/06\/bobea.jpg","contentUrl":"https:\/\/bobea.net\/wp-content\/uploads\/2024\/06\/bobea.jpg","width":1080,"height":1080,"caption":"Bobea"},"image":{"@id":"https:\/\/bobea.net\/#\/schema\/logo\/image\/"},"sameAs":["https:\/\/web.facebook.com\/profile.php?id=61559252188416"]},{"@type":"Person","@id":"https:\/\/bobea.net\/#\/schema\/person\/e7f45ef187918d7c956bf619dce90ccf","name":"bobea.info","image":{"@type":"ImageObject","inLanguage":"fr-FR","@id":"https:\/\/bobea.net\/#\/schema\/person\/image\/","url":"https:\/\/secure.gravatar.com\/avatar\/36147980349df887ae30808df3e29474?s=96&d=mm&r=g","contentUrl":"https:\/\/secure.gravatar.com\/avatar\/36147980349df887ae30808df3e29474?s=96&d=mm&r=g","caption":"bobea.info"},"sameAs":["https:\/\/bobea.net"],"url":"https:\/\/bobea.net\/index.php\/author\/bobea-info\/"}]}},"_links":{"self":[{"href":"https:\/\/bobea.net\/index.php\/wp-json\/wp\/v2\/posts\/12819"}],"collection":[{"href":"https:\/\/bobea.net\/index.php\/wp-json\/wp\/v2\/posts"}],"about":[{"href":"https:\/\/bobea.net\/index.php\/wp-json\/wp\/v2\/types\/post"}],"author":[{"embeddable":true,"href":"https:\/\/bobea.net\/index.php\/wp-json\/wp\/v2\/users\/1"}],"replies":[{"embeddable":true,"href":"https:\/\/bobea.net\/index.php\/wp-json\/wp\/v2\/comments?post=12819"}],"version-history":[{"count":1,"href":"https:\/\/bobea.net\/index.php\/wp-json\/wp\/v2\/posts\/12819\/revisions"}],"predecessor-version":[{"id":12823,"href":"https:\/\/bobea.net\/index.php\/wp-json\/wp\/v2\/posts\/12819\/revisions\/12823"}],"wp:featuredmedia":[{"embeddable":true,"href":"https:\/\/bobea.net\/index.php\/wp-json\/wp\/v2\/media\/12820"}],"wp:attachment":[{"href":"https:\/\/bobea.net\/index.php\/wp-json\/wp\/v2\/media?parent=12819"}],"wp:term":[{"taxonomy":"category","embeddable":true,"href":"https:\/\/bobea.net\/index.php\/wp-json\/wp\/v2\/categories?post=12819"},{"taxonomy":"post_tag","embeddable":true,"href":"https:\/\/bobea.net\/index.php\/wp-json\/wp\/v2\/tags?post=12819"}],"curies":[{"name":"wp","href":"https:\/\/api.w.org\/{rel}","templated":true}]}}