{"id":12803,"date":"2025-03-27T11:29:14","date_gmt":"2025-03-27T11:29:14","guid":{"rendered":"https:\/\/bobea.net\/?p=12803"},"modified":"2025-03-27T11:29:15","modified_gmt":"2025-03-27T11:29:15","slug":"journee-mondiale-du-theatre-celebrons-lart-dramatique-a-lere-numerique","status":"publish","type":"post","link":"https:\/\/bobea.net\/index.php\/2025\/03\/27\/journee-mondiale-du-theatre-celebrons-lart-dramatique-a-lere-numerique\/","title":{"rendered":"Journ\u00e9e mondiale du th\u00e9\u00e2tre : c\u00e9l\u00e9brons l\u2019art dramatique \u00e0 l\u2019\u00e8re num\u00e9rique"},"content":{"rendered":"\n<p>En ce 27 mars 2025, la Journ\u00e9e mon\u00addi\u00adale du th\u00e9\u00e2tre prend une dimen\u00adsion par\u00adti\u00adc\u00aduli\u00e8re, met\u00adtant en lumi\u00e8re la r\u00e9silience et l\u2019in\u00adno\u00adva\u00adtion de cet art mil\u00adl\u00e9\u00adnaire face aux d\u00e9fis con\u00adtem\u00adpo\u00adrains. Cette c\u00e9l\u00e9bra\u00adtion annuelle, instau\u00adr\u00e9e par l\u2019In\u00adsti\u00adtut Inter\u00adna\u00adtion\u00adal du Th\u00e9\u00e2tre (ITI) en 1961, rev\u00eat une impor\u00adtance accrue dans un monde en con\u00adstante muta\u00adtion tech\u00adnologique<\/p>\n\n\n\n<p>Le th\u00e8me de cette ann\u00e9e, \u201cTh\u00e9\u00e2tre sans fron\u00adti\u00e8res : l\u2019art dra\u00adma\u00adtique \u00e0 l\u2019\u00e8re num\u00e9rique\u201d, explore la fa\u00e7on dont les nou\u00advelles tech\u00adnolo\u00adgies trans\u00adfor\u00adment la cr\u00e9a\u00adtion, la dif\u00adfu\u00adsion et l\u2019ex\u00adp\u00e9ri\u00adence th\u00e9\u00e2\u00adtrale. De nom\u00adbreux \u00e9v\u00e9ne\u00adments sont organ\u00adis\u00e9s \u00e0 tra\u00advers le monde pour c\u00e9l\u00e9br\u00ader cette journ\u00e9e, alliant repr\u00e9sen\u00adta\u00adtions tra\u00addi\u00adtion\u00adnelles et inno\u00adva\u00adtions num\u00e9riques.<\/p>\n\n\n\n<p>\u00c0 Paris, le Th\u00e9\u00e2tre de la Ville pro\u00adpose une per\u00adfor\u00admance hybride m\u00ealant acteurs sur sc\u00e8ne et holo\u00adgrammes, per\u00adme\u00adt\u00adtant une col\u00adlab\u00ado\u00adra\u00adtion en temps r\u00e9el entre artistes situ\u00e9s sur dif\u00adf\u00e9rents con\u00adti\u00adnents. Cette pro\u00adduc\u00adtion avant-gardiste, inti\u00adt\u00adul\u00e9e \u201c\u00c9chos globaux\u201d, illus\u00adtre le poten\u00adtiel des tech\u00adnolo\u00adgies \u00e9mer\u00adgentes pour tran\u00adscen\u00adder les bar\u00adri\u00e8res g\u00e9o\u00adgraphiques et cul\u00adturelles.<\/p>\n\n\n\n<p>\u00c0 New York, le Broad\u00adway The\u00adatre Dis\u00adtrict lance une ini\u00adtia\u00adtive de r\u00e9al\u00adit\u00e9 aug\u00admen\u00adt\u00e9e, per\u00adme\u00adt\u00adtant aux spec\u00adta\u00adteurs de d\u00e9cou\u00advrir les couliss\u00ades des pro\u00adduc\u00adtions via leurs smart\u00adphones. Cette exp\u00e9ri\u00adence immer\u00adsive offre un nou\u00adveau regard sur le proces\u00adsus cr\u00e9atif et ren\u00adforce le lien entre les artistes et leur pub\u00adlic.<\/p>\n\n\n\n<figure class=\"wp-block-image size-full\"><img loading=\"lazy\" decoding=\"async\" width=\"940\" height=\"400\" src=\"https:\/\/bobea.net\/wp-content\/uploads\/2025\/03\/slider2.jpg\" alt class=\"wp-image-12805\" srcset=\"https:\/\/bobea.net\/wp-content\/uploads\/2025\/03\/slider2.jpg 940w, https:\/\/bobea.net\/wp-content\/uploads\/2025\/03\/slider2-300x128.jpg 300w, https:\/\/bobea.net\/wp-content\/uploads\/2025\/03\/slider2-768x327.jpg 768w\" sizes=\"(max-width: 940px) 100vw, 940px\"><\/figure>\n\n\n\n<p>Cepen\u00addant, cette num\u00e9ri\u00adsa\u00adtion crois\u00adsante soul\u00e8ve des ques\u00adtions sur l\u2019essence m\u00eame du th\u00e9\u00e2tre. Cer\u00adtains puristes craig\u00adnent une perte de l\u2019in\u00adtim\u00adit\u00e9 et de la spon\u00adtan\u00e9it\u00e9 pro\u00adpres aux repr\u00e9sen\u00adta\u00adtions live. Emma Thomp\u00adson, c\u00e9l\u00e8bre actrice bri\u00adtan\u00adnique, d\u00e9clare : \u201cLe th\u00e9\u00e2tre, c\u2019est avant tout une ren\u00adcon\u00adtre humaine. Nous devons veiller \u00e0 ce que la tech\u00adnolo\u00adgie enrichisse cette exp\u00e9ri\u00adence plut\u00f4t que de la diluer.\u201d<\/p>\n\n\n\n<p>Mal\u00adgr\u00e9 ces d\u00e9bats, l\u2019in\u00adt\u00e9\u00adgra\u00adtion du num\u00e9rique ouvre de nou\u00advelles per\u00adspec\u00adtives :<\/p>\n\n\n\n<ol start=\"1\" class=\"wp-block-list\">\n<li>Acces\u00adsi\u00adbil\u00adit\u00e9 accrue : Les dif\u00adfu\u00adsions en stream\u00ading per\u00adme\u00adt\u00adtent \u00e0 un pub\u00adlic plus large d\u2019ac\u00adc\u00e9der aux pro\u00adduc\u00adtions th\u00e9\u00e2\u00adtrales.<\/li>\n\n\n\n<li>Nou\u00advelles formes nar\u00adra\u00adtives : La r\u00e9al\u00adit\u00e9 virtuelle et aug\u00admen\u00adt\u00e9e offrent des pos\u00adsi\u00adbil\u00adit\u00e9s in\u00e9dites de mise en sc\u00e8ne et d\u2019in\u00adter\u00adac\u00adtion.<\/li>\n\n\n\n<li>Pr\u00e9ser\u00adva\u00adtion du pat\u00adri\u00admoine : La num\u00e9ri\u00adsa\u00adtion des archives th\u00e9\u00e2\u00adtrales assure la p\u00e9ren\u00adnit\u00e9 de cet h\u00e9ritage cul\u00adturel.<\/li>\n<\/ol>\n\n\n\n<p>Le mes\u00adsage inter\u00adna\u00adtion\u00adal de cette ann\u00e9e, r\u00e9dig\u00e9 par la dra\u00admaturge nig\u00e9ri\u00adane Wole Soyin\u00adka, lau\u00adr\u00e9ate du prix Nobel de lit\u00adt\u00e9ra\u00adture, souligne l\u2019im\u00adpor\u00adtance du th\u00e9\u00e2tre comme vecteur de com\u00adpr\u00e9hen\u00adsion mutuelle et de dia\u00adlogue inter\u00adcul\u00adturel. Elle affirme : \u201cLe th\u00e9\u00e2tre, qu\u2019il soit sur sc\u00e8ne ou sur \u00e9cran, reste un miroir de notre human\u00adit\u00e9 com\u00admune, un out\u00adil puis\u00adsant pour explor\u00ader nos dif\u00adf\u00e9rences et c\u00e9l\u00e9br\u00ader notre unit\u00e9.\u201d<\/p>\n\n\n\n<p>En con\u00adclu\u00adsion, la Journ\u00e9e mon\u00addi\u00adale du th\u00e9\u00e2tre 2025 t\u00e9moigne de la capac\u00adit\u00e9 de cet art \u00e0 s\u2019adapter et \u00e0 \u00e9voluer, tout en pr\u00e9ser\u00advant son essence. Alors que le rideau se l\u00e8ve sur cette nou\u00advelle \u00e8re, le th\u00e9\u00e2tre con\u00adtin\u00adue de cap\u00adtiv\u00ader, d\u2019\u00e9\u00admou\u00advoir et de ques\u00adtion\u00adner, prou\u00advant une fois de plus son r\u00f4le essen\u00adtiel dans notre paysage cul\u00adturel.<\/p>\n","protected":false},"excerpt":{"rendered":"<p>En ce 27 mars 2025, la Journ\u00e9e mon\u00addi\u00adale du th\u00e9\u00e2tre prend une dimen\u00adsion par\u00adti\u00adc\u00aduli\u00e8re, met\u00adtant en lumi\u00e8re la r\u00e9silience et l\u2019in\u00adno\u00adva\u00adtion de cet art mil\u00adl\u00e9\u00adnaire face aux d\u00e9fis con\u00adtem\u00adpo\u00adrains. Cette\u2026 <\/p>\n","protected":false},"author":1,"featured_media":12804,"comment_status":"open","ping_status":"closed","sticky":false,"template":"","format":"standard","meta":{"wp_typography_post_enhancements_disabled":false,"footnotes":""},"categories":[73],"tags":[],"class_list":["post-12803","post","type-post","status-publish","format-standard","has-post-thumbnail","hentry","category-on-en-parle"],"yoast_head":"<!-- This site is optimized with the Yoast SEO plugin v24.7 - https:\/\/yoast.com\/wordpress\/plugins\/seo\/ -->\n<title>Journ\u00e9e mondiale du th\u00e9\u00e2tre : c\u00e9l\u00e9brons l&#039;art dramatique \u00e0 l&#039;\u00e8re num\u00e9rique - Bobea<\/title>\n<meta name=\"description\" content=\"En ce 27 mars 2025, la Journ\u00e9e mondiale du th\u00e9\u00e2tre prend une dimension particuli\u00e8re, mettant en lumi\u00e8re la r\u00e9silience et l&#039;innovation d\" \/>\n<meta name=\"robots\" content=\"index, follow, max-snippet:-1, max-image-preview:large, max-video-preview:-1\" \/>\n<link rel=\"canonical\" href=\"https:\/\/bobea.net\/index.php\/2025\/03\/27\/journee-mondiale-du-theatre-celebrons-lart-dramatique-a-lere-numerique\/\" \/>\n<meta property=\"og:locale\" content=\"fr_FR\" \/>\n<meta property=\"og:type\" content=\"article\" \/>\n<meta property=\"og:title\" content=\"Journ\u00e9e mondiale du th\u00e9\u00e2tre : c\u00e9l\u00e9brons l&#039;art dramatique \u00e0 l&#039;\u00e8re num\u00e9rique - Bobea\" \/>\n<meta property=\"og:description\" content=\"En ce 27 mars 2025, la Journ\u00e9e mondiale du th\u00e9\u00e2tre prend une dimension particuli\u00e8re, mettant en lumi\u00e8re la r\u00e9silience et l&#039;innovation d\" \/>\n<meta property=\"og:url\" content=\"https:\/\/bobea.net\/index.php\/2025\/03\/27\/journee-mondiale-du-theatre-celebrons-lart-dramatique-a-lere-numerique\/\" \/>\n<meta property=\"og:site_name\" content=\"Bobea\" \/>\n<meta property=\"article:publisher\" content=\"https:\/\/web.facebook.com\/profile.php?id=61559252188416\" \/>\n<meta property=\"article:published_time\" content=\"2025-03-27T11:29:14+00:00\" \/>\n<meta property=\"article:modified_time\" content=\"2025-03-27T11:29:15+00:00\" \/>\n<meta property=\"og:image\" content=\"https:\/\/bobea.net\/wp-content\/uploads\/2025\/03\/JKUR.jpg\" \/>\n\t<meta property=\"og:image:width\" content=\"300\" \/>\n\t<meta property=\"og:image:height\" content=\"168\" \/>\n\t<meta property=\"og:image:type\" content=\"image\/jpeg\" \/>\n<meta name=\"author\" content=\"bobea.info\" \/>\n<meta name=\"twitter:card\" content=\"summary_large_image\" \/>\n<meta name=\"twitter:label1\" content=\"\u00c9crit par\" \/>\n\t<meta name=\"twitter:data1\" content=\"bobea.info\" \/>\n\t<meta name=\"twitter:label2\" content=\"Dur\u00e9e de lecture estim\u00e9e\" \/>\n\t<meta name=\"twitter:data2\" content=\"3 minutes\" \/>\n<script type=\"application\/ld+json\" class=\"yoast-schema-graph\">{\"@context\":\"https:\/\/schema.org\",\"@graph\":[{\"@type\":\"Article\",\"@id\":\"https:\/\/bobea.net\/index.php\/2025\/03\/27\/journee-mondiale-du-theatre-celebrons-lart-dramatique-a-lere-numerique\/#article\",\"isPartOf\":{\"@id\":\"https:\/\/bobea.net\/index.php\/2025\/03\/27\/journee-mondiale-du-theatre-celebrons-lart-dramatique-a-lere-numerique\/\"},\"author\":{\"name\":\"bobea.info\",\"@id\":\"https:\/\/bobea.net\/#\/schema\/person\/e7f45ef187918d7c956bf619dce90ccf\"},\"headline\":\"Journ\u00e9e mondiale du th\u00e9\u00e2tre : c\u00e9l\u00e9brons l\u2019art dramatique \u00e0 l\u2019\u00e8re num\u00e9rique\",\"datePublished\":\"2025-03-27T11:29:14+00:00\",\"dateModified\":\"2025-03-27T11:29:15+00:00\",\"mainEntityOfPage\":{\"@id\":\"https:\/\/bobea.net\/index.php\/2025\/03\/27\/journee-mondiale-du-theatre-celebrons-lart-dramatique-a-lere-numerique\/\"},\"wordCount\":533,\"commentCount\":0,\"publisher\":{\"@id\":\"https:\/\/bobea.net\/#organization\"},\"image\":{\"@id\":\"https:\/\/bobea.net\/index.php\/2025\/03\/27\/journee-mondiale-du-theatre-celebrons-lart-dramatique-a-lere-numerique\/#primaryimage\"},\"thumbnailUrl\":\"https:\/\/bobea.net\/wp-content\/uploads\/2025\/03\/JKUR.jpg\",\"articleSection\":[\"On en Parle\"],\"inLanguage\":\"fr-FR\",\"potentialAction\":[{\"@type\":\"CommentAction\",\"name\":\"Comment\",\"target\":[\"https:\/\/bobea.net\/index.php\/2025\/03\/27\/journee-mondiale-du-theatre-celebrons-lart-dramatique-a-lere-numerique\/#respond\"]}]},{\"@type\":\"WebPage\",\"@id\":\"https:\/\/bobea.net\/index.php\/2025\/03\/27\/journee-mondiale-du-theatre-celebrons-lart-dramatique-a-lere-numerique\/\",\"url\":\"https:\/\/bobea.net\/index.php\/2025\/03\/27\/journee-mondiale-du-theatre-celebrons-lart-dramatique-a-lere-numerique\/\",\"name\":\"Journ\u00e9e mondiale du th\u00e9\u00e2tre : c\u00e9l\u00e9brons l'art dramatique \u00e0 l'\u00e8re num\u00e9rique - Bobea\",\"isPartOf\":{\"@id\":\"https:\/\/bobea.net\/#website\"},\"primaryImageOfPage\":{\"@id\":\"https:\/\/bobea.net\/index.php\/2025\/03\/27\/journee-mondiale-du-theatre-celebrons-lart-dramatique-a-lere-numerique\/#primaryimage\"},\"image\":{\"@id\":\"https:\/\/bobea.net\/index.php\/2025\/03\/27\/journee-mondiale-du-theatre-celebrons-lart-dramatique-a-lere-numerique\/#primaryimage\"},\"thumbnailUrl\":\"https:\/\/bobea.net\/wp-content\/uploads\/2025\/03\/JKUR.jpg\",\"datePublished\":\"2025-03-27T11:29:14+00:00\",\"dateModified\":\"2025-03-27T11:29:15+00:00\",\"description\":\"En ce 27 mars 2025, la Journ\u00e9e mondiale du th\u00e9\u00e2tre prend une dimension particuli\u00e8re, mettant en lumi\u00e8re la r\u00e9silience et l'innovation d\",\"breadcrumb\":{\"@id\":\"https:\/\/bobea.net\/index.php\/2025\/03\/27\/journee-mondiale-du-theatre-celebrons-lart-dramatique-a-lere-numerique\/#breadcrumb\"},\"inLanguage\":\"fr-FR\",\"potentialAction\":[{\"@type\":\"ReadAction\",\"target\":[\"https:\/\/bobea.net\/index.php\/2025\/03\/27\/journee-mondiale-du-theatre-celebrons-lart-dramatique-a-lere-numerique\/\"]}]},{\"@type\":\"ImageObject\",\"inLanguage\":\"fr-FR\",\"@id\":\"https:\/\/bobea.net\/index.php\/2025\/03\/27\/journee-mondiale-du-theatre-celebrons-lart-dramatique-a-lere-numerique\/#primaryimage\",\"url\":\"https:\/\/bobea.net\/wp-content\/uploads\/2025\/03\/JKUR.jpg\",\"contentUrl\":\"https:\/\/bobea.net\/wp-content\/uploads\/2025\/03\/JKUR.jpg\",\"width\":300,\"height\":168},{\"@type\":\"BreadcrumbList\",\"@id\":\"https:\/\/bobea.net\/index.php\/2025\/03\/27\/journee-mondiale-du-theatre-celebrons-lart-dramatique-a-lere-numerique\/#breadcrumb\",\"itemListElement\":[{\"@type\":\"ListItem\",\"position\":1,\"name\":\"Accueil\",\"item\":\"https:\/\/bobea.net\/\"},{\"@type\":\"ListItem\",\"position\":2,\"name\":\"Journ\u00e9e mondiale du th\u00e9\u00e2tre : c\u00e9l\u00e9brons l&rsquo;art dramatique \u00e0 l&rsquo;\u00e8re num\u00e9rique\"}]},{\"@type\":\"WebSite\",\"@id\":\"https:\/\/bobea.net\/#website\",\"url\":\"https:\/\/bobea.net\/\",\"name\":\"Bobea\",\"description\":\"Le magazine de la nouvelle \u00c8ve\",\"publisher\":{\"@id\":\"https:\/\/bobea.net\/#organization\"},\"potentialAction\":[{\"@type\":\"SearchAction\",\"target\":{\"@type\":\"EntryPoint\",\"urlTemplate\":\"https:\/\/bobea.net\/?s={search_term_string}\"},\"query-input\":{\"@type\":\"PropertyValueSpecification\",\"valueRequired\":true,\"valueName\":\"search_term_string\"}}],\"inLanguage\":\"fr-FR\"},{\"@type\":\"Organization\",\"@id\":\"https:\/\/bobea.net\/#organization\",\"name\":\"Bobea\",\"url\":\"https:\/\/bobea.net\/\",\"logo\":{\"@type\":\"ImageObject\",\"inLanguage\":\"fr-FR\",\"@id\":\"https:\/\/bobea.net\/#\/schema\/logo\/image\/\",\"url\":\"https:\/\/bobea.net\/wp-content\/uploads\/2024\/06\/bobea.jpg\",\"contentUrl\":\"https:\/\/bobea.net\/wp-content\/uploads\/2024\/06\/bobea.jpg\",\"width\":1080,\"height\":1080,\"caption\":\"Bobea\"},\"image\":{\"@id\":\"https:\/\/bobea.net\/#\/schema\/logo\/image\/\"},\"sameAs\":[\"https:\/\/web.facebook.com\/profile.php?id=61559252188416\"]},{\"@type\":\"Person\",\"@id\":\"https:\/\/bobea.net\/#\/schema\/person\/e7f45ef187918d7c956bf619dce90ccf\",\"name\":\"bobea.info\",\"image\":{\"@type\":\"ImageObject\",\"inLanguage\":\"fr-FR\",\"@id\":\"https:\/\/bobea.net\/#\/schema\/person\/image\/\",\"url\":\"https:\/\/secure.gravatar.com\/avatar\/36147980349df887ae30808df3e29474?s=96&d=mm&r=g\",\"contentUrl\":\"https:\/\/secure.gravatar.com\/avatar\/36147980349df887ae30808df3e29474?s=96&d=mm&r=g\",\"caption\":\"bobea.info\"},\"sameAs\":[\"https:\/\/bobea.net\"],\"url\":\"https:\/\/bobea.net\/index.php\/author\/bobea-info\/\"}]}<\/script>\n<!-- \/ Yoast SEO plugin. -->","yoast_head_json":{"title":"Journ\u00e9e mondiale du th\u00e9\u00e2tre : c\u00e9l\u00e9brons l'art dramatique \u00e0 l'\u00e8re num\u00e9rique - Bobea","description":"En ce 27 mars 2025, la Journ\u00e9e mondiale du th\u00e9\u00e2tre prend une dimension particuli\u00e8re, mettant en lumi\u00e8re la r\u00e9silience et l'innovation d","robots":{"index":"index","follow":"follow","max-snippet":"max-snippet:-1","max-image-preview":"max-image-preview:large","max-video-preview":"max-video-preview:-1"},"canonical":"https:\/\/bobea.net\/index.php\/2025\/03\/27\/journee-mondiale-du-theatre-celebrons-lart-dramatique-a-lere-numerique\/","og_locale":"fr_FR","og_type":"article","og_title":"Journ\u00e9e mondiale du th\u00e9\u00e2tre : c\u00e9l\u00e9brons l'art dramatique \u00e0 l'\u00e8re num\u00e9rique - Bobea","og_description":"En ce 27 mars 2025, la Journ\u00e9e mondiale du th\u00e9\u00e2tre prend une dimension particuli\u00e8re, mettant en lumi\u00e8re la r\u00e9silience et l'innovation d","og_url":"https:\/\/bobea.net\/index.php\/2025\/03\/27\/journee-mondiale-du-theatre-celebrons-lart-dramatique-a-lere-numerique\/","og_site_name":"Bobea","article_publisher":"https:\/\/web.facebook.com\/profile.php?id=61559252188416","article_published_time":"2025-03-27T11:29:14+00:00","article_modified_time":"2025-03-27T11:29:15+00:00","og_image":[{"width":300,"height":168,"url":"https:\/\/bobea.net\/wp-content\/uploads\/2025\/03\/JKUR.jpg","type":"image\/jpeg"}],"author":"bobea.info","twitter_card":"summary_large_image","twitter_misc":{"\u00c9crit par":"bobea.info","Dur\u00e9e de lecture estim\u00e9e":"3 minutes"},"schema":{"@context":"https:\/\/schema.org","@graph":[{"@type":"Article","@id":"https:\/\/bobea.net\/index.php\/2025\/03\/27\/journee-mondiale-du-theatre-celebrons-lart-dramatique-a-lere-numerique\/#article","isPartOf":{"@id":"https:\/\/bobea.net\/index.php\/2025\/03\/27\/journee-mondiale-du-theatre-celebrons-lart-dramatique-a-lere-numerique\/"},"author":{"name":"bobea.info","@id":"https:\/\/bobea.net\/#\/schema\/person\/e7f45ef187918d7c956bf619dce90ccf"},"headline":"Journ\u00e9e mondiale du th\u00e9\u00e2tre : c\u00e9l\u00e9brons l\u2019art dramatique \u00e0 l\u2019\u00e8re num\u00e9rique","datePublished":"2025-03-27T11:29:14+00:00","dateModified":"2025-03-27T11:29:15+00:00","mainEntityOfPage":{"@id":"https:\/\/bobea.net\/index.php\/2025\/03\/27\/journee-mondiale-du-theatre-celebrons-lart-dramatique-a-lere-numerique\/"},"wordCount":533,"commentCount":0,"publisher":{"@id":"https:\/\/bobea.net\/#organization"},"image":{"@id":"https:\/\/bobea.net\/index.php\/2025\/03\/27\/journee-mondiale-du-theatre-celebrons-lart-dramatique-a-lere-numerique\/#primaryimage"},"thumbnailUrl":"https:\/\/bobea.net\/wp-content\/uploads\/2025\/03\/JKUR.jpg","articleSection":["On en Parle"],"inLanguage":"fr-FR","potentialAction":[{"@type":"CommentAction","name":"Comment","target":["https:\/\/bobea.net\/index.php\/2025\/03\/27\/journee-mondiale-du-theatre-celebrons-lart-dramatique-a-lere-numerique\/#respond"]}]},{"@type":"WebPage","@id":"https:\/\/bobea.net\/index.php\/2025\/03\/27\/journee-mondiale-du-theatre-celebrons-lart-dramatique-a-lere-numerique\/","url":"https:\/\/bobea.net\/index.php\/2025\/03\/27\/journee-mondiale-du-theatre-celebrons-lart-dramatique-a-lere-numerique\/","name":"Journ\u00e9e mondiale du th\u00e9\u00e2tre : c\u00e9l\u00e9brons l'art dramatique \u00e0 l'\u00e8re num\u00e9rique - Bobea","isPartOf":{"@id":"https:\/\/bobea.net\/#website"},"primaryImageOfPage":{"@id":"https:\/\/bobea.net\/index.php\/2025\/03\/27\/journee-mondiale-du-theatre-celebrons-lart-dramatique-a-lere-numerique\/#primaryimage"},"image":{"@id":"https:\/\/bobea.net\/index.php\/2025\/03\/27\/journee-mondiale-du-theatre-celebrons-lart-dramatique-a-lere-numerique\/#primaryimage"},"thumbnailUrl":"https:\/\/bobea.net\/wp-content\/uploads\/2025\/03\/JKUR.jpg","datePublished":"2025-03-27T11:29:14+00:00","dateModified":"2025-03-27T11:29:15+00:00","description":"En ce 27 mars 2025, la Journ\u00e9e mondiale du th\u00e9\u00e2tre prend une dimension particuli\u00e8re, mettant en lumi\u00e8re la r\u00e9silience et l'innovation d","breadcrumb":{"@id":"https:\/\/bobea.net\/index.php\/2025\/03\/27\/journee-mondiale-du-theatre-celebrons-lart-dramatique-a-lere-numerique\/#breadcrumb"},"inLanguage":"fr-FR","potentialAction":[{"@type":"ReadAction","target":["https:\/\/bobea.net\/index.php\/2025\/03\/27\/journee-mondiale-du-theatre-celebrons-lart-dramatique-a-lere-numerique\/"]}]},{"@type":"ImageObject","inLanguage":"fr-FR","@id":"https:\/\/bobea.net\/index.php\/2025\/03\/27\/journee-mondiale-du-theatre-celebrons-lart-dramatique-a-lere-numerique\/#primaryimage","url":"https:\/\/bobea.net\/wp-content\/uploads\/2025\/03\/JKUR.jpg","contentUrl":"https:\/\/bobea.net\/wp-content\/uploads\/2025\/03\/JKUR.jpg","width":300,"height":168},{"@type":"BreadcrumbList","@id":"https:\/\/bobea.net\/index.php\/2025\/03\/27\/journee-mondiale-du-theatre-celebrons-lart-dramatique-a-lere-numerique\/#breadcrumb","itemListElement":[{"@type":"ListItem","position":1,"name":"Accueil","item":"https:\/\/bobea.net\/"},{"@type":"ListItem","position":2,"name":"Journ\u00e9e mondiale du th\u00e9\u00e2tre : c\u00e9l\u00e9brons l&rsquo;art dramatique \u00e0 l&rsquo;\u00e8re num\u00e9rique"}]},{"@type":"WebSite","@id":"https:\/\/bobea.net\/#website","url":"https:\/\/bobea.net\/","name":"Bobea","description":"Le magazine de la nouvelle \u00c8ve","publisher":{"@id":"https:\/\/bobea.net\/#organization"},"potentialAction":[{"@type":"SearchAction","target":{"@type":"EntryPoint","urlTemplate":"https:\/\/bobea.net\/?s={search_term_string}"},"query-input":{"@type":"PropertyValueSpecification","valueRequired":true,"valueName":"search_term_string"}}],"inLanguage":"fr-FR"},{"@type":"Organization","@id":"https:\/\/bobea.net\/#organization","name":"Bobea","url":"https:\/\/bobea.net\/","logo":{"@type":"ImageObject","inLanguage":"fr-FR","@id":"https:\/\/bobea.net\/#\/schema\/logo\/image\/","url":"https:\/\/bobea.net\/wp-content\/uploads\/2024\/06\/bobea.jpg","contentUrl":"https:\/\/bobea.net\/wp-content\/uploads\/2024\/06\/bobea.jpg","width":1080,"height":1080,"caption":"Bobea"},"image":{"@id":"https:\/\/bobea.net\/#\/schema\/logo\/image\/"},"sameAs":["https:\/\/web.facebook.com\/profile.php?id=61559252188416"]},{"@type":"Person","@id":"https:\/\/bobea.net\/#\/schema\/person\/e7f45ef187918d7c956bf619dce90ccf","name":"bobea.info","image":{"@type":"ImageObject","inLanguage":"fr-FR","@id":"https:\/\/bobea.net\/#\/schema\/person\/image\/","url":"https:\/\/secure.gravatar.com\/avatar\/36147980349df887ae30808df3e29474?s=96&d=mm&r=g","contentUrl":"https:\/\/secure.gravatar.com\/avatar\/36147980349df887ae30808df3e29474?s=96&d=mm&r=g","caption":"bobea.info"},"sameAs":["https:\/\/bobea.net"],"url":"https:\/\/bobea.net\/index.php\/author\/bobea-info\/"}]}},"_links":{"self":[{"href":"https:\/\/bobea.net\/index.php\/wp-json\/wp\/v2\/posts\/12803"}],"collection":[{"href":"https:\/\/bobea.net\/index.php\/wp-json\/wp\/v2\/posts"}],"about":[{"href":"https:\/\/bobea.net\/index.php\/wp-json\/wp\/v2\/types\/post"}],"author":[{"embeddable":true,"href":"https:\/\/bobea.net\/index.php\/wp-json\/wp\/v2\/users\/1"}],"replies":[{"embeddable":true,"href":"https:\/\/bobea.net\/index.php\/wp-json\/wp\/v2\/comments?post=12803"}],"version-history":[{"count":1,"href":"https:\/\/bobea.net\/index.php\/wp-json\/wp\/v2\/posts\/12803\/revisions"}],"predecessor-version":[{"id":12806,"href":"https:\/\/bobea.net\/index.php\/wp-json\/wp\/v2\/posts\/12803\/revisions\/12806"}],"wp:featuredmedia":[{"embeddable":true,"href":"https:\/\/bobea.net\/index.php\/wp-json\/wp\/v2\/media\/12804"}],"wp:attachment":[{"href":"https:\/\/bobea.net\/index.php\/wp-json\/wp\/v2\/media?parent=12803"}],"wp:term":[{"taxonomy":"category","embeddable":true,"href":"https:\/\/bobea.net\/index.php\/wp-json\/wp\/v2\/categories?post=12803"},{"taxonomy":"post_tag","embeddable":true,"href":"https:\/\/bobea.net\/index.php\/wp-json\/wp\/v2\/tags?post=12803"}],"curies":[{"name":"wp","href":"https:\/\/api.w.org\/{rel}","templated":true}]}}