{"id":12674,"date":"2025-03-25T17:55:55","date_gmt":"2025-03-25T17:55:55","guid":{"rendered":"https:\/\/bobea.net\/?p=12674"},"modified":"2025-03-25T17:55:56","modified_gmt":"2025-03-25T17:55:56","slug":"les-femmes-et-le-minimalisme-vivre-mieux-avec-moins-en-2025","status":"publish","type":"post","link":"https:\/\/bobea.net\/index.php\/2025\/03\/25\/les-femmes-et-le-minimalisme-vivre-mieux-avec-moins-en-2025\/","title":{"rendered":"Les femmes et le minimalisme : vivre mieux avec moins en 2025"},"content":{"rendered":"\n<p>En 2025, le min\u00adi\u00admal\u00adisme s\u2019im\u00adpose comme un mode de vie de plus en plus adop\u00adt\u00e9 par les femmes. Cette ten\u00addance, bien plus qu\u2019une sim\u00adple mode, refl\u00e8te un change\u00adment pro\u00adfond dans la fa\u00e7on dont les femmes envis\u00adagent leur rap\u00adport \u00e0 la con\u00adsom\u00adma\u00adtion, \u00e0 leur envi\u00adron\u00adnement et \u00e0 elles-m\u00eames.<\/p>\n\n\n\n<p><strong>Le min\u00adi\u00admal\u00adisme, une r\u00e9ponse \u00e0 la sur\u00adcon\u00adsom\u00adma\u00adtion<\/strong><\/p>\n\n\n\n<p>Face \u00e0 une soci\u00e9t\u00e9 de con\u00adsom\u00adma\u00adtion tou\u00adjours plus effr\u00e9n\u00e9e, de nom\u00adbreuses femmes choi\u00adsis\u00adsent de faire un pas de c\u00f4t\u00e9. Selon une \u00e9tude men\u00e9e par l\u2019In\u00adsti\u00adtut des Ten\u00addances Soci\u00e9\u00adtales, 65% des femmes inter\u00adrog\u00e9es d\u00e9clar\u00adent vouloir r\u00e9duire leur con\u00adsom\u00adma\u00adtion pour vivre de mani\u00e8re plus min\u00adi\u00admal\u00adiste.<\/p>\n\n\n\n<p>La soci\u00ado\u00adlogue Dr. Emma Chen explique : \u201cLe min\u00adi\u00admal\u00adisme appa\u00adra\u00eet comme une r\u00e9ponse \u00e0 l\u2019anx\u00adi\u00e9t\u00e9 g\u00e9n\u00e9r\u00e9e par la surabon\u00addance de choix et de pos\u00adses\u00adsions. Il offre une voie vers plus de clart\u00e9 et de sens.\u201d<\/p>\n\n\n\n<p>Les prin\u00adci\u00adpaux avan\u00adtages cit\u00e9s par les adeptes du min\u00adi\u00admal\u00adisme sont :<\/p>\n\n\n\n<ol start=\"1\" class=\"wp-block-list\">\n<li>Une r\u00e9duc\u00adtion du stress li\u00e9 \u00e0 la ges\u00adtion des pos\u00adses\u00adsions.<\/li>\n\n\n\n<li>Une \u00e9conomie finan\u00adci\u00e8re per\u00adme\u00adt\u00adtant de se con\u00adcen\u00adtr\u00ader sur l\u2019essen\u00adtiel.<\/li>\n\n\n\n<li>Un impact envi\u00adron\u00adnemen\u00adtal r\u00e9duit.<\/li>\n<\/ol>\n\n\n\n<p><strong>Le min\u00adi\u00admal\u00adisme dans l\u2019habi\u00adtat<\/strong><\/p>\n\n\n\n<p>Le min\u00adi\u00admal\u00adisme se traduit d\u2019abord dans l\u2019am\u00e9\u00adnage\u00adment de l\u2019e\u00adspace de vie. Les int\u00e9rieurs \u00e9pur\u00e9s et fonc\u00adtion\u00adnels sont de plus en plus pris\u00e9s.<\/p>\n\n\n\n<p>L\u2019ar\u00adchi\u00adtecte d\u2019in\u00adt\u00e9rieur Sophie Dubois observe : \u201cNous con\u00adcevons des espaces mul\u00adti\u00adfonc\u00adtion\u00adnels, avec des meubles mod\u00adu\u00adla\u00adbles et des solu\u00adtions de range\u00adment intel\u00adli\u00adgentes. L\u2019ob\u00adjec\u00adtif est de cr\u00e9er un envi\u00adron\u00adnement sere\u00adin et facile \u00e0 entretenir.\u201d<\/p>\n\n\n\n<p>Quelques ten\u00addances cl\u00e9s du design min\u00adi\u00admal\u00adiste en 2025 :<\/p>\n\n\n\n<ol start=\"1\" class=\"wp-block-list\">\n<li>Les meubles trans\u00adformables : Un canap\u00e9 qui devient un lit, une table basse qui se trans\u00adforme en bureau.<\/li>\n\n\n\n<li>Les sys\u00adt\u00e8mes de range\u00adment ver\u00adti\u00adcaux : Pour opti\u00admiser l\u2019e\u00adspace dans les petits loge\u00adments.<\/li>\n\n\n\n<li>Les mat\u00e9ri\u00adaux naturels et durables : Bois, pierre, fibres v\u00e9g\u00e9\u00adtales pour un int\u00e9rieur chaleureux et \u00e9cologique.<\/li>\n<\/ol>\n\n\n\n<p><strong>Le min\u00adi\u00admal\u00adisme dans la garde-robe<\/strong><\/p>\n\n\n\n<p>La mode min\u00adi\u00admal\u00adiste con\u00adna\u00eet un essor impor\u00adtant. Le con\u00adcept de \u201cgarde-robe cap\u00adsule\u201d s\u00e9duit de plus en plus de femmes.<\/p>\n\n\n\n<p>La styl\u00adiste per\u00adson\u00adnelle Marie Mar\u00adtin explique : \u201cL\u2019id\u00e9e est de cr\u00e9er une garde-robe com\u00adpos\u00e9e d\u2019un nom\u00adbre lim\u00adit\u00e9 de pi\u00e8ces intem\u00adporelles et poly\u00adva\u00adlentes. Cela sim\u00adpli\u00adfie le choix quo\u00adti\u00addi\u00aden des tenues tout en r\u00e9duisant la con\u00adsom\u00adma\u00adtion.\u201d<\/p>\n\n\n\n<p>Les principes de la garde-robe min\u00adi\u00admal\u00adiste :<\/p>\n\n\n\n<ol start=\"1\" class=\"wp-block-list\">\n<li>Priv\u00adil\u00e9gi\u00ader la qual\u00adit\u00e9 \u00e0 la quan\u00adtit\u00e9 : Inve\u00adstir dans des pi\u00e8ces durables.<\/li>\n\n\n\n<li>Choisir des couleurs neu\u00adtres faciles \u00e0 associ\u00ader.<\/li>\n\n\n\n<li>Opter pour des coupes clas\u00adsiques qui tra\u00adversent les saisons.<\/li>\n<\/ol>\n\n\n\n<p><strong>Le min\u00adi\u00admal\u00adisme dig\u00adi\u00adtal<\/strong><\/p>\n\n\n\n<p>En 2025, le min\u00adi\u00admal\u00adisme s\u2019\u00e9\u00adtend \u00e9gale\u00adment \u00e0 la sph\u00e8re num\u00e9rique. De plus en plus de femmes cherchent \u00e0 r\u00e9duire leur d\u00e9pen\u00addance aux \u00e9crans et aux r\u00e9seaux soci\u00adaux.<\/p>\n\n\n\n<p>La psy\u00adcho\u00adlogue Dr. Sarah Wong com\u00admente : \u201cLe min\u00adi\u00admal\u00adisme dig\u00adi\u00adtal per\u00admet de repren\u00addre le con\u00adtr\u00f4le de son temps et de son atten\u00adtion. C\u2019est une forme de d\u00e9tox men\u00adtale tr\u00e8s b\u00e9n\u00e9\u00adfique pour le bien-\u00eatre.\u201d<\/p>\n\n\n\n<figure class=\"wp-block-image size-full\"><img loading=\"lazy\" decoding=\"async\" width=\"1024\" height=\"683\" src=\"https:\/\/bobea.net\/wp-content\/uploads\/2025\/03\/le-look-minimaliste-1.jpg\" alt class=\"wp-image-12676\" srcset=\"https:\/\/bobea.net\/wp-content\/uploads\/2025\/03\/le-look-minimaliste-1.jpg 1024w, https:\/\/bobea.net\/wp-content\/uploads\/2025\/03\/le-look-minimaliste-1-300x200.jpg 300w, https:\/\/bobea.net\/wp-content\/uploads\/2025\/03\/le-look-minimaliste-1-768x512.jpg 768w\" sizes=\"(max-width: 1024px) 100vw, 1024px\"><\/figure>\n\n\n\n<p>Quelques pra\u00adtiques de min\u00adi\u00admal\u00adisme dig\u00adi\u00adtal :<\/p>\n\n\n\n<ol start=\"1\" class=\"wp-block-list\">\n<li>La lim\u00adi\u00adta\u00adtion du temps pass\u00e9 sur les r\u00e9seaux soci\u00adaux.<\/li>\n\n\n\n<li>Le tri r\u00e9guli\u00ader des appli\u00adca\u00adtions et des fichiers num\u00e9riques.<\/li>\n\n\n\n<li>L\u2019adop\u00adtion d\u2019outils de ges\u00adtion du temps pour une util\u00adi\u00adsa\u00adtion plus con\u00adsciente des tech\u00adnolo\u00adgies.<\/li>\n<\/ol>\n\n\n\n<p><strong>Le min\u00adi\u00admal\u00adisme comme philoso\u00adphie de vie<\/strong><\/p>\n\n\n\n<p>Au-del\u00e0 des aspects mat\u00e9riels, le min\u00adi\u00admal\u00adisme devient pour beau\u00adcoup une v\u00e9ri\u00adta\u00adble philoso\u00adphie de vie. Il s\u2019ag\u00adit de se recen\u00adtr\u00ader sur l\u2019essen\u00adtiel et de don\u00adner plus de sens \u00e0 son exis\u00adtence.<\/p>\n\n\n\n<p>La coach de vie Lisa Chen explique : \u201cLe min\u00adi\u00admal\u00adisme per\u00admet de clar\u00adi\u00adfi\u00ader ses pri\u00ador\u00adit\u00e9s. En se d\u00e9bar\u00adras\u00adsant du super\u00adflu, on lib\u00e8re de l\u2019e\u00adspace men\u00adtal pour se con\u00adcen\u00adtr\u00ader sur ce qui compte vrai\u00adment : les rela\u00adtions, les exp\u00e9ri\u00adences, le d\u00e9veloppe\u00adment per\u00adson\u00adnel.\u201d<\/p>\n\n\n\n<p>Les b\u00e9n\u00e9\u00adfices du min\u00adi\u00admal\u00adisme comme philoso\u00adphie de vie :<\/p>\n\n\n\n<ol start=\"1\" class=\"wp-block-list\">\n<li>Une meilleure con\u00adnais\u00adsance de soi et de ses valeurs.<\/li>\n\n\n\n<li>Une r\u00e9duc\u00adtion de l\u2019anx\u00adi\u00e9t\u00e9 li\u00e9e \u00e0 la com\u00adpara\u00adi\u00adson sociale.<\/li>\n\n\n\n<li>Plus de temps et d\u2019\u00e9n\u00adergie pour pour\u00adsuiv\u00adre ses pas\u00adsions et ses objec\u00adtifs.<\/li>\n<\/ol>\n\n\n\n<p>En con\u00adclu\u00adsion, le min\u00adi\u00admal\u00adisme en 2025 appa\u00adra\u00eet comme bien plus qu\u2019une sim\u00adple ten\u00addance esth\u00e9\u00adtique. C\u2019est un mou\u00adve\u00adment de fond qui r\u00e9pond aux aspi\u00adra\u00adtions pro\u00adfondes de nom\u00adbreuses femmes : vivre de mani\u00e8re plus authen\u00adtique, plus durable et plus \u00e9panouis\u00adsante. En choi\u00adsis\u00adsant de vivre avec moins, ces femmes d\u00e9cou\u00advrent qu\u2019elles peu\u00advent en r\u00e9al\u00adit\u00e9 gag\u00adn\u00ader beau\u00adcoup plus en ter\u00admes de lib\u00adert\u00e9, de sens et de bien-\u00eatre.<\/p>\n","protected":false},"excerpt":{"rendered":"<p>En 2025, le min\u00adi\u00admal\u00adisme s\u2019im\u00adpose comme un mode de vie de plus en plus adop\u00adt\u00e9 par les femmes. Cette ten\u00addance, bien plus qu\u2019une sim\u00adple mode, refl\u00e8te un change\u00adment pro\u00adfond dans\u2026 <\/p>\n","protected":false},"author":1,"featured_media":12675,"comment_status":"open","ping_status":"closed","sticky":false,"template":"","format":"standard","meta":{"wp_typography_post_enhancements_disabled":false,"footnotes":""},"categories":[50],"tags":[],"class_list":["post-12674","post","type-post","status-publish","format-standard","has-post-thumbnail","hentry","category-mode"],"yoast_head":"<!-- This site is optimized with the Yoast SEO plugin v24.7 - https:\/\/yoast.com\/wordpress\/plugins\/seo\/ -->\n<title>Les femmes et le minimalisme : vivre mieux avec moins en 2025 - Bobea<\/title>\n<meta name=\"robots\" content=\"index, follow, max-snippet:-1, max-image-preview:large, max-video-preview:-1\" \/>\n<link rel=\"canonical\" href=\"https:\/\/bobea.net\/index.php\/2025\/03\/25\/les-femmes-et-le-minimalisme-vivre-mieux-avec-moins-en-2025\/\" \/>\n<meta property=\"og:locale\" content=\"fr_FR\" \/>\n<meta property=\"og:type\" content=\"article\" \/>\n<meta property=\"og:title\" content=\"Les femmes et le minimalisme : vivre mieux avec moins en 2025 - Bobea\" \/>\n<meta property=\"og:description\" content=\"En 2025, le min\u00adi\u00admal\u00adisme s\u2019im\u00adpose comme un mode de vie de plus en plus adop\u00adt\u00e9 par les femmes. Cette ten\u00addance, bien plus qu\u2019une sim\u00adple mode, refl\u00e8te un change\u00adment pro\u00adfond dans&hellip;\" \/>\n<meta property=\"og:url\" content=\"https:\/\/bobea.net\/index.php\/2025\/03\/25\/les-femmes-et-le-minimalisme-vivre-mieux-avec-moins-en-2025\/\" \/>\n<meta property=\"og:site_name\" content=\"Bobea\" \/>\n<meta property=\"article:publisher\" content=\"https:\/\/web.facebook.com\/profile.php?id=61559252188416\" \/>\n<meta property=\"article:published_time\" content=\"2025-03-25T17:55:55+00:00\" \/>\n<meta property=\"article:modified_time\" content=\"2025-03-25T17:55:56+00:00\" \/>\n<meta property=\"og:image\" content=\"https:\/\/bobea.net\/wp-content\/uploads\/2025\/03\/le-look-minimaliste.jpg\" \/>\n\t<meta property=\"og:image:width\" content=\"1000\" \/>\n\t<meta property=\"og:image:height\" content=\"500\" \/>\n\t<meta property=\"og:image:type\" content=\"image\/jpeg\" \/>\n<meta name=\"author\" content=\"bobea.info\" \/>\n<meta name=\"twitter:card\" content=\"summary_large_image\" \/>\n<meta name=\"twitter:label1\" content=\"\u00c9crit par\" \/>\n\t<meta name=\"twitter:data1\" content=\"bobea.info\" \/>\n\t<meta name=\"twitter:label2\" content=\"Dur\u00e9e de lecture estim\u00e9e\" \/>\n\t<meta name=\"twitter:data2\" content=\"4 minutes\" \/>\n<script type=\"application\/ld+json\" class=\"yoast-schema-graph\">{\"@context\":\"https:\/\/schema.org\",\"@graph\":[{\"@type\":\"Article\",\"@id\":\"https:\/\/bobea.net\/index.php\/2025\/03\/25\/les-femmes-et-le-minimalisme-vivre-mieux-avec-moins-en-2025\/#article\",\"isPartOf\":{\"@id\":\"https:\/\/bobea.net\/index.php\/2025\/03\/25\/les-femmes-et-le-minimalisme-vivre-mieux-avec-moins-en-2025\/\"},\"author\":{\"name\":\"bobea.info\",\"@id\":\"https:\/\/bobea.net\/#\/schema\/person\/e7f45ef187918d7c956bf619dce90ccf\"},\"headline\":\"Les femmes et le minimalisme : vivre mieux avec moins en 2025\",\"datePublished\":\"2025-03-25T17:55:55+00:00\",\"dateModified\":\"2025-03-25T17:55:56+00:00\",\"mainEntityOfPage\":{\"@id\":\"https:\/\/bobea.net\/index.php\/2025\/03\/25\/les-femmes-et-le-minimalisme-vivre-mieux-avec-moins-en-2025\/\"},\"wordCount\":732,\"commentCount\":0,\"publisher\":{\"@id\":\"https:\/\/bobea.net\/#organization\"},\"image\":{\"@id\":\"https:\/\/bobea.net\/index.php\/2025\/03\/25\/les-femmes-et-le-minimalisme-vivre-mieux-avec-moins-en-2025\/#primaryimage\"},\"thumbnailUrl\":\"https:\/\/bobea.net\/wp-content\/uploads\/2025\/03\/le-look-minimaliste.jpg\",\"articleSection\":[\"Mode\"],\"inLanguage\":\"fr-FR\",\"potentialAction\":[{\"@type\":\"CommentAction\",\"name\":\"Comment\",\"target\":[\"https:\/\/bobea.net\/index.php\/2025\/03\/25\/les-femmes-et-le-minimalisme-vivre-mieux-avec-moins-en-2025\/#respond\"]}]},{\"@type\":\"WebPage\",\"@id\":\"https:\/\/bobea.net\/index.php\/2025\/03\/25\/les-femmes-et-le-minimalisme-vivre-mieux-avec-moins-en-2025\/\",\"url\":\"https:\/\/bobea.net\/index.php\/2025\/03\/25\/les-femmes-et-le-minimalisme-vivre-mieux-avec-moins-en-2025\/\",\"name\":\"Les femmes et le minimalisme : vivre mieux avec moins en 2025 - Bobea\",\"isPartOf\":{\"@id\":\"https:\/\/bobea.net\/#website\"},\"primaryImageOfPage\":{\"@id\":\"https:\/\/bobea.net\/index.php\/2025\/03\/25\/les-femmes-et-le-minimalisme-vivre-mieux-avec-moins-en-2025\/#primaryimage\"},\"image\":{\"@id\":\"https:\/\/bobea.net\/index.php\/2025\/03\/25\/les-femmes-et-le-minimalisme-vivre-mieux-avec-moins-en-2025\/#primaryimage\"},\"thumbnailUrl\":\"https:\/\/bobea.net\/wp-content\/uploads\/2025\/03\/le-look-minimaliste.jpg\",\"datePublished\":\"2025-03-25T17:55:55+00:00\",\"dateModified\":\"2025-03-25T17:55:56+00:00\",\"breadcrumb\":{\"@id\":\"https:\/\/bobea.net\/index.php\/2025\/03\/25\/les-femmes-et-le-minimalisme-vivre-mieux-avec-moins-en-2025\/#breadcrumb\"},\"inLanguage\":\"fr-FR\",\"potentialAction\":[{\"@type\":\"ReadAction\",\"target\":[\"https:\/\/bobea.net\/index.php\/2025\/03\/25\/les-femmes-et-le-minimalisme-vivre-mieux-avec-moins-en-2025\/\"]}]},{\"@type\":\"ImageObject\",\"inLanguage\":\"fr-FR\",\"@id\":\"https:\/\/bobea.net\/index.php\/2025\/03\/25\/les-femmes-et-le-minimalisme-vivre-mieux-avec-moins-en-2025\/#primaryimage\",\"url\":\"https:\/\/bobea.net\/wp-content\/uploads\/2025\/03\/le-look-minimaliste.jpg\",\"contentUrl\":\"https:\/\/bobea.net\/wp-content\/uploads\/2025\/03\/le-look-minimaliste.jpg\",\"width\":1000,\"height\":500},{\"@type\":\"BreadcrumbList\",\"@id\":\"https:\/\/bobea.net\/index.php\/2025\/03\/25\/les-femmes-et-le-minimalisme-vivre-mieux-avec-moins-en-2025\/#breadcrumb\",\"itemListElement\":[{\"@type\":\"ListItem\",\"position\":1,\"name\":\"Accueil\",\"item\":\"https:\/\/bobea.net\/\"},{\"@type\":\"ListItem\",\"position\":2,\"name\":\"Les femmes et le minimalisme : vivre mieux avec moins en 2025\"}]},{\"@type\":\"WebSite\",\"@id\":\"https:\/\/bobea.net\/#website\",\"url\":\"https:\/\/bobea.net\/\",\"name\":\"Bobea\",\"description\":\"Le magazine de la nouvelle \u00c8ve\",\"publisher\":{\"@id\":\"https:\/\/bobea.net\/#organization\"},\"potentialAction\":[{\"@type\":\"SearchAction\",\"target\":{\"@type\":\"EntryPoint\",\"urlTemplate\":\"https:\/\/bobea.net\/?s={search_term_string}\"},\"query-input\":{\"@type\":\"PropertyValueSpecification\",\"valueRequired\":true,\"valueName\":\"search_term_string\"}}],\"inLanguage\":\"fr-FR\"},{\"@type\":\"Organization\",\"@id\":\"https:\/\/bobea.net\/#organization\",\"name\":\"Bobea\",\"url\":\"https:\/\/bobea.net\/\",\"logo\":{\"@type\":\"ImageObject\",\"inLanguage\":\"fr-FR\",\"@id\":\"https:\/\/bobea.net\/#\/schema\/logo\/image\/\",\"url\":\"https:\/\/bobea.net\/wp-content\/uploads\/2024\/06\/bobea.jpg\",\"contentUrl\":\"https:\/\/bobea.net\/wp-content\/uploads\/2024\/06\/bobea.jpg\",\"width\":1080,\"height\":1080,\"caption\":\"Bobea\"},\"image\":{\"@id\":\"https:\/\/bobea.net\/#\/schema\/logo\/image\/\"},\"sameAs\":[\"https:\/\/web.facebook.com\/profile.php?id=61559252188416\"]},{\"@type\":\"Person\",\"@id\":\"https:\/\/bobea.net\/#\/schema\/person\/e7f45ef187918d7c956bf619dce90ccf\",\"name\":\"bobea.info\",\"image\":{\"@type\":\"ImageObject\",\"inLanguage\":\"fr-FR\",\"@id\":\"https:\/\/bobea.net\/#\/schema\/person\/image\/\",\"url\":\"https:\/\/secure.gravatar.com\/avatar\/36147980349df887ae30808df3e29474?s=96&d=mm&r=g\",\"contentUrl\":\"https:\/\/secure.gravatar.com\/avatar\/36147980349df887ae30808df3e29474?s=96&d=mm&r=g\",\"caption\":\"bobea.info\"},\"sameAs\":[\"https:\/\/bobea.net\"],\"url\":\"https:\/\/bobea.net\/index.php\/author\/bobea-info\/\"}]}<\/script>\n<!-- \/ Yoast SEO plugin. -->","yoast_head_json":{"title":"Les femmes et le minimalisme : vivre mieux avec moins en 2025 - Bobea","robots":{"index":"index","follow":"follow","max-snippet":"max-snippet:-1","max-image-preview":"max-image-preview:large","max-video-preview":"max-video-preview:-1"},"canonical":"https:\/\/bobea.net\/index.php\/2025\/03\/25\/les-femmes-et-le-minimalisme-vivre-mieux-avec-moins-en-2025\/","og_locale":"fr_FR","og_type":"article","og_title":"Les femmes et le minimalisme : vivre mieux avec moins en 2025 - Bobea","og_description":"En 2025, le min\u00adi\u00admal\u00adisme s\u2019im\u00adpose comme un mode de vie de plus en plus adop\u00adt\u00e9 par les femmes. Cette ten\u00addance, bien plus qu\u2019une sim\u00adple mode, refl\u00e8te un change\u00adment pro\u00adfond dans&hellip;","og_url":"https:\/\/bobea.net\/index.php\/2025\/03\/25\/les-femmes-et-le-minimalisme-vivre-mieux-avec-moins-en-2025\/","og_site_name":"Bobea","article_publisher":"https:\/\/web.facebook.com\/profile.php?id=61559252188416","article_published_time":"2025-03-25T17:55:55+00:00","article_modified_time":"2025-03-25T17:55:56+00:00","og_image":[{"width":1000,"height":500,"url":"https:\/\/bobea.net\/wp-content\/uploads\/2025\/03\/le-look-minimaliste.jpg","type":"image\/jpeg"}],"author":"bobea.info","twitter_card":"summary_large_image","twitter_misc":{"\u00c9crit par":"bobea.info","Dur\u00e9e de lecture estim\u00e9e":"4 minutes"},"schema":{"@context":"https:\/\/schema.org","@graph":[{"@type":"Article","@id":"https:\/\/bobea.net\/index.php\/2025\/03\/25\/les-femmes-et-le-minimalisme-vivre-mieux-avec-moins-en-2025\/#article","isPartOf":{"@id":"https:\/\/bobea.net\/index.php\/2025\/03\/25\/les-femmes-et-le-minimalisme-vivre-mieux-avec-moins-en-2025\/"},"author":{"name":"bobea.info","@id":"https:\/\/bobea.net\/#\/schema\/person\/e7f45ef187918d7c956bf619dce90ccf"},"headline":"Les femmes et le minimalisme : vivre mieux avec moins en 2025","datePublished":"2025-03-25T17:55:55+00:00","dateModified":"2025-03-25T17:55:56+00:00","mainEntityOfPage":{"@id":"https:\/\/bobea.net\/index.php\/2025\/03\/25\/les-femmes-et-le-minimalisme-vivre-mieux-avec-moins-en-2025\/"},"wordCount":732,"commentCount":0,"publisher":{"@id":"https:\/\/bobea.net\/#organization"},"image":{"@id":"https:\/\/bobea.net\/index.php\/2025\/03\/25\/les-femmes-et-le-minimalisme-vivre-mieux-avec-moins-en-2025\/#primaryimage"},"thumbnailUrl":"https:\/\/bobea.net\/wp-content\/uploads\/2025\/03\/le-look-minimaliste.jpg","articleSection":["Mode"],"inLanguage":"fr-FR","potentialAction":[{"@type":"CommentAction","name":"Comment","target":["https:\/\/bobea.net\/index.php\/2025\/03\/25\/les-femmes-et-le-minimalisme-vivre-mieux-avec-moins-en-2025\/#respond"]}]},{"@type":"WebPage","@id":"https:\/\/bobea.net\/index.php\/2025\/03\/25\/les-femmes-et-le-minimalisme-vivre-mieux-avec-moins-en-2025\/","url":"https:\/\/bobea.net\/index.php\/2025\/03\/25\/les-femmes-et-le-minimalisme-vivre-mieux-avec-moins-en-2025\/","name":"Les femmes et le minimalisme : vivre mieux avec moins en 2025 - Bobea","isPartOf":{"@id":"https:\/\/bobea.net\/#website"},"primaryImageOfPage":{"@id":"https:\/\/bobea.net\/index.php\/2025\/03\/25\/les-femmes-et-le-minimalisme-vivre-mieux-avec-moins-en-2025\/#primaryimage"},"image":{"@id":"https:\/\/bobea.net\/index.php\/2025\/03\/25\/les-femmes-et-le-minimalisme-vivre-mieux-avec-moins-en-2025\/#primaryimage"},"thumbnailUrl":"https:\/\/bobea.net\/wp-content\/uploads\/2025\/03\/le-look-minimaliste.jpg","datePublished":"2025-03-25T17:55:55+00:00","dateModified":"2025-03-25T17:55:56+00:00","breadcrumb":{"@id":"https:\/\/bobea.net\/index.php\/2025\/03\/25\/les-femmes-et-le-minimalisme-vivre-mieux-avec-moins-en-2025\/#breadcrumb"},"inLanguage":"fr-FR","potentialAction":[{"@type":"ReadAction","target":["https:\/\/bobea.net\/index.php\/2025\/03\/25\/les-femmes-et-le-minimalisme-vivre-mieux-avec-moins-en-2025\/"]}]},{"@type":"ImageObject","inLanguage":"fr-FR","@id":"https:\/\/bobea.net\/index.php\/2025\/03\/25\/les-femmes-et-le-minimalisme-vivre-mieux-avec-moins-en-2025\/#primaryimage","url":"https:\/\/bobea.net\/wp-content\/uploads\/2025\/03\/le-look-minimaliste.jpg","contentUrl":"https:\/\/bobea.net\/wp-content\/uploads\/2025\/03\/le-look-minimaliste.jpg","width":1000,"height":500},{"@type":"BreadcrumbList","@id":"https:\/\/bobea.net\/index.php\/2025\/03\/25\/les-femmes-et-le-minimalisme-vivre-mieux-avec-moins-en-2025\/#breadcrumb","itemListElement":[{"@type":"ListItem","position":1,"name":"Accueil","item":"https:\/\/bobea.net\/"},{"@type":"ListItem","position":2,"name":"Les femmes et le minimalisme : vivre mieux avec moins en 2025"}]},{"@type":"WebSite","@id":"https:\/\/bobea.net\/#website","url":"https:\/\/bobea.net\/","name":"Bobea","description":"Le magazine de la nouvelle \u00c8ve","publisher":{"@id":"https:\/\/bobea.net\/#organization"},"potentialAction":[{"@type":"SearchAction","target":{"@type":"EntryPoint","urlTemplate":"https:\/\/bobea.net\/?s={search_term_string}"},"query-input":{"@type":"PropertyValueSpecification","valueRequired":true,"valueName":"search_term_string"}}],"inLanguage":"fr-FR"},{"@type":"Organization","@id":"https:\/\/bobea.net\/#organization","name":"Bobea","url":"https:\/\/bobea.net\/","logo":{"@type":"ImageObject","inLanguage":"fr-FR","@id":"https:\/\/bobea.net\/#\/schema\/logo\/image\/","url":"https:\/\/bobea.net\/wp-content\/uploads\/2024\/06\/bobea.jpg","contentUrl":"https:\/\/bobea.net\/wp-content\/uploads\/2024\/06\/bobea.jpg","width":1080,"height":1080,"caption":"Bobea"},"image":{"@id":"https:\/\/bobea.net\/#\/schema\/logo\/image\/"},"sameAs":["https:\/\/web.facebook.com\/profile.php?id=61559252188416"]},{"@type":"Person","@id":"https:\/\/bobea.net\/#\/schema\/person\/e7f45ef187918d7c956bf619dce90ccf","name":"bobea.info","image":{"@type":"ImageObject","inLanguage":"fr-FR","@id":"https:\/\/bobea.net\/#\/schema\/person\/image\/","url":"https:\/\/secure.gravatar.com\/avatar\/36147980349df887ae30808df3e29474?s=96&d=mm&r=g","contentUrl":"https:\/\/secure.gravatar.com\/avatar\/36147980349df887ae30808df3e29474?s=96&d=mm&r=g","caption":"bobea.info"},"sameAs":["https:\/\/bobea.net"],"url":"https:\/\/bobea.net\/index.php\/author\/bobea-info\/"}]}},"_links":{"self":[{"href":"https:\/\/bobea.net\/index.php\/wp-json\/wp\/v2\/posts\/12674"}],"collection":[{"href":"https:\/\/bobea.net\/index.php\/wp-json\/wp\/v2\/posts"}],"about":[{"href":"https:\/\/bobea.net\/index.php\/wp-json\/wp\/v2\/types\/post"}],"author":[{"embeddable":true,"href":"https:\/\/bobea.net\/index.php\/wp-json\/wp\/v2\/users\/1"}],"replies":[{"embeddable":true,"href":"https:\/\/bobea.net\/index.php\/wp-json\/wp\/v2\/comments?post=12674"}],"version-history":[{"count":1,"href":"https:\/\/bobea.net\/index.php\/wp-json\/wp\/v2\/posts\/12674\/revisions"}],"predecessor-version":[{"id":12677,"href":"https:\/\/bobea.net\/index.php\/wp-json\/wp\/v2\/posts\/12674\/revisions\/12677"}],"wp:featuredmedia":[{"embeddable":true,"href":"https:\/\/bobea.net\/index.php\/wp-json\/wp\/v2\/media\/12675"}],"wp:attachment":[{"href":"https:\/\/bobea.net\/index.php\/wp-json\/wp\/v2\/media?parent=12674"}],"wp:term":[{"taxonomy":"category","embeddable":true,"href":"https:\/\/bobea.net\/index.php\/wp-json\/wp\/v2\/categories?post=12674"},{"taxonomy":"post_tag","embeddable":true,"href":"https:\/\/bobea.net\/index.php\/wp-json\/wp\/v2\/tags?post=12674"}],"curies":[{"name":"wp","href":"https:\/\/api.w.org\/{rel}","templated":true}]}}