{"id":12655,"date":"2025-03-25T17:02:01","date_gmt":"2025-03-25T17:02:01","guid":{"rendered":"https:\/\/bobea.net\/?p=12655"},"modified":"2025-03-25T17:02:03","modified_gmt":"2025-03-25T17:02:03","slug":"les-leaders-femmes-passent-elles-des-paroles-aux-actes","status":"publish","type":"post","link":"https:\/\/bobea.net\/index.php\/2025\/03\/25\/les-leaders-femmes-passent-elles-des-paroles-aux-actes\/","title":{"rendered":"les leaders femmes passent-elles des paroles aux actes ?"},"content":{"rendered":"\n<p>Le dernier som\u00admet du G20, qui s\u2019est tenu \u00e0 Jakar\u00adta en Indon\u00e9sie, a mar\u00adqu\u00e9 un tour\u00adnant his\u00adtorique avec une par\u00adtic\u00adi\u00adpa\u00adtion record de femmes lead\u00aders. Cepen\u00addant, au-del\u00e0 des dis\u00adcours et des promess\u00ades, la ques\u00adtion cru\u00adciale demeure : ces dirigeantes passent-elles v\u00e9ri\u00adta\u00adble\u00adment des paroles aux actes en mati\u00e8re d\u2019\u00e9\u00adgal\u00adit\u00e9 des sex\u00ades et d\u2019au\u00adtonomi\u00adsa\u00adtion des femmes ?<\/p>\n\n\n\n<p><strong>Une repr\u00e9sen\u00adta\u00adtion f\u00e9mi\u00adnine sans pr\u00e9c\u00e9\u00addent<\/strong><\/p>\n\n\n\n<p>Pour la pre\u00admi\u00e8re fois dans l\u2019his\u00adtoire du G20, 8 des 20 pays mem\u00adbres \u00e9taient repr\u00e9sen\u00adt\u00e9s par des femmes. Cette pr\u00e9sence accrue a \u00e9t\u00e9 salu\u00e9e comme un pro\u00adgr\u00e8s sig\u00adni\u00adfi\u00adcatif dans la repr\u00e9sen\u00adta\u00adtion f\u00e9mi\u00adnine au plus haut niveau de la gou\u00adver\u00adnance mon\u00addi\u00adale.<\/p>\n\n\n\n<p>La Dre. Ami\u00adna Rah\u00adman, poli\u00adto\u00adlogue sp\u00e9\u00adcial\u00adis\u00e9e en rela\u00adtions inter\u00adna\u00adtionales, com\u00admente : \u201cC\u2019est un moment sym\u00adbol\u00adique fort. Voir autant de femmes \u00e0 la table des n\u00e9go\u00adci\u00ada\u00adtions envoie un mes\u00adsage puis\u00adsant sur la capac\u00adit\u00e9 des femmes \u00e0 diriger et \u00e0 influ\u00adencer la poli\u00adtique mon\u00addi\u00adale.\u201d<\/p>\n\n\n\n<p><strong>Les engage\u00adments pris<\/strong><\/p>\n\n\n\n<p>Le som\u00admet a abouti \u00e0 une d\u00e9c\u00adla\u00adra\u00adtion com\u00admune ambitieuse en faveur de l\u2019\u00e9\u00adgal\u00adit\u00e9 des sex\u00ades, inclu\u00adant plusieurs points cl\u00e9s :<\/p>\n\n\n\n<ol start=\"1\" class=\"wp-block-list\">\n<li>L\u2019ob\u00adjec\u00adtif d\u2019at\u00adtein\u00addre 40% de femmes dans les postes de direc\u00adtion des entre\u00adpris\u00ades d\u2019i\u00adci 2030.<\/li>\n\n\n\n<li>Un engage\u00adment \u00e0 r\u00e9duire l\u2019\u00e9\u00adcart salar\u00adi\u00adal entre hommes et femmes de 50% dans les cinq prochaines ann\u00e9es.<\/li>\n\n\n\n<li>Un plan d\u2019ac\u00adtion pour lut\u00adter con\u00adtre les vio\u00adlences faites aux femmes, inclu\u00adant un ren\u00adforce\u00adment des lois et un sou\u00adtien accru aux vic\u00adtimes.<\/li>\n\n\n\n<li>Un pro\u00adgramme d\u2019\u00e9\u00add\u00adu\u00adca\u00adtion visant \u00e0 encour\u00adager les filles dans les domaines STEM (Sci\u00adences, Tech\u00adnolo\u00adgies, Ing\u00e9nierie, Math\u00ad\u00e9\u00adma\u00adtiques).<\/li>\n<\/ol>\n\n\n\n<p><strong>De l\u2019en\u00adt\u00adhou\u00adsi\u00adasme \u00e0 la pru\u00addence<\/strong><\/p>\n\n\n\n<p>Si ces engage\u00adments ont \u00e9t\u00e9 accueil\u00adlis avec ent\u00adhou\u00adsi\u00adasme par de nom\u00adbreux obser\u00adva\u00adteurs, d\u2019autres restent pru\u00addents. Sarah John\u00adson, direc\u00adtrice de l\u2019ONG \u201cWom\u00aden\u2019s Glob\u00adal Empow\u00ader\u00adment\u201d, d\u00e9clare : \u201cNous avons enten\u00addu beau\u00adcoup de belles promess\u00ades par le pass\u00e9. Ce qui compte main\u00adtenant, ce sont les actions con\u00adcr\u00e8tes et mesurables.\u201d<\/p>\n\n\n\n<p><strong>Le bilan mit\u00adig\u00e9 des pr\u00e9c\u00e9\u00addents engage\u00adments<\/strong><\/p>\n\n\n\n<p>Un exa\u00adm\u00aden des engage\u00adments pris lors des som\u00admets pr\u00e9c\u00e9\u00addents r\u00e9v\u00e8le un bilan en demi-teinte. Selon un rap\u00adport de l\u2019OCDE, seuls 60% des objec\u00adtifs fix\u00e9s lors du G20 de 2020 en mati\u00e8re d\u2019\u00e9\u00adgal\u00adit\u00e9 des sex\u00ades ont \u00e9t\u00e9 atteints.<\/p>\n\n\n\n<p>Le Pr. Jean Dupont, \u00e9con\u00ado\u00admiste sp\u00e9\u00adcial\u00adiste des ques\u00adtions de genre, analyse : \u201cIl y a sou\u00advent un d\u00e9calage entre les ambi\u00adtions affich\u00e9es lors de ces som\u00admets et la r\u00e9al\u00adit\u00e9 sur le ter\u00adrain. Les obsta\u00adcles cul\u00adturels, \u00e9conomiques et poli\u00adtiques restent con\u00adsid\u00ad\u00e9rables dans de nom\u00adbreux pays.\u201d<\/p>\n\n\n\n<figure class=\"wp-block-image size-large\"><img loading=\"lazy\" decoding=\"async\" width=\"1024\" height=\"682\" src=\"https:\/\/bobea.net\/wp-content\/uploads\/2025\/03\/femme-entrepreneur-1024x682.jpg\" alt class=\"wp-image-12658\" srcset=\"https:\/\/bobea.net\/wp-content\/uploads\/2025\/03\/femme-entrepreneur-1024x682.jpg 1024w, https:\/\/bobea.net\/wp-content\/uploads\/2025\/03\/femme-entrepreneur-300x200.jpg 300w, https:\/\/bobea.net\/wp-content\/uploads\/2025\/03\/femme-entrepreneur-768x512.jpg 768w, https:\/\/bobea.net\/wp-content\/uploads\/2025\/03\/femme-entrepreneur.jpg 1280w\" sizes=\"(max-width: 1024px) 100vw, 1024px\"><\/figure>\n\n\n\n<p><strong>Des ini\u00adtia\u00adtives con\u00adcr\u00e8tes \u00e9mer\u00adgentes<\/strong><\/p>\n\n\n\n<p>Mal\u00adgr\u00e9 ces r\u00e9serves, cer\u00adtaines lead\u00aders femmes du G20 ont d\u00e9j\u00e0 lanc\u00e9 des ini\u00adtia\u00adtives promet\u00adteuses :<\/p>\n\n\n\n<ul class=\"wp-block-list\">\n<li>L\u2019Alle\u00admagne a annon\u00adc\u00e9 un fonds de 2 mil\u00adliards d\u2019eu\u00adros pour soutenir l\u2019en\u00adtre\u00adpre\u00adneuri\u00adat f\u00e9minin dans les pays en d\u00e9veloppe\u00adment.<\/li>\n\n\n\n<li>Le Cana\u00adda a pr\u00e9sen\u00adt\u00e9 un pro\u00adgramme nation\u00adal de garde d\u2019en\u00adfants visant \u00e0 faciliter l\u2019ac\u00adc\u00e8s des femmes au march\u00e9 du tra\u00advail.<\/li>\n\n\n\n<li>L\u2019Inde a lanc\u00e9 une cam\u00adpagne mas\u00adsive de sen\u00adsi\u00adbil\u00adi\u00adsa\u00adtion con\u00adtre les vio\u00adlences domes\u00adtiques.<\/li>\n<\/ul>\n\n\n\n<p><strong>Les d\u00e9fis per\u00adsis\u00adtants<\/strong><\/p>\n\n\n\n<p>Cepen\u00addant, de nom\u00adbreux d\u00e9fis sub\u00adsis\u00adtent. La pand\u00e9mie de COVID-19 a exac\u00ader\u00adb\u00e9 les in\u00e9\u00adgal\u00adit\u00e9s de genre, avec un impact dis\u00adpro\u00adpor\u00adtion\u00adn\u00e9 sur l\u2019emploi et la charge domes\u00adtique des femmes.<\/p>\n\n\n\n<p>Maria Sil\u00adva, min\u00adistre br\u00e9sili\u00adenne des Droits des Femmes, souligne : \u201cNous devons non seule\u00adment met\u00adtre en \u0153uvre de nou\u00advelles poli\u00adtiques, mais aus\u00adsi r\u00e9par\u00ader les d\u00e9g\u00e2ts caus\u00e9s par la crise san\u00adi\u00adtaire. C\u2019est un dou\u00adble d\u00e9fi.\u201d<\/p>\n\n\n\n<p><strong>L\u2019im\u00adpor\u00adtance du suivi et de la respon\u00ads\u00adabil\u00adi\u00adsa\u00adtion<\/strong><\/p>\n\n\n\n<p>Pour s\u2019as\u00adsur\u00ader que les engage\u00adments se traduisent en actions con\u00adcr\u00e8tes, des m\u00e9can\u00adismes de suivi et de respon\u00ads\u00adabil\u00adi\u00adsa\u00adtion sont essen\u00adtiels. Le G20 a annon\u00adc\u00e9 la cr\u00e9a\u00adtion d\u2019un comit\u00e9 de sur\u00adveil\u00adlance ind\u00e9pen\u00addant charg\u00e9 d\u2019\u00e9\u00adval\u00aduer les pro\u00adgr\u00e8s r\u00e9al\u00adis\u00e9s par chaque pays mem\u00adbre.<\/p>\n\n\n\n<p>La Dre. Rah\u00adman com\u00admente : \u201cC\u2019est un pas dans la bonne direc\u00adtion. La trans\u00adparence et la respon\u00ads\u00adabil\u00adit\u00e9 sont cru\u00adciales pour main\u00adtenir la pres\u00adsion sur les gou\u00adverne\u00adments.\u201d<\/p>\n\n\n\n<p><strong>Le r\u00f4le de la soci\u00e9t\u00e9 civile<\/strong><\/p>\n\n\n\n<p>Les organ\u00adi\u00adsa\u00adtions de la soci\u00e9t\u00e9 civile jouent un r\u00f4le cru\u00adcial dans le suivi des engage\u00adments gou\u00adverne\u00admen\u00adtaux. Des ONG comme \u201cGlob\u00adal Wom\u00aden\u2019s Rights Watch\u201d ont annon\u00adc\u00e9 des plans pour sur\u00adveiller de pr\u00e8s la mise en \u0153uvre des promess\u00ades du G20.<\/p>\n\n\n\n<p>Lisa Chen, porte-parole de l\u2019or\u00adgan\u00adi\u00adsa\u00adtion, d\u00e9clare : \u201cNous serons vig\u00adi\u00adlants. Nous utilis\u00aderons tous les moyens \u00e0 notre dis\u00adpo\u00adsi\u00adtion, y com\u00adpris les m\u00e9dias soci\u00adaux et les rap\u00adports ind\u00e9pen\u00addants, pour tenir les gou\u00adverne\u00adments respon\u00ads\u00adables de leurs engage\u00adments.\u201d<\/p>\n\n\n\n<figure class=\"wp-block-image size-full is-resized\"><img loading=\"lazy\" decoding=\"async\" width=\"766\" height=\"462\" src=\"https:\/\/bobea.net\/wp-content\/uploads\/2025\/03\/femmes_leader.jpg\" alt class=\"wp-image-12657\" style=\"width:840px;height:auto\" srcset=\"https:\/\/bobea.net\/wp-content\/uploads\/2025\/03\/femmes_leader.jpg 766w, https:\/\/bobea.net\/wp-content\/uploads\/2025\/03\/femmes_leader-300x181.jpg 300w\" sizes=\"(max-width: 766px) 100vw, 766px\"><\/figure>\n\n\n\n<p><strong>L\u2019im\u00adpact sur les poli\u00adtiques nationales<\/strong><\/p>\n\n\n\n<p>L\u2019un des d\u00e9fis majeurs est de traduire les engage\u00adments inter\u00adna\u00adtionaux en poli\u00adtiques nationales con\u00adcr\u00e8tes. Chaque pays du G20 fait face \u00e0 des r\u00e9al\u00adit\u00e9s \u00e9conomiques, sociales et cul\u00adturelles dif\u00adf\u00e9rentes.<\/p>\n\n\n\n<p>Le Pr. Dupont explique : \u201cIl ne suf\u00adfit pas d\u2019avoir des femmes lead\u00aders au niveau inter\u00adna\u00adtion\u00adal. Il faut que ces engage\u00adments se r\u00e9per\u00adcu\u00adtent \u00e0 tous les niveaux de gou\u00adver\u00adnance, jusqu\u2019aux col\u00adlec\u00adtiv\u00adit\u00e9s locales.\u201d<\/p>\n\n\n\n<p><strong>Con\u00adclu\u00adsion : Un moment charni\u00e8re pour l\u2019\u00e9\u00adgal\u00adit\u00e9 des sex\u00ades<\/strong><\/p>\n\n\n\n<p>Le G20 de Jakar\u00adta repr\u00e9sente ind\u00e9\u00adni\u00adable\u00adment un moment charni\u00e8re dans la lutte pour l\u2019\u00e9\u00adgal\u00adit\u00e9 des sex\u00ades sur la sc\u00e8ne inter\u00adna\u00adtionale. La pr\u00e9sence accrue de femmes lead\u00aders et les engage\u00adments pris offrent une oppor\u00adtu\u00adnit\u00e9 sans pr\u00e9c\u00e9\u00addent de faire avancer la cause de l\u2019\u00e9\u00adgal\u00adit\u00e9 et de l\u2019au\u00adtonomi\u00adsa\u00adtion des femmes.<\/p>\n\n\n\n<p>Cepen\u00addant, le v\u00e9ri\u00adta\u00adble test r\u00e9sidera dans la mise en \u0153uvre con\u00adcr\u00e8te de ces engage\u00adments. Les mois et les ann\u00e9es \u00e0 venir seront cru\u00adci\u00adaux pour d\u00e9ter\u00admin\u00ader si ce som\u00admet his\u00adtorique mar\u00adquera un v\u00e9ri\u00adta\u00adble tour\u00adnant ou s\u2019il restera dans les annales comme une autre s\u00e9rie de promess\u00ades non tenues.<\/p>\n\n\n\n<p>Comme le r\u00e9sume la Dre. Rah\u00adman : \u201cNous sommes \u00e0 un moment d\u00e9cisif. Les femmes lead\u00aders du G20 ont l\u2019op\u00adpor\u00adtu\u00adnit\u00e9 de mon\u00adtr\u00ader que le lead\u00ader\u00adship f\u00e9minin peut v\u00e9ri\u00adta\u00adble\u00adment chang\u00ader la donne. Le monde entier les regarde. C\u2019est le moment de pass\u00ader des paroles aux actes.\u201d<\/p>\n","protected":false},"excerpt":{"rendered":"<p>Le dernier som\u00admet du G20, qui s\u2019est tenu \u00e0 Jakar\u00adta en Indon\u00e9sie, a mar\u00adqu\u00e9 un tour\u00adnant his\u00adtorique avec une par\u00adtic\u00adi\u00adpa\u00adtion record de femmes lead\u00aders. Cepen\u00addant, au-del\u00e0 des dis\u00adcours et des\u2026 <\/p>\n","protected":false},"author":1,"featured_media":12656,"comment_status":"open","ping_status":"closed","sticky":false,"template":"","format":"standard","meta":{"wp_typography_post_enhancements_disabled":false,"footnotes":""},"categories":[71],"tags":[],"class_list":["post-12655","post","type-post","status-publish","format-standard","has-post-thumbnail","hentry","category-leaders"],"yoast_head":"<!-- This site is optimized with the Yoast SEO plugin v24.7 - https:\/\/yoast.com\/wordpress\/plugins\/seo\/ -->\n<title>les leaders femmes passent-elles des paroles aux actes ? - Bobea<\/title>\n<meta name=\"robots\" content=\"index, follow, max-snippet:-1, max-image-preview:large, max-video-preview:-1\" \/>\n<link rel=\"canonical\" href=\"https:\/\/bobea.net\/index.php\/2025\/03\/25\/les-leaders-femmes-passent-elles-des-paroles-aux-actes\/\" \/>\n<meta property=\"og:locale\" content=\"fr_FR\" \/>\n<meta property=\"og:type\" content=\"article\" \/>\n<meta property=\"og:title\" content=\"les leaders femmes passent-elles des paroles aux actes ? - Bobea\" \/>\n<meta property=\"og:description\" content=\"Le dernier som\u00admet du G20, qui s\u2019est tenu \u00e0 Jakar\u00adta en Indon\u00e9sie, a mar\u00adqu\u00e9 un tour\u00adnant his\u00adtorique avec une par\u00adtic\u00adi\u00adpa\u00adtion record de femmes lead\u00aders. Cepen\u00addant, au-del\u00e0 des dis\u00adcours et des&hellip;\" \/>\n<meta property=\"og:url\" content=\"https:\/\/bobea.net\/index.php\/2025\/03\/25\/les-leaders-femmes-passent-elles-des-paroles-aux-actes\/\" \/>\n<meta property=\"og:site_name\" content=\"Bobea\" \/>\n<meta property=\"article:publisher\" content=\"https:\/\/web.facebook.com\/profile.php?id=61559252188416\" \/>\n<meta property=\"article:published_time\" content=\"2025-03-25T17:02:01+00:00\" \/>\n<meta property=\"article:modified_time\" content=\"2025-03-25T17:02:03+00:00\" \/>\n<meta property=\"og:image\" content=\"https:\/\/bobea.net\/wp-content\/uploads\/2025\/03\/femme-leader.jpg\" \/>\n\t<meta property=\"og:image:width\" content=\"1167\" \/>\n\t<meta property=\"og:image:height\" content=\"656\" \/>\n\t<meta property=\"og:image:type\" content=\"image\/jpeg\" \/>\n<meta name=\"author\" content=\"bobea.info\" \/>\n<meta name=\"twitter:card\" content=\"summary_large_image\" \/>\n<meta name=\"twitter:label1\" content=\"\u00c9crit par\" \/>\n\t<meta name=\"twitter:data1\" content=\"bobea.info\" \/>\n\t<meta name=\"twitter:label2\" content=\"Dur\u00e9e de lecture estim\u00e9e\" \/>\n\t<meta name=\"twitter:data2\" content=\"5 minutes\" \/>\n<script type=\"application\/ld+json\" class=\"yoast-schema-graph\">{\"@context\":\"https:\/\/schema.org\",\"@graph\":[{\"@type\":\"Article\",\"@id\":\"https:\/\/bobea.net\/index.php\/2025\/03\/25\/les-leaders-femmes-passent-elles-des-paroles-aux-actes\/#article\",\"isPartOf\":{\"@id\":\"https:\/\/bobea.net\/index.php\/2025\/03\/25\/les-leaders-femmes-passent-elles-des-paroles-aux-actes\/\"},\"author\":{\"name\":\"bobea.info\",\"@id\":\"https:\/\/bobea.net\/#\/schema\/person\/e7f45ef187918d7c956bf619dce90ccf\"},\"headline\":\"les leaders femmes passent-elles des paroles aux actes ?\",\"datePublished\":\"2025-03-25T17:02:01+00:00\",\"dateModified\":\"2025-03-25T17:02:03+00:00\",\"mainEntityOfPage\":{\"@id\":\"https:\/\/bobea.net\/index.php\/2025\/03\/25\/les-leaders-femmes-passent-elles-des-paroles-aux-actes\/\"},\"wordCount\":984,\"commentCount\":0,\"publisher\":{\"@id\":\"https:\/\/bobea.net\/#organization\"},\"image\":{\"@id\":\"https:\/\/bobea.net\/index.php\/2025\/03\/25\/les-leaders-femmes-passent-elles-des-paroles-aux-actes\/#primaryimage\"},\"thumbnailUrl\":\"https:\/\/bobea.net\/wp-content\/uploads\/2025\/03\/femme-leader.jpg\",\"articleSection\":[\"Leaders\"],\"inLanguage\":\"fr-FR\",\"potentialAction\":[{\"@type\":\"CommentAction\",\"name\":\"Comment\",\"target\":[\"https:\/\/bobea.net\/index.php\/2025\/03\/25\/les-leaders-femmes-passent-elles-des-paroles-aux-actes\/#respond\"]}]},{\"@type\":\"WebPage\",\"@id\":\"https:\/\/bobea.net\/index.php\/2025\/03\/25\/les-leaders-femmes-passent-elles-des-paroles-aux-actes\/\",\"url\":\"https:\/\/bobea.net\/index.php\/2025\/03\/25\/les-leaders-femmes-passent-elles-des-paroles-aux-actes\/\",\"name\":\"les leaders femmes passent-elles des paroles aux actes ? - Bobea\",\"isPartOf\":{\"@id\":\"https:\/\/bobea.net\/#website\"},\"primaryImageOfPage\":{\"@id\":\"https:\/\/bobea.net\/index.php\/2025\/03\/25\/les-leaders-femmes-passent-elles-des-paroles-aux-actes\/#primaryimage\"},\"image\":{\"@id\":\"https:\/\/bobea.net\/index.php\/2025\/03\/25\/les-leaders-femmes-passent-elles-des-paroles-aux-actes\/#primaryimage\"},\"thumbnailUrl\":\"https:\/\/bobea.net\/wp-content\/uploads\/2025\/03\/femme-leader.jpg\",\"datePublished\":\"2025-03-25T17:02:01+00:00\",\"dateModified\":\"2025-03-25T17:02:03+00:00\",\"breadcrumb\":{\"@id\":\"https:\/\/bobea.net\/index.php\/2025\/03\/25\/les-leaders-femmes-passent-elles-des-paroles-aux-actes\/#breadcrumb\"},\"inLanguage\":\"fr-FR\",\"potentialAction\":[{\"@type\":\"ReadAction\",\"target\":[\"https:\/\/bobea.net\/index.php\/2025\/03\/25\/les-leaders-femmes-passent-elles-des-paroles-aux-actes\/\"]}]},{\"@type\":\"ImageObject\",\"inLanguage\":\"fr-FR\",\"@id\":\"https:\/\/bobea.net\/index.php\/2025\/03\/25\/les-leaders-femmes-passent-elles-des-paroles-aux-actes\/#primaryimage\",\"url\":\"https:\/\/bobea.net\/wp-content\/uploads\/2025\/03\/femme-leader.jpg\",\"contentUrl\":\"https:\/\/bobea.net\/wp-content\/uploads\/2025\/03\/femme-leader.jpg\",\"width\":1167,\"height\":656},{\"@type\":\"BreadcrumbList\",\"@id\":\"https:\/\/bobea.net\/index.php\/2025\/03\/25\/les-leaders-femmes-passent-elles-des-paroles-aux-actes\/#breadcrumb\",\"itemListElement\":[{\"@type\":\"ListItem\",\"position\":1,\"name\":\"Accueil\",\"item\":\"https:\/\/bobea.net\/\"},{\"@type\":\"ListItem\",\"position\":2,\"name\":\"les leaders femmes passent-elles des paroles aux actes ?\"}]},{\"@type\":\"WebSite\",\"@id\":\"https:\/\/bobea.net\/#website\",\"url\":\"https:\/\/bobea.net\/\",\"name\":\"Bobea\",\"description\":\"Le magazine de la nouvelle \u00c8ve\",\"publisher\":{\"@id\":\"https:\/\/bobea.net\/#organization\"},\"potentialAction\":[{\"@type\":\"SearchAction\",\"target\":{\"@type\":\"EntryPoint\",\"urlTemplate\":\"https:\/\/bobea.net\/?s={search_term_string}\"},\"query-input\":{\"@type\":\"PropertyValueSpecification\",\"valueRequired\":true,\"valueName\":\"search_term_string\"}}],\"inLanguage\":\"fr-FR\"},{\"@type\":\"Organization\",\"@id\":\"https:\/\/bobea.net\/#organization\",\"name\":\"Bobea\",\"url\":\"https:\/\/bobea.net\/\",\"logo\":{\"@type\":\"ImageObject\",\"inLanguage\":\"fr-FR\",\"@id\":\"https:\/\/bobea.net\/#\/schema\/logo\/image\/\",\"url\":\"https:\/\/bobea.net\/wp-content\/uploads\/2024\/06\/bobea.jpg\",\"contentUrl\":\"https:\/\/bobea.net\/wp-content\/uploads\/2024\/06\/bobea.jpg\",\"width\":1080,\"height\":1080,\"caption\":\"Bobea\"},\"image\":{\"@id\":\"https:\/\/bobea.net\/#\/schema\/logo\/image\/\"},\"sameAs\":[\"https:\/\/web.facebook.com\/profile.php?id=61559252188416\"]},{\"@type\":\"Person\",\"@id\":\"https:\/\/bobea.net\/#\/schema\/person\/e7f45ef187918d7c956bf619dce90ccf\",\"name\":\"bobea.info\",\"image\":{\"@type\":\"ImageObject\",\"inLanguage\":\"fr-FR\",\"@id\":\"https:\/\/bobea.net\/#\/schema\/person\/image\/\",\"url\":\"https:\/\/secure.gravatar.com\/avatar\/36147980349df887ae30808df3e29474?s=96&d=mm&r=g\",\"contentUrl\":\"https:\/\/secure.gravatar.com\/avatar\/36147980349df887ae30808df3e29474?s=96&d=mm&r=g\",\"caption\":\"bobea.info\"},\"sameAs\":[\"https:\/\/bobea.net\"],\"url\":\"https:\/\/bobea.net\/index.php\/author\/bobea-info\/\"}]}<\/script>\n<!-- \/ Yoast SEO plugin. -->","yoast_head_json":{"title":"les leaders femmes passent-elles des paroles aux actes ? - Bobea","robots":{"index":"index","follow":"follow","max-snippet":"max-snippet:-1","max-image-preview":"max-image-preview:large","max-video-preview":"max-video-preview:-1"},"canonical":"https:\/\/bobea.net\/index.php\/2025\/03\/25\/les-leaders-femmes-passent-elles-des-paroles-aux-actes\/","og_locale":"fr_FR","og_type":"article","og_title":"les leaders femmes passent-elles des paroles aux actes ? - Bobea","og_description":"Le dernier som\u00admet du G20, qui s\u2019est tenu \u00e0 Jakar\u00adta en Indon\u00e9sie, a mar\u00adqu\u00e9 un tour\u00adnant his\u00adtorique avec une par\u00adtic\u00adi\u00adpa\u00adtion record de femmes lead\u00aders. Cepen\u00addant, au-del\u00e0 des dis\u00adcours et des&hellip;","og_url":"https:\/\/bobea.net\/index.php\/2025\/03\/25\/les-leaders-femmes-passent-elles-des-paroles-aux-actes\/","og_site_name":"Bobea","article_publisher":"https:\/\/web.facebook.com\/profile.php?id=61559252188416","article_published_time":"2025-03-25T17:02:01+00:00","article_modified_time":"2025-03-25T17:02:03+00:00","og_image":[{"width":1167,"height":656,"url":"https:\/\/bobea.net\/wp-content\/uploads\/2025\/03\/femme-leader.jpg","type":"image\/jpeg"}],"author":"bobea.info","twitter_card":"summary_large_image","twitter_misc":{"\u00c9crit par":"bobea.info","Dur\u00e9e de lecture estim\u00e9e":"5 minutes"},"schema":{"@context":"https:\/\/schema.org","@graph":[{"@type":"Article","@id":"https:\/\/bobea.net\/index.php\/2025\/03\/25\/les-leaders-femmes-passent-elles-des-paroles-aux-actes\/#article","isPartOf":{"@id":"https:\/\/bobea.net\/index.php\/2025\/03\/25\/les-leaders-femmes-passent-elles-des-paroles-aux-actes\/"},"author":{"name":"bobea.info","@id":"https:\/\/bobea.net\/#\/schema\/person\/e7f45ef187918d7c956bf619dce90ccf"},"headline":"les leaders femmes passent-elles des paroles aux actes ?","datePublished":"2025-03-25T17:02:01+00:00","dateModified":"2025-03-25T17:02:03+00:00","mainEntityOfPage":{"@id":"https:\/\/bobea.net\/index.php\/2025\/03\/25\/les-leaders-femmes-passent-elles-des-paroles-aux-actes\/"},"wordCount":984,"commentCount":0,"publisher":{"@id":"https:\/\/bobea.net\/#organization"},"image":{"@id":"https:\/\/bobea.net\/index.php\/2025\/03\/25\/les-leaders-femmes-passent-elles-des-paroles-aux-actes\/#primaryimage"},"thumbnailUrl":"https:\/\/bobea.net\/wp-content\/uploads\/2025\/03\/femme-leader.jpg","articleSection":["Leaders"],"inLanguage":"fr-FR","potentialAction":[{"@type":"CommentAction","name":"Comment","target":["https:\/\/bobea.net\/index.php\/2025\/03\/25\/les-leaders-femmes-passent-elles-des-paroles-aux-actes\/#respond"]}]},{"@type":"WebPage","@id":"https:\/\/bobea.net\/index.php\/2025\/03\/25\/les-leaders-femmes-passent-elles-des-paroles-aux-actes\/","url":"https:\/\/bobea.net\/index.php\/2025\/03\/25\/les-leaders-femmes-passent-elles-des-paroles-aux-actes\/","name":"les leaders femmes passent-elles des paroles aux actes ? - Bobea","isPartOf":{"@id":"https:\/\/bobea.net\/#website"},"primaryImageOfPage":{"@id":"https:\/\/bobea.net\/index.php\/2025\/03\/25\/les-leaders-femmes-passent-elles-des-paroles-aux-actes\/#primaryimage"},"image":{"@id":"https:\/\/bobea.net\/index.php\/2025\/03\/25\/les-leaders-femmes-passent-elles-des-paroles-aux-actes\/#primaryimage"},"thumbnailUrl":"https:\/\/bobea.net\/wp-content\/uploads\/2025\/03\/femme-leader.jpg","datePublished":"2025-03-25T17:02:01+00:00","dateModified":"2025-03-25T17:02:03+00:00","breadcrumb":{"@id":"https:\/\/bobea.net\/index.php\/2025\/03\/25\/les-leaders-femmes-passent-elles-des-paroles-aux-actes\/#breadcrumb"},"inLanguage":"fr-FR","potentialAction":[{"@type":"ReadAction","target":["https:\/\/bobea.net\/index.php\/2025\/03\/25\/les-leaders-femmes-passent-elles-des-paroles-aux-actes\/"]}]},{"@type":"ImageObject","inLanguage":"fr-FR","@id":"https:\/\/bobea.net\/index.php\/2025\/03\/25\/les-leaders-femmes-passent-elles-des-paroles-aux-actes\/#primaryimage","url":"https:\/\/bobea.net\/wp-content\/uploads\/2025\/03\/femme-leader.jpg","contentUrl":"https:\/\/bobea.net\/wp-content\/uploads\/2025\/03\/femme-leader.jpg","width":1167,"height":656},{"@type":"BreadcrumbList","@id":"https:\/\/bobea.net\/index.php\/2025\/03\/25\/les-leaders-femmes-passent-elles-des-paroles-aux-actes\/#breadcrumb","itemListElement":[{"@type":"ListItem","position":1,"name":"Accueil","item":"https:\/\/bobea.net\/"},{"@type":"ListItem","position":2,"name":"les leaders femmes passent-elles des paroles aux actes ?"}]},{"@type":"WebSite","@id":"https:\/\/bobea.net\/#website","url":"https:\/\/bobea.net\/","name":"Bobea","description":"Le magazine de la nouvelle \u00c8ve","publisher":{"@id":"https:\/\/bobea.net\/#organization"},"potentialAction":[{"@type":"SearchAction","target":{"@type":"EntryPoint","urlTemplate":"https:\/\/bobea.net\/?s={search_term_string}"},"query-input":{"@type":"PropertyValueSpecification","valueRequired":true,"valueName":"search_term_string"}}],"inLanguage":"fr-FR"},{"@type":"Organization","@id":"https:\/\/bobea.net\/#organization","name":"Bobea","url":"https:\/\/bobea.net\/","logo":{"@type":"ImageObject","inLanguage":"fr-FR","@id":"https:\/\/bobea.net\/#\/schema\/logo\/image\/","url":"https:\/\/bobea.net\/wp-content\/uploads\/2024\/06\/bobea.jpg","contentUrl":"https:\/\/bobea.net\/wp-content\/uploads\/2024\/06\/bobea.jpg","width":1080,"height":1080,"caption":"Bobea"},"image":{"@id":"https:\/\/bobea.net\/#\/schema\/logo\/image\/"},"sameAs":["https:\/\/web.facebook.com\/profile.php?id=61559252188416"]},{"@type":"Person","@id":"https:\/\/bobea.net\/#\/schema\/person\/e7f45ef187918d7c956bf619dce90ccf","name":"bobea.info","image":{"@type":"ImageObject","inLanguage":"fr-FR","@id":"https:\/\/bobea.net\/#\/schema\/person\/image\/","url":"https:\/\/secure.gravatar.com\/avatar\/36147980349df887ae30808df3e29474?s=96&d=mm&r=g","contentUrl":"https:\/\/secure.gravatar.com\/avatar\/36147980349df887ae30808df3e29474?s=96&d=mm&r=g","caption":"bobea.info"},"sameAs":["https:\/\/bobea.net"],"url":"https:\/\/bobea.net\/index.php\/author\/bobea-info\/"}]}},"_links":{"self":[{"href":"https:\/\/bobea.net\/index.php\/wp-json\/wp\/v2\/posts\/12655"}],"collection":[{"href":"https:\/\/bobea.net\/index.php\/wp-json\/wp\/v2\/posts"}],"about":[{"href":"https:\/\/bobea.net\/index.php\/wp-json\/wp\/v2\/types\/post"}],"author":[{"embeddable":true,"href":"https:\/\/bobea.net\/index.php\/wp-json\/wp\/v2\/users\/1"}],"replies":[{"embeddable":true,"href":"https:\/\/bobea.net\/index.php\/wp-json\/wp\/v2\/comments?post=12655"}],"version-history":[{"count":1,"href":"https:\/\/bobea.net\/index.php\/wp-json\/wp\/v2\/posts\/12655\/revisions"}],"predecessor-version":[{"id":12659,"href":"https:\/\/bobea.net\/index.php\/wp-json\/wp\/v2\/posts\/12655\/revisions\/12659"}],"wp:featuredmedia":[{"embeddable":true,"href":"https:\/\/bobea.net\/index.php\/wp-json\/wp\/v2\/media\/12656"}],"wp:attachment":[{"href":"https:\/\/bobea.net\/index.php\/wp-json\/wp\/v2\/media?parent=12655"}],"wp:term":[{"taxonomy":"category","embeddable":true,"href":"https:\/\/bobea.net\/index.php\/wp-json\/wp\/v2\/categories?post=12655"},{"taxonomy":"post_tag","embeddable":true,"href":"https:\/\/bobea.net\/index.php\/wp-json\/wp\/v2\/tags?post=12655"}],"curies":[{"name":"wp","href":"https:\/\/api.w.org\/{rel}","templated":true}]}}