{"id":12647,"date":"2025-03-25T16:48:25","date_gmt":"2025-03-25T16:48:25","guid":{"rendered":"https:\/\/bobea.net\/?p=12647"},"modified":"2025-03-25T16:48:29","modified_gmt":"2025-03-25T16:48:29","slug":"les-femmes-face-a-lepuisement-des-sages-femmes-en-france","status":"publish","type":"post","link":"https:\/\/bobea.net\/index.php\/2025\/03\/25\/les-femmes-face-a-lepuisement-des-sages-femmes-en-france\/","title":{"rendered":"LES FEMMES FACE \u00c0 L\u2019\u00c9PUISEMENT DES SAGES-FEMMES EN FRANCE"},"content":{"rendered":"\n<p>La France, pays r\u00e9put\u00e9 pour son sys\u00adt\u00e8me de san\u00adt\u00e9, fait face \u00e0 une crise sans pr\u00e9c\u00e9\u00addent dans ses mater\u00adnit\u00e9s. L\u2019\u00e9puise\u00adment des sages-femmes, piliers essen\u00adtiels de la san\u00adt\u00e9 mater\u00adnelle et infan\u00adtile, met en p\u00e9ril le bien-\u00eatre des femmes enceintes et des nou\u00adveau-n\u00e9s. Cette enqu\u00eate appro\u00adfondie r\u00e9v\u00e8le l\u2019am\u00adpleur alar\u00admante de la sit\u00adu\u00ada\u00adtion et ses con\u00ads\u00e9quences dra\u00adma\u00adtiques sur le suivi de grossesse et l\u2019ac\u00adcouche\u00adment.<\/p>\n\n\n\n<p><strong>Une p\u00e9nurie crois\u00adsante aux con\u00ads\u00e9quences graves<\/strong><\/p>\n\n\n\n<p>Selon les derni\u00e8res sta\u00adtis\u00adtiques du Min\u00adist\u00e8re de la San\u00adt\u00e9, le nom\u00adbre de sages-femmes en exer\u00adci\u00adce a chut\u00e9 de 15% en cinq ans. Cette baisse dras\u00adtique s\u2019ex\u00adplique par plusieurs fac\u00adteurs : d\u00e9parts \u00e0 la retraite non rem\u00adplac\u00e9s, recon\u00adver\u00adsions pro\u00adfes\u00adsion\u00adnelles, et surtout, un manque d\u2019at\u00adtrac\u00adtiv\u00adit\u00e9 du m\u00e9ti\u00ader d\u00fb \u00e0 des con\u00addi\u00adtions de tra\u00advail de plus en plus dif\u00adfi\u00adciles.<\/p>\n\n\n\n<p>Marie Durand, sage-femme depuis 20 ans \u00e0 l\u2019h\u00f4pi\u00adtal Saint-Antoine de Paris, t\u00e9moigne : \u201cNous sommes con\u00adstam\u00adment en sous-effec\u00adtif. Il n\u2019est pas rare que je doive m\u2019oc\u00adcu\u00adper de 3 ou 4 accouche\u00adments simul\u00adtan\u00e9\u00adment, ce qui est dan\u00adgereux pour les m\u00e8res et les b\u00e9b\u00e9s.\u201d<\/p>\n\n\n\n<p>Cette p\u00e9nurie a des r\u00e9per\u00adcus\u00adsions directes sur la qual\u00adit\u00e9 des soins. Le Dr. Sophie Mar\u00adtin, gyn\u00e9\u00adco\u00adlogue-obst\u00e9trici\u00adenne, alerte : \u201cNous con\u00adsta\u00adtons une aug\u00admen\u00adta\u00adtion des com\u00adpli\u00adca\u00adtions lors des accouche\u00adments, directe\u00adment li\u00e9e au manque de per\u00adson\u00adnel. Les sages-femmes, \u00e9puis\u00e9es, ne peu\u00advent plus assur\u00ader un suivi opti\u00admal.\u201d<\/p>\n\n\n\n<p><strong>Un suivi de grossesse com\u00adpro\u00admis<\/strong><\/p>\n\n\n\n<p>La crise ne se lim\u00adite pas aux salles d\u2019ac\u00adcouche\u00adment. Le suivi pr\u00e9\u00adna\u00adtal, cru\u00adcial pour la san\u00adt\u00e9 de la m\u00e8re et du f\u0153tus, est \u00e9gale\u00adment impact\u00e9. Les d\u00e9lais pour obtenir un ren\u00addez-vous s\u2019al\u00adlon\u00adgent, par\u00adfois jusqu\u2019\u00e0 plusieurs mois.<\/p>\n\n\n\n<p>Am\u00e9lie, 32 ans, enceinte de son pre\u00admier enfant, partage son exp\u00e9ri\u00adence : \u201cJ\u2019ai d\u00fb atten\u00addre 3 mois pour ma pre\u00admi\u00e8re \u00e9chogra\u00adphie. C\u2019est angois\u00adsant de ne pas savoir si tout va bien pour le b\u00e9b\u00e9.\u201d<\/p>\n\n\n\n<p>Le Pr. Jean Dupont, chef du ser\u00advice de gyn\u00e9\u00adcolo\u00adgie-obst\u00e9trique \u00e0 l\u2019h\u00f4pi\u00adtal de Lyon, souligne les risques : \u201cUn suivi tardif ou insuff\u00adisant aug\u00admente les risques de com\u00adpli\u00adca\u00adtions non d\u00e9tec\u00adt\u00e9es. Nous craignons une hausse des nais\u00adsances pr\u00e9\u00admatur\u00e9es et des retards de crois\u00adsance intra-ut\u00e9rins.\u201d<\/p>\n\n\n\n<p><strong>Des solu\u00adtions urgentes n\u00e9ces\u00adsaires<\/strong><\/p>\n\n\n\n<p>Face \u00e0 cette sit\u00adu\u00ada\u00adtion cri\u00adtique, le gou\u00adverne\u00adment a annon\u00adc\u00e9 un plan d\u2019ur\u00adgence. Par\u00admi les mesures phares :<\/p>\n\n\n\n<ul class=\"wp-block-list\">\n<li>Une reval\u00adori\u00adsa\u00adtion salar\u00adi\u00adale de 10% pour les sages-femmes<\/li>\n\n\n\n<li>L\u2019ou\u00adver\u00adture de 500 places sup\u00adpl\u00e9\u00admen\u00adtaires dans les \u00e9coles de sages-femmes<\/li>\n\n\n\n<li>Un pro\u00adgramme de recrute\u00adment acc\u00e9l\u00e9r\u00e9 dans les h\u00f4pi\u00adtaux publics<\/li>\n<\/ul>\n\n\n\n<p>Cepen\u00addant, ces mesures sont jug\u00e9es insuff\u00adisantes par les pro\u00adfes\u00adsion\u00adnels du secteur. Lucie Gar\u00adnier, pr\u00e9si\u00addente du Syn\u00addi\u00adcat Nation\u00adal des Sages-Femmes, d\u00e9clare : \u201cCes annonces sont un pre\u00admier pas, mais elles ne r\u00e9pon\u00addent pas \u00e0 l\u2019ur\u00adgence de la sit\u00adu\u00ada\u00adtion. Nous avons besoin d\u2019une refonte com\u00adpl\u00e8te de l\u2019or\u00adgan\u00adi\u00adsa\u00adtion des mater\u00adnit\u00e9s.\u201d<\/p>\n\n\n\n<p><strong>L\u2019im\u00adpact sur les femmes : stress et ins\u00e9cu\u00adrit\u00e9<\/strong><\/p>\n\n\n\n<p>Cette crise g\u00e9n\u00e8re une anx\u00adi\u00e9t\u00e9 crois\u00adsante chez les femmes enceintes. Une \u00e9tude r\u00e9cente men\u00e9e par l\u2019In\u00adsti\u00adtut Nation\u00adal de la San\u00adt\u00e9 r\u00e9v\u00e8le que 68% des futures m\u00e8res se dis\u00adent inqui\u00e8tes quant aux con\u00addi\u00adtions de leur accouche\u00adment.<\/p>\n\n\n\n<p>Sarah, 28 ans, enceinte de 7 mois, con\u00adfie : \u201cJ\u2019en\u00advis\u00adage s\u00e9rieuse\u00adment d\u2019ac\u00adcouch\u00ader \u00e0 domi\u00adcile. Je pr\u00e9f\u00e8re pren\u00addre ce risque plut\u00f4t que d\u2019\u00eatre mal prise en charge \u00e0 l\u2019h\u00f4pi\u00adtal.\u201d<\/p>\n\n\n\n<p>Cette ten\u00addance \u00e0 l\u2019ac\u00adcouche\u00adment \u00e0 domi\u00adcile, bien que mar\u00adginale, inqui\u00e8te les pro\u00adfes\u00adsion\u00adnels de san\u00adt\u00e9. Le Dr. Mar\u00adtin met en garde : \u201cL\u2019ac\u00adcouche\u00adment \u00e0 domi\u00adcile peut \u00eatre une option pour cer\u00adtaines grossess\u00ades \u00e0 bas risque, mais il ne doit pas devenir une solu\u00adtion par d\u00e9faut face \u00e0 la crise des mater\u00adnit\u00e9s.\u201d<\/p>\n\n\n\n<p><strong>Des ini\u00adtia\u00adtives locales pour pal\u00adli\u00ader la crise<\/strong><\/p>\n\n\n\n<p>Face \u00e0 l\u2019ur\u00adgence de la sit\u00adu\u00ada\u00adtion, des ini\u00adtia\u00adtives locales \u00e9mer\u00adgent. \u00c0 Bor\u00addeaux, un r\u00e9seau de sages-femmes lib\u00e9rales s\u2019est organ\u00adis\u00e9 pour pro\u00adpos\u00ader des per\u00adma\u00adnences de nuit, soulageant ain\u00adsi les ser\u00advices hos\u00adpi\u00adtal\u00adiers. \u00c0 Lille, une mater\u00adnit\u00e9 a mis en place un sys\u00adt\u00e8me de t\u00e9l\u00e9\u00adcon\u00adsul\u00adta\u00adtion pour le suivi des grossess\u00ades \u00e0 bas risque.<\/p>\n\n\n\n<figure class=\"wp-block-image size-full is-resized\"><img loading=\"lazy\" decoding=\"async\" width=\"730\" height=\"411\" src=\"https:\/\/bobea.net\/wp-content\/uploads\/2025\/03\/20210726_EteNoirSagesFemmes.jpg\" alt class=\"wp-image-12649\" style=\"width:840px;height:auto\" srcset=\"https:\/\/bobea.net\/wp-content\/uploads\/2025\/03\/20210726_EteNoirSagesFemmes.jpg 730w, https:\/\/bobea.net\/wp-content\/uploads\/2025\/03\/20210726_EteNoirSagesFemmes-300x169.jpg 300w\" sizes=\"(max-width: 730px) 100vw, 730px\"><\/figure>\n\n\n\n<p>Ces solu\u00adtions, bien qu\u2019en\u00adcour\u00adageantes, ne peu\u00advent rem\u00adplac\u00ader une poli\u00adtique nationale ambitieuse. Le Pr. Dupont insiste : \u201cIl faut une r\u00e9forme en pro\u00adfondeur de notre sys\u00adt\u00e8me de san\u00adt\u00e9 mater\u00adnelle. Cela passe par une meilleure recon\u00adnais\u00adsance du m\u00e9ti\u00ader de sage-femme, une aug\u00admen\u00adta\u00adtion des effec\u00adtifs, et une r\u00e9or\u00adgan\u00adi\u00adsa\u00adtion des ser\u00advices.\u201d<\/p>\n\n\n\n<p><strong>Vers une mobil\u00adi\u00adsa\u00adtion nationale ?<\/strong><\/p>\n\n\n\n<p>La crise des mater\u00adnit\u00e9s sus\u00adcite une prise de con\u00adscience col\u00adlec\u00adtive. Des asso\u00adci\u00ada\u00adtions de patientes se mobilisent, organ\u00adisant des man\u00adi\u00adfes\u00adta\u00adtions et des p\u00e9ti\u00adtions en ligne. Une marche nationale est pr\u00e9vue le mois prochain pour alert\u00ader sur la sit\u00adu\u00ada\u00adtion cri\u00adtique des mater\u00adnit\u00e9s fran\u00e7ais\u00ades.<\/p>\n\n\n\n<p>Cette mobil\u00adi\u00adsa\u00adtion pour\u00adrait \u00eatre le catal\u00ady\u00adseur d\u2019un change\u00adment pro\u00adfond. Comme le souligne Mme Gar\u00adnier : \u201cLa san\u00adt\u00e9 des m\u00e8res et des nou\u00adveau-n\u00e9s est un enjeu de soci\u00e9t\u00e9 majeur. Il est temps que cela devi\u00adenne une pri\u00ador\u00adit\u00e9 nationale.\u201d<\/p>\n\n\n\n<p>En con\u00adclu\u00adsion, la crise des mater\u00adnit\u00e9s en France r\u00e9v\u00e8le les failles d\u2019un sys\u00adt\u00e8me de san\u00adt\u00e9 sous ten\u00adsion. L\u2019\u00e9puise\u00adment des sages-femmes n\u2019est que la par\u00adtie vis\u00adi\u00adble d\u2019un prob\u00adl\u00e8me plus vaste, met\u00adtant en dan\u00adger la san\u00adt\u00e9 des femmes et des enfants. Face \u00e0 l\u2019ur\u00adgence de la sit\u00adu\u00ada\u00adtion, une r\u00e9ponse glob\u00adale et ambitieuse est n\u00e9ces\u00adsaire pour garan\u00adtir \u00e0 chaque femme un suivi de grossesse et un accouche\u00adment dans des con\u00addi\u00adtions opti\u00admales. L\u2019avenir de la san\u00adt\u00e9 mater\u00adnelle en France est \u00e0 un tour\u00adnant cru\u00adcial, et les d\u00e9ci\u00adsions pris\u00ades aujour\u00add\u2019hui fa\u00e7on\u00adneront la prise en charge des g\u00e9n\u00e9ra\u00adtions futures.<\/p>\n","protected":false},"excerpt":{"rendered":"<p>La France, pays r\u00e9put\u00e9 pour son sys\u00adt\u00e8me de san\u00adt\u00e9, fait face \u00e0 une crise sans pr\u00e9c\u00e9\u00addent dans ses mater\u00adnit\u00e9s. L\u2019\u00e9puise\u00adment des sages-femmes, piliers essen\u00adtiels de la san\u00adt\u00e9 mater\u00adnelle et infan\u00adtile,\u2026 <\/p>\n","protected":false},"author":1,"featured_media":12648,"comment_status":"open","ping_status":"closed","sticky":false,"template":"","format":"standard","meta":{"wp_typography_post_enhancements_disabled":false,"footnotes":""},"categories":[73],"tags":[],"class_list":["post-12647","post","type-post","status-publish","format-standard","has-post-thumbnail","hentry","category-on-en-parle"],"yoast_head":"<!-- This site is optimized with the Yoast SEO plugin v24.7 - https:\/\/yoast.com\/wordpress\/plugins\/seo\/ -->\n<title>LES FEMMES FACE \u00c0 L&#039;\u00c9PUISEMENT DES SAGES-FEMMES EN FRANCE - Bobea<\/title>\n<meta name=\"description\" content=\"La France, pays r\u00e9put\u00e9 pour son syst\u00e8me de sant\u00e9, fait face \u00e0 une crise sans pr\u00e9c\u00e9dent dans ses maternit\u00e9s.\" \/>\n<meta name=\"robots\" content=\"index, follow, max-snippet:-1, max-image-preview:large, max-video-preview:-1\" \/>\n<link rel=\"canonical\" href=\"https:\/\/bobea.net\/index.php\/2025\/03\/25\/les-femmes-face-a-lepuisement-des-sages-femmes-en-france\/\" \/>\n<meta property=\"og:locale\" content=\"fr_FR\" \/>\n<meta property=\"og:type\" content=\"article\" \/>\n<meta property=\"og:title\" content=\"LES FEMMES FACE \u00c0 L&#039;\u00c9PUISEMENT DES SAGES-FEMMES EN FRANCE - Bobea\" \/>\n<meta property=\"og:description\" content=\"La France, pays r\u00e9put\u00e9 pour son syst\u00e8me de sant\u00e9, fait face \u00e0 une crise sans pr\u00e9c\u00e9dent dans ses maternit\u00e9s.\" \/>\n<meta property=\"og:url\" content=\"https:\/\/bobea.net\/index.php\/2025\/03\/25\/les-femmes-face-a-lepuisement-des-sages-femmes-en-france\/\" \/>\n<meta property=\"og:site_name\" content=\"Bobea\" \/>\n<meta property=\"article:publisher\" content=\"https:\/\/web.facebook.com\/profile.php?id=61559252188416\" \/>\n<meta property=\"article:published_time\" content=\"2025-03-25T16:48:25+00:00\" \/>\n<meta property=\"article:modified_time\" content=\"2025-03-25T16:48:29+00:00\" \/>\n<meta property=\"og:image\" content=\"https:\/\/bobea.net\/wp-content\/uploads\/2025\/03\/manque_de_sage_femme-medical_rh-e1651137312307.jpeg\" \/>\n\t<meta property=\"og:image:width\" content=\"1400\" \/>\n\t<meta property=\"og:image:height\" content=\"934\" \/>\n\t<meta property=\"og:image:type\" content=\"image\/jpeg\" \/>\n<meta name=\"author\" content=\"bobea.info\" \/>\n<meta name=\"twitter:card\" content=\"summary_large_image\" \/>\n<meta name=\"twitter:label1\" content=\"\u00c9crit par\" \/>\n\t<meta name=\"twitter:data1\" content=\"bobea.info\" \/>\n\t<meta name=\"twitter:label2\" content=\"Dur\u00e9e de lecture estim\u00e9e\" \/>\n\t<meta name=\"twitter:data2\" content=\"5 minutes\" \/>\n<script type=\"application\/ld+json\" class=\"yoast-schema-graph\">{\"@context\":\"https:\/\/schema.org\",\"@graph\":[{\"@type\":\"Article\",\"@id\":\"https:\/\/bobea.net\/index.php\/2025\/03\/25\/les-femmes-face-a-lepuisement-des-sages-femmes-en-france\/#article\",\"isPartOf\":{\"@id\":\"https:\/\/bobea.net\/index.php\/2025\/03\/25\/les-femmes-face-a-lepuisement-des-sages-femmes-en-france\/\"},\"author\":{\"name\":\"bobea.info\",\"@id\":\"https:\/\/bobea.net\/#\/schema\/person\/e7f45ef187918d7c956bf619dce90ccf\"},\"headline\":\"LES FEMMES FACE \u00c0 L\u2019\u00c9PUISEMENT DES SAGES-FEMMES EN FRANCE\",\"datePublished\":\"2025-03-25T16:48:25+00:00\",\"dateModified\":\"2025-03-25T16:48:29+00:00\",\"mainEntityOfPage\":{\"@id\":\"https:\/\/bobea.net\/index.php\/2025\/03\/25\/les-femmes-face-a-lepuisement-des-sages-femmes-en-france\/\"},\"wordCount\":926,\"commentCount\":0,\"publisher\":{\"@id\":\"https:\/\/bobea.net\/#organization\"},\"image\":{\"@id\":\"https:\/\/bobea.net\/index.php\/2025\/03\/25\/les-femmes-face-a-lepuisement-des-sages-femmes-en-france\/#primaryimage\"},\"thumbnailUrl\":\"https:\/\/bobea.net\/wp-content\/uploads\/2025\/03\/manque_de_sage_femme-medical_rh-e1651137312307.jpeg\",\"articleSection\":[\"On en Parle\"],\"inLanguage\":\"fr-FR\",\"potentialAction\":[{\"@type\":\"CommentAction\",\"name\":\"Comment\",\"target\":[\"https:\/\/bobea.net\/index.php\/2025\/03\/25\/les-femmes-face-a-lepuisement-des-sages-femmes-en-france\/#respond\"]}]},{\"@type\":\"WebPage\",\"@id\":\"https:\/\/bobea.net\/index.php\/2025\/03\/25\/les-femmes-face-a-lepuisement-des-sages-femmes-en-france\/\",\"url\":\"https:\/\/bobea.net\/index.php\/2025\/03\/25\/les-femmes-face-a-lepuisement-des-sages-femmes-en-france\/\",\"name\":\"LES FEMMES FACE \u00c0 L'\u00c9PUISEMENT DES SAGES-FEMMES EN FRANCE - Bobea\",\"isPartOf\":{\"@id\":\"https:\/\/bobea.net\/#website\"},\"primaryImageOfPage\":{\"@id\":\"https:\/\/bobea.net\/index.php\/2025\/03\/25\/les-femmes-face-a-lepuisement-des-sages-femmes-en-france\/#primaryimage\"},\"image\":{\"@id\":\"https:\/\/bobea.net\/index.php\/2025\/03\/25\/les-femmes-face-a-lepuisement-des-sages-femmes-en-france\/#primaryimage\"},\"thumbnailUrl\":\"https:\/\/bobea.net\/wp-content\/uploads\/2025\/03\/manque_de_sage_femme-medical_rh-e1651137312307.jpeg\",\"datePublished\":\"2025-03-25T16:48:25+00:00\",\"dateModified\":\"2025-03-25T16:48:29+00:00\",\"description\":\"La France, pays r\u00e9put\u00e9 pour son syst\u00e8me de sant\u00e9, fait face \u00e0 une crise sans pr\u00e9c\u00e9dent dans ses maternit\u00e9s.\",\"breadcrumb\":{\"@id\":\"https:\/\/bobea.net\/index.php\/2025\/03\/25\/les-femmes-face-a-lepuisement-des-sages-femmes-en-france\/#breadcrumb\"},\"inLanguage\":\"fr-FR\",\"potentialAction\":[{\"@type\":\"ReadAction\",\"target\":[\"https:\/\/bobea.net\/index.php\/2025\/03\/25\/les-femmes-face-a-lepuisement-des-sages-femmes-en-france\/\"]}]},{\"@type\":\"ImageObject\",\"inLanguage\":\"fr-FR\",\"@id\":\"https:\/\/bobea.net\/index.php\/2025\/03\/25\/les-femmes-face-a-lepuisement-des-sages-femmes-en-france\/#primaryimage\",\"url\":\"https:\/\/bobea.net\/wp-content\/uploads\/2025\/03\/manque_de_sage_femme-medical_rh-e1651137312307.jpeg\",\"contentUrl\":\"https:\/\/bobea.net\/wp-content\/uploads\/2025\/03\/manque_de_sage_femme-medical_rh-e1651137312307.jpeg\",\"width\":1400,\"height\":934},{\"@type\":\"BreadcrumbList\",\"@id\":\"https:\/\/bobea.net\/index.php\/2025\/03\/25\/les-femmes-face-a-lepuisement-des-sages-femmes-en-france\/#breadcrumb\",\"itemListElement\":[{\"@type\":\"ListItem\",\"position\":1,\"name\":\"Accueil\",\"item\":\"https:\/\/bobea.net\/\"},{\"@type\":\"ListItem\",\"position\":2,\"name\":\"LES FEMMES FACE \u00c0 L&rsquo;\u00c9PUISEMENT DES SAGES-FEMMES EN FRANCE\"}]},{\"@type\":\"WebSite\",\"@id\":\"https:\/\/bobea.net\/#website\",\"url\":\"https:\/\/bobea.net\/\",\"name\":\"Bobea\",\"description\":\"Le magazine de la nouvelle \u00c8ve\",\"publisher\":{\"@id\":\"https:\/\/bobea.net\/#organization\"},\"potentialAction\":[{\"@type\":\"SearchAction\",\"target\":{\"@type\":\"EntryPoint\",\"urlTemplate\":\"https:\/\/bobea.net\/?s={search_term_string}\"},\"query-input\":{\"@type\":\"PropertyValueSpecification\",\"valueRequired\":true,\"valueName\":\"search_term_string\"}}],\"inLanguage\":\"fr-FR\"},{\"@type\":\"Organization\",\"@id\":\"https:\/\/bobea.net\/#organization\",\"name\":\"Bobea\",\"url\":\"https:\/\/bobea.net\/\",\"logo\":{\"@type\":\"ImageObject\",\"inLanguage\":\"fr-FR\",\"@id\":\"https:\/\/bobea.net\/#\/schema\/logo\/image\/\",\"url\":\"https:\/\/bobea.net\/wp-content\/uploads\/2024\/06\/bobea.jpg\",\"contentUrl\":\"https:\/\/bobea.net\/wp-content\/uploads\/2024\/06\/bobea.jpg\",\"width\":1080,\"height\":1080,\"caption\":\"Bobea\"},\"image\":{\"@id\":\"https:\/\/bobea.net\/#\/schema\/logo\/image\/\"},\"sameAs\":[\"https:\/\/web.facebook.com\/profile.php?id=61559252188416\"]},{\"@type\":\"Person\",\"@id\":\"https:\/\/bobea.net\/#\/schema\/person\/e7f45ef187918d7c956bf619dce90ccf\",\"name\":\"bobea.info\",\"image\":{\"@type\":\"ImageObject\",\"inLanguage\":\"fr-FR\",\"@id\":\"https:\/\/bobea.net\/#\/schema\/person\/image\/\",\"url\":\"https:\/\/secure.gravatar.com\/avatar\/36147980349df887ae30808df3e29474?s=96&d=mm&r=g\",\"contentUrl\":\"https:\/\/secure.gravatar.com\/avatar\/36147980349df887ae30808df3e29474?s=96&d=mm&r=g\",\"caption\":\"bobea.info\"},\"sameAs\":[\"https:\/\/bobea.net\"],\"url\":\"https:\/\/bobea.net\/index.php\/author\/bobea-info\/\"}]}<\/script>\n<!-- \/ Yoast SEO plugin. -->","yoast_head_json":{"title":"LES FEMMES FACE \u00c0 L'\u00c9PUISEMENT DES SAGES-FEMMES EN FRANCE - Bobea","description":"La France, pays r\u00e9put\u00e9 pour son syst\u00e8me de sant\u00e9, fait face \u00e0 une crise sans pr\u00e9c\u00e9dent dans ses maternit\u00e9s.","robots":{"index":"index","follow":"follow","max-snippet":"max-snippet:-1","max-image-preview":"max-image-preview:large","max-video-preview":"max-video-preview:-1"},"canonical":"https:\/\/bobea.net\/index.php\/2025\/03\/25\/les-femmes-face-a-lepuisement-des-sages-femmes-en-france\/","og_locale":"fr_FR","og_type":"article","og_title":"LES FEMMES FACE \u00c0 L'\u00c9PUISEMENT DES SAGES-FEMMES EN FRANCE - Bobea","og_description":"La France, pays r\u00e9put\u00e9 pour son syst\u00e8me de sant\u00e9, fait face \u00e0 une crise sans pr\u00e9c\u00e9dent dans ses maternit\u00e9s.","og_url":"https:\/\/bobea.net\/index.php\/2025\/03\/25\/les-femmes-face-a-lepuisement-des-sages-femmes-en-france\/","og_site_name":"Bobea","article_publisher":"https:\/\/web.facebook.com\/profile.php?id=61559252188416","article_published_time":"2025-03-25T16:48:25+00:00","article_modified_time":"2025-03-25T16:48:29+00:00","og_image":[{"width":1400,"height":934,"url":"https:\/\/bobea.net\/wp-content\/uploads\/2025\/03\/manque_de_sage_femme-medical_rh-e1651137312307.jpeg","type":"image\/jpeg"}],"author":"bobea.info","twitter_card":"summary_large_image","twitter_misc":{"\u00c9crit par":"bobea.info","Dur\u00e9e de lecture estim\u00e9e":"5 minutes"},"schema":{"@context":"https:\/\/schema.org","@graph":[{"@type":"Article","@id":"https:\/\/bobea.net\/index.php\/2025\/03\/25\/les-femmes-face-a-lepuisement-des-sages-femmes-en-france\/#article","isPartOf":{"@id":"https:\/\/bobea.net\/index.php\/2025\/03\/25\/les-femmes-face-a-lepuisement-des-sages-femmes-en-france\/"},"author":{"name":"bobea.info","@id":"https:\/\/bobea.net\/#\/schema\/person\/e7f45ef187918d7c956bf619dce90ccf"},"headline":"LES FEMMES FACE \u00c0 L\u2019\u00c9PUISEMENT DES SAGES-FEMMES EN FRANCE","datePublished":"2025-03-25T16:48:25+00:00","dateModified":"2025-03-25T16:48:29+00:00","mainEntityOfPage":{"@id":"https:\/\/bobea.net\/index.php\/2025\/03\/25\/les-femmes-face-a-lepuisement-des-sages-femmes-en-france\/"},"wordCount":926,"commentCount":0,"publisher":{"@id":"https:\/\/bobea.net\/#organization"},"image":{"@id":"https:\/\/bobea.net\/index.php\/2025\/03\/25\/les-femmes-face-a-lepuisement-des-sages-femmes-en-france\/#primaryimage"},"thumbnailUrl":"https:\/\/bobea.net\/wp-content\/uploads\/2025\/03\/manque_de_sage_femme-medical_rh-e1651137312307.jpeg","articleSection":["On en Parle"],"inLanguage":"fr-FR","potentialAction":[{"@type":"CommentAction","name":"Comment","target":["https:\/\/bobea.net\/index.php\/2025\/03\/25\/les-femmes-face-a-lepuisement-des-sages-femmes-en-france\/#respond"]}]},{"@type":"WebPage","@id":"https:\/\/bobea.net\/index.php\/2025\/03\/25\/les-femmes-face-a-lepuisement-des-sages-femmes-en-france\/","url":"https:\/\/bobea.net\/index.php\/2025\/03\/25\/les-femmes-face-a-lepuisement-des-sages-femmes-en-france\/","name":"LES FEMMES FACE \u00c0 L'\u00c9PUISEMENT DES SAGES-FEMMES EN FRANCE - Bobea","isPartOf":{"@id":"https:\/\/bobea.net\/#website"},"primaryImageOfPage":{"@id":"https:\/\/bobea.net\/index.php\/2025\/03\/25\/les-femmes-face-a-lepuisement-des-sages-femmes-en-france\/#primaryimage"},"image":{"@id":"https:\/\/bobea.net\/index.php\/2025\/03\/25\/les-femmes-face-a-lepuisement-des-sages-femmes-en-france\/#primaryimage"},"thumbnailUrl":"https:\/\/bobea.net\/wp-content\/uploads\/2025\/03\/manque_de_sage_femme-medical_rh-e1651137312307.jpeg","datePublished":"2025-03-25T16:48:25+00:00","dateModified":"2025-03-25T16:48:29+00:00","description":"La France, pays r\u00e9put\u00e9 pour son syst\u00e8me de sant\u00e9, fait face \u00e0 une crise sans pr\u00e9c\u00e9dent dans ses maternit\u00e9s.","breadcrumb":{"@id":"https:\/\/bobea.net\/index.php\/2025\/03\/25\/les-femmes-face-a-lepuisement-des-sages-femmes-en-france\/#breadcrumb"},"inLanguage":"fr-FR","potentialAction":[{"@type":"ReadAction","target":["https:\/\/bobea.net\/index.php\/2025\/03\/25\/les-femmes-face-a-lepuisement-des-sages-femmes-en-france\/"]}]},{"@type":"ImageObject","inLanguage":"fr-FR","@id":"https:\/\/bobea.net\/index.php\/2025\/03\/25\/les-femmes-face-a-lepuisement-des-sages-femmes-en-france\/#primaryimage","url":"https:\/\/bobea.net\/wp-content\/uploads\/2025\/03\/manque_de_sage_femme-medical_rh-e1651137312307.jpeg","contentUrl":"https:\/\/bobea.net\/wp-content\/uploads\/2025\/03\/manque_de_sage_femme-medical_rh-e1651137312307.jpeg","width":1400,"height":934},{"@type":"BreadcrumbList","@id":"https:\/\/bobea.net\/index.php\/2025\/03\/25\/les-femmes-face-a-lepuisement-des-sages-femmes-en-france\/#breadcrumb","itemListElement":[{"@type":"ListItem","position":1,"name":"Accueil","item":"https:\/\/bobea.net\/"},{"@type":"ListItem","position":2,"name":"LES FEMMES FACE \u00c0 L&rsquo;\u00c9PUISEMENT DES SAGES-FEMMES EN FRANCE"}]},{"@type":"WebSite","@id":"https:\/\/bobea.net\/#website","url":"https:\/\/bobea.net\/","name":"Bobea","description":"Le magazine de la nouvelle \u00c8ve","publisher":{"@id":"https:\/\/bobea.net\/#organization"},"potentialAction":[{"@type":"SearchAction","target":{"@type":"EntryPoint","urlTemplate":"https:\/\/bobea.net\/?s={search_term_string}"},"query-input":{"@type":"PropertyValueSpecification","valueRequired":true,"valueName":"search_term_string"}}],"inLanguage":"fr-FR"},{"@type":"Organization","@id":"https:\/\/bobea.net\/#organization","name":"Bobea","url":"https:\/\/bobea.net\/","logo":{"@type":"ImageObject","inLanguage":"fr-FR","@id":"https:\/\/bobea.net\/#\/schema\/logo\/image\/","url":"https:\/\/bobea.net\/wp-content\/uploads\/2024\/06\/bobea.jpg","contentUrl":"https:\/\/bobea.net\/wp-content\/uploads\/2024\/06\/bobea.jpg","width":1080,"height":1080,"caption":"Bobea"},"image":{"@id":"https:\/\/bobea.net\/#\/schema\/logo\/image\/"},"sameAs":["https:\/\/web.facebook.com\/profile.php?id=61559252188416"]},{"@type":"Person","@id":"https:\/\/bobea.net\/#\/schema\/person\/e7f45ef187918d7c956bf619dce90ccf","name":"bobea.info","image":{"@type":"ImageObject","inLanguage":"fr-FR","@id":"https:\/\/bobea.net\/#\/schema\/person\/image\/","url":"https:\/\/secure.gravatar.com\/avatar\/36147980349df887ae30808df3e29474?s=96&d=mm&r=g","contentUrl":"https:\/\/secure.gravatar.com\/avatar\/36147980349df887ae30808df3e29474?s=96&d=mm&r=g","caption":"bobea.info"},"sameAs":["https:\/\/bobea.net"],"url":"https:\/\/bobea.net\/index.php\/author\/bobea-info\/"}]}},"_links":{"self":[{"href":"https:\/\/bobea.net\/index.php\/wp-json\/wp\/v2\/posts\/12647"}],"collection":[{"href":"https:\/\/bobea.net\/index.php\/wp-json\/wp\/v2\/posts"}],"about":[{"href":"https:\/\/bobea.net\/index.php\/wp-json\/wp\/v2\/types\/post"}],"author":[{"embeddable":true,"href":"https:\/\/bobea.net\/index.php\/wp-json\/wp\/v2\/users\/1"}],"replies":[{"embeddable":true,"href":"https:\/\/bobea.net\/index.php\/wp-json\/wp\/v2\/comments?post=12647"}],"version-history":[{"count":1,"href":"https:\/\/bobea.net\/index.php\/wp-json\/wp\/v2\/posts\/12647\/revisions"}],"predecessor-version":[{"id":12650,"href":"https:\/\/bobea.net\/index.php\/wp-json\/wp\/v2\/posts\/12647\/revisions\/12650"}],"wp:featuredmedia":[{"embeddable":true,"href":"https:\/\/bobea.net\/index.php\/wp-json\/wp\/v2\/media\/12648"}],"wp:attachment":[{"href":"https:\/\/bobea.net\/index.php\/wp-json\/wp\/v2\/media?parent=12647"}],"wp:term":[{"taxonomy":"category","embeddable":true,"href":"https:\/\/bobea.net\/index.php\/wp-json\/wp\/v2\/categories?post=12647"},{"taxonomy":"post_tag","embeddable":true,"href":"https:\/\/bobea.net\/index.php\/wp-json\/wp\/v2\/tags?post=12647"}],"curies":[{"name":"wp","href":"https:\/\/api.w.org\/{rel}","templated":true}]}}