{"id":12638,"date":"2025-03-24T11:17:56","date_gmt":"2025-03-24T11:17:56","guid":{"rendered":"https:\/\/bobea.net\/?p=12638"},"modified":"2025-03-24T11:18:49","modified_gmt":"2025-03-24T11:18:49","slug":"tapis-rouge-de-bobea-magazine-a-sarra-sassi-hamada","status":"publish","type":"post","link":"https:\/\/bobea.net\/index.php\/2025\/03\/24\/tapis-rouge-de-bobea-magazine-a-sarra-sassi-hamada\/","title":{"rendered":"TAPIS ROUGE de BOBEA Magazine \u00e0 Sarra Sassi Hamada"},"content":{"rendered":"\n<p><strong>Qui est la femme que Bob\u00e9a Mag\u00ada\u00adzine re\u00e7oit sur son TAPIS ROUGE&nbsp;?<\/strong><\/p>\n\n\n\n<figure class=\"wp-block-image size-full\"><img loading=\"lazy\" decoding=\"async\" width=\"975\" height=\"921\" src=\"https:\/\/bobea.net\/wp-content\/uploads\/2025\/03\/Capture-1.png\" alt class=\"wp-image-12641\" srcset=\"https:\/\/bobea.net\/wp-content\/uploads\/2025\/03\/Capture-1.png 975w, https:\/\/bobea.net\/wp-content\/uploads\/2025\/03\/Capture-1-300x283.png 300w, https:\/\/bobea.net\/wp-content\/uploads\/2025\/03\/Capture-1-768x725.png 768w\" sizes=\"(max-width: 975px) 100vw, 975px\"><\/figure>\n\n\n\n<p>Sar\u00adra Sas\u00adsi Hama\u00adda : Une vision\u00adnaire du com\u00admerce inter\u00adna\u00adtion\u00adal au ser\u00advice de l\u2019Afrique<\/p>\n\n\n\n<p>\u00c0 45 ans, Sar\u00adra Sas\u00adsi Hama\u00adda s\u2019im\u00adpose comme une fig\u00adure incon\u00adtourn\u00adable du monde des affaires en Afrique. Cette entre\u00adpre\u00adneuse tunisi\u00adenne dynamique, n\u00e9e le 4 sep\u00adtem\u00adbre 1979, jon\u00adgle avec brio entre sa vie de famille et une car\u00adri\u00e8re inter\u00adna\u00adtionale floris\u00adsante.<\/p>\n\n\n\n<p>Dot\u00e9e d\u2019un mas\u00adt\u00e8re en ing\u00e9nierie des affaires et com\u00admerce inter\u00adna\u00adtion\u00adal, ain\u00adsi que d\u2019une ma\u00eetrise en \u00e9conomie ban\u00adcaire et finan\u00adci\u00e8re, Mme Sas\u00adsi Hama\u00adda a su trans\u00adformer son exper\u00adtise acad\u00e9mique en un empire entre\u00adpre\u00adneur\u00adial. Elle dirige aujour\u00add\u2019hui M3S Solu\u00adtions et vient d\u2019\u00eatre nom\u00adm\u00e9e direc\u00adtrice adjointe du d\u00e9parte\u00adment com\u00admer\u00adcial de Gavaris, une hold\u00ading influ\u00adente op\u00e9rant dans des secteurs strat\u00e9giques tels que les m\u00e9dias, la finance et le dig\u00adi\u00adtal.<\/p>\n\n\n\n<p>Son par\u00adcours impres\u00adsion\u00adnant l\u2019a men\u00e9e du B\u00e9nin, o\u00f9 elle a g\u00e9r\u00e9 avec suc\u00adc\u00e8s des pro\u00adjets com\u00adplex\u00ades, jusqu\u2019aux plus hautes sph\u00e8res du com\u00admerce inter\u00adna\u00adtion\u00adal. Con\u00adseil\u00adl\u00e8re \u00e0 l\u2019ex\u00adport agr\u00e9\u00e9e par l\u2019\u00c9\u00adtat et for\u00adma\u00adtrice recon\u00adnue, elle met son savoir-faire au ser\u00advice des entre\u00adpris\u00ades d\u00e9sireuses de con\u00adqu\u00e9rir de nou\u00adveaux march\u00e9s.<\/p>\n\n\n\n<p>La vision entre\u00adpre\u00adneuri\u00adale de Sar\u00adra Sas\u00adsi Hama\u00adda ne s\u2019ar\u00adr\u00eate pas l\u00e0. Elle est \u00e9gale\u00adment \u00e0 la t\u00eate de YODA CONSULTING et CONSEIL, d\u00e9mon\u00adtrant sa capac\u00adit\u00e9 \u00e0 mul\u00adti\u00adpli\u00ader les suc\u00adc\u00e8s dans divers domaines d\u2019ac\u00adtiv\u00adit\u00e9. Son exper\u00adtise en Afrique sub\u00adsa\u00adhari\u00adenne fait d\u2019elle une r\u00e9f\u00e9rence pour les entre\u00adpris\u00ades cher\u00adchant \u00e0 s\u2019im\u00adplanter sur le con\u00adti\u00adnent.<\/p>\n\n\n\n<p>Pas\u00adsion\u00adn\u00e9e par l\u2019in\u00adno\u00adva\u00adtion et l\u2019en\u00adtre\u00adpre\u00adneuri\u00adat, Mme Sas\u00adsi Hama\u00adda \u0153uvre \u00e9gale\u00adment pour la pro\u00admo\u00adtion des tal\u00adents f\u00e9minins et la for\u00adma\u00adtion de la prochaine g\u00e9n\u00e9ra\u00adtion de lead\u00aders en com\u00admerce inter\u00adna\u00adtion\u00adal. Son lead\u00ader\u00adship vision\u00adnaire et son r\u00e9seau inter\u00adna\u00adtion\u00adal font d\u2019elle une fig\u00adure inspi\u00adrante pour tous ceux qui aspirent \u00e0 r\u00e9us\u00adsir dans le monde des affaires en Afrique et au-del\u00e0.<\/p>\n\n\n\n<p>Sar\u00adra Sas\u00adsi Hama\u00adda incar\u00adne l\u2019\u00e9quili\u00adbre par\u00adfait entre ambi\u00adtion pro\u00adfes\u00adsion\u00adnelle et valeurs famil\u00adiales, prou\u00advant qu\u2019il est pos\u00adsi\u00adble de men\u00ader de front une car\u00adri\u00e8re inter\u00adna\u00adtionale bril\u00adlante tout en \u00e9tant une m\u00e8re d\u00e9vou\u00e9e de deux enfants. Son par\u00adcours exem\u00adplaire con\u00adtin\u00adue d\u2019in\u00adspir\u00ader et d\u2019ou\u00advrir la voie \u00e0 une nou\u00advelle g\u00e9n\u00e9ra\u00adtion d\u2019en\u00adtre\u00adpre\u00adneurs africains.<\/p>\n\n\n\n<p>Main\u00adtenant lais\u00adsons par\u00adlez Sar\u00adra SASSI&nbsp;\u2026<\/p>\n\n\n\n<p><strong>12 Ques\u00adtions Sur Notre TAPIS ROUGE<\/strong><\/p>\n\n\n\n<ol start=\"1\" class=\"wp-block-list\">\n<li>Votre par\u00adcours acad\u00e9mique est impres\u00adsion\u00adnant. Com\u00adment vos \u00e9tudes en ing\u00e9nierie des affaires et \u00e9conomie ban\u00adcaire ont-elles influ\u00adenc\u00e9 votre vision du lead\u00ader\u00adship ?<\/li>\n<\/ol>\n\n\n\n<p><strong>R\u00e9ponse :<\/strong><\/p>\n\n\n\n<p>Mon par\u00adcours acad\u00e9mique en ing\u00e9nierie des affaires et \u00e9conomie ban\u00adcaire et finan\u00adci\u00e8re a pro\u00adfond\u00e9\u00adment fa\u00e7on\u00adn\u00e9 ma vision du lead\u00ader\u00adship et mon approche strat\u00e9gique dans le monde des affaires.<\/p>\n\n\n\n<p>L\u2019ing\u00e9nierie des affaires m\u2019a appris \u00e0 voir l\u2019entreprise comme un \u00e9cosys\u00adt\u00e8me o\u00f9 chaque d\u00e9ci\u00adsion a un impact glob\u00adal. Cette approche ana\u00adly\u00adtique et sys\u00adt\u00e9mique m\u2019a per\u00admis de struc\u00adtur\u00ader mes strat\u00e9\u00adgies en fonc\u00adtion des oppor\u00adtu\u00adnit\u00e9s et des risques, tout en int\u00e9\u00adgrant les dimen\u00adsions \u00e9conomiques, com\u00admer\u00adciales et organ\u00adi\u00adsa\u00adtion\u00adnelles.<\/p>\n\n\n\n<figure class=\"wp-block-image size-full is-resized\"><img loading=\"lazy\" decoding=\"async\" width=\"863\" height=\"920\" src=\"https:\/\/bobea.net\/wp-content\/uploads\/2025\/03\/Capture2.png\" alt class=\"wp-image-12642\" style=\"width:840px;height:auto\" srcset=\"https:\/\/bobea.net\/wp-content\/uploads\/2025\/03\/Capture2.png 863w, https:\/\/bobea.net\/wp-content\/uploads\/2025\/03\/Capture2-281x300.png 281w, https:\/\/bobea.net\/wp-content\/uploads\/2025\/03\/Capture2-768x819.png 768w\" sizes=\"(max-width: 863px) 100vw, 863px\"><\/figure>\n\n\n\n<p>L\u2019\u00e9conomie ban\u00adcaire et finan\u00adci\u00e8re<strong>,<\/strong> quant \u00e0 elle, m\u2019a don\u00adn\u00e9 une com\u00adpr\u00e9hen\u00adsion fine des m\u00e9can\u00adismes financiers inter\u00adna\u00adtionaux, des cycles \u00e9conomiques et des strat\u00e9\u00adgies d\u2019investissement. Dans mon r\u00f4le de leader, cette exper\u00adtise me per\u00admet d\u2019optimiser les d\u00e9ci\u00adsions finan\u00adci\u00e8res, d\u2019anticiper les \u00e9vo\u00adlu\u00adtions du march\u00e9 et d\u2019accompagner les entre\u00adpris\u00ades dans leur expan\u00adsion \u00e0 l\u2019international, notam\u00adment en Afrique o\u00f9 les dynamiques \u00e9conomiques sont en pleine muta\u00adtion.<\/p>\n\n\n\n<p>Au-del\u00e0 des com\u00adp\u00e9\u00adtences tech\u00adniques, ces dis\u00adci\u00adplines m\u2019ont inculqu\u00e9 une rigueur intel\u00adlectuelle, une capac\u00adit\u00e9 d\u2019analyse strat\u00e9gique et une vision prospec\u00adtive essen\u00adtielles pour pilot\u00ader plusieurs entre\u00adpris\u00ades et accom\u00adpa\u00adg\u00adn\u00ader les organ\u00adi\u00adsa\u00adtions vers la r\u00e9us\u00adsite. Elles m\u2019ont \u00e9gale\u00adment ren\u00adfor\u00adc\u00e9e dans ma philoso\u00adphie du lead\u00ader\u00adship, bas\u00e9e sur l\u2019innovation, la ges\u00adtion des risques et la cr\u00e9a\u00adtion de valeur durable.<\/p>\n\n\n\n<p>Aujourd\u2019hui, que ce soit \u00e0 tra\u00advers Yoda Con\u00adsult\u00ading &amp; Con\u00adseil, SSAM Inter\u00adna\u00adtion\u00adal Trade, M3S Solu\u00adtions ou Orig\u00adi\u00adnal Cre\u00adation By SS, mon objec\u00adtif reste le m\u00eame : met\u00adtre en \u0153uvre des strat\u00e9\u00adgies gag\u00adnantes pour b\u00e2tir un avenir \u00e9conomique prosp\u00e8re, tant pour les entre\u00adpris\u00ades que pour les tal\u00adents que nous accom\u00adpa\u00adgnons.<\/p>\n\n\n\n<ol start=\"2\" class=\"wp-block-list\">\n<li>Vous \u00eates CEO de M3S Solu\u00adtions et occu\u00adpez un poste cl\u00e9 chez Gavaris. Com\u00adment par\u00advenez-vous \u00e0 jon\u00adgler entre ces respon\u00ads\u00adabil\u00adit\u00e9s tout en restant une m\u00e8re pr\u00e9sente ?<\/li>\n<\/ol>\n\n\n\n<p><strong>R\u00e9ponse &nbsp;:<\/strong><\/p>\n\n\n\n<p>Occu\u00adper plusieurs postes de direc\u00adtion, notam\u00adment en tant que CEO de M3S Solu\u00adtions<strong> et <\/strong>Direc\u00adtrice Adjointe du D\u00e9parte\u00adment Com\u00admer\u00adcial de Gavaris, tout en \u00e9tant m\u00e8re de famille, est un v\u00e9ri\u00adta\u00adble d\u00e9fi. Mais pour moi, il ne s\u2019agit pas d\u2019un dilemme, mais plut\u00f4t d\u2019une source de moti\u00adva\u00adtion et d\u2019\u00e9quilibre.<\/p>\n\n\n\n<p>Le secret r\u00e9side dans l\u2019organisation, la d\u00e9l\u00e9\u00adga\u00adtion et la ges\u00adtion des pri\u00ador\u00adit\u00e9s. J\u2019ai appris \u00e0 opti\u00admiser mon temps en struc\u00adturant mes journ\u00e9es avec rigueur, tout en restant flex\u00adi\u00adble face aux impr\u00e9vus. J\u2019ai \u00e9gale\u00adment b\u00e2ti des \u00e9quipes de con\u00adfi\u00adance, car un bon leader sait s\u2019entourer de tal\u00adents et leur don\u00adner les moyens de r\u00e9us\u00adsir.<\/p>\n\n\n\n<p>Sur le plan per\u00adson\u00adnel, je con\u00adsid\u00ad\u00e8re ma famille comme une force motrice. \u00catre m\u00e8re m\u2019a appris l\u2019empathie, la patience et la r\u00e9silience, des qual\u00adit\u00e9s essen\u00adtielles dans le monde des affaires. Mes enfants sont une source d\u2019inspiration, et leur don\u00adner l\u2019exemple d\u2019une femme engag\u00e9e et \u00e9panouie dans sa car\u00adri\u00e8re est une moti\u00adva\u00adtion sup\u00adpl\u00e9\u00admen\u00adtaire.<\/p>\n\n\n\n<p>Je crois fer\u00adme\u00adment qu\u2019une femme ne doit pas choisir entre sa famille et sa car\u00adri\u00e8re, mais plut\u00f4t trou\u00adver un \u00e9quili\u00adbre qui lui cor\u00adre\u00adspond. Gr\u00e2ce \u00e0 une vision claire, une ges\u00adtion strat\u00e9gique et un entourage solide, il est pos\u00adsi\u00adble de con\u00adcili\u00ader lead\u00ader\u00adship et vie per\u00adson\u00adnelle tout en \u00e9tant pr\u00e9sente l\u00e0 o\u00f9 cela compte le plus.<\/p>\n\n\n\n<ol start=\"3\" class=\"wp-block-list\">\n<li>Gavaris est une hold\u00ading influ\u00adente dans des secteurs var\u00adi\u00e9s comme les m\u00e9dias, la finance et le dig\u00adi\u00adtal. Quels sont vos pro\u00adjets pri\u00ador\u00adi\u00adtaires pour le d\u00e9veloppe\u00adment de ses activ\u00adit\u00e9s en Afrique ?<\/li>\n<\/ol>\n\n\n\n<p><strong>R\u00e9ponse :<\/strong><\/p>\n\n\n\n<p>L\u2019Afrique est un con\u00adti\u00adnent d\u2019opportunit\u00e9s, avec des march\u00e9s en pleine expan\u00adsion et une demande crois\u00adsante pour des solu\u00adtions inno\u00advantes en m\u00e9dias, finance et dig\u00adi\u00adtal. En tant que Direc\u00adtrice Adjointe du D\u00e9parte\u00adment Com\u00admer\u00adcial de Gavaris, mon r\u00f4le est de pilot\u00ader une strat\u00e9gie d\u2019expansion effi\u00adcace et durable\u00adpour ren\u00adforcer la pr\u00e9sence du groupe sur le con\u00adti\u00adnent.<\/p>\n\n\n\n<p>Nos pro\u00adjets pri\u00ador\u00adi\u00adtaires s\u2019articulent autour de trois axes majeurs<\/p>\n\n\n\n<ol class=\"wp-block-list\">\n<li><strong>M\u00e9dias &amp; Com\u00admu\u00adni\u00adca\u00adtion : <\/strong>Une plate\u00adforme influ\u00adente pour l\u2019Afrique\u00adLancer une cha\u00eene TV et radio panafricaine inspir\u00e9e du mod\u00ad\u00e8le de CNN, d\u00e9di\u00e9e \u00e0 l\u2019information \u00e9conomique, poli\u00adtique et cul\u00adturelle du Sud glob\u00adal.<br><strong>Cr\u00e9er des parte\u00adnar\u00adi\u00adats avec des m\u00e9dias locaux<\/strong> pour don\u00adner une vis\u00adi\u00adbil\u00adit\u00e9 accrue aux acteurs \u00e9conomiques africains et favoris\u00ader la dif\u00adfu\u00adsion de con\u00adtenus de qual\u00adit\u00e9.<\/li>\n<\/ol>\n\n\n\n<p><strong>2. Finance &amp; Dig\u00adi\u00adtal : <\/strong>L\u2019in\u00adclu\u00adsion finan\u00adci\u00e8re au c\u0153ur de la strat\u00e9gie<strong>\ud83d\udcb3 <\/strong>D\u00e9veloppe\u00adment d\u2019une carte ban\u00adcaire inter\u00adna\u00adtionale pour faciliter les \u00e9changes com\u00admer\u00adci\u00adaux et ban\u00adcaires entre l\u2019Afrique, l\u2019Europe et l\u2019Asie.<br>Accom\u00adpa\u00adg\u00adne\u00adment des entre\u00adpris\u00ades africaines dans la struc\u00adtura\u00adtion finan\u00adci\u00e8re et la lev\u00ad\u00e9e de fonds, afin de soutenir leur crois\u00adsance et leur com\u00adp\u00e9ti\u00adtiv\u00adit\u00e9.<\/p>\n\n\n\n<p><strong>3. Inno\u00adva\u00adtion &amp; Expan\u00adsion : <\/strong>Con\u00adstru\u00adire des ponts entre les march\u00e9s<strong>. <\/strong>Mise en place d\u2019un incu\u00adba\u00adteur d\u2019entreprises pour soutenir les start-ups africaines dans les domaines du dig\u00adi\u00adtal, des fin\u00adtechs et des m\u00e9dias. Cr\u00e9a\u00adtion de syn\u00ader\u00adgies avec des investis\u00adseurs inter\u00adna\u00adtionaux pour attir\u00ader des finance\u00adments et favoris\u00ader le d\u00e9veloppe\u00adment de pro\u00adjets struc\u00adturants.<\/p>\n\n\n\n<p>Notre ambi\u00adtion est claire : faire de Gavaris un acteur incon\u00adtourn\u00adable du paysage \u00e9conomique africain, en appor\u00adtant des solu\u00adtions adap\u00adt\u00e9es aux r\u00e9al\u00adit\u00e9s locales et en cap\u00adi\u00adtal\u00adisant sur les nom\u00adbreuses oppor\u00adtu\u00adnit\u00e9s qu\u2019offre le con\u00adti\u00adnent.<\/p>\n\n\n\n<ol start=\"4\" class=\"wp-block-list\">\n<li>Votre exp\u00e9ri\u00adence au B\u00e9nin a \u00e9t\u00e9 salu\u00e9e pour sa r\u00e9us\u00adsite. Pou\u00advez-vous partager un exem\u00adple con\u00adcret d\u2019un pro\u00adjet qui vous a par\u00adti\u00adc\u00aduli\u00e8re\u00adment mar\u00adqu\u00e9e ?<\/li>\n<\/ol>\n\n\n\n<p><strong>R\u00e9ponse&nbsp;:<\/strong><\/p>\n\n\n\n<p>Mon exp\u00e9ri\u00adence au B\u00e9nin a \u00e9t\u00e9 l\u2019une des plus mar\u00adquantes de ma car\u00adri\u00e8re, et par\u00admi les pro\u00adjets majeurs aux\u00adquels j\u2019ai con\u00adtribu\u00e9, l\u2019acquisition et la restruc\u00adtura\u00adtion de la com\u00adpag\u00adnie d\u2019assurance SAAR B\u00e9nin occupe une place cen\u00adtrale.<\/p>\n\n\n\n<p>Lorsque j\u2019ai pris part \u00e0 ce pro\u00adjet, SAAR B\u00e9nin \u00e9tait sous admin\u00adis\u00adtra\u00adtion pro\u00advi\u00adsoire, con\u00adfron\u00adt\u00e9e \u00e0 des d\u00e9fis financiers et r\u00e9gle\u00admen\u00adtaires majeurs. Mon r\u00f4le a con\u00adsist\u00e9 \u00e0 struc\u00adtur\u00ader l\u2019acquisition et \u00e0 s\u00e9curis\u00ader les finance\u00adments n\u00e9ces\u00adsaires pour r\u00e9pon\u00addre aux exi\u00adgences strictes de la CIMA.<\/p>\n\n\n\n<figure class=\"wp-block-image size-full is-resized\"><img loading=\"lazy\" decoding=\"async\" width=\"660\" height=\"968\" src=\"https:\/\/bobea.net\/wp-content\/uploads\/2025\/03\/Capture21.png\" alt class=\"wp-image-12643\" style=\"width:840px;height:auto\" srcset=\"https:\/\/bobea.net\/wp-content\/uploads\/2025\/03\/Capture21.png 660w, https:\/\/bobea.net\/wp-content\/uploads\/2025\/03\/Capture21-205x300.png 205w\" sizes=\"(max-width: 660px) 100vw, 660px\"><\/figure>\n\n\n\n<p>Les \u00e9tapes cl\u00e9s de ce pro\u00adjet ont \u00e9t\u00e9 :<br>1- Struc\u00adtura\u00adtion d\u2019un plan de redresse\u00adment financier pour r\u00e9pon\u00addre aux oblig\u00ada\u00adtions r\u00e9gle\u00admen\u00adtaires et restau\u00adr\u00ader la con\u00adfi\u00adance des par\u00adties prenantes.<br>2- Lev\u00ad\u00e9e de fonds strat\u00e9gique afin de recap\u00adi\u00adtalis\u00ader l\u2019entreprise et assur\u00ader sa con\u00adfor\u00admit\u00e9 aux normes impos\u00e9es par la CIMA.<br>3- R\u00e9or\u00adgan\u00adi\u00adsa\u00adtion op\u00e9ra\u00adtionnelle et ren\u00adforce\u00adment des proces\u00adsus de gou\u00adver\u00adnance, pour garan\u00adtir une ges\u00adtion durable et per\u00adfor\u00admante de la com\u00adpag\u00adnie.<\/p>\n\n\n\n<p>Gr\u00e2ce \u00e0 ces efforts, SAAR B\u00e9nin a pu non seule\u00adment se con\u00adformer aux exi\u00adgences du march\u00e9, mais aus\u00adsi rede\u00advenir un acteur cl\u00e9 du secteur des assur\u00adances au B\u00e9nin. Cette exp\u00e9ri\u00adence m\u2019a per\u00admis de d\u00e9mon\u00adtr\u00ader mon exper\u00adtise en ges\u00adtion finan\u00adci\u00e8re et en restruc\u00adtura\u00adtion d\u2019entreprise, et d\u2019ailleurs, je si\u00e8ge tou\u00adjours au con\u00adseil d\u2019administration de SAAR B\u00e9nin \u00e0 ce jour.<\/p>\n\n\n\n<p>Ce pro\u00adjet illus\u00adtre par\u00adfaite\u00adment ma capac\u00adit\u00e9 \u00e0 trans\u00adformer des d\u00e9fis en oppor\u00adtu\u00adnit\u00e9s, \u00e0 mobilis\u00ader les ressources n\u00e9ces\u00adsaires et \u00e0 struc\u00adtur\u00ader des entre\u00adpris\u00ades pour une crois\u00adsance durable sur les march\u00e9s africains.<\/p>\n\n\n\n<ol start=\"5\" class=\"wp-block-list\">\n<li>Quels sont les d\u00e9fis sp\u00e9\u00adci\u00adfiques aux\u00adquels vous faites face en tant que femme leader dans un envi\u00adron\u00adnement sou\u00advent dom\u00adin\u00e9 par les hommes ?<\/li>\n<\/ol>\n\n\n\n<p><strong>R\u00e9ponse&nbsp;:<\/strong><\/p>\n\n\n\n<p>\u00c9voluer en tant que femme leader dans des secteurs sou\u00advent dom\u00adin\u00e9s par les hommes, tels que la finance, le com\u00admerce inter\u00adna\u00adtion\u00adal et la strat\u00e9gie d\u2019entreprise, est un d\u00e9fi con\u00adstant. Cepen\u00addant, j\u2019ai tou\u00adjours per\u00e7u ces d\u00e9fis comme des oppor\u00adtu\u00adnit\u00e9s de prou\u00adver que le lead\u00ader\u00adship ne d\u00e9pend ni du genre ni des st\u00e9r\u00e9o\u00adtypes, mais de la com\u00adp\u00e9\u00adtence, de la vision et de la d\u00e9ter\u00admi\u00adna\u00adtion.<\/p>\n\n\n\n<p><em>Donc il faut Trans\u00adformer ces d\u00e9fis en atouts :<\/em><\/p>\n\n\n\n<p>L\u2019excellence comme r\u00e9ponse : Plut\u00f4t que de lut\u00adter con\u00adtre les pr\u00e9jug\u00e9s, je les d\u00e9con\u00adstru\u00adis par la per\u00adfor\u00admance et les r\u00e9sul\u00adtats. Mon par\u00adcours est la preuve que le lead\u00ader\u00adship se con\u00adstru\u00adit par l\u2019expertise et l\u2019impact tan\u00adgi\u00adble.<\/p>\n\n\n\n<p>Cr\u00e9er des oppor\u00adtu\u00adnit\u00e9s pour les autres femmes : Je crois fer\u00adme\u00adment que chaque femme qui r\u00e9us\u00adsit ouvre la voie aux autres. C\u2019est pourquoi, \u00e0 tra\u00advers M3S Solu\u00adtions et mes divers\u00ades activ\u00adit\u00e9s, je m\u2019engage \u00e0 for\u00admer, inspir\u00ader et accom\u00adpa\u00adg\u00adn\u00ader d\u2019autres femmes vers des r\u00f4les de lead\u00ader\u00adship.<\/p>\n\n\n\n<p>Un lead\u00ader\u00adship fond\u00e9 sur l\u2019agilit\u00e9 et la r\u00e9silience : En int\u00e9\u00adgrant des qual\u00adit\u00e9s sou\u00advent attribu\u00e9es aux femmes : \u00e9coute, diplo\u00admatie, ges\u00adtion des crises avec prag\u00adma\u00adtisme, \u00e0 une approche strat\u00e9gique et vision\u00adnaire, je d\u00e9mon\u00adtre chaque jour que le lead\u00ader\u00adship f\u00e9minin est une force et non une excep\u00adtion.<\/p>\n\n\n\n<p>Aujourd\u2019hui, je ne cherche plus \u00e0 m\u2019int\u00e9grer dans un sys\u00adt\u00e8me fig\u00e9, mais \u00e0 red\u00e9finir les codes du lead\u00ader\u00adship pour mon\u00adtr\u00ader qu\u2019une femme peut non seule\u00adment diriger, mais aus\u00adsi innover, influ\u00adencer et trans\u00adformer durable\u00adment le monde des affaires.<\/p>\n\n\n\n<ol start=\"6\" class=\"wp-block-list\">\n<li>Vous avez re\u00e7u plusieurs dis\u00adtinc\u00adtions au cours de votre car\u00adri\u00e8re. Quelle est celle qui repr\u00e9sente le mieux votre philoso\u00adphie pro\u00adfes\u00adsion\u00adnelle ?<\/li>\n<\/ol>\n\n\n\n<p><strong>R\u00e9ponse&nbsp;:<\/strong><\/p>\n\n\n\n<p>Au cours de ma car\u00adri\u00e8re, j\u2019ai eu l\u2019honneur de recevoir plusieurs dis\u00adtinc\u00adtions et recon\u00adnais\u00adsances pour mon tra\u00advail en finance, com\u00admerce inter\u00adna\u00adtion\u00adal et d\u00e9veloppe\u00adment strat\u00e9gique. Cha\u00adcune repr\u00e9sente une \u00e9tape impor\u00adtante, mais celle qui incar\u00adne le mieux ma philoso\u00adphie pro\u00adfes\u00adsion\u00adnelle est celle qui met en lumi\u00e8re mon engage\u00adment pour l\u2019excellence, l\u2019innovation et l\u2019accompagnement des entre\u00adpris\u00ades \u00e0 l\u2019international.<\/p>\n\n\n\n<p>Cette dis\u00adtinc\u00adtion sym\u00adbol\u00adise trois piliers fon\u00adda\u00admen\u00adtaux de mon approche du lead\u00ader\u00adship :<\/p>\n\n\n\n<p>1\u2011L\u2019impact con\u00adcret sur le ter\u00adrain : Mon objec\u00adtif a tou\u00adjours \u00e9t\u00e9 d\u2019apporter des solu\u00adtions tan\u00adgi\u00adbles et adap\u00adt\u00e9es aux r\u00e9al\u00adit\u00e9s \u00e9conomiques des entre\u00adpris\u00ades, en par\u00adti\u00adc\u00aduli\u00ader en Afrique et sur les march\u00e9s \u00e9mer\u00adgents. Voir mes strat\u00e9\u00adgies porter leurs fruits et con\u00adtribuer \u00e0 la crois\u00adsance d\u2019entreprises est ma plus grande r\u00e9com\u00adpense.<\/p>\n\n\n\n<p>2\u2011L\u2019ouverture vers l\u2019international : Que ce soit \u00e0 tra\u00advers Yoda Con\u00adsult\u00ading &amp; Con\u00adseil, SSAM Inter\u00adna\u00adtion\u00adal Trade et va se devel\u00adop\u00adper davan\u00adtage avec Gavaris, mon r\u00f4le est de cr\u00e9er des ponts entre les march\u00e9s, faciliter l\u2019acc\u00e8s aux oppor\u00adtu\u00adnit\u00e9s mon\u00addi\u00adales et accom\u00adpa\u00adg\u00adn\u00ader les entre\u00adpris\u00ades dans leur expan\u00adsion.<\/p>\n\n\n\n<p>3\u2011Le lead\u00ader\u00adship f\u00e9minin et l\u2019inspiration des g\u00e9n\u00e9ra\u00adtions futures : En tant que femme leader \u00e9volu\u00adant dans des secteurs strat\u00e9giques, chaque recon\u00adnais\u00adsance est un mes\u00adsage fort pour encour\u00adager d\u2019autres femmes \u00e0 bris\u00ader les bar\u00adri\u00e8res et \u00e0 occu\u00adper des postes de d\u00e9ci\u00adsion.<\/p>\n\n\n\n<p>Cette dis\u00adtinc\u00adtion est donc bien plus qu\u2019un troph\u00e9e, elle est un sym\u00adbole de mon engage\u00adment \u00e0 long terme, et une moti\u00adva\u00adtion sup\u00adpl\u00e9\u00admen\u00adtaire pour con\u00adtin\u00aduer \u00e0 innover, inspir\u00ader et trans\u00adformer le monde des affaires avec pas\u00adsion et d\u00e9ter\u00admi\u00adna\u00adtion.<\/p>\n\n\n\n<ol start=\"7\" class=\"wp-block-list\">\n<li>La trans\u00adfor\u00adma\u00adtion dig\u00adi\u00adtale est au c\u0153ur des activ\u00adit\u00e9s de Gavaris. Quelle est votre strat\u00e9gie pour accom\u00adpa\u00adg\u00adn\u00ader les entre\u00adpris\u00ades africaines dans cette tran\u00adsi\u00adtion cru\u00adciale ?<\/li>\n<\/ol>\n\n\n\n<p><strong>R\u00e9ponse&nbsp;:<\/strong><\/p>\n\n\n\n<p>La trans\u00adfor\u00adma\u00adtion dig\u00adi\u00adtale est un levi\u00ader essen\u00adtiel pour la crois\u00adsance et la com\u00adp\u00e9ti\u00adtiv\u00adit\u00e9 des entre\u00adpris\u00ades africaines. Cepen\u00addant, elle ne peut \u00eatre abor\u00add\u00e9e de mani\u00e8re uni\u00adforme : chaque march\u00e9, chaque secteur et chaque entre\u00adprise a ses pro\u00adpres d\u00e9fis et besoins sp\u00e9\u00adci\u00adfiques.<\/p>\n\n\n\n<p>En tant que Direc\u00adtrice Adjointe du D\u00e9parte\u00adment Com\u00admer\u00adcial de Gavaris, ma strat\u00e9gie repose sur trois axes majeurs :<\/p>\n\n\n\n<p>1. Dig\u00adi\u00adtal\u00adi\u00adsa\u00adtion des proces\u00adsus d\u2019entreprise : Mod\u00aderniser pour mieux per\u00adformer<\/p>\n\n\n\n<ul class=\"wp-block-list\">\n<li>Accom\u00adpa\u00adg\u00adn\u00ader les entre\u00adpris\u00ades dans l\u2019automatisation de leurs op\u00e9ra\u00adtions pour am\u00e9lior\u00ader leur effi\u00adcac\u00adit\u00e9 et leur pro\u00adduc\u00adtiv\u00adit\u00e9.<\/li>\n\n\n\n<li>Met\u00adtre en place des solu\u00adtions cloud et des out\u00adils col\u00adlab\u00ado\u00adrat\u00adifs pour opti\u00admiser la ges\u00adtion des \u00e9quipes et des ressources.<\/li>\n\n\n\n<li>For\u00admer les dirigeants et employ\u00e9s aux bonnes pra\u00adtiques dig\u00adi\u00adtales, car la tech\u00adnolo\u00adgie seule ne suf\u00adfit pas sans une adop\u00adtion interne r\u00e9ussie.<\/li>\n<\/ul>\n\n\n\n<p>2. Acc\u00e8s aux tech\u00adnolo\u00adgies inno\u00advantes : Don\u00adner aux entre\u00adpris\u00ades les out\u00adils de demain<\/p>\n\n\n\n<ul class=\"wp-block-list\">\n<li>Faciliter l\u2019int\u00e9gration de solu\u00adtions fin\u00adtech pour favoris\u00ader l\u2019acc\u00e8s aux paiements num\u00e9riques et ren\u00adforcer l\u2019inclusion finan\u00adci\u00e8re.<\/li>\n\n\n\n<li>Accom\u00adpa\u00adg\u00adn\u00ader la mise en place de solu\u00adtions e\u2011commerce et mar\u00adket\u00ading dig\u00adi\u00adtal, indis\u00adpens\u00adables pour con\u00adqu\u00e9rir de nou\u00adveaux march\u00e9s et max\u00adimiser leur vis\u00adi\u00adbil\u00adit\u00e9.<\/li>\n\n\n\n<li>D\u00e9velop\u00adper des parte\u00adnar\u00adi\u00adats strat\u00e9giques avec des acteurs tech\u00adnologiques mon\u00addi\u00adaux pour d\u00e9moc\u00adra\u00adtis\u00ader l\u2019acc\u00e8s \u00e0 des out\u00adils per\u00adfor\u00admants et adap\u00adt\u00e9s au con\u00adtexte africain.<\/li>\n<\/ul>\n\n\n\n<p>3. Cyber\u00ads\u00e9cu\u00adrit\u00e9 et sou\u00adverainet\u00e9 num\u00e9rique : Un enjeu cl\u00e9 pour la p\u00e9ren\u00adnit\u00e9 des entre\u00adpris\u00ades<\/p>\n\n\n\n<ul class=\"wp-block-list\">\n<li>Sen\u00adsi\u00adbilis\u00ader les entre\u00adpris\u00ades aux risques li\u00e9s \u00e0 la cyber\u00ads\u00e9cu\u00adrit\u00e9 et les aider \u00e0 met\u00adtre en place des solu\u00adtions de pro\u00adtec\u00adtion robustes.<\/li>\n\n\n\n<li>Accom\u00adpa\u00adg\u00adn\u00ader la mise en con\u00adfor\u00admit\u00e9 avec les r\u00e9gle\u00admen\u00adta\u00adtions locales et inter\u00adna\u00adtionales en mati\u00e8re de pro\u00adtec\u00adtion des don\u00adn\u00e9es et de gou\u00adver\u00adnance num\u00e9rique.<\/li>\n\n\n\n<li>Encour\u00adager le d\u00e9veloppe\u00adment de solu\u00adtions tech\u00adnologiques africaines, afin de garan\u00adtir une ind\u00e9pen\u00addance num\u00e9rique et une adap\u00adta\u00adtion opti\u00admale aux r\u00e9al\u00adit\u00e9s locales.<\/li>\n<\/ul>\n\n\n\n<p>Notre objec\u00adtif chez Gavaris est clair : faire du dig\u00adi\u00adtal un acc\u00e9l\u00e9ra\u00adteur de crois\u00adsance pour les entre\u00adpris\u00ades africaines, en leur four\u00adnissant les out\u00adils, l\u2019expertise et l\u2019accompagnement n\u00e9ces\u00adsaires pour r\u00e9us\u00adsir leur tran\u00adsi\u00adtion num\u00e9rique.<\/p>\n\n\n\n<ol start=\"8\" class=\"wp-block-list\">\n<li>En tant que femme mar\u00adi\u00e9e et m\u00e8re, com\u00adment inspirez-vous d\u2019autres femmes \u00e0 pour\u00adsuiv\u00adre leurs ambi\u00adtions sans com\u00adpro\u00admis sur leur vie famil\u00adiale ?<\/li>\n<\/ol>\n\n\n\n<p><strong>R\u00e9ponse&nbsp;:<\/strong><\/p>\n\n\n\n<p>\u00catre femme, \u00e9pouse, m\u00e8re et leader est un d\u00e9fi quo\u00adti\u00addi\u00aden, mais ce n\u2019est pas un frein \u00e0 l\u2019ambition. Bien au con\u00adtraire, c\u2019est une source de force et de moti\u00adva\u00adtion.<\/p>\n\n\n\n<p>Dans mon par\u00adcours, j\u2019ai sou\u00advent \u00e9t\u00e9 con\u00adfron\u00adt\u00e9e \u00e0 la ques\u00adtion du choix entre r\u00e9us\u00adsite pro\u00adfes\u00adsion\u00adnelle et \u00e9panouisse\u00adment famil\u00adial. Pour\u00adtant, je suis con\u00adva\u00adin\u00adcue qu\u2019une femme ne devrait pas avoir \u00e0 choisir. Nous pou\u00advons et devons fa\u00e7on\u00adner un mod\u00ad\u00e8le o\u00f9 les deux peu\u00advent coex\u00adis\u00adter har\u00admonieuse\u00adment.<\/p>\n\n\n\n<p>L\u2019organisation et la ges\u00adtion du temps sont les cl\u00e9s de l\u2019\u00e9quilibre. Je con\u00adsid\u00ad\u00e8re la plan\u00adi\u00adfi\u00adca\u00adtion comme un levi\u00ader puis\u00adsant. En struc\u00adturant mes journ\u00e9es avec dis\u00adci\u00adpline, en d\u00e9finis\u00adsant des pri\u00ador\u00adit\u00e9s claires et en apprenant \u00e0 d\u00e9l\u00e9guer, j\u2019ai pu b\u00e2tir des entre\u00adpris\u00ades tout en restant pr\u00e9sente pour ma famille.<\/p>\n\n\n\n<p>Le plus grand mes\u00adsage que je veux trans\u00admet\u00adtre aux femmes, c\u2019est qu\u2019il est pos\u00adsi\u00adble d\u2019avoir une car\u00adri\u00e8re ambitieuse sans sac\u00adri\u00adfi\u00ader sa vie per\u00adson\u00adnelle. En partageant mon exp\u00e9ri\u00adence \u00e0 tra\u00advers le men\u00adtorat et la for\u00adma\u00adtion, je mon\u00adtre qu\u2019une femme peut diriger, innover et impacter pos\u00adi\u00adtive\u00adment son envi\u00adron\u00adnement.<\/p>\n\n\n\n<p>\u00c0 tra\u00advers M3S Solu\u00adtions et Yoda Con\u00adsult\u00ading, j\u2019accompagne de nom\u00adbreuses femmes dans leur mon\u00adt\u00e9e en com\u00adp\u00e9\u00adtence et leur prise de lead\u00ader\u00adship. Je crois fer\u00adme\u00adment que chaque femme qui r\u00e9us\u00adsit ouvre la voie aux autres. L\u2019entraide et la trans\u00admis\u00adsion sont essen\u00adtielles pour b\u00e2tir un avenir o\u00f9 les femmes ne sont plus une excep\u00adtion dans les sph\u00e8res d\u00e9ci\u00adsion\u00adnelles.<\/p>\n\n\n\n<p>Aujourd\u2019hui, je veux \u00eatre une source d\u2019inspiration pour les femmes qui h\u00e9si\u00adtent \u00e0 pour\u00adsuiv\u00adre leurs ambi\u00adtions. Il est pos\u00adsi\u00adble d\u2019\u00eatre une leader influ\u00adente et une m\u00e8re pr\u00e9sente, tant que l\u2019on s\u2019accorde le droit d\u2019exceller dans les deux r\u00f4les sans cul\u00adpa\u00adbil\u00adit\u00e9.<\/p>\n\n\n\n<ol start=\"9\" class=\"wp-block-list\">\n<li>Quels sont vos objec\u00adtifs \u00e0 long terme pour M3S Solu\u00adtions et com\u00adment envis\u00adagez-vous son int\u00e9\u00adgra\u00adtion dans l\u2019\u00e9cosyst\u00e8me plus large de Gavaris ?<\/li>\n<\/ol>\n\n\n\n<p><strong>R\u00e9ponse&nbsp;:<\/strong><\/p>\n\n\n\n<p>Plut\u00f4t mon parte\u00adnar\u00adi\u00adat avec GAVARIS c\u2019est avec YODA Con\u00adsult\u00ading et Con\u00adseils qui a \u00e9t\u00e9 con\u00e7u avec un objec\u00adtif clair : devenir un acteur majeur de la for\u00adma\u00adtion pro\u00adfes\u00adsion\u00adnelle, du ren\u00adforce\u00adment des com\u00adp\u00e9\u00adtences et de l\u2019accompagnement strat\u00e9gique des entre\u00adpris\u00ades. Dans un monde en con\u00adstante \u00e9vo\u00adlu\u00adtion, o\u00f9 les exi\u00adgences du march\u00e9 n\u00e9ces\u00adsi\u00adtent des com\u00adp\u00e9\u00adtences de plus en plus pointues, la for\u00adma\u00adtion con\u00adtin\u00adue est un levi\u00ader essen\u00adtiel pour assur\u00ader la com\u00adp\u00e9ti\u00adtiv\u00adit\u00e9 et la crois\u00adsance des entre\u00adpris\u00ades.<\/p>\n\n\n\n<p>Mes objec\u00adtifs \u00e0 long terme pour YODA Con\u00adsult\u00ading et Con\u00adseils reposent sur plusieurs axes strat\u00e9giques :<\/p>\n\n\n\n<p>Expan\u00adsion et dig\u00adi\u00adtal\u00adi\u00adsa\u00adtion de l\u2019offre de for\u00adma\u00adtion:<\/p>\n\n\n\n<ul class=\"wp-block-list\">\n<li>D\u00e9velop\u00adper des for\u00adma\u00adtions cer\u00adti\u00adfi\u00adantes dans des domaines cl\u00e9s comme la finance, le com\u00admerce inter\u00adna\u00adtion\u00adal, la ges\u00adtion d\u2019entreprise et la trans\u00adfor\u00adma\u00adtion dig\u00adi\u00adtale.<\/li>\n\n\n\n<li>Met\u00adtre en place une plate\u00adforme e\u2011learning pour per\u00adme\u00adt\u00adtre un acc\u00e8s facil\u00adit\u00e9 aux for\u00adma\u00adtions, notam\u00adment pour les pro\u00adfes\u00adsion\u00adnels en Afrique et au-del\u00e0.<\/li>\n<\/ul>\n\n\n\n<p>Ren\u00adforce\u00adment des parte\u00adnar\u00adi\u00adats strat\u00e9giques:<\/p>\n\n\n\n<ul class=\"wp-block-list\">\n<li>Col\u00adla\u00adbor\u00ader avec des insti\u00adtu\u00adtions acad\u00e9miques et des entre\u00adpris\u00ades inter\u00adna\u00adtionales pour offrir des for\u00adma\u00adtions adap\u00adt\u00e9es aux besoins du march\u00e9.<\/li>\n\n\n\n<li>Cr\u00e9er des pro\u00adgrammes de for\u00adma\u00adtion sur mesure pour accom\u00adpa\u00adg\u00adn\u00ader les entre\u00adpris\u00ades dans leur mon\u00adt\u00e9e en com\u00adp\u00e9\u00adtence et leur d\u00e9veloppe\u00adment.<\/li>\n<\/ul>\n\n\n\n<p>L\u2019int\u00e9gration de YODA Con\u00adsult\u00ading et Con\u00adseils dans Gavaris repose sur une com\u00adpl\u00e9\u00admen\u00adtar\u00adit\u00e9 naturelle : for\u00admer des tal\u00adents et accom\u00adpa\u00adg\u00adn\u00ader la trans\u00adfor\u00adma\u00adtion des entre\u00adpris\u00ades \u00e0 tra\u00advers des com\u00adp\u00e9\u00adtences pointues. Cette syn\u00adergie per\u00adme\u00adt\u00adtra de :<\/p>\n\n\n\n<ul class=\"wp-block-list\">\n<li>Offrir des for\u00adma\u00adtions sp\u00e9\u00adcial\u00adis\u00e9es pour les secteurs o\u00f9 Gavaris est act\u00adif, notam\u00adment les m\u00e9dias, la finance, le dig\u00adi\u00adtal et l\u2019export.<\/li>\n\n\n\n<li>D\u00e9velop\u00adper un incu\u00adba\u00adteur de tal\u00adents, des\u00adtin\u00e9 \u00e0 iden\u00adti\u00adfi\u00ader et \u00e0 accom\u00adpa\u00adg\u00adn\u00ader les futurs lead\u00aders et entre\u00adpre\u00adneurs africains.<\/li>\n\n\n\n<li>Met\u00adtre en place un r\u00e9seau d\u2019experts et de for\u00adma\u00adteurs pour ren\u00adforcer les capac\u00adit\u00e9s des \u00e9quipes de Gavaris et de ses parte\u00adnaires.<\/li>\n<\/ul>\n\n\n\n<p>L\u2019objectif final est clair : faire de YODA Con\u00adsult\u00ading et Con\u00adseils un moteur de d\u00e9veloppe\u00adment et d\u2019innovation, non seule\u00adment au sein de Gavaris, mais aus\u00adsi dans l\u2019\u00e9cosyst\u00e8me \u00e9conomique africain et inter\u00adna\u00adtion\u00adal.<\/p>\n\n\n\n<ol start=\"10\" class=\"wp-block-list\">\n<li>La diver\u00adsit\u00e9 et l\u2019inclusion sont des sujets cl\u00e9s aujourd\u2019hui. Quelles ini\u00adtia\u00adtives prenez-vous pour pro\u00admou\u00advoir ces valeurs au sein de vos \u00e9quipes et parte\u00adnaires ?<\/li>\n<\/ol>\n\n\n\n<p><strong>R\u00e9ponse&nbsp;;<\/strong><\/p>\n\n\n\n<p>Dans un monde en pleine trans\u00adfor\u00adma\u00adtion, la diver\u00adsit\u00e9 et l\u2019inclusion ne sont pas seule\u00adment des valeurs, mais des leviers de per\u00adfor\u00admance et d\u2019innovation. En tant que dirigeante de plusieurs entre\u00adpris\u00ades et parte\u00adnaire strat\u00e9gique chez Gavaris, je con\u00adsid\u00ad\u00e8re qu\u2019il est essen\u00adtiel de cr\u00e9er des envi\u00adron\u00adnements o\u00f9 cha\u00adcun, ind\u00e9pen\u00addam\u00adment de son genre, de son orig\u00adine ou de son par\u00adcours, peut s\u2019\u00e9panouir et con\u00adtribuer pleine\u00adment \u00e0 la r\u00e9us\u00adsite col\u00adlec\u00adtive.<\/p>\n\n\n\n<p>Encour\u00adager l\u2019accession des femmes \u00e0 des postes de direc\u00adtion, en leur four\u00adnissant les out\u00adils et le men\u00adtorat n\u00e9ces\u00adsaires pour \u00e9voluer dans des envi\u00adron\u00adnements tra\u00addi\u00adtion\u00adnelle\u00adment dom\u00adin\u00e9s par les hommes.<\/p>\n\n\n\n<p>Int\u00e9\u00adgr\u00ader dans nos \u00e9quipes des pro\u00adfils var\u00adi\u00e9s en ter\u00admes de cul\u00adtures, d\u2019\u00e2ges et d\u2019exp\u00e9riences, car la diver\u00adsit\u00e9 est un moteur d\u2019innovation. Et met\u00adtre en place des poli\u00adtiques de recrute\u00adment inclu\u00adsives pour favoris\u00ader l\u2019embauche de tal\u00adents issus de dif\u00adf\u00e9rentes orig\u00adines et milieux socio-\u00e9conomiques.<\/p>\n\n\n\n<p>D\u00e9velop\u00adper une cul\u00adture d\u2019entreprise bas\u00e9e sur le respect et la recon\u00adnais\u00adsance des com\u00adp\u00e9\u00adtences de cha\u00adcun. Et surtout sen\u00adsi\u00adbilis\u00ader nos \u00e9quipes et parte\u00adnaires aux b\u00e9n\u00e9\u00adfices d\u2019un envi\u00adron\u00adnement inclusif, en organ\u00adisant des ate\u00adliers et des for\u00adma\u00adtions sur la diver\u00adsit\u00e9 et l\u2019\u00e9quit\u00e9 en entre\u00adprise. Faire de la diver\u00adsit\u00e9 et de l\u2019inclusion un pili\u00ader fon\u00adda\u00admen\u00adtal de notre r\u00e9us\u00adsite col\u00adlec\u00adtive, en per\u00adme\u00adt\u00adtant \u00e0 chaque tal\u00adent d\u2019apporter sa valeur ajout\u00e9e et d\u2019avoir un impact posi\u00adtif sur notre \u00e9cosys\u00adt\u00e8me.<\/p>\n\n\n\n<figure class=\"wp-block-image size-large\"><img loading=\"lazy\" decoding=\"async\" width=\"1024\" height=\"671\" src=\"https:\/\/bobea.net\/wp-content\/uploads\/2025\/03\/Capture555-1024x671.png\" alt class=\"wp-image-12644\" srcset=\"https:\/\/bobea.net\/wp-content\/uploads\/2025\/03\/Capture555-1024x671.png 1024w, https:\/\/bobea.net\/wp-content\/uploads\/2025\/03\/Capture555-300x197.png 300w, https:\/\/bobea.net\/wp-content\/uploads\/2025\/03\/Capture555-768x503.png 768w, https:\/\/bobea.net\/wp-content\/uploads\/2025\/03\/Capture555.png 1041w\" sizes=\"(max-width: 1024px) 100vw, 1024px\"><\/figure>\n\n\n\n<ol start=\"11\" class=\"wp-block-list\">\n<li>Quel mes\u00adsage souhaitez-vous trans\u00admet\u00adtre aux jeunes femmes africaines qui aspirent \u00e0 devenir des lead\u00aders dans leur domaine ?<\/li>\n<\/ol>\n\n\n\n<p><strong>R\u00e9ponse&nbsp;:<\/strong><\/p>\n\n\n\n<p>Aux jeunes femmes africaines qui r\u00eavent de devenir lead\u00aders dans leur domaine, mon mes\u00adsage est sim\u00adple : <strong><em>\u201cOsez, per\u00ads\u00e9v\u00e9rez et croyez en votre poten\u00adtiel\u201d<\/em><\/strong><\/p>\n\n\n\n<p>vous avez le pou\u00advoir de trans\u00adformer vos ambi\u00adtions en r\u00e9al\u00adit\u00e9, peu importe les obsta\u00adcles que vous ren\u00adcon\u00adtr\u00aderez. Croyez en votre poten\u00adtiel et en vos com\u00adp\u00e9\u00adtences, Ne lais\u00adsez jamais les doutes lim\u00aditer vos ambi\u00adtions. Le lead\u00ader\u00adship ne se d\u00e9finit ni par le genre ni par l\u2019origine, mais par la vision, l\u2019expertise et la d\u00e9ter\u00admi\u00adna\u00adtion. Formez-vous, d\u00e9veloppez vos com\u00adp\u00e9\u00adtences et osez pren\u00addre des ini\u00adtia\u00adtives.<\/p>\n\n\n\n<p>Trans\u00adformez les d\u00e9fis en oppor\u00adtu\u00adnit\u00e9s, en tant que femme leader \u00e9volu\u00adant dans des secteurs com\u00adp\u00e9ti\u00adtifs, j\u2019ai appris que les d\u00e9fis sont des oppor\u00adtu\u00adnit\u00e9s d\u00e9guis\u00e9es. Chaque obsta\u00adcle vous ren\u00addra plus forte, plus r\u00e9siliente et mieux pr\u00e9\u00adpar\u00e9e pour diriger avec impact.<\/p>\n\n\n\n<p>Soyez auda\u00adcieuses et per\u00ads\u00e9v\u00e9rez, le chemin vers le lead\u00ader\u00adship est exigeant, mais rien n\u2019est impos\u00adsi\u00adble \u00e0 celles qui osent. Fix\u00adez-vous des objec\u00adtifs ambitieux et tra\u00advaillez chaque jour pour les attein\u00addre. L\u2019\u00e9chec n\u2019est pas une fin, mais une \u00e9tape vers la r\u00e9us\u00adsite.<\/p>\n\n\n\n<p>Inspirez et ouvrez la voie aux g\u00e9n\u00e9ra\u00adtions futures, votre suc\u00adc\u00e8s ne sera pas seule\u00adment le v\u00f4tre : chaque femme qui r\u00e9us\u00adsit ouvre la voie aux autres. Soyez un mod\u00ad\u00e8le, partagez votre exp\u00e9ri\u00adence et aidez d\u2019autres femmes \u00e0 grandir. Ensem\u00adble, nous b\u00e2tirons une g\u00e9n\u00e9ra\u00adtion de lead\u00aders africaines fortes et influ\u00adentes. L\u2019Afrique a besoin de femmes lead\u00aders engag\u00e9es, ambitieuses et vision\u00adnaires. Osez \u00eatre celle qui change les r\u00e8gles et cr\u00e9e l\u2019avenir !<\/p>\n\n\n\n<ol start=\"12\" class=\"wp-block-list\">\n<li>Avec votre car\u00adri\u00e8re floris\u00adsante et vos respon\u00ads\u00adabil\u00adit\u00e9s crois\u00adsantes, quels sont vos r\u00eaves ou ambi\u00adtions pour l\u2019avenir, tant sur le plan per\u00adson\u00adnel que pro\u00adfes\u00adsion\u00adnel ?<\/li>\n<\/ol>\n\n\n\n<p><strong>R\u00e9ponse&nbsp;:<\/strong><\/p>\n\n\n\n<p>Avec une car\u00adri\u00e8re qui s\u2019\u00e9tend sur plusieurs con\u00adti\u00adnents et secteurs strat\u00e9giques, je con\u00adsid\u00ad\u00e8re que l\u2019\u00e9volution est un voy\u00adage con\u00adtinu, et non une des\u00adti\u00adna\u00adtion. Mes ambi\u00adtions pour l\u2019avenir se d\u00e9cli\u00adnent sur deux dimen\u00adsions essen\u00adtielles : l\u2019impact pro\u00adfes\u00adsion\u00adnel et l\u2019accomplissement per\u00adson\u00adnel.<\/p>\n\n\n\n<p>1. Sur le plan pro\u00adfes\u00adsion\u00adnel : Con\u00adstru\u00adire un h\u00e9ritage durable<\/p>\n\n\n\n<ul class=\"wp-block-list\">\n<li>Faire de Yoda Con\u00adsult\u00ading &amp; Con\u00adseil et M3S Solu\u00adtions des r\u00e9f\u00e9rences incon\u00adtourn\u00adables dans l\u2019accompagnement des entre\u00adpris\u00ades et la for\u00adma\u00adtion pro\u00adfes\u00adsion\u00adnelle, notam\u00adment en Afrique et sur les march\u00e9s \u00e9mer\u00adgents.<\/li>\n\n\n\n<li>Ren\u00adforcer mon engage\u00adment dans l\u2019expansion des entre\u00adpris\u00ades africaines \u00e0 l\u2019international, en accom\u00adpa\u00adg\u00adnant des pro\u00adjets struc\u00adturants dans le com\u00admerce, la finance et la trans\u00adfor\u00adma\u00adtion dig\u00adi\u00adtale.<\/li>\n\n\n\n<li>Cr\u00e9er un incu\u00adba\u00adteur de tal\u00adents f\u00e9minins, pour soutenir et for\u00admer la prochaine g\u00e9n\u00e9ra\u00adtion de femmes lead\u00aders et entre\u00adpre\u00adneures.<\/li>\n<\/ul>\n\n\n\n<p>2. Sur le plan per\u00adson\u00adnel : Inspir\u00ader et trans\u00admet\u00adtre<\/p>\n\n\n\n<ul class=\"wp-block-list\">\n<li>Con\u00adtin\u00aduer \u00e0 bris\u00ader les bar\u00adri\u00e8res et ouvrir la voie \u00e0 d\u2019autres femmes, en partageant mon exp\u00e9ri\u00adence et en ser\u00advant de men\u00adtor \u00e0 celles qui aspirent \u00e0 des postes de lead\u00ader\u00adship.<\/li>\n\n\n\n<li>\u00c9crire un livre ou lancer une plate\u00adforme de partage d\u2019exp\u00e9rience, pour trans\u00admet\u00adtre mes con\u00adnais\u00adsances en strat\u00e9gie d\u2019entreprise, export et finance.<\/li>\n\n\n\n<li>Main\u00adtenir un \u00e9quili\u00adbre entre ma car\u00adri\u00e8re et ma famille, car la r\u00e9us\u00adsite ne se mesure pas seule\u00adment en chiffres, mais aus\u00adsi en moments pr\u00e9\u00adcieux avec ceux qui nous entourent.<\/li>\n<\/ul>\n\n\n\n<p>\u00c0 long terme, mon r\u00eave est d\u2019avoir un impact sig\u00adni\u00adfi\u00adcatif sur l\u2019\u00e9conomie africaine et sur la place des femmes dans les sph\u00e8res d\u00e9ci\u00adsion\u00adnelles. Je veux \u00eatre non seule\u00adment une actrice du change\u00adment, mais aus\u00adsi une catal\u00ady\u00adseur d\u2019opportunit\u00e9s pour les g\u00e9n\u00e9ra\u00adtions futures.<\/p>\n\n\n\n<p><strong><em>Mer\u00adci infin\u00adi\u00adment pour ce moment partag\u00e9 sur le TAPIS ROUGE de BOBEA Inter\u00adna\u00adtion\u00adal Mag\u00ada\u00adzine.<\/em><\/strong><strong><em> <\/em><\/strong><strong><em>Nous vous remer\u00adcions pour votre temps et votre g\u00e9n\u00e9rosit\u00e9 en partageant vos exp\u00e9ri\u00adences avec nous.Vos r\u00e9al\u00adi\u00adsa\u00adtions sont une source d\u2019in\u00adspi\u00adra\u00adtion pour notre pub\u00adlic.<\/em><\/strong><strong><em> <\/em><\/strong><strong><em>Votre lead\u00ader\u00adship est un mod\u00ad\u00e8le pour les g\u00e9n\u00e9ra\u00adtions futures.<\/em><\/strong><strong><em> <\/em><\/strong><strong><em>Nous sommes con\u00adva\u00adin\u00adcus que votre his\u00adtoire con\u00adtin\u00aduera d\u2019in\u00adspir\u00ader de nom\u00adbreux entre\u00adpre\u00adneurs.<\/em><\/strong><strong><em><\/em><\/strong><\/p>\n\n\n\n<p><strong><em>Nous vous souhaitons tout le suc\u00adc\u00e8s dans vos futurs pro\u00adjets avec Gavaris.<\/em><\/strong><strong><em><\/em><\/strong><\/p>\n","protected":false},"excerpt":{"rendered":"<p>Qui est la femme que Bob\u00e9a Mag\u00ada\u00adzine re\u00e7oit sur son TAPIS ROUGE&nbsp;? Sar\u00adra Sas\u00adsi Hama\u00adda : Une vision\u00adnaire du com\u00admerce inter\u00adna\u00adtion\u00adal au ser\u00advice de l\u2019Afrique \u00c0 45 ans, Sar\u00adra Sas\u00adsi\u2026 <\/p>\n","protected":false},"author":1,"featured_media":12646,"comment_status":"open","ping_status":"closed","sticky":false,"template":"","format":"standard","meta":{"wp_typography_post_enhancements_disabled":false,"footnotes":""},"categories":[76,54],"tags":[],"class_list":["post-12638","post","type-post","status-publish","format-standard","has-post-thumbnail","hentry","category-interviews","category-voice"],"yoast_head":"<!-- This site is optimized with the Yoast SEO plugin v24.7 - https:\/\/yoast.com\/wordpress\/plugins\/seo\/ -->\n<title>TAPIS ROUGE de BOBEA Magazine \u00e0 Sarra Sassi Hamada - Bobea<\/title>\n<meta name=\"description\" content=\"\u00c0 45 ans, Sarra Sassi Hamada s&#039;impose comme une figure incontournable du monde des affaires en Afrique. Cette entrepreneuse tunisienne\" \/>\n<meta name=\"robots\" content=\"index, follow, max-snippet:-1, max-image-preview:large, max-video-preview:-1\" \/>\n<link rel=\"canonical\" href=\"https:\/\/bobea.net\/index.php\/2025\/03\/24\/tapis-rouge-de-bobea-magazine-a-sarra-sassi-hamada\/\" \/>\n<meta property=\"og:locale\" content=\"fr_FR\" \/>\n<meta property=\"og:type\" content=\"article\" \/>\n<meta property=\"og:title\" content=\"TAPIS ROUGE de BOBEA Magazine \u00e0 Sarra Sassi Hamada - Bobea\" \/>\n<meta property=\"og:description\" content=\"\u00c0 45 ans, Sarra Sassi Hamada s&#039;impose comme une figure incontournable du monde des affaires en Afrique. Cette entrepreneuse tunisienne\" \/>\n<meta property=\"og:url\" content=\"https:\/\/bobea.net\/index.php\/2025\/03\/24\/tapis-rouge-de-bobea-magazine-a-sarra-sassi-hamada\/\" \/>\n<meta property=\"og:site_name\" content=\"Bobea\" \/>\n<meta property=\"article:publisher\" content=\"https:\/\/web.facebook.com\/profile.php?id=61559252188416\" \/>\n<meta property=\"article:published_time\" content=\"2025-03-24T11:17:56+00:00\" \/>\n<meta property=\"article:modified_time\" content=\"2025-03-24T11:18:49+00:00\" \/>\n<meta property=\"og:image\" content=\"https:\/\/bobea.net\/wp-content\/uploads\/2025\/03\/BOBEA-INTERNATIONAL-MAGAZINE.jpeg\" \/>\n\t<meta property=\"og:image:width\" content=\"1024\" \/>\n\t<meta property=\"og:image:height\" content=\"768\" \/>\n\t<meta property=\"og:image:type\" content=\"image\/jpeg\" \/>\n<meta name=\"author\" content=\"bobea.info\" \/>\n<meta name=\"twitter:card\" content=\"summary_large_image\" \/>\n<meta name=\"twitter:label1\" content=\"\u00c9crit par\" \/>\n\t<meta name=\"twitter:data1\" content=\"bobea.info\" \/>\n\t<meta name=\"twitter:label2\" content=\"Dur\u00e9e de lecture estim\u00e9e\" \/>\n\t<meta name=\"twitter:data2\" content=\"20 minutes\" \/>\n<script type=\"application\/ld+json\" class=\"yoast-schema-graph\">{\"@context\":\"https:\/\/schema.org\",\"@graph\":[{\"@type\":\"Article\",\"@id\":\"https:\/\/bobea.net\/index.php\/2025\/03\/24\/tapis-rouge-de-bobea-magazine-a-sarra-sassi-hamada\/#article\",\"isPartOf\":{\"@id\":\"https:\/\/bobea.net\/index.php\/2025\/03\/24\/tapis-rouge-de-bobea-magazine-a-sarra-sassi-hamada\/\"},\"author\":{\"name\":\"bobea.info\",\"@id\":\"https:\/\/bobea.net\/#\/schema\/person\/e7f45ef187918d7c956bf619dce90ccf\"},\"headline\":\"TAPIS ROUGE de BOBEA Magazine \u00e0 Sarra Sassi Hamada\",\"datePublished\":\"2025-03-24T11:17:56+00:00\",\"dateModified\":\"2025-03-24T11:18:49+00:00\",\"mainEntityOfPage\":{\"@id\":\"https:\/\/bobea.net\/index.php\/2025\/03\/24\/tapis-rouge-de-bobea-magazine-a-sarra-sassi-hamada\/\"},\"wordCount\":4196,\"commentCount\":0,\"publisher\":{\"@id\":\"https:\/\/bobea.net\/#organization\"},\"image\":{\"@id\":\"https:\/\/bobea.net\/index.php\/2025\/03\/24\/tapis-rouge-de-bobea-magazine-a-sarra-sassi-hamada\/#primaryimage\"},\"thumbnailUrl\":\"https:\/\/bobea.net\/wp-content\/uploads\/2025\/03\/BOBEA-INTERNATIONAL-MAGAZINE.jpeg\",\"articleSection\":[\"Interviews\",\"Voice\"],\"inLanguage\":\"fr-FR\",\"potentialAction\":[{\"@type\":\"CommentAction\",\"name\":\"Comment\",\"target\":[\"https:\/\/bobea.net\/index.php\/2025\/03\/24\/tapis-rouge-de-bobea-magazine-a-sarra-sassi-hamada\/#respond\"]}]},{\"@type\":\"WebPage\",\"@id\":\"https:\/\/bobea.net\/index.php\/2025\/03\/24\/tapis-rouge-de-bobea-magazine-a-sarra-sassi-hamada\/\",\"url\":\"https:\/\/bobea.net\/index.php\/2025\/03\/24\/tapis-rouge-de-bobea-magazine-a-sarra-sassi-hamada\/\",\"name\":\"TAPIS ROUGE de BOBEA Magazine \u00e0 Sarra Sassi Hamada - Bobea\",\"isPartOf\":{\"@id\":\"https:\/\/bobea.net\/#website\"},\"primaryImageOfPage\":{\"@id\":\"https:\/\/bobea.net\/index.php\/2025\/03\/24\/tapis-rouge-de-bobea-magazine-a-sarra-sassi-hamada\/#primaryimage\"},\"image\":{\"@id\":\"https:\/\/bobea.net\/index.php\/2025\/03\/24\/tapis-rouge-de-bobea-magazine-a-sarra-sassi-hamada\/#primaryimage\"},\"thumbnailUrl\":\"https:\/\/bobea.net\/wp-content\/uploads\/2025\/03\/BOBEA-INTERNATIONAL-MAGAZINE.jpeg\",\"datePublished\":\"2025-03-24T11:17:56+00:00\",\"dateModified\":\"2025-03-24T11:18:49+00:00\",\"description\":\"\u00c0 45 ans, Sarra Sassi Hamada s'impose comme une figure incontournable du monde des affaires en Afrique. Cette entrepreneuse tunisienne\",\"breadcrumb\":{\"@id\":\"https:\/\/bobea.net\/index.php\/2025\/03\/24\/tapis-rouge-de-bobea-magazine-a-sarra-sassi-hamada\/#breadcrumb\"},\"inLanguage\":\"fr-FR\",\"potentialAction\":[{\"@type\":\"ReadAction\",\"target\":[\"https:\/\/bobea.net\/index.php\/2025\/03\/24\/tapis-rouge-de-bobea-magazine-a-sarra-sassi-hamada\/\"]}]},{\"@type\":\"ImageObject\",\"inLanguage\":\"fr-FR\",\"@id\":\"https:\/\/bobea.net\/index.php\/2025\/03\/24\/tapis-rouge-de-bobea-magazine-a-sarra-sassi-hamada\/#primaryimage\",\"url\":\"https:\/\/bobea.net\/wp-content\/uploads\/2025\/03\/BOBEA-INTERNATIONAL-MAGAZINE.jpeg\",\"contentUrl\":\"https:\/\/bobea.net\/wp-content\/uploads\/2025\/03\/BOBEA-INTERNATIONAL-MAGAZINE.jpeg\",\"width\":1024,\"height\":768},{\"@type\":\"BreadcrumbList\",\"@id\":\"https:\/\/bobea.net\/index.php\/2025\/03\/24\/tapis-rouge-de-bobea-magazine-a-sarra-sassi-hamada\/#breadcrumb\",\"itemListElement\":[{\"@type\":\"ListItem\",\"position\":1,\"name\":\"Accueil\",\"item\":\"https:\/\/bobea.net\/\"},{\"@type\":\"ListItem\",\"position\":2,\"name\":\"TAPIS ROUGE de BOBEA Magazine \u00e0 Sarra Sassi Hamada\"}]},{\"@type\":\"WebSite\",\"@id\":\"https:\/\/bobea.net\/#website\",\"url\":\"https:\/\/bobea.net\/\",\"name\":\"Bobea\",\"description\":\"Le magazine de la nouvelle \u00c8ve\",\"publisher\":{\"@id\":\"https:\/\/bobea.net\/#organization\"},\"potentialAction\":[{\"@type\":\"SearchAction\",\"target\":{\"@type\":\"EntryPoint\",\"urlTemplate\":\"https:\/\/bobea.net\/?s={search_term_string}\"},\"query-input\":{\"@type\":\"PropertyValueSpecification\",\"valueRequired\":true,\"valueName\":\"search_term_string\"}}],\"inLanguage\":\"fr-FR\"},{\"@type\":\"Organization\",\"@id\":\"https:\/\/bobea.net\/#organization\",\"name\":\"Bobea\",\"url\":\"https:\/\/bobea.net\/\",\"logo\":{\"@type\":\"ImageObject\",\"inLanguage\":\"fr-FR\",\"@id\":\"https:\/\/bobea.net\/#\/schema\/logo\/image\/\",\"url\":\"https:\/\/bobea.net\/wp-content\/uploads\/2024\/06\/bobea.jpg\",\"contentUrl\":\"https:\/\/bobea.net\/wp-content\/uploads\/2024\/06\/bobea.jpg\",\"width\":1080,\"height\":1080,\"caption\":\"Bobea\"},\"image\":{\"@id\":\"https:\/\/bobea.net\/#\/schema\/logo\/image\/\"},\"sameAs\":[\"https:\/\/web.facebook.com\/profile.php?id=61559252188416\"]},{\"@type\":\"Person\",\"@id\":\"https:\/\/bobea.net\/#\/schema\/person\/e7f45ef187918d7c956bf619dce90ccf\",\"name\":\"bobea.info\",\"image\":{\"@type\":\"ImageObject\",\"inLanguage\":\"fr-FR\",\"@id\":\"https:\/\/bobea.net\/#\/schema\/person\/image\/\",\"url\":\"https:\/\/secure.gravatar.com\/avatar\/36147980349df887ae30808df3e29474?s=96&d=mm&r=g\",\"contentUrl\":\"https:\/\/secure.gravatar.com\/avatar\/36147980349df887ae30808df3e29474?s=96&d=mm&r=g\",\"caption\":\"bobea.info\"},\"sameAs\":[\"https:\/\/bobea.net\"],\"url\":\"https:\/\/bobea.net\/index.php\/author\/bobea-info\/\"}]}<\/script>\n<!-- \/ Yoast SEO plugin. -->","yoast_head_json":{"title":"TAPIS ROUGE de BOBEA Magazine \u00e0 Sarra Sassi Hamada - Bobea","description":"\u00c0 45 ans, Sarra Sassi Hamada s'impose comme une figure incontournable du monde des affaires en Afrique. Cette entrepreneuse tunisienne","robots":{"index":"index","follow":"follow","max-snippet":"max-snippet:-1","max-image-preview":"max-image-preview:large","max-video-preview":"max-video-preview:-1"},"canonical":"https:\/\/bobea.net\/index.php\/2025\/03\/24\/tapis-rouge-de-bobea-magazine-a-sarra-sassi-hamada\/","og_locale":"fr_FR","og_type":"article","og_title":"TAPIS ROUGE de BOBEA Magazine \u00e0 Sarra Sassi Hamada - Bobea","og_description":"\u00c0 45 ans, Sarra Sassi Hamada s'impose comme une figure incontournable du monde des affaires en Afrique. Cette entrepreneuse tunisienne","og_url":"https:\/\/bobea.net\/index.php\/2025\/03\/24\/tapis-rouge-de-bobea-magazine-a-sarra-sassi-hamada\/","og_site_name":"Bobea","article_publisher":"https:\/\/web.facebook.com\/profile.php?id=61559252188416","article_published_time":"2025-03-24T11:17:56+00:00","article_modified_time":"2025-03-24T11:18:49+00:00","og_image":[{"width":1024,"height":768,"url":"https:\/\/bobea.net\/wp-content\/uploads\/2025\/03\/BOBEA-INTERNATIONAL-MAGAZINE.jpeg","type":"image\/jpeg"}],"author":"bobea.info","twitter_card":"summary_large_image","twitter_misc":{"\u00c9crit par":"bobea.info","Dur\u00e9e de lecture estim\u00e9e":"20 minutes"},"schema":{"@context":"https:\/\/schema.org","@graph":[{"@type":"Article","@id":"https:\/\/bobea.net\/index.php\/2025\/03\/24\/tapis-rouge-de-bobea-magazine-a-sarra-sassi-hamada\/#article","isPartOf":{"@id":"https:\/\/bobea.net\/index.php\/2025\/03\/24\/tapis-rouge-de-bobea-magazine-a-sarra-sassi-hamada\/"},"author":{"name":"bobea.info","@id":"https:\/\/bobea.net\/#\/schema\/person\/e7f45ef187918d7c956bf619dce90ccf"},"headline":"TAPIS ROUGE de BOBEA Magazine \u00e0 Sarra Sassi Hamada","datePublished":"2025-03-24T11:17:56+00:00","dateModified":"2025-03-24T11:18:49+00:00","mainEntityOfPage":{"@id":"https:\/\/bobea.net\/index.php\/2025\/03\/24\/tapis-rouge-de-bobea-magazine-a-sarra-sassi-hamada\/"},"wordCount":4196,"commentCount":0,"publisher":{"@id":"https:\/\/bobea.net\/#organization"},"image":{"@id":"https:\/\/bobea.net\/index.php\/2025\/03\/24\/tapis-rouge-de-bobea-magazine-a-sarra-sassi-hamada\/#primaryimage"},"thumbnailUrl":"https:\/\/bobea.net\/wp-content\/uploads\/2025\/03\/BOBEA-INTERNATIONAL-MAGAZINE.jpeg","articleSection":["Interviews","Voice"],"inLanguage":"fr-FR","potentialAction":[{"@type":"CommentAction","name":"Comment","target":["https:\/\/bobea.net\/index.php\/2025\/03\/24\/tapis-rouge-de-bobea-magazine-a-sarra-sassi-hamada\/#respond"]}]},{"@type":"WebPage","@id":"https:\/\/bobea.net\/index.php\/2025\/03\/24\/tapis-rouge-de-bobea-magazine-a-sarra-sassi-hamada\/","url":"https:\/\/bobea.net\/index.php\/2025\/03\/24\/tapis-rouge-de-bobea-magazine-a-sarra-sassi-hamada\/","name":"TAPIS ROUGE de BOBEA Magazine \u00e0 Sarra Sassi Hamada - Bobea","isPartOf":{"@id":"https:\/\/bobea.net\/#website"},"primaryImageOfPage":{"@id":"https:\/\/bobea.net\/index.php\/2025\/03\/24\/tapis-rouge-de-bobea-magazine-a-sarra-sassi-hamada\/#primaryimage"},"image":{"@id":"https:\/\/bobea.net\/index.php\/2025\/03\/24\/tapis-rouge-de-bobea-magazine-a-sarra-sassi-hamada\/#primaryimage"},"thumbnailUrl":"https:\/\/bobea.net\/wp-content\/uploads\/2025\/03\/BOBEA-INTERNATIONAL-MAGAZINE.jpeg","datePublished":"2025-03-24T11:17:56+00:00","dateModified":"2025-03-24T11:18:49+00:00","description":"\u00c0 45 ans, Sarra Sassi Hamada s'impose comme une figure incontournable du monde des affaires en Afrique. Cette entrepreneuse tunisienne","breadcrumb":{"@id":"https:\/\/bobea.net\/index.php\/2025\/03\/24\/tapis-rouge-de-bobea-magazine-a-sarra-sassi-hamada\/#breadcrumb"},"inLanguage":"fr-FR","potentialAction":[{"@type":"ReadAction","target":["https:\/\/bobea.net\/index.php\/2025\/03\/24\/tapis-rouge-de-bobea-magazine-a-sarra-sassi-hamada\/"]}]},{"@type":"ImageObject","inLanguage":"fr-FR","@id":"https:\/\/bobea.net\/index.php\/2025\/03\/24\/tapis-rouge-de-bobea-magazine-a-sarra-sassi-hamada\/#primaryimage","url":"https:\/\/bobea.net\/wp-content\/uploads\/2025\/03\/BOBEA-INTERNATIONAL-MAGAZINE.jpeg","contentUrl":"https:\/\/bobea.net\/wp-content\/uploads\/2025\/03\/BOBEA-INTERNATIONAL-MAGAZINE.jpeg","width":1024,"height":768},{"@type":"BreadcrumbList","@id":"https:\/\/bobea.net\/index.php\/2025\/03\/24\/tapis-rouge-de-bobea-magazine-a-sarra-sassi-hamada\/#breadcrumb","itemListElement":[{"@type":"ListItem","position":1,"name":"Accueil","item":"https:\/\/bobea.net\/"},{"@type":"ListItem","position":2,"name":"TAPIS ROUGE de BOBEA Magazine \u00e0 Sarra Sassi Hamada"}]},{"@type":"WebSite","@id":"https:\/\/bobea.net\/#website","url":"https:\/\/bobea.net\/","name":"Bobea","description":"Le magazine de la nouvelle \u00c8ve","publisher":{"@id":"https:\/\/bobea.net\/#organization"},"potentialAction":[{"@type":"SearchAction","target":{"@type":"EntryPoint","urlTemplate":"https:\/\/bobea.net\/?s={search_term_string}"},"query-input":{"@type":"PropertyValueSpecification","valueRequired":true,"valueName":"search_term_string"}}],"inLanguage":"fr-FR"},{"@type":"Organization","@id":"https:\/\/bobea.net\/#organization","name":"Bobea","url":"https:\/\/bobea.net\/","logo":{"@type":"ImageObject","inLanguage":"fr-FR","@id":"https:\/\/bobea.net\/#\/schema\/logo\/image\/","url":"https:\/\/bobea.net\/wp-content\/uploads\/2024\/06\/bobea.jpg","contentUrl":"https:\/\/bobea.net\/wp-content\/uploads\/2024\/06\/bobea.jpg","width":1080,"height":1080,"caption":"Bobea"},"image":{"@id":"https:\/\/bobea.net\/#\/schema\/logo\/image\/"},"sameAs":["https:\/\/web.facebook.com\/profile.php?id=61559252188416"]},{"@type":"Person","@id":"https:\/\/bobea.net\/#\/schema\/person\/e7f45ef187918d7c956bf619dce90ccf","name":"bobea.info","image":{"@type":"ImageObject","inLanguage":"fr-FR","@id":"https:\/\/bobea.net\/#\/schema\/person\/image\/","url":"https:\/\/secure.gravatar.com\/avatar\/36147980349df887ae30808df3e29474?s=96&d=mm&r=g","contentUrl":"https:\/\/secure.gravatar.com\/avatar\/36147980349df887ae30808df3e29474?s=96&d=mm&r=g","caption":"bobea.info"},"sameAs":["https:\/\/bobea.net"],"url":"https:\/\/bobea.net\/index.php\/author\/bobea-info\/"}]}},"_links":{"self":[{"href":"https:\/\/bobea.net\/index.php\/wp-json\/wp\/v2\/posts\/12638"}],"collection":[{"href":"https:\/\/bobea.net\/index.php\/wp-json\/wp\/v2\/posts"}],"about":[{"href":"https:\/\/bobea.net\/index.php\/wp-json\/wp\/v2\/types\/post"}],"author":[{"embeddable":true,"href":"https:\/\/bobea.net\/index.php\/wp-json\/wp\/v2\/users\/1"}],"replies":[{"embeddable":true,"href":"https:\/\/bobea.net\/index.php\/wp-json\/wp\/v2\/comments?post=12638"}],"version-history":[{"count":1,"href":"https:\/\/bobea.net\/index.php\/wp-json\/wp\/v2\/posts\/12638\/revisions"}],"predecessor-version":[{"id":12645,"href":"https:\/\/bobea.net\/index.php\/wp-json\/wp\/v2\/posts\/12638\/revisions\/12645"}],"wp:featuredmedia":[{"embeddable":true,"href":"https:\/\/bobea.net\/index.php\/wp-json\/wp\/v2\/media\/12646"}],"wp:attachment":[{"href":"https:\/\/bobea.net\/index.php\/wp-json\/wp\/v2\/media?parent=12638"}],"wp:term":[{"taxonomy":"category","embeddable":true,"href":"https:\/\/bobea.net\/index.php\/wp-json\/wp\/v2\/categories?post=12638"},{"taxonomy":"post_tag","embeddable":true,"href":"https:\/\/bobea.net\/index.php\/wp-json\/wp\/v2\/tags?post=12638"}],"curies":[{"name":"wp","href":"https:\/\/api.w.org\/{rel}","templated":true}]}}