{"id":12496,"date":"2025-03-24T09:27:19","date_gmt":"2025-03-24T09:27:19","guid":{"rendered":"https:\/\/bobea.net\/?p=12496"},"modified":"2025-03-24T09:27:20","modified_gmt":"2025-03-24T09:27:20","slug":"tendances-printemps-ete-2025","status":"publish","type":"post","link":"https:\/\/bobea.net\/index.php\/2025\/03\/24\/tendances-printemps-ete-2025\/","title":{"rendered":"Tendances printemps-\u00e9t\u00e9 2025"},"content":{"rendered":"\n<p>Le print\u00ademps-\u00e9t\u00e9 2025 s\u2019an\u00adnonce comme une sai\u00adson de renou\u00adveau et d\u2019au\u00addace dans le monde de la mode. Les cr\u00e9a\u00adteurs ont mis\u00e9 sur des pi\u00e8ces incon\u00adtourn\u00adables qui allient con\u00adfort, style et orig\u00adi\u00adnal\u00adit\u00e9.<\/p>\n\n\n\n<p>La par\u00adka revis\u00adit\u00e9e s\u2019im\u00adpose comme la pi\u00e8ce phare de la sai\u00adson. Loin de son image util\u00adi\u00adtaire, elle se r\u00e9in\u00advente en ver\u00adsion chic et sophis\u00adtiqu\u00e9e. On la retrou\u00adve dans des mati\u00e8res l\u00e9g\u00e8res et des coupes flu\u00adides, par\u00adfaite pour les soir\u00e9es fra\u00eech\u00ades d\u2019\u00e9t\u00e9.<\/p>\n\n\n\n<p>Les couleurs pop font leur grand retour, avec une pr\u00e9\u00addom\u00adi\u00adnance du jaune beurre qui apporte une touche de lumi\u00adnosit\u00e9 \u00e0 toutes les tenues. Les m\u00e9langes de styles sont encour\u00adag\u00e9s, per\u00adme\u00adt\u00adtant une expres\u00adsion per\u00adson\u00adnelle plus libre et cr\u00e9a\u00adtive.<\/p>\n\n\n\n<p>Pour les ama\u00adteurs de den\u00adim, la bonne nou\u00advelle est le retour en force du total look jean. Inspir\u00e9 directe\u00adment des ann\u00e9es 90, ce style s\u2019ac\u00adcom\u00adpa\u00adgne d\u2019une r\u00e9sur\u00adgence de la jupe taille basse, un clin d\u2019\u0153il nos\u00adtal\u00adgique \u00e0 cette \u00e9poque embl\u00e9\u00adma\u00adtique.<\/p>\n\n\n\n<figure class=\"wp-block-image size-large is-resized\"><img loading=\"lazy\" decoding=\"async\" width=\"1024\" height=\"537\" src=\"https:\/\/bobea.net\/wp-content\/uploads\/2025\/03\/Les-13-tendances-printemps-ete-2025-dictees-par-la-Fashion-Week-TextileAddict-1024x537.webp\" alt class=\"wp-image-12500\" style=\"width:848px;height:auto\" srcset=\"https:\/\/bobea.net\/wp-content\/uploads\/2025\/03\/Les-13-tendances-printemps-ete-2025-dictees-par-la-Fashion-Week-TextileAddict-1024x537.webp 1024w, https:\/\/bobea.net\/wp-content\/uploads\/2025\/03\/Les-13-tendances-printemps-ete-2025-dictees-par-la-Fashion-Week-TextileAddict-300x157.webp 300w, https:\/\/bobea.net\/wp-content\/uploads\/2025\/03\/Les-13-tendances-printemps-ete-2025-dictees-par-la-Fashion-Week-TextileAddict-768x403.webp 768w, https:\/\/bobea.net\/wp-content\/uploads\/2025\/03\/Les-13-tendances-printemps-ete-2025-dictees-par-la-Fashion-Week-TextileAddict.webp 1111w\" sizes=\"(max-width: 1024px) 100vw, 1024px\"><\/figure>\n\n\n\n<p>Les acces\u00adsoires ne sont pas en reste avec l\u2019om\u00adnipr\u00e9sence des paniers en osier, par\u00adfaits pour un look esti\u00adval chic et d\u00e9con\u00adtrac\u00adt\u00e9. Les per\u00adles mul\u00adti\u00adcol\u00adores s\u2019in\u00advi\u00adtent \u00e9gale\u00adment sur les bijoux et les v\u00eate\u00adments, appor\u00adtant une touche ludique et joyeuse aux tenues.<\/p>\n\n\n\n<p>C\u00f4t\u00e9 chaus\u00adsures, les sneak\u00aders en daim font leur grand retour, alliant con\u00adfort et style r\u00e9tro. Elles se por\u00adtent aus\u00adsi bien avec une robe l\u00e9g\u00e8re qu\u2019avec un jean, pour un look d\u00e9con\u00adtrac\u00adt\u00e9 mais ten\u00addance.<\/p>\n\n\n\n<p>Enfin, la robe \u00e0 fleurs XXL s\u2019im\u00adpose comme un must-have de la sai\u00adson. Avec ses imprim\u00e9s over\u00adsized rap\u00adpelant les tapis\u00adseries vin\u00adtage, elle apporte une touche roman\u00adtique et boh\u00e8me \u00e0 la garde-robe esti\u00advale.<\/p>\n\n\n\n<p>Ces ten\u00addances print\u00ademps-\u00e9t\u00e9 2025 offrent un m\u00e9lange exci\u00adtant de nos\u00adtal\u00adgie et de moder\u00adnit\u00e9, per\u00adme\u00adt\u00adtant \u00e0 cha\u00adcun de trou\u00adver son style unique tout en restant \u00e0 la pointe de la mode.<\/p>\n","protected":false},"excerpt":{"rendered":"<p>Le print\u00ad\u00ademps-\u00e9t\u00e9 2025 s\u2019an\u00adnonce comme une sai\u00adson de renou\u00adveau et d\u2019au\u00addace dans le monde de la mode. Les cr\u00e9a\u00adteurs ont mis\u00e9 sur des pi\u00e8ces incon\u00adtourn\u00adables qui allient con\u00adfort, style et\u2026 <\/p>\n","protected":false},"author":1,"featured_media":12498,"comment_status":"open","ping_status":"closed","sticky":false,"template":"","format":"standard","meta":{"wp_typography_post_enhancements_disabled":false,"footnotes":""},"categories":[51,67],"tags":[],"class_list":["post-12496","post","type-post","status-publish","format-standard","has-post-thumbnail","hentry","category-beaute","category-tendances"],"yoast_head":"<!-- This site is optimized with the Yoast SEO plugin v24.7 - https:\/\/yoast.com\/wordpress\/plugins\/seo\/ -->\n<title>Tendances printemps-\u00e9t\u00e9 2025 - Bobea<\/title>\n<meta name=\"description\" content=\"Le printemps-\u00e9t\u00e9 2025 s&#039;annonce comme une saison de renouveau et d&#039;audace dans le monde de la mode. Les cr\u00e9ateurs ont mis\u00e9 s\" \/>\n<meta name=\"robots\" content=\"index, follow, max-snippet:-1, max-image-preview:large, max-video-preview:-1\" \/>\n<link rel=\"canonical\" href=\"https:\/\/bobea.net\/index.php\/2025\/03\/24\/tendances-printemps-ete-2025\/\" \/>\n<meta property=\"og:locale\" content=\"fr_FR\" \/>\n<meta property=\"og:type\" content=\"article\" \/>\n<meta property=\"og:title\" content=\"Tendances printemps-\u00e9t\u00e9 2025 - Bobea\" \/>\n<meta property=\"og:description\" content=\"Le printemps-\u00e9t\u00e9 2025 s&#039;annonce comme une saison de renouveau et d&#039;audace dans le monde de la mode. Les cr\u00e9ateurs ont mis\u00e9 s\" \/>\n<meta property=\"og:url\" content=\"https:\/\/bobea.net\/index.php\/2025\/03\/24\/tendances-printemps-ete-2025\/\" \/>\n<meta property=\"og:site_name\" content=\"Bobea\" \/>\n<meta property=\"article:publisher\" content=\"https:\/\/web.facebook.com\/profile.php?id=61559252188416\" \/>\n<meta property=\"article:published_time\" content=\"2025-03-24T09:27:19+00:00\" \/>\n<meta property=\"article:modified_time\" content=\"2025-03-24T09:27:20+00:00\" \/>\n<meta property=\"og:image\" content=\"https:\/\/bobea.net\/wp-content\/uploads\/2025\/03\/tendances-printemps-ete-20256.webp\" \/>\n\t<meta property=\"og:image:width\" content=\"1667\" \/>\n\t<meta property=\"og:image:height\" content=\"1250\" \/>\n\t<meta property=\"og:image:type\" content=\"image\/webp\" \/>\n<meta name=\"author\" content=\"bobea.info\" \/>\n<meta name=\"twitter:card\" content=\"summary_large_image\" \/>\n<meta name=\"twitter:label1\" content=\"\u00c9crit par\" \/>\n\t<meta name=\"twitter:data1\" content=\"bobea.info\" \/>\n\t<meta name=\"twitter:label2\" content=\"Dur\u00e9e de lecture estim\u00e9e\" \/>\n\t<meta name=\"twitter:data2\" content=\"2 minutes\" \/>\n<script type=\"application\/ld+json\" class=\"yoast-schema-graph\">{\"@context\":\"https:\/\/schema.org\",\"@graph\":[{\"@type\":\"Article\",\"@id\":\"https:\/\/bobea.net\/index.php\/2025\/03\/24\/tendances-printemps-ete-2025\/#article\",\"isPartOf\":{\"@id\":\"https:\/\/bobea.net\/index.php\/2025\/03\/24\/tendances-printemps-ete-2025\/\"},\"author\":{\"name\":\"bobea.info\",\"@id\":\"https:\/\/bobea.net\/#\/schema\/person\/e7f45ef187918d7c956bf619dce90ccf\"},\"headline\":\"Tendances printemps-\u00e9t\u00e9 2025\",\"datePublished\":\"2025-03-24T09:27:19+00:00\",\"dateModified\":\"2025-03-24T09:27:20+00:00\",\"mainEntityOfPage\":{\"@id\":\"https:\/\/bobea.net\/index.php\/2025\/03\/24\/tendances-printemps-ete-2025\/\"},\"wordCount\":320,\"commentCount\":0,\"publisher\":{\"@id\":\"https:\/\/bobea.net\/#organization\"},\"image\":{\"@id\":\"https:\/\/bobea.net\/index.php\/2025\/03\/24\/tendances-printemps-ete-2025\/#primaryimage\"},\"thumbnailUrl\":\"https:\/\/bobea.net\/wp-content\/uploads\/2025\/03\/tendances-printemps-ete-20256.webp\",\"articleSection\":[\"Beaut\u00e9\",\"Tendances\"],\"inLanguage\":\"fr-FR\",\"potentialAction\":[{\"@type\":\"CommentAction\",\"name\":\"Comment\",\"target\":[\"https:\/\/bobea.net\/index.php\/2025\/03\/24\/tendances-printemps-ete-2025\/#respond\"]}]},{\"@type\":\"WebPage\",\"@id\":\"https:\/\/bobea.net\/index.php\/2025\/03\/24\/tendances-printemps-ete-2025\/\",\"url\":\"https:\/\/bobea.net\/index.php\/2025\/03\/24\/tendances-printemps-ete-2025\/\",\"name\":\"Tendances printemps-\u00e9t\u00e9 2025 - Bobea\",\"isPartOf\":{\"@id\":\"https:\/\/bobea.net\/#website\"},\"primaryImageOfPage\":{\"@id\":\"https:\/\/bobea.net\/index.php\/2025\/03\/24\/tendances-printemps-ete-2025\/#primaryimage\"},\"image\":{\"@id\":\"https:\/\/bobea.net\/index.php\/2025\/03\/24\/tendances-printemps-ete-2025\/#primaryimage\"},\"thumbnailUrl\":\"https:\/\/bobea.net\/wp-content\/uploads\/2025\/03\/tendances-printemps-ete-20256.webp\",\"datePublished\":\"2025-03-24T09:27:19+00:00\",\"dateModified\":\"2025-03-24T09:27:20+00:00\",\"description\":\"Le printemps-\u00e9t\u00e9 2025 s'annonce comme une saison de renouveau et d'audace dans le monde de la mode. Les cr\u00e9ateurs ont mis\u00e9 s\",\"breadcrumb\":{\"@id\":\"https:\/\/bobea.net\/index.php\/2025\/03\/24\/tendances-printemps-ete-2025\/#breadcrumb\"},\"inLanguage\":\"fr-FR\",\"potentialAction\":[{\"@type\":\"ReadAction\",\"target\":[\"https:\/\/bobea.net\/index.php\/2025\/03\/24\/tendances-printemps-ete-2025\/\"]}]},{\"@type\":\"ImageObject\",\"inLanguage\":\"fr-FR\",\"@id\":\"https:\/\/bobea.net\/index.php\/2025\/03\/24\/tendances-printemps-ete-2025\/#primaryimage\",\"url\":\"https:\/\/bobea.net\/wp-content\/uploads\/2025\/03\/tendances-printemps-ete-20256.webp\",\"contentUrl\":\"https:\/\/bobea.net\/wp-content\/uploads\/2025\/03\/tendances-printemps-ete-20256.webp\",\"width\":1667,\"height\":1250},{\"@type\":\"BreadcrumbList\",\"@id\":\"https:\/\/bobea.net\/index.php\/2025\/03\/24\/tendances-printemps-ete-2025\/#breadcrumb\",\"itemListElement\":[{\"@type\":\"ListItem\",\"position\":1,\"name\":\"Accueil\",\"item\":\"https:\/\/bobea.net\/\"},{\"@type\":\"ListItem\",\"position\":2,\"name\":\"Tendances printemps-\u00e9t\u00e9 2025\"}]},{\"@type\":\"WebSite\",\"@id\":\"https:\/\/bobea.net\/#website\",\"url\":\"https:\/\/bobea.net\/\",\"name\":\"Bobea\",\"description\":\"Le magazine de la nouvelle \u00c8ve\",\"publisher\":{\"@id\":\"https:\/\/bobea.net\/#organization\"},\"potentialAction\":[{\"@type\":\"SearchAction\",\"target\":{\"@type\":\"EntryPoint\",\"urlTemplate\":\"https:\/\/bobea.net\/?s={search_term_string}\"},\"query-input\":{\"@type\":\"PropertyValueSpecification\",\"valueRequired\":true,\"valueName\":\"search_term_string\"}}],\"inLanguage\":\"fr-FR\"},{\"@type\":\"Organization\",\"@id\":\"https:\/\/bobea.net\/#organization\",\"name\":\"Bobea\",\"url\":\"https:\/\/bobea.net\/\",\"logo\":{\"@type\":\"ImageObject\",\"inLanguage\":\"fr-FR\",\"@id\":\"https:\/\/bobea.net\/#\/schema\/logo\/image\/\",\"url\":\"https:\/\/bobea.net\/wp-content\/uploads\/2024\/06\/bobea.jpg\",\"contentUrl\":\"https:\/\/bobea.net\/wp-content\/uploads\/2024\/06\/bobea.jpg\",\"width\":1080,\"height\":1080,\"caption\":\"Bobea\"},\"image\":{\"@id\":\"https:\/\/bobea.net\/#\/schema\/logo\/image\/\"},\"sameAs\":[\"https:\/\/web.facebook.com\/profile.php?id=61559252188416\"]},{\"@type\":\"Person\",\"@id\":\"https:\/\/bobea.net\/#\/schema\/person\/e7f45ef187918d7c956bf619dce90ccf\",\"name\":\"bobea.info\",\"image\":{\"@type\":\"ImageObject\",\"inLanguage\":\"fr-FR\",\"@id\":\"https:\/\/bobea.net\/#\/schema\/person\/image\/\",\"url\":\"https:\/\/secure.gravatar.com\/avatar\/36147980349df887ae30808df3e29474?s=96&d=mm&r=g\",\"contentUrl\":\"https:\/\/secure.gravatar.com\/avatar\/36147980349df887ae30808df3e29474?s=96&d=mm&r=g\",\"caption\":\"bobea.info\"},\"sameAs\":[\"https:\/\/bobea.net\"],\"url\":\"https:\/\/bobea.net\/index.php\/author\/bobea-info\/\"}]}<\/script>\n<!-- \/ Yoast SEO plugin. -->","yoast_head_json":{"title":"Tendances printemps-\u00e9t\u00e9 2025 - Bobea","description":"Le printemps-\u00e9t\u00e9 2025 s'annonce comme une saison de renouveau et d'audace dans le monde de la mode. Les cr\u00e9ateurs ont mis\u00e9 s","robots":{"index":"index","follow":"follow","max-snippet":"max-snippet:-1","max-image-preview":"max-image-preview:large","max-video-preview":"max-video-preview:-1"},"canonical":"https:\/\/bobea.net\/index.php\/2025\/03\/24\/tendances-printemps-ete-2025\/","og_locale":"fr_FR","og_type":"article","og_title":"Tendances printemps-\u00e9t\u00e9 2025 - Bobea","og_description":"Le printemps-\u00e9t\u00e9 2025 s'annonce comme une saison de renouveau et d'audace dans le monde de la mode. Les cr\u00e9ateurs ont mis\u00e9 s","og_url":"https:\/\/bobea.net\/index.php\/2025\/03\/24\/tendances-printemps-ete-2025\/","og_site_name":"Bobea","article_publisher":"https:\/\/web.facebook.com\/profile.php?id=61559252188416","article_published_time":"2025-03-24T09:27:19+00:00","article_modified_time":"2025-03-24T09:27:20+00:00","og_image":[{"width":1667,"height":1250,"url":"https:\/\/bobea.net\/wp-content\/uploads\/2025\/03\/tendances-printemps-ete-20256.webp","type":"image\/webp"}],"author":"bobea.info","twitter_card":"summary_large_image","twitter_misc":{"\u00c9crit par":"bobea.info","Dur\u00e9e de lecture estim\u00e9e":"2 minutes"},"schema":{"@context":"https:\/\/schema.org","@graph":[{"@type":"Article","@id":"https:\/\/bobea.net\/index.php\/2025\/03\/24\/tendances-printemps-ete-2025\/#article","isPartOf":{"@id":"https:\/\/bobea.net\/index.php\/2025\/03\/24\/tendances-printemps-ete-2025\/"},"author":{"name":"bobea.info","@id":"https:\/\/bobea.net\/#\/schema\/person\/e7f45ef187918d7c956bf619dce90ccf"},"headline":"Tendances printemps-\u00e9t\u00e9 2025","datePublished":"2025-03-24T09:27:19+00:00","dateModified":"2025-03-24T09:27:20+00:00","mainEntityOfPage":{"@id":"https:\/\/bobea.net\/index.php\/2025\/03\/24\/tendances-printemps-ete-2025\/"},"wordCount":320,"commentCount":0,"publisher":{"@id":"https:\/\/bobea.net\/#organization"},"image":{"@id":"https:\/\/bobea.net\/index.php\/2025\/03\/24\/tendances-printemps-ete-2025\/#primaryimage"},"thumbnailUrl":"https:\/\/bobea.net\/wp-content\/uploads\/2025\/03\/tendances-printemps-ete-20256.webp","articleSection":["Beaut\u00e9","Tendances"],"inLanguage":"fr-FR","potentialAction":[{"@type":"CommentAction","name":"Comment","target":["https:\/\/bobea.net\/index.php\/2025\/03\/24\/tendances-printemps-ete-2025\/#respond"]}]},{"@type":"WebPage","@id":"https:\/\/bobea.net\/index.php\/2025\/03\/24\/tendances-printemps-ete-2025\/","url":"https:\/\/bobea.net\/index.php\/2025\/03\/24\/tendances-printemps-ete-2025\/","name":"Tendances printemps-\u00e9t\u00e9 2025 - Bobea","isPartOf":{"@id":"https:\/\/bobea.net\/#website"},"primaryImageOfPage":{"@id":"https:\/\/bobea.net\/index.php\/2025\/03\/24\/tendances-printemps-ete-2025\/#primaryimage"},"image":{"@id":"https:\/\/bobea.net\/index.php\/2025\/03\/24\/tendances-printemps-ete-2025\/#primaryimage"},"thumbnailUrl":"https:\/\/bobea.net\/wp-content\/uploads\/2025\/03\/tendances-printemps-ete-20256.webp","datePublished":"2025-03-24T09:27:19+00:00","dateModified":"2025-03-24T09:27:20+00:00","description":"Le printemps-\u00e9t\u00e9 2025 s'annonce comme une saison de renouveau et d'audace dans le monde de la mode. Les cr\u00e9ateurs ont mis\u00e9 s","breadcrumb":{"@id":"https:\/\/bobea.net\/index.php\/2025\/03\/24\/tendances-printemps-ete-2025\/#breadcrumb"},"inLanguage":"fr-FR","potentialAction":[{"@type":"ReadAction","target":["https:\/\/bobea.net\/index.php\/2025\/03\/24\/tendances-printemps-ete-2025\/"]}]},{"@type":"ImageObject","inLanguage":"fr-FR","@id":"https:\/\/bobea.net\/index.php\/2025\/03\/24\/tendances-printemps-ete-2025\/#primaryimage","url":"https:\/\/bobea.net\/wp-content\/uploads\/2025\/03\/tendances-printemps-ete-20256.webp","contentUrl":"https:\/\/bobea.net\/wp-content\/uploads\/2025\/03\/tendances-printemps-ete-20256.webp","width":1667,"height":1250},{"@type":"BreadcrumbList","@id":"https:\/\/bobea.net\/index.php\/2025\/03\/24\/tendances-printemps-ete-2025\/#breadcrumb","itemListElement":[{"@type":"ListItem","position":1,"name":"Accueil","item":"https:\/\/bobea.net\/"},{"@type":"ListItem","position":2,"name":"Tendances printemps-\u00e9t\u00e9 2025"}]},{"@type":"WebSite","@id":"https:\/\/bobea.net\/#website","url":"https:\/\/bobea.net\/","name":"Bobea","description":"Le magazine de la nouvelle \u00c8ve","publisher":{"@id":"https:\/\/bobea.net\/#organization"},"potentialAction":[{"@type":"SearchAction","target":{"@type":"EntryPoint","urlTemplate":"https:\/\/bobea.net\/?s={search_term_string}"},"query-input":{"@type":"PropertyValueSpecification","valueRequired":true,"valueName":"search_term_string"}}],"inLanguage":"fr-FR"},{"@type":"Organization","@id":"https:\/\/bobea.net\/#organization","name":"Bobea","url":"https:\/\/bobea.net\/","logo":{"@type":"ImageObject","inLanguage":"fr-FR","@id":"https:\/\/bobea.net\/#\/schema\/logo\/image\/","url":"https:\/\/bobea.net\/wp-content\/uploads\/2024\/06\/bobea.jpg","contentUrl":"https:\/\/bobea.net\/wp-content\/uploads\/2024\/06\/bobea.jpg","width":1080,"height":1080,"caption":"Bobea"},"image":{"@id":"https:\/\/bobea.net\/#\/schema\/logo\/image\/"},"sameAs":["https:\/\/web.facebook.com\/profile.php?id=61559252188416"]},{"@type":"Person","@id":"https:\/\/bobea.net\/#\/schema\/person\/e7f45ef187918d7c956bf619dce90ccf","name":"bobea.info","image":{"@type":"ImageObject","inLanguage":"fr-FR","@id":"https:\/\/bobea.net\/#\/schema\/person\/image\/","url":"https:\/\/secure.gravatar.com\/avatar\/36147980349df887ae30808df3e29474?s=96&d=mm&r=g","contentUrl":"https:\/\/secure.gravatar.com\/avatar\/36147980349df887ae30808df3e29474?s=96&d=mm&r=g","caption":"bobea.info"},"sameAs":["https:\/\/bobea.net"],"url":"https:\/\/bobea.net\/index.php\/author\/bobea-info\/"}]}},"_links":{"self":[{"href":"https:\/\/bobea.net\/index.php\/wp-json\/wp\/v2\/posts\/12496"}],"collection":[{"href":"https:\/\/bobea.net\/index.php\/wp-json\/wp\/v2\/posts"}],"about":[{"href":"https:\/\/bobea.net\/index.php\/wp-json\/wp\/v2\/types\/post"}],"author":[{"embeddable":true,"href":"https:\/\/bobea.net\/index.php\/wp-json\/wp\/v2\/users\/1"}],"replies":[{"embeddable":true,"href":"https:\/\/bobea.net\/index.php\/wp-json\/wp\/v2\/comments?post=12496"}],"version-history":[{"count":1,"href":"https:\/\/bobea.net\/index.php\/wp-json\/wp\/v2\/posts\/12496\/revisions"}],"predecessor-version":[{"id":12501,"href":"https:\/\/bobea.net\/index.php\/wp-json\/wp\/v2\/posts\/12496\/revisions\/12501"}],"wp:featuredmedia":[{"embeddable":true,"href":"https:\/\/bobea.net\/index.php\/wp-json\/wp\/v2\/media\/12498"}],"wp:attachment":[{"href":"https:\/\/bobea.net\/index.php\/wp-json\/wp\/v2\/media?parent=12496"}],"wp:term":[{"taxonomy":"category","embeddable":true,"href":"https:\/\/bobea.net\/index.php\/wp-json\/wp\/v2\/categories?post=12496"},{"taxonomy":"post_tag","embeddable":true,"href":"https:\/\/bobea.net\/index.php\/wp-json\/wp\/v2\/tags?post=12496"}],"curies":[{"name":"wp","href":"https:\/\/api.w.org\/{rel}","templated":true}]}}