{"id":12492,"date":"2025-03-24T09:23:42","date_gmt":"2025-03-24T09:23:42","guid":{"rendered":"https:\/\/bobea.net\/?p=12492"},"modified":"2025-03-24T09:23:46","modified_gmt":"2025-03-24T09:23:46","slug":"le-pape-francois-bientot-sorti-de-lhopital","status":"publish","type":"post","link":"https:\/\/bobea.net\/index.php\/2025\/03\/24\/le-pape-francois-bientot-sorti-de-lhopital\/","title":{"rendered":"Le pape Fran\u00e7ois bient\u00f4t sorti de l\u2019h\u00f4pital"},"content":{"rendered":"\n<p>Le pape Fran\u00e7ois, 88 ans, devrait quit\u00adter l\u2019h\u00f4pi\u00adtal Gemel\u00adli de Rome dans les prochains jours, apr\u00e8s y avoir \u00e9t\u00e9 admis pour une inter\u00adven\u00adtion chirur\u00adgi\u00adcale mineure. Cette nou\u00advelle ras\u00adsure les fid\u00e8les du monde entier, inqui\u00adets pour la san\u00adt\u00e9 du sou\u00adverain pon\u00adtife.<\/p>\n\n\n\n<p>Le Vat\u00adi\u00adcan a con\u00adfir\u00adm\u00e9 que l\u2019op\u00e9ra\u00adtion s\u2019est d\u00e9roul\u00e9e sans com\u00adpli\u00adca\u00adtions et que le pape se remet bien. \u201cSa Sain\u00adtet\u00e9 r\u00e9cup\u00e8re de mani\u00e8re sat\u00adis\u00adfaisante et devrait repren\u00addre ses activ\u00adit\u00e9s nor\u00admales d\u2019i\u00adci une semaine\u201d, a d\u00e9clar\u00e9 le porte-parole du Saint-Si\u00e8ge.<\/p>\n\n\n\n<p>Pen\u00addant son s\u00e9jour \u00e0 l\u2019h\u00f4pi\u00adtal, le pape Fran\u00e7ois a con\u00adtin\u00adu\u00e9 \u00e0 tra\u00advailler, rece\u00advant des vis\u00adites de col\u00adlab\u00ado\u00adra\u00adteurs proches et pr\u00e9\u00adparant ses prochaines allo\u00adcu\u00adtions. Cette d\u00e9ter\u00admi\u00adna\u00adtion \u00e0 pour\u00adsuiv\u00adre sa mis\u00adsion mal\u00adgr\u00e9 les d\u00e9fis de san\u00adt\u00e9 a sus\u00adcit\u00e9 l\u2019ad\u00admi\u00adra\u00adtion de nom\u00adbreux obser\u00adva\u00adteu.<\/p>\n\n\n\n<p>Le pape a prof\u00adit\u00e9 de cette exp\u00e9ri\u00adence pour soulign\u00ader l\u2019im\u00adpor\u00adtance des soins de san\u00adt\u00e9 acces\u00adsi\u00adbles \u00e0 tous. Dans un mes\u00adsage aux patients et au per\u00adson\u00adnel de l\u2019h\u00f4pi\u00adtal, il a d\u00e9clar\u00e9 : \u201cLa san\u00adt\u00e9 n\u2019est pas un luxe, c\u2019est un droit fon\u00adda\u00admen\u00adtal. Nous devons tra\u00advailler ensem\u00adble pour un sys\u00adt\u00e8me de san\u00adt\u00e9 plus juste et plus inclusif.\u201d<\/p>\n\n\n\n<figure class=\"wp-block-image size-large\"><img loading=\"lazy\" decoding=\"async\" width=\"1024\" height=\"576\" src=\"https:\/\/bobea.net\/wp-content\/uploads\/2025\/03\/1200x675_cmsv2_bec0eb09-840f-507d-ae09-57a1ce72d2fe-7496932-1024x576.webp\" alt class=\"wp-image-12494\" srcset=\"https:\/\/bobea.net\/wp-content\/uploads\/2025\/03\/1200x675_cmsv2_bec0eb09-840f-507d-ae09-57a1ce72d2fe-7496932-1024x576.webp 1024w, https:\/\/bobea.net\/wp-content\/uploads\/2025\/03\/1200x675_cmsv2_bec0eb09-840f-507d-ae09-57a1ce72d2fe-7496932-300x169.webp 300w, https:\/\/bobea.net\/wp-content\/uploads\/2025\/03\/1200x675_cmsv2_bec0eb09-840f-507d-ae09-57a1ce72d2fe-7496932-768x432.webp 768w, https:\/\/bobea.net\/wp-content\/uploads\/2025\/03\/1200x675_cmsv2_bec0eb09-840f-507d-ae09-57a1ce72d2fe-7496932.webp 1200w\" sizes=\"(max-width: 1024px) 100vw, 1024px\"><\/figure>\n\n\n\n<p>\u00c0 sa sor\u00adtie, le pape devrait repren\u00addre rapi\u00adde\u00adment son agen\u00adda charg\u00e9, inclu\u00adant plusieurs voy\u00adages apos\u00adtoliques pr\u00e9vus pour 2025. Son prochain grand pro\u00adjet est la pr\u00e9\u00adpa\u00adra\u00adtion du Jubil\u00e9 2025, un \u00e9v\u00e9ne\u00adment majeur pour l\u2019\u00c9glise catholique qui attire des mil\u00adlions de p\u00e8lerins \u00e0 Rome .<\/p>\n\n\n\n<p>Cette hos\u00adpi\u00adtal\u00adi\u00adsa\u00adtion a \u00e9gale\u00adment relanc\u00e9 les dis\u00adcus\u00adsions sur la pos\u00adsi\u00adbil\u00adit\u00e9 d\u2019une \u00e9ventuelle renon\u00adci\u00ada\u00adtion du pape Fran\u00e7ois. Cepen\u00addant, le Vat\u00adi\u00adcan a fer\u00adme\u00adment rejet\u00e9 ces sp\u00e9cu\u00adla\u00adtions, affir\u00admant que le pape reste d\u00e9ter\u00admin\u00e9 \u00e0 pour\u00adsuiv\u00adre son pon\u00adtif\u00adi\u00adcat aus\u00adsi longtemps que sa san\u00adt\u00e9 le lui per\u00adme\u00adt\u00adtra.<\/p>\n\n\n\n<p>Le retour immi\u00adnent du pape Fran\u00e7ois \u00e0 ses fonc\u00adtions est accueil\u00adli avec soulage\u00adment et espoir par les catholiques du monde entier, qui voient en lui un leader charis\u00adma\u00adtique et pro\u00adgres\u00adsiste, capa\u00adble de guider l\u2019\u00c9glise \u00e0 tra\u00advers les d\u00e9fis du 21e si\u00e8\u00adcle.<\/p>\n","protected":false},"excerpt":{"rendered":"<p>Le pape Fran\u00e7ois, 88 ans, devrait quit\u00adter l\u2019h\u00f4pi\u00adtal Gemel\u00adli de Rome dans les prochains jours, apr\u00e8s y avoir \u00e9t\u00e9 admis pour une inter\u00adven\u00adtion chirur\u00adgi\u00adcale mineure. Cette nou\u00advelle ras\u00adsure les fid\u00e8les\u2026 <\/p>\n","protected":false},"author":1,"featured_media":12493,"comment_status":"open","ping_status":"closed","sticky":false,"template":"","format":"standard","meta":{"wp_typography_post_enhancements_disabled":false,"footnotes":""},"categories":[58],"tags":[],"class_list":["post-12492","post","type-post","status-publish","format-standard","has-post-thumbnail","hentry","category-sante"],"yoast_head":"<!-- This site is optimized with the Yoast SEO plugin v24.7 - https:\/\/yoast.com\/wordpress\/plugins\/seo\/ -->\n<title>Le pape Fran\u00e7ois bient\u00f4t sorti de l&#039;h\u00f4pital - Bobea<\/title>\n<meta name=\"description\" content=\"Le pape Fran\u00e7ois, 88 ans, devrait quitter l&#039;h\u00f4pital Gemelli de Rome dans les prochains jours, apr\u00e8s y avoir \u00e9t\u00e9 admis pour une intervention\" \/>\n<meta name=\"robots\" content=\"index, follow, max-snippet:-1, max-image-preview:large, max-video-preview:-1\" \/>\n<link rel=\"canonical\" href=\"https:\/\/bobea.net\/index.php\/2025\/03\/24\/le-pape-francois-bientot-sorti-de-lhopital\/\" \/>\n<meta property=\"og:locale\" content=\"fr_FR\" \/>\n<meta property=\"og:type\" content=\"article\" \/>\n<meta property=\"og:title\" content=\"Le pape Fran\u00e7ois bient\u00f4t sorti de l&#039;h\u00f4pital - Bobea\" \/>\n<meta property=\"og:description\" content=\"Le pape Fran\u00e7ois, 88 ans, devrait quitter l&#039;h\u00f4pital Gemelli de Rome dans les prochains jours, apr\u00e8s y avoir \u00e9t\u00e9 admis pour une intervention\" \/>\n<meta property=\"og:url\" content=\"https:\/\/bobea.net\/index.php\/2025\/03\/24\/le-pape-francois-bientot-sorti-de-lhopital\/\" \/>\n<meta property=\"og:site_name\" content=\"Bobea\" \/>\n<meta property=\"article:publisher\" content=\"https:\/\/web.facebook.com\/profile.php?id=61559252188416\" \/>\n<meta property=\"article:published_time\" content=\"2025-03-24T09:23:42+00:00\" \/>\n<meta property=\"article:modified_time\" content=\"2025-03-24T09:23:46+00:00\" \/>\n<meta property=\"og:image\" content=\"https:\/\/bobea.net\/wp-content\/uploads\/2025\/03\/24341867lpw-24342333-article-jpg_9425332_1250x625.jpg\" \/>\n\t<meta property=\"og:image:width\" content=\"1250\" \/>\n\t<meta property=\"og:image:height\" content=\"625\" \/>\n\t<meta property=\"og:image:type\" content=\"image\/jpeg\" \/>\n<meta name=\"author\" content=\"bobea.info\" \/>\n<meta name=\"twitter:card\" content=\"summary_large_image\" \/>\n<meta name=\"twitter:label1\" content=\"\u00c9crit par\" \/>\n\t<meta name=\"twitter:data1\" content=\"bobea.info\" \/>\n\t<meta name=\"twitter:label2\" content=\"Dur\u00e9e de lecture estim\u00e9e\" \/>\n\t<meta name=\"twitter:data2\" content=\"2 minutes\" \/>\n<script type=\"application\/ld+json\" class=\"yoast-schema-graph\">{\"@context\":\"https:\/\/schema.org\",\"@graph\":[{\"@type\":\"Article\",\"@id\":\"https:\/\/bobea.net\/index.php\/2025\/03\/24\/le-pape-francois-bientot-sorti-de-lhopital\/#article\",\"isPartOf\":{\"@id\":\"https:\/\/bobea.net\/index.php\/2025\/03\/24\/le-pape-francois-bientot-sorti-de-lhopital\/\"},\"author\":{\"name\":\"bobea.info\",\"@id\":\"https:\/\/bobea.net\/#\/schema\/person\/e7f45ef187918d7c956bf619dce90ccf\"},\"headline\":\"Le pape Fran\u00e7ois bient\u00f4t sorti de l\u2019h\u00f4pital\",\"datePublished\":\"2025-03-24T09:23:42+00:00\",\"dateModified\":\"2025-03-24T09:23:46+00:00\",\"mainEntityOfPage\":{\"@id\":\"https:\/\/bobea.net\/index.php\/2025\/03\/24\/le-pape-francois-bientot-sorti-de-lhopital\/\"},\"wordCount\":342,\"commentCount\":0,\"publisher\":{\"@id\":\"https:\/\/bobea.net\/#organization\"},\"image\":{\"@id\":\"https:\/\/bobea.net\/index.php\/2025\/03\/24\/le-pape-francois-bientot-sorti-de-lhopital\/#primaryimage\"},\"thumbnailUrl\":\"https:\/\/bobea.net\/wp-content\/uploads\/2025\/03\/24341867lpw-24342333-article-jpg_9425332_1250x625.jpg\",\"articleSection\":[\"Sant\u00e9\"],\"inLanguage\":\"fr-FR\",\"potentialAction\":[{\"@type\":\"CommentAction\",\"name\":\"Comment\",\"target\":[\"https:\/\/bobea.net\/index.php\/2025\/03\/24\/le-pape-francois-bientot-sorti-de-lhopital\/#respond\"]}]},{\"@type\":\"WebPage\",\"@id\":\"https:\/\/bobea.net\/index.php\/2025\/03\/24\/le-pape-francois-bientot-sorti-de-lhopital\/\",\"url\":\"https:\/\/bobea.net\/index.php\/2025\/03\/24\/le-pape-francois-bientot-sorti-de-lhopital\/\",\"name\":\"Le pape Fran\u00e7ois bient\u00f4t sorti de l'h\u00f4pital - Bobea\",\"isPartOf\":{\"@id\":\"https:\/\/bobea.net\/#website\"},\"primaryImageOfPage\":{\"@id\":\"https:\/\/bobea.net\/index.php\/2025\/03\/24\/le-pape-francois-bientot-sorti-de-lhopital\/#primaryimage\"},\"image\":{\"@id\":\"https:\/\/bobea.net\/index.php\/2025\/03\/24\/le-pape-francois-bientot-sorti-de-lhopital\/#primaryimage\"},\"thumbnailUrl\":\"https:\/\/bobea.net\/wp-content\/uploads\/2025\/03\/24341867lpw-24342333-article-jpg_9425332_1250x625.jpg\",\"datePublished\":\"2025-03-24T09:23:42+00:00\",\"dateModified\":\"2025-03-24T09:23:46+00:00\",\"description\":\"Le pape Fran\u00e7ois, 88 ans, devrait quitter l'h\u00f4pital Gemelli de Rome dans les prochains jours, apr\u00e8s y avoir \u00e9t\u00e9 admis pour une intervention\",\"breadcrumb\":{\"@id\":\"https:\/\/bobea.net\/index.php\/2025\/03\/24\/le-pape-francois-bientot-sorti-de-lhopital\/#breadcrumb\"},\"inLanguage\":\"fr-FR\",\"potentialAction\":[{\"@type\":\"ReadAction\",\"target\":[\"https:\/\/bobea.net\/index.php\/2025\/03\/24\/le-pape-francois-bientot-sorti-de-lhopital\/\"]}]},{\"@type\":\"ImageObject\",\"inLanguage\":\"fr-FR\",\"@id\":\"https:\/\/bobea.net\/index.php\/2025\/03\/24\/le-pape-francois-bientot-sorti-de-lhopital\/#primaryimage\",\"url\":\"https:\/\/bobea.net\/wp-content\/uploads\/2025\/03\/24341867lpw-24342333-article-jpg_9425332_1250x625.jpg\",\"contentUrl\":\"https:\/\/bobea.net\/wp-content\/uploads\/2025\/03\/24341867lpw-24342333-article-jpg_9425332_1250x625.jpg\",\"width\":1250,\"height\":625},{\"@type\":\"BreadcrumbList\",\"@id\":\"https:\/\/bobea.net\/index.php\/2025\/03\/24\/le-pape-francois-bientot-sorti-de-lhopital\/#breadcrumb\",\"itemListElement\":[{\"@type\":\"ListItem\",\"position\":1,\"name\":\"Accueil\",\"item\":\"https:\/\/bobea.net\/\"},{\"@type\":\"ListItem\",\"position\":2,\"name\":\"Le pape Fran\u00e7ois bient\u00f4t sorti de l&rsquo;h\u00f4pital\"}]},{\"@type\":\"WebSite\",\"@id\":\"https:\/\/bobea.net\/#website\",\"url\":\"https:\/\/bobea.net\/\",\"name\":\"Bobea\",\"description\":\"Le magazine de la nouvelle \u00c8ve\",\"publisher\":{\"@id\":\"https:\/\/bobea.net\/#organization\"},\"potentialAction\":[{\"@type\":\"SearchAction\",\"target\":{\"@type\":\"EntryPoint\",\"urlTemplate\":\"https:\/\/bobea.net\/?s={search_term_string}\"},\"query-input\":{\"@type\":\"PropertyValueSpecification\",\"valueRequired\":true,\"valueName\":\"search_term_string\"}}],\"inLanguage\":\"fr-FR\"},{\"@type\":\"Organization\",\"@id\":\"https:\/\/bobea.net\/#organization\",\"name\":\"Bobea\",\"url\":\"https:\/\/bobea.net\/\",\"logo\":{\"@type\":\"ImageObject\",\"inLanguage\":\"fr-FR\",\"@id\":\"https:\/\/bobea.net\/#\/schema\/logo\/image\/\",\"url\":\"https:\/\/bobea.net\/wp-content\/uploads\/2024\/06\/bobea.jpg\",\"contentUrl\":\"https:\/\/bobea.net\/wp-content\/uploads\/2024\/06\/bobea.jpg\",\"width\":1080,\"height\":1080,\"caption\":\"Bobea\"},\"image\":{\"@id\":\"https:\/\/bobea.net\/#\/schema\/logo\/image\/\"},\"sameAs\":[\"https:\/\/web.facebook.com\/profile.php?id=61559252188416\"]},{\"@type\":\"Person\",\"@id\":\"https:\/\/bobea.net\/#\/schema\/person\/e7f45ef187918d7c956bf619dce90ccf\",\"name\":\"bobea.info\",\"image\":{\"@type\":\"ImageObject\",\"inLanguage\":\"fr-FR\",\"@id\":\"https:\/\/bobea.net\/#\/schema\/person\/image\/\",\"url\":\"https:\/\/secure.gravatar.com\/avatar\/36147980349df887ae30808df3e29474?s=96&d=mm&r=g\",\"contentUrl\":\"https:\/\/secure.gravatar.com\/avatar\/36147980349df887ae30808df3e29474?s=96&d=mm&r=g\",\"caption\":\"bobea.info\"},\"sameAs\":[\"https:\/\/bobea.net\"],\"url\":\"https:\/\/bobea.net\/index.php\/author\/bobea-info\/\"}]}<\/script>\n<!-- \/ Yoast SEO plugin. -->","yoast_head_json":{"title":"Le pape Fran\u00e7ois bient\u00f4t sorti de l'h\u00f4pital - Bobea","description":"Le pape Fran\u00e7ois, 88 ans, devrait quitter l'h\u00f4pital Gemelli de Rome dans les prochains jours, apr\u00e8s y avoir \u00e9t\u00e9 admis pour une intervention","robots":{"index":"index","follow":"follow","max-snippet":"max-snippet:-1","max-image-preview":"max-image-preview:large","max-video-preview":"max-video-preview:-1"},"canonical":"https:\/\/bobea.net\/index.php\/2025\/03\/24\/le-pape-francois-bientot-sorti-de-lhopital\/","og_locale":"fr_FR","og_type":"article","og_title":"Le pape Fran\u00e7ois bient\u00f4t sorti de l'h\u00f4pital - Bobea","og_description":"Le pape Fran\u00e7ois, 88 ans, devrait quitter l'h\u00f4pital Gemelli de Rome dans les prochains jours, apr\u00e8s y avoir \u00e9t\u00e9 admis pour une intervention","og_url":"https:\/\/bobea.net\/index.php\/2025\/03\/24\/le-pape-francois-bientot-sorti-de-lhopital\/","og_site_name":"Bobea","article_publisher":"https:\/\/web.facebook.com\/profile.php?id=61559252188416","article_published_time":"2025-03-24T09:23:42+00:00","article_modified_time":"2025-03-24T09:23:46+00:00","og_image":[{"width":1250,"height":625,"url":"https:\/\/bobea.net\/wp-content\/uploads\/2025\/03\/24341867lpw-24342333-article-jpg_9425332_1250x625.jpg","type":"image\/jpeg"}],"author":"bobea.info","twitter_card":"summary_large_image","twitter_misc":{"\u00c9crit par":"bobea.info","Dur\u00e9e de lecture estim\u00e9e":"2 minutes"},"schema":{"@context":"https:\/\/schema.org","@graph":[{"@type":"Article","@id":"https:\/\/bobea.net\/index.php\/2025\/03\/24\/le-pape-francois-bientot-sorti-de-lhopital\/#article","isPartOf":{"@id":"https:\/\/bobea.net\/index.php\/2025\/03\/24\/le-pape-francois-bientot-sorti-de-lhopital\/"},"author":{"name":"bobea.info","@id":"https:\/\/bobea.net\/#\/schema\/person\/e7f45ef187918d7c956bf619dce90ccf"},"headline":"Le pape Fran\u00e7ois bient\u00f4t sorti de l\u2019h\u00f4pital","datePublished":"2025-03-24T09:23:42+00:00","dateModified":"2025-03-24T09:23:46+00:00","mainEntityOfPage":{"@id":"https:\/\/bobea.net\/index.php\/2025\/03\/24\/le-pape-francois-bientot-sorti-de-lhopital\/"},"wordCount":342,"commentCount":0,"publisher":{"@id":"https:\/\/bobea.net\/#organization"},"image":{"@id":"https:\/\/bobea.net\/index.php\/2025\/03\/24\/le-pape-francois-bientot-sorti-de-lhopital\/#primaryimage"},"thumbnailUrl":"https:\/\/bobea.net\/wp-content\/uploads\/2025\/03\/24341867lpw-24342333-article-jpg_9425332_1250x625.jpg","articleSection":["Sant\u00e9"],"inLanguage":"fr-FR","potentialAction":[{"@type":"CommentAction","name":"Comment","target":["https:\/\/bobea.net\/index.php\/2025\/03\/24\/le-pape-francois-bientot-sorti-de-lhopital\/#respond"]}]},{"@type":"WebPage","@id":"https:\/\/bobea.net\/index.php\/2025\/03\/24\/le-pape-francois-bientot-sorti-de-lhopital\/","url":"https:\/\/bobea.net\/index.php\/2025\/03\/24\/le-pape-francois-bientot-sorti-de-lhopital\/","name":"Le pape Fran\u00e7ois bient\u00f4t sorti de l'h\u00f4pital - Bobea","isPartOf":{"@id":"https:\/\/bobea.net\/#website"},"primaryImageOfPage":{"@id":"https:\/\/bobea.net\/index.php\/2025\/03\/24\/le-pape-francois-bientot-sorti-de-lhopital\/#primaryimage"},"image":{"@id":"https:\/\/bobea.net\/index.php\/2025\/03\/24\/le-pape-francois-bientot-sorti-de-lhopital\/#primaryimage"},"thumbnailUrl":"https:\/\/bobea.net\/wp-content\/uploads\/2025\/03\/24341867lpw-24342333-article-jpg_9425332_1250x625.jpg","datePublished":"2025-03-24T09:23:42+00:00","dateModified":"2025-03-24T09:23:46+00:00","description":"Le pape Fran\u00e7ois, 88 ans, devrait quitter l'h\u00f4pital Gemelli de Rome dans les prochains jours, apr\u00e8s y avoir \u00e9t\u00e9 admis pour une intervention","breadcrumb":{"@id":"https:\/\/bobea.net\/index.php\/2025\/03\/24\/le-pape-francois-bientot-sorti-de-lhopital\/#breadcrumb"},"inLanguage":"fr-FR","potentialAction":[{"@type":"ReadAction","target":["https:\/\/bobea.net\/index.php\/2025\/03\/24\/le-pape-francois-bientot-sorti-de-lhopital\/"]}]},{"@type":"ImageObject","inLanguage":"fr-FR","@id":"https:\/\/bobea.net\/index.php\/2025\/03\/24\/le-pape-francois-bientot-sorti-de-lhopital\/#primaryimage","url":"https:\/\/bobea.net\/wp-content\/uploads\/2025\/03\/24341867lpw-24342333-article-jpg_9425332_1250x625.jpg","contentUrl":"https:\/\/bobea.net\/wp-content\/uploads\/2025\/03\/24341867lpw-24342333-article-jpg_9425332_1250x625.jpg","width":1250,"height":625},{"@type":"BreadcrumbList","@id":"https:\/\/bobea.net\/index.php\/2025\/03\/24\/le-pape-francois-bientot-sorti-de-lhopital\/#breadcrumb","itemListElement":[{"@type":"ListItem","position":1,"name":"Accueil","item":"https:\/\/bobea.net\/"},{"@type":"ListItem","position":2,"name":"Le pape Fran\u00e7ois bient\u00f4t sorti de l&rsquo;h\u00f4pital"}]},{"@type":"WebSite","@id":"https:\/\/bobea.net\/#website","url":"https:\/\/bobea.net\/","name":"Bobea","description":"Le magazine de la nouvelle \u00c8ve","publisher":{"@id":"https:\/\/bobea.net\/#organization"},"potentialAction":[{"@type":"SearchAction","target":{"@type":"EntryPoint","urlTemplate":"https:\/\/bobea.net\/?s={search_term_string}"},"query-input":{"@type":"PropertyValueSpecification","valueRequired":true,"valueName":"search_term_string"}}],"inLanguage":"fr-FR"},{"@type":"Organization","@id":"https:\/\/bobea.net\/#organization","name":"Bobea","url":"https:\/\/bobea.net\/","logo":{"@type":"ImageObject","inLanguage":"fr-FR","@id":"https:\/\/bobea.net\/#\/schema\/logo\/image\/","url":"https:\/\/bobea.net\/wp-content\/uploads\/2024\/06\/bobea.jpg","contentUrl":"https:\/\/bobea.net\/wp-content\/uploads\/2024\/06\/bobea.jpg","width":1080,"height":1080,"caption":"Bobea"},"image":{"@id":"https:\/\/bobea.net\/#\/schema\/logo\/image\/"},"sameAs":["https:\/\/web.facebook.com\/profile.php?id=61559252188416"]},{"@type":"Person","@id":"https:\/\/bobea.net\/#\/schema\/person\/e7f45ef187918d7c956bf619dce90ccf","name":"bobea.info","image":{"@type":"ImageObject","inLanguage":"fr-FR","@id":"https:\/\/bobea.net\/#\/schema\/person\/image\/","url":"https:\/\/secure.gravatar.com\/avatar\/36147980349df887ae30808df3e29474?s=96&d=mm&r=g","contentUrl":"https:\/\/secure.gravatar.com\/avatar\/36147980349df887ae30808df3e29474?s=96&d=mm&r=g","caption":"bobea.info"},"sameAs":["https:\/\/bobea.net"],"url":"https:\/\/bobea.net\/index.php\/author\/bobea-info\/"}]}},"_links":{"self":[{"href":"https:\/\/bobea.net\/index.php\/wp-json\/wp\/v2\/posts\/12492"}],"collection":[{"href":"https:\/\/bobea.net\/index.php\/wp-json\/wp\/v2\/posts"}],"about":[{"href":"https:\/\/bobea.net\/index.php\/wp-json\/wp\/v2\/types\/post"}],"author":[{"embeddable":true,"href":"https:\/\/bobea.net\/index.php\/wp-json\/wp\/v2\/users\/1"}],"replies":[{"embeddable":true,"href":"https:\/\/bobea.net\/index.php\/wp-json\/wp\/v2\/comments?post=12492"}],"version-history":[{"count":1,"href":"https:\/\/bobea.net\/index.php\/wp-json\/wp\/v2\/posts\/12492\/revisions"}],"predecessor-version":[{"id":12495,"href":"https:\/\/bobea.net\/index.php\/wp-json\/wp\/v2\/posts\/12492\/revisions\/12495"}],"wp:featuredmedia":[{"embeddable":true,"href":"https:\/\/bobea.net\/index.php\/wp-json\/wp\/v2\/media\/12493"}],"wp:attachment":[{"href":"https:\/\/bobea.net\/index.php\/wp-json\/wp\/v2\/media?parent=12492"}],"wp:term":[{"taxonomy":"category","embeddable":true,"href":"https:\/\/bobea.net\/index.php\/wp-json\/wp\/v2\/categories?post=12492"},{"taxonomy":"post_tag","embeddable":true,"href":"https:\/\/bobea.net\/index.php\/wp-json\/wp\/v2\/tags?post=12492"}],"curies":[{"name":"wp","href":"https:\/\/api.w.org\/{rel}","templated":true}]}}