{"id":12452,"date":"2025-03-22T11:22:22","date_gmt":"2025-03-22T11:22:22","guid":{"rendered":"https:\/\/bobea.net\/?p=12452"},"modified":"2025-03-22T11:22:24","modified_gmt":"2025-03-22T11:22:24","slug":"la-chute-du-mur-de-berlin-35-ans-apres-un-evenement-qui-a-change-le-monde","status":"publish","type":"post","link":"https:\/\/bobea.net\/index.php\/2025\/03\/22\/la-chute-du-mur-de-berlin-35-ans-apres-un-evenement-qui-a-change-le-monde\/","title":{"rendered":"La chute du mur de Berlin : 35 ans apr\u00e8s, un \u00e9v\u00e9nement qui a chang\u00e9 le monde"},"content":{"rendered":"\n<p>Le 9 novem\u00adbre 1989, la chute du mur de Berlin a mar\u00adqu\u00e9 un tour\u00adnant d\u00e9cisif dans l\u2019histoire mod\u00aderne. Sym\u00adbole de la divi\u00adsion entre l\u2019Est et l\u2019Ouest pen\u00addant la Guerre froide, cet \u00e9v\u00e9ne\u00adment a non seule\u00adment trans\u00adfor\u00adm\u00e9 l\u2019Allemagne mais aus\u00adsi red\u00e9fi\u00adni l\u2019ordre mon\u00addi\u00adal. Trente-cinq ans plus tard, son impact reste pro\u00adfond\u00e9\u00adment ancr\u00e9 dans les m\u00e9moires col\u00adlec\u00adtives et con\u00adtin\u00adue d\u2019influencer les rela\u00adtions inter\u00adna\u00adtionales.<\/p>\n\n\n\n<p><strong>Le con\u00adtexte his\u00adtorique : Un monde divis\u00e9<\/strong><strong><\/strong><\/p>\n\n\n\n<p>Apr\u00e8s la Sec\u00adonde Guerre mon\u00addi\u00adale, l\u2019Allemagne fut divis\u00e9e en deux blocs : la R\u00e9publique f\u00e9d\u00e9rale d\u2019Allemagne (RFA) \u00e0 l\u2019Ouest, sous influ\u00adence occi\u00adden\u00adtale, et la R\u00e9publique d\u00e9moc\u00adra\u00adtique alle\u00admande (RDA) \u00e0 l\u2019Est, sous dom\u00adi\u00adna\u00adtion sovi\u00e9\u00adtique. En 1961, pour emp\u00each\u00ader les citoyens de l\u2019Est de fuir vers l\u2019Ouest, le gou\u00adverne\u00adment est-alle\u00admand con\u00adstru\u00adisit le mur de Berlin, un sym\u00adbole bru\u00adtal de la s\u00e9pa\u00adra\u00adtion id\u00e9ologique et physique entre les deux mon\u00addes.<\/p>\n\n\n\n<p>Pen\u00addant pr\u00e8s de trois d\u00e9cen\u00adnies, ce mur fut le th\u00e9\u00e2tre de drames humains : familles s\u00e9par\u00e9es, ten\u00adta\u00adtives d\u00e9s\u00adesp\u00e9r\u00e9es d\u2019\u00e9vasion et r\u00e9pres\u00adsion vio\u00adlente. Il devint \u00e9gale\u00adment un sym\u00adbole inter\u00adna\u00adtion\u00adal de la lutte con\u00adtre l\u2019oppression com\u00admu\u00adniste.<\/p>\n\n\n\n<figure class=\"wp-block-image size-large\"><img loading=\"lazy\" decoding=\"async\" width=\"1024\" height=\"576\" src=\"https:\/\/bobea.net\/wp-content\/uploads\/2025\/03\/mur-de-berlin-1024x576.jpg\" alt class=\"wp-image-12458\" srcset=\"https:\/\/bobea.net\/wp-content\/uploads\/2025\/03\/mur-de-berlin-1024x576.jpg 1024w, https:\/\/bobea.net\/wp-content\/uploads\/2025\/03\/mur-de-berlin-300x169.jpg 300w, https:\/\/bobea.net\/wp-content\/uploads\/2025\/03\/mur-de-berlin-768x432.jpg 768w, https:\/\/bobea.net\/wp-content\/uploads\/2025\/03\/mur-de-berlin-1536x864.jpg 1536w, https:\/\/bobea.net\/wp-content\/uploads\/2025\/03\/mur-de-berlin.jpg 1920w\" sizes=\"(max-width: 1024px) 100vw, 1024px\"><figcaption class=\"wp-element-caption\">Des per\u00adson\u00adnes assis\u00adtent \u00e0 une c\u00e9r\u00e9\u00admonie de d\u00e9p\u00f4t de fleurs \u00e0 l\u2019occasion du 35e anniver\u00adsaire de la chute du mur sur le ter\u00adrain du M\u00e9mo\u00adr\u00adi\u00adal du mur de Berlin, \u00e0 Berlin, en Alle\u00admagne, le same\u00addi 9 novem\u00adbre 2024.<\/figcaption><\/figure>\n\n\n\n<p><strong>Les caus\u00ades de la chute<\/strong><strong><\/strong><\/p>\n\n\n\n<ol start=\"1\" class=\"wp-block-list\">\n<li><strong>Les r\u00e9formes en Union sovi\u00e9\u00adtique<\/strong><br>Sous la direc\u00adtion de Mikha\u00efl Gor\u00adbatchev, des r\u00e9formes comme la glas\u00adnost (trans\u00adparence) et la per\u00ade\u00adstro\u00ef\u00adka (restruc\u00adtura\u00adtion) furent mis\u00ades en place dans les ann\u00e9es 1980. Ces change\u00adments affaib\u00adlirent le con\u00adtr\u00f4le sovi\u00e9\u00adtique sur les pays satel\u00adlites d\u2019Europe de l\u2019Est.<\/li>\n\n\n\n<li><strong>Les mou\u00adve\u00adments pop\u00adu\u00adlaires<\/strong><br>En RDA comme dans d\u2019autres pays du bloc de l\u2019Est, des mou\u00adve\u00adments pop\u00adu\u00adlaires se d\u00e9velop\u00adp\u00e8rent pour r\u00e9clamer plus de lib\u00adert\u00e9 et de d\u00e9moc\u00adra\u00adtie. Les man\u00adi\u00adfes\u00adta\u00adtions paci\u00adfiques \u00e0 Leipzig et ailleurs jou\u00e8rent un r\u00f4le cru\u00adcial dans la mobil\u00adi\u00adsa\u00adtion con\u00adtre le r\u00e9gime.<\/li>\n\n\n\n<li><strong>La pres\u00adsion inter\u00adna\u00adtionale<\/strong><br>Les \u00c9tats-Unis et leurs alli\u00e9s occi\u00adden\u00adtaux inten\u00adsi\u00adfi\u00e8rent leur pres\u00adsion diplo\u00adma\u00adtique pour encour\u00adager des r\u00e9formes d\u00e9moc\u00adra\u00adtiques dans les pays com\u00admu\u00adnistes.<\/li>\n\n\n\n<li><strong>L\u2019effondrement \u00e9conomique<\/strong><br>L\u2019\u00e9conomie plan\u00adi\u00adfi\u00e9e de la RDA \u00e9tait en crise pro\u00adfonde, inca\u00adpable de rivalis\u00ader avec le dynamisme \u00e9conomique de l\u2019Ouest. Cela ren\u00adfor\u00e7a le m\u00e9con\u00adtente\u00adment pop\u00adu\u00adlaire.<\/li>\n<\/ol>\n\n\n\n<p><strong>La nuit du 9 novem\u00adbre 1989<\/strong><strong><\/strong><\/p>\n\n\n\n<p>La chute du mur fut presque acci\u00adden\u00adtelle. Lors d\u2019une con\u00adf\u00e9rence de presse con\u00adfuse, un porte-parole du gou\u00adverne\u00adment est-alle\u00admand annon\u00e7a que les citoyens seraient autoris\u00e9s \u00e0 tra\u00advers\u00ader libre\u00adment vers l\u2019Ouest \u201cimm\u00e9\u00addi\u00adate\u00adment\u201d. Cette d\u00e9c\u00adla\u00adra\u00adtion d\u00e9clen\u00adcha une ru\u00e9e mas\u00adsive vers les points de pas\u00adsage du mur.<\/p>\n\n\n\n<p>Face \u00e0 une foule immense et d\u00e9ter\u00admin\u00e9e, les gardes-fron\u00adti\u00e8res est-alle\u00admands furent con\u00adtraints d\u2019ouvrir les bar\u00adri\u00e8res. Des mil\u00adliers de Berli\u00adnois des deux c\u00f4t\u00e9s se rassem\u00adbl\u00e8rent pour c\u00e9l\u00e9br\u00ader ce moment his\u00adtorique. Des sc\u00e8nes d\u2019euphorie \u00e9clat\u00e8rent alors que les citoyens com\u00admen\u00e7aient \u00e0 d\u00e9man\u00adtel\u00ader le mur \u00e0 mains nues.<\/p>\n\n\n\n<p><strong>Les con\u00ads\u00e9quences imm\u00e9\u00addi\u00adates<\/strong><strong><\/strong><\/p>\n\n\n\n<ol start=\"1\" class=\"wp-block-list\">\n<li><strong>La r\u00e9u\u00adni\u00adfi\u00adca\u00adtion alle\u00admande<\/strong><br>Moins d\u2019un an apr\u00e8s la chute du mur, le 3 octo\u00adbre 1990, l\u2019Allemagne fut offi\u00adcielle\u00adment r\u00e9u\u00adnifi\u00e9e. Ce fut une \u00e9tape majeure vers la fin de la divi\u00adsion europ\u00e9enne.<\/li>\n\n\n\n<li><strong>La fin de la Guerre froide<\/strong><br>La chute du mur sym\u00adbol\u00adisa \u00e9gale\u00adment l\u2019effondrement du bloc com\u00admu\u00adniste en Europe. En 1991, l\u2019Union sovi\u00e9\u00adtique elle-m\u00eame se d\u00e9s\u00adin\u00adt\u00e9\u00adgra.<\/li>\n\n\n\n<li><strong>L\u2019int\u00e9gration europ\u00e9enne<\/strong><br>La r\u00e9u\u00adni\u00adfi\u00adca\u00adtion alle\u00admande ren\u00adfor\u00e7a le pro\u00adjet europ\u00e9en, ouvrant la voie \u00e0 une Union europ\u00e9enne \u00e9largie qui inclut d\u00e9sor\u00admais plusieurs anciens pays com\u00admu\u00adnistes.<\/li>\n<\/ol>\n\n\n\n<p><strong>Un h\u00e9ritage com\u00adplexe<\/strong><strong><\/strong><\/p>\n\n\n\n<p>Trente-cinq ans apr\u00e8s, le mur de Berlin reste un sym\u00adbole puis\u00adsant mais ambiva\u00adlent :<\/p>\n\n\n\n<ul class=\"wp-block-list\">\n<li><strong>Un sym\u00adbole d\u2019espoir<\/strong>&nbsp;: Il incar\u00adne la vic\u00adtoire des id\u00e9aux d\u00e9moc\u00adra\u00adtiques et des droits humains sur l\u2019oppression.<\/li>\n\n\n\n<li><strong>Des d\u00e9fis per\u00adsis\u00adtants<\/strong>&nbsp;: La r\u00e9u\u00adni\u00adfi\u00adca\u00adtion alle\u00admande ne fut pas sans dif\u00adfi\u00adcult\u00e9s. Les dis\u00adpar\u00adit\u00e9s \u00e9conomiques entre l\u2019Est et l\u2019Ouest sub\u00adsis\u00adtent encore aujourd\u2019hui.<\/li>\n\n\n\n<li><strong>Une le\u00e7on pour le monde<\/strong>&nbsp;: La chute du mur rap\u00adpelle que m\u00eame les sys\u00adt\u00e8mes poli\u00adtiques les plus rigides peu\u00advent s\u2019effondrer face \u00e0 la volon\u00adt\u00e9 pop\u00adu\u00adlaire.<\/li>\n<\/ul>\n\n\n\n<figure class=\"wp-block-image size-full\"><img loading=\"lazy\" decoding=\"async\" width=\"828\" height=\"466\" src=\"https:\/\/bobea.net\/wp-content\/uploads\/2025\/03\/3bea048a-fd12-11e9-82bb-0eda3a42da3c.jpg\" alt class=\"wp-image-12457\" srcset=\"https:\/\/bobea.net\/wp-content\/uploads\/2025\/03\/3bea048a-fd12-11e9-82bb-0eda3a42da3c.jpg 828w, https:\/\/bobea.net\/wp-content\/uploads\/2025\/03\/3bea048a-fd12-11e9-82bb-0eda3a42da3c-300x169.jpg 300w, https:\/\/bobea.net\/wp-content\/uploads\/2025\/03\/3bea048a-fd12-11e9-82bb-0eda3a42da3c-768x432.jpg 768w\" sizes=\"(max-width: 828px) 100vw, 828px\"><\/figure>\n\n\n\n<p><strong>Le mur aujourd\u2019hui<\/strong><strong><\/strong><\/p>\n\n\n\n<p>Des sec\u00adtions du mur ont \u00e9t\u00e9 con\u00adserv\u00e9es comme mon\u00adu\u00adments his\u00adtoriques ou \u0153uvres d\u2019art, notam\u00adment \u00e0 l\u2019East Side Gallery \u00e0 Berlin. Chaque ann\u00e9e, des mil\u00adlions de vis\u00adi\u00adteurs vien\u00adnent d\u00e9cou\u00advrir ces ves\u00adtiges et r\u00e9fl\u00e9chir aux le\u00e7ons tir\u00e9es de cette p\u00e9ri\u00adode tumultueuse.<\/p>\n\n\n\n<p><strong>Con\u00adclu\u00adsion<\/strong><strong><\/strong><\/p>\n\n\n\n<p>La chute du mur de Berlin reste un \u00e9v\u00e9ne\u00adment fon\u00adda\u00adteur du monde mod\u00aderne. Elle sym\u00adbol\u00adise non seule\u00adment la fin d\u2019une \u00e9poque mais aus\u00adsi la capac\u00adit\u00e9 des peu\u00adples \u00e0 sur\u00admon\u00adter les divi\u00adsions pour con\u00adstru\u00adire un avenir meilleur. Alors que nous c\u00e9l\u00e9brons son 35e anniver\u00adsaire en 2025, il est essen\u00adtiel de con\u00adtin\u00aduer \u00e0 tir\u00ader des enseigne\u00adments de cet \u00e9pisode mar\u00adquant pour pro\u00admou\u00advoir la paix et la lib\u00adert\u00e9 dans un monde tou\u00adjours con\u00adfron\u00adt\u00e9 \u00e0 des d\u00e9fis g\u00e9opoli\u00adtiques majeurs.<\/p>\n","protected":false},"excerpt":{"rendered":"<p>Le 9 novem\u00adbre 1989, la chute du mur de Berlin a mar\u00adqu\u00e9 un tour\u00adnant d\u00e9cisif dans l\u2019histoire mod\u00aderne. Sym\u00adbole de la divi\u00adsion entre l\u2019Est et l\u2019Ouest pen\u00addant la Guerre froide,\u2026 <\/p>\n","protected":false},"author":1,"featured_media":12454,"comment_status":"open","ping_status":"closed","sticky":false,"template":"","format":"standard","meta":{"wp_typography_post_enhancements_disabled":false,"footnotes":""},"categories":[73,53],"tags":[],"class_list":["post-12452","post","type-post","status-publish","format-standard","has-post-thumbnail","hentry","category-on-en-parle","category-viva"],"yoast_head":"<!-- This site is optimized with the Yoast SEO plugin v24.7 - https:\/\/yoast.com\/wordpress\/plugins\/seo\/ -->\n<title>La chute du mur de Berlin : 35 ans apr\u00e8s, un \u00e9v\u00e9nement qui a chang\u00e9 le monde - Bobea<\/title>\n<meta name=\"robots\" content=\"index, follow, max-snippet:-1, max-image-preview:large, max-video-preview:-1\" \/>\n<link rel=\"canonical\" href=\"https:\/\/bobea.net\/index.php\/2025\/03\/22\/la-chute-du-mur-de-berlin-35-ans-apres-un-evenement-qui-a-change-le-monde\/\" \/>\n<meta property=\"og:locale\" content=\"fr_FR\" \/>\n<meta property=\"og:type\" content=\"article\" \/>\n<meta property=\"og:title\" content=\"La chute du mur de Berlin : 35 ans apr\u00e8s, un \u00e9v\u00e9nement qui a chang\u00e9 le monde - Bobea\" \/>\n<meta property=\"og:description\" content=\"Le 9 novem\u00adbre 1989, la chute du mur de Berlin a mar\u00adqu\u00e9 un tour\u00adnant d\u00e9cisif dans l\u2019histoire mod\u00aderne. Sym\u00adbole de la divi\u00adsion entre l\u2019Est et l\u2019Ouest pen\u00addant la Guerre froide,&hellip;\" \/>\n<meta property=\"og:url\" content=\"https:\/\/bobea.net\/index.php\/2025\/03\/22\/la-chute-du-mur-de-berlin-35-ans-apres-un-evenement-qui-a-change-le-monde\/\" \/>\n<meta property=\"og:site_name\" content=\"Bobea\" \/>\n<meta property=\"article:publisher\" content=\"https:\/\/web.facebook.com\/profile.php?id=61559252188416\" \/>\n<meta property=\"article:published_time\" content=\"2025-03-22T11:22:22+00:00\" \/>\n<meta property=\"article:modified_time\" content=\"2025-03-22T11:22:24+00:00\" \/>\n<meta property=\"og:image\" content=\"https:\/\/bobea.net\/wp-content\/uploads\/2025\/03\/0130211590205-web-tete.jpg\" \/>\n\t<meta property=\"og:image:width\" content=\"1280\" \/>\n\t<meta property=\"og:image:height\" content=\"720\" \/>\n\t<meta property=\"og:image:type\" content=\"image\/jpeg\" \/>\n<meta name=\"author\" content=\"bobea.info\" \/>\n<meta name=\"twitter:card\" content=\"summary_large_image\" \/>\n<meta name=\"twitter:label1\" content=\"\u00c9crit par\" \/>\n\t<meta name=\"twitter:data1\" content=\"bobea.info\" \/>\n\t<meta name=\"twitter:label2\" content=\"Dur\u00e9e de lecture estim\u00e9e\" \/>\n\t<meta name=\"twitter:data2\" content=\"5 minutes\" \/>\n<script type=\"application\/ld+json\" class=\"yoast-schema-graph\">{\"@context\":\"https:\/\/schema.org\",\"@graph\":[{\"@type\":\"Article\",\"@id\":\"https:\/\/bobea.net\/index.php\/2025\/03\/22\/la-chute-du-mur-de-berlin-35-ans-apres-un-evenement-qui-a-change-le-monde\/#article\",\"isPartOf\":{\"@id\":\"https:\/\/bobea.net\/index.php\/2025\/03\/22\/la-chute-du-mur-de-berlin-35-ans-apres-un-evenement-qui-a-change-le-monde\/\"},\"author\":{\"name\":\"bobea.info\",\"@id\":\"https:\/\/bobea.net\/#\/schema\/person\/e7f45ef187918d7c956bf619dce90ccf\"},\"headline\":\"La chute du mur de Berlin : 35 ans apr\u00e8s, un \u00e9v\u00e9nement qui a chang\u00e9 le monde\",\"datePublished\":\"2025-03-22T11:22:22+00:00\",\"dateModified\":\"2025-03-22T11:22:24+00:00\",\"mainEntityOfPage\":{\"@id\":\"https:\/\/bobea.net\/index.php\/2025\/03\/22\/la-chute-du-mur-de-berlin-35-ans-apres-un-evenement-qui-a-change-le-monde\/\"},\"wordCount\":856,\"commentCount\":0,\"publisher\":{\"@id\":\"https:\/\/bobea.net\/#organization\"},\"image\":{\"@id\":\"https:\/\/bobea.net\/index.php\/2025\/03\/22\/la-chute-du-mur-de-berlin-35-ans-apres-un-evenement-qui-a-change-le-monde\/#primaryimage\"},\"thumbnailUrl\":\"https:\/\/bobea.net\/wp-content\/uploads\/2025\/03\/0130211590205-web-tete.jpg\",\"articleSection\":[\"On en Parle\",\"Viva\"],\"inLanguage\":\"fr-FR\",\"potentialAction\":[{\"@type\":\"CommentAction\",\"name\":\"Comment\",\"target\":[\"https:\/\/bobea.net\/index.php\/2025\/03\/22\/la-chute-du-mur-de-berlin-35-ans-apres-un-evenement-qui-a-change-le-monde\/#respond\"]}]},{\"@type\":\"WebPage\",\"@id\":\"https:\/\/bobea.net\/index.php\/2025\/03\/22\/la-chute-du-mur-de-berlin-35-ans-apres-un-evenement-qui-a-change-le-monde\/\",\"url\":\"https:\/\/bobea.net\/index.php\/2025\/03\/22\/la-chute-du-mur-de-berlin-35-ans-apres-un-evenement-qui-a-change-le-monde\/\",\"name\":\"La chute du mur de Berlin : 35 ans apr\u00e8s, un \u00e9v\u00e9nement qui a chang\u00e9 le monde - Bobea\",\"isPartOf\":{\"@id\":\"https:\/\/bobea.net\/#website\"},\"primaryImageOfPage\":{\"@id\":\"https:\/\/bobea.net\/index.php\/2025\/03\/22\/la-chute-du-mur-de-berlin-35-ans-apres-un-evenement-qui-a-change-le-monde\/#primaryimage\"},\"image\":{\"@id\":\"https:\/\/bobea.net\/index.php\/2025\/03\/22\/la-chute-du-mur-de-berlin-35-ans-apres-un-evenement-qui-a-change-le-monde\/#primaryimage\"},\"thumbnailUrl\":\"https:\/\/bobea.net\/wp-content\/uploads\/2025\/03\/0130211590205-web-tete.jpg\",\"datePublished\":\"2025-03-22T11:22:22+00:00\",\"dateModified\":\"2025-03-22T11:22:24+00:00\",\"breadcrumb\":{\"@id\":\"https:\/\/bobea.net\/index.php\/2025\/03\/22\/la-chute-du-mur-de-berlin-35-ans-apres-un-evenement-qui-a-change-le-monde\/#breadcrumb\"},\"inLanguage\":\"fr-FR\",\"potentialAction\":[{\"@type\":\"ReadAction\",\"target\":[\"https:\/\/bobea.net\/index.php\/2025\/03\/22\/la-chute-du-mur-de-berlin-35-ans-apres-un-evenement-qui-a-change-le-monde\/\"]}]},{\"@type\":\"ImageObject\",\"inLanguage\":\"fr-FR\",\"@id\":\"https:\/\/bobea.net\/index.php\/2025\/03\/22\/la-chute-du-mur-de-berlin-35-ans-apres-un-evenement-qui-a-change-le-monde\/#primaryimage\",\"url\":\"https:\/\/bobea.net\/wp-content\/uploads\/2025\/03\/0130211590205-web-tete.jpg\",\"contentUrl\":\"https:\/\/bobea.net\/wp-content\/uploads\/2025\/03\/0130211590205-web-tete.jpg\",\"width\":1280,\"height\":720},{\"@type\":\"BreadcrumbList\",\"@id\":\"https:\/\/bobea.net\/index.php\/2025\/03\/22\/la-chute-du-mur-de-berlin-35-ans-apres-un-evenement-qui-a-change-le-monde\/#breadcrumb\",\"itemListElement\":[{\"@type\":\"ListItem\",\"position\":1,\"name\":\"Accueil\",\"item\":\"https:\/\/bobea.net\/\"},{\"@type\":\"ListItem\",\"position\":2,\"name\":\"La chute du mur de Berlin : 35 ans apr\u00e8s, un \u00e9v\u00e9nement qui a chang\u00e9 le monde\"}]},{\"@type\":\"WebSite\",\"@id\":\"https:\/\/bobea.net\/#website\",\"url\":\"https:\/\/bobea.net\/\",\"name\":\"Bobea\",\"description\":\"Le magazine de la nouvelle \u00c8ve\",\"publisher\":{\"@id\":\"https:\/\/bobea.net\/#organization\"},\"potentialAction\":[{\"@type\":\"SearchAction\",\"target\":{\"@type\":\"EntryPoint\",\"urlTemplate\":\"https:\/\/bobea.net\/?s={search_term_string}\"},\"query-input\":{\"@type\":\"PropertyValueSpecification\",\"valueRequired\":true,\"valueName\":\"search_term_string\"}}],\"inLanguage\":\"fr-FR\"},{\"@type\":\"Organization\",\"@id\":\"https:\/\/bobea.net\/#organization\",\"name\":\"Bobea\",\"url\":\"https:\/\/bobea.net\/\",\"logo\":{\"@type\":\"ImageObject\",\"inLanguage\":\"fr-FR\",\"@id\":\"https:\/\/bobea.net\/#\/schema\/logo\/image\/\",\"url\":\"https:\/\/bobea.net\/wp-content\/uploads\/2024\/06\/bobea.jpg\",\"contentUrl\":\"https:\/\/bobea.net\/wp-content\/uploads\/2024\/06\/bobea.jpg\",\"width\":1080,\"height\":1080,\"caption\":\"Bobea\"},\"image\":{\"@id\":\"https:\/\/bobea.net\/#\/schema\/logo\/image\/\"},\"sameAs\":[\"https:\/\/web.facebook.com\/profile.php?id=61559252188416\"]},{\"@type\":\"Person\",\"@id\":\"https:\/\/bobea.net\/#\/schema\/person\/e7f45ef187918d7c956bf619dce90ccf\",\"name\":\"bobea.info\",\"image\":{\"@type\":\"ImageObject\",\"inLanguage\":\"fr-FR\",\"@id\":\"https:\/\/bobea.net\/#\/schema\/person\/image\/\",\"url\":\"https:\/\/secure.gravatar.com\/avatar\/36147980349df887ae30808df3e29474?s=96&d=mm&r=g\",\"contentUrl\":\"https:\/\/secure.gravatar.com\/avatar\/36147980349df887ae30808df3e29474?s=96&d=mm&r=g\",\"caption\":\"bobea.info\"},\"sameAs\":[\"https:\/\/bobea.net\"],\"url\":\"https:\/\/bobea.net\/index.php\/author\/bobea-info\/\"}]}<\/script>\n<!-- \/ Yoast SEO plugin. -->","yoast_head_json":{"title":"La chute du mur de Berlin : 35 ans apr\u00e8s, un \u00e9v\u00e9nement qui a chang\u00e9 le monde - Bobea","robots":{"index":"index","follow":"follow","max-snippet":"max-snippet:-1","max-image-preview":"max-image-preview:large","max-video-preview":"max-video-preview:-1"},"canonical":"https:\/\/bobea.net\/index.php\/2025\/03\/22\/la-chute-du-mur-de-berlin-35-ans-apres-un-evenement-qui-a-change-le-monde\/","og_locale":"fr_FR","og_type":"article","og_title":"La chute du mur de Berlin : 35 ans apr\u00e8s, un \u00e9v\u00e9nement qui a chang\u00e9 le monde - Bobea","og_description":"Le 9 novem\u00adbre 1989, la chute du mur de Berlin a mar\u00adqu\u00e9 un tour\u00adnant d\u00e9cisif dans l\u2019histoire mod\u00aderne. Sym\u00adbole de la divi\u00adsion entre l\u2019Est et l\u2019Ouest pen\u00addant la Guerre froide,&hellip;","og_url":"https:\/\/bobea.net\/index.php\/2025\/03\/22\/la-chute-du-mur-de-berlin-35-ans-apres-un-evenement-qui-a-change-le-monde\/","og_site_name":"Bobea","article_publisher":"https:\/\/web.facebook.com\/profile.php?id=61559252188416","article_published_time":"2025-03-22T11:22:22+00:00","article_modified_time":"2025-03-22T11:22:24+00:00","og_image":[{"width":1280,"height":720,"url":"https:\/\/bobea.net\/wp-content\/uploads\/2025\/03\/0130211590205-web-tete.jpg","type":"image\/jpeg"}],"author":"bobea.info","twitter_card":"summary_large_image","twitter_misc":{"\u00c9crit par":"bobea.info","Dur\u00e9e de lecture estim\u00e9e":"5 minutes"},"schema":{"@context":"https:\/\/schema.org","@graph":[{"@type":"Article","@id":"https:\/\/bobea.net\/index.php\/2025\/03\/22\/la-chute-du-mur-de-berlin-35-ans-apres-un-evenement-qui-a-change-le-monde\/#article","isPartOf":{"@id":"https:\/\/bobea.net\/index.php\/2025\/03\/22\/la-chute-du-mur-de-berlin-35-ans-apres-un-evenement-qui-a-change-le-monde\/"},"author":{"name":"bobea.info","@id":"https:\/\/bobea.net\/#\/schema\/person\/e7f45ef187918d7c956bf619dce90ccf"},"headline":"La chute du mur de Berlin : 35 ans apr\u00e8s, un \u00e9v\u00e9nement qui a chang\u00e9 le monde","datePublished":"2025-03-22T11:22:22+00:00","dateModified":"2025-03-22T11:22:24+00:00","mainEntityOfPage":{"@id":"https:\/\/bobea.net\/index.php\/2025\/03\/22\/la-chute-du-mur-de-berlin-35-ans-apres-un-evenement-qui-a-change-le-monde\/"},"wordCount":856,"commentCount":0,"publisher":{"@id":"https:\/\/bobea.net\/#organization"},"image":{"@id":"https:\/\/bobea.net\/index.php\/2025\/03\/22\/la-chute-du-mur-de-berlin-35-ans-apres-un-evenement-qui-a-change-le-monde\/#primaryimage"},"thumbnailUrl":"https:\/\/bobea.net\/wp-content\/uploads\/2025\/03\/0130211590205-web-tete.jpg","articleSection":["On en Parle","Viva"],"inLanguage":"fr-FR","potentialAction":[{"@type":"CommentAction","name":"Comment","target":["https:\/\/bobea.net\/index.php\/2025\/03\/22\/la-chute-du-mur-de-berlin-35-ans-apres-un-evenement-qui-a-change-le-monde\/#respond"]}]},{"@type":"WebPage","@id":"https:\/\/bobea.net\/index.php\/2025\/03\/22\/la-chute-du-mur-de-berlin-35-ans-apres-un-evenement-qui-a-change-le-monde\/","url":"https:\/\/bobea.net\/index.php\/2025\/03\/22\/la-chute-du-mur-de-berlin-35-ans-apres-un-evenement-qui-a-change-le-monde\/","name":"La chute du mur de Berlin : 35 ans apr\u00e8s, un \u00e9v\u00e9nement qui a chang\u00e9 le monde - Bobea","isPartOf":{"@id":"https:\/\/bobea.net\/#website"},"primaryImageOfPage":{"@id":"https:\/\/bobea.net\/index.php\/2025\/03\/22\/la-chute-du-mur-de-berlin-35-ans-apres-un-evenement-qui-a-change-le-monde\/#primaryimage"},"image":{"@id":"https:\/\/bobea.net\/index.php\/2025\/03\/22\/la-chute-du-mur-de-berlin-35-ans-apres-un-evenement-qui-a-change-le-monde\/#primaryimage"},"thumbnailUrl":"https:\/\/bobea.net\/wp-content\/uploads\/2025\/03\/0130211590205-web-tete.jpg","datePublished":"2025-03-22T11:22:22+00:00","dateModified":"2025-03-22T11:22:24+00:00","breadcrumb":{"@id":"https:\/\/bobea.net\/index.php\/2025\/03\/22\/la-chute-du-mur-de-berlin-35-ans-apres-un-evenement-qui-a-change-le-monde\/#breadcrumb"},"inLanguage":"fr-FR","potentialAction":[{"@type":"ReadAction","target":["https:\/\/bobea.net\/index.php\/2025\/03\/22\/la-chute-du-mur-de-berlin-35-ans-apres-un-evenement-qui-a-change-le-monde\/"]}]},{"@type":"ImageObject","inLanguage":"fr-FR","@id":"https:\/\/bobea.net\/index.php\/2025\/03\/22\/la-chute-du-mur-de-berlin-35-ans-apres-un-evenement-qui-a-change-le-monde\/#primaryimage","url":"https:\/\/bobea.net\/wp-content\/uploads\/2025\/03\/0130211590205-web-tete.jpg","contentUrl":"https:\/\/bobea.net\/wp-content\/uploads\/2025\/03\/0130211590205-web-tete.jpg","width":1280,"height":720},{"@type":"BreadcrumbList","@id":"https:\/\/bobea.net\/index.php\/2025\/03\/22\/la-chute-du-mur-de-berlin-35-ans-apres-un-evenement-qui-a-change-le-monde\/#breadcrumb","itemListElement":[{"@type":"ListItem","position":1,"name":"Accueil","item":"https:\/\/bobea.net\/"},{"@type":"ListItem","position":2,"name":"La chute du mur de Berlin : 35 ans apr\u00e8s, un \u00e9v\u00e9nement qui a chang\u00e9 le monde"}]},{"@type":"WebSite","@id":"https:\/\/bobea.net\/#website","url":"https:\/\/bobea.net\/","name":"Bobea","description":"Le magazine de la nouvelle \u00c8ve","publisher":{"@id":"https:\/\/bobea.net\/#organization"},"potentialAction":[{"@type":"SearchAction","target":{"@type":"EntryPoint","urlTemplate":"https:\/\/bobea.net\/?s={search_term_string}"},"query-input":{"@type":"PropertyValueSpecification","valueRequired":true,"valueName":"search_term_string"}}],"inLanguage":"fr-FR"},{"@type":"Organization","@id":"https:\/\/bobea.net\/#organization","name":"Bobea","url":"https:\/\/bobea.net\/","logo":{"@type":"ImageObject","inLanguage":"fr-FR","@id":"https:\/\/bobea.net\/#\/schema\/logo\/image\/","url":"https:\/\/bobea.net\/wp-content\/uploads\/2024\/06\/bobea.jpg","contentUrl":"https:\/\/bobea.net\/wp-content\/uploads\/2024\/06\/bobea.jpg","width":1080,"height":1080,"caption":"Bobea"},"image":{"@id":"https:\/\/bobea.net\/#\/schema\/logo\/image\/"},"sameAs":["https:\/\/web.facebook.com\/profile.php?id=61559252188416"]},{"@type":"Person","@id":"https:\/\/bobea.net\/#\/schema\/person\/e7f45ef187918d7c956bf619dce90ccf","name":"bobea.info","image":{"@type":"ImageObject","inLanguage":"fr-FR","@id":"https:\/\/bobea.net\/#\/schema\/person\/image\/","url":"https:\/\/secure.gravatar.com\/avatar\/36147980349df887ae30808df3e29474?s=96&d=mm&r=g","contentUrl":"https:\/\/secure.gravatar.com\/avatar\/36147980349df887ae30808df3e29474?s=96&d=mm&r=g","caption":"bobea.info"},"sameAs":["https:\/\/bobea.net"],"url":"https:\/\/bobea.net\/index.php\/author\/bobea-info\/"}]}},"_links":{"self":[{"href":"https:\/\/bobea.net\/index.php\/wp-json\/wp\/v2\/posts\/12452"}],"collection":[{"href":"https:\/\/bobea.net\/index.php\/wp-json\/wp\/v2\/posts"}],"about":[{"href":"https:\/\/bobea.net\/index.php\/wp-json\/wp\/v2\/types\/post"}],"author":[{"embeddable":true,"href":"https:\/\/bobea.net\/index.php\/wp-json\/wp\/v2\/users\/1"}],"replies":[{"embeddable":true,"href":"https:\/\/bobea.net\/index.php\/wp-json\/wp\/v2\/comments?post=12452"}],"version-history":[{"count":1,"href":"https:\/\/bobea.net\/index.php\/wp-json\/wp\/v2\/posts\/12452\/revisions"}],"predecessor-version":[{"id":12460,"href":"https:\/\/bobea.net\/index.php\/wp-json\/wp\/v2\/posts\/12452\/revisions\/12460"}],"wp:featuredmedia":[{"embeddable":true,"href":"https:\/\/bobea.net\/index.php\/wp-json\/wp\/v2\/media\/12454"}],"wp:attachment":[{"href":"https:\/\/bobea.net\/index.php\/wp-json\/wp\/v2\/media?parent=12452"}],"wp:term":[{"taxonomy":"category","embeddable":true,"href":"https:\/\/bobea.net\/index.php\/wp-json\/wp\/v2\/categories?post=12452"},{"taxonomy":"post_tag","embeddable":true,"href":"https:\/\/bobea.net\/index.php\/wp-json\/wp\/v2\/tags?post=12452"}],"curies":[{"name":"wp","href":"https:\/\/api.w.org\/{rel}","templated":true}]}}