{"id":1244,"date":"2024-02-02T20:12:37","date_gmt":"2024-02-02T20:12:37","guid":{"rendered":"https:\/\/bobea.net\/?p=1244"},"modified":"2024-02-06T08:33:13","modified_gmt":"2024-02-06T08:33:13","slug":"josephine-baker-des-annees-folles-a-licone-en-mouvement","status":"publish","type":"post","link":"https:\/\/bobea.net\/index.php\/2024\/02\/02\/josephine-baker-des-annees-folles-a-licone-en-mouvement\/","title":{"rendered":"Jos\u00e9phine Baker : Des Ann\u00e9es Folles \u00e0 l\u2019Ic\u00f4ne en Mouvement"},"content":{"rendered":"\n<p><\/p>\n\n\n\n<figure class=\"wp-block-gallery has-nested-images columns-default is-cropped wp-block-gallery-1 is-layout-flex wp-block-gallery-is-layout-flex\">\n<figure class=\"wp-block-image size-large\"><img loading=\"lazy\" decoding=\"async\" width=\"1024\" height=\"575\" data-id=\"1246\" src=\"https:\/\/bobea.net\/wp-content\/uploads\/2024\/02\/phpU4lwx4-1024x575.jpg\" alt class=\"wp-image-1246\" srcset=\"https:\/\/bobea.net\/wp-content\/uploads\/2024\/02\/phpU4lwx4-1024x575.jpg 1024w, https:\/\/bobea.net\/wp-content\/uploads\/2024\/02\/phpU4lwx4-300x169.jpg 300w, https:\/\/bobea.net\/wp-content\/uploads\/2024\/02\/phpU4lwx4-768x432.jpg 768w, https:\/\/bobea.net\/wp-content\/uploads\/2024\/02\/phpU4lwx4.jpg 1500w\" sizes=\"(max-width: 1024px) 100vw, 1024px\"><\/figure>\n\n\n\n<figure class=\"wp-block-image size-large\"><img loading=\"lazy\" decoding=\"async\" width=\"800\" height=\"507\" data-id=\"1245\" src=\"https:\/\/bobea.net\/wp-content\/uploads\/2024\/02\/josephine-baker-pantheon-zigzag-e1638180274705.jpeg\" alt class=\"wp-image-1245\" srcset=\"https:\/\/bobea.net\/wp-content\/uploads\/2024\/02\/josephine-baker-pantheon-zigzag-e1638180274705.jpeg 800w, https:\/\/bobea.net\/wp-content\/uploads\/2024\/02\/josephine-baker-pantheon-zigzag-e1638180274705-300x190.jpeg 300w, https:\/\/bobea.net\/wp-content\/uploads\/2024\/02\/josephine-baker-pantheon-zigzag-e1638180274705-768x487.jpeg 768w\" sizes=\"(max-width: 800px) 100vw, 800px\"><\/figure>\n<\/figure>\n\n\n\n<p class=\"has-medium-font-size\"><strong>La Nou\u00advelle Galerie Nationale de Berlin rend hom\u00admage \u00e0 l\u2019h\u00e9ritage in\u00e9bran\u00adlable de Jos\u00e9phine Bak\u00ader<\/strong><\/p>\n\n\n\n<p class=\"has-medium-font-size\">Dans les ann\u00e9es 20, la danseuse Jos\u00e9phine Bak\u00ader fai\u00adsait vibr\u00ader les sc\u00e8nes europ\u00e9ennes, mais c\u2019est \u00e0 Berlin, avec \u201cLa Revue N\u00e8gre\u201d, qu\u2019elle a \u00e9bloui le pub\u00adlic alle\u00admand. Une per\u00adfor\u00admance r\u00e9vo\u00adlu\u00adtion\u00adnaire \u00e0 seule\u00adment 19 ans propul\u00adsa sa car\u00adri\u00e8re \u00e0 l\u2019in\u00adter\u00adna\u00adtion\u00adal.<\/p>\n\n\n\n<p class=\"has-medium-font-size\"><strong>Super\u00adstar Europ\u00e9enne, Com\u00adbat\u00adtante Am\u00e9ri\u00adcaine<\/strong><\/p>\n\n\n\n<p class=\"has-medium-font-size\">Bien que Bak\u00ader soit dev\u00adenue une super\u00adstar en Europe, les lois raciales am\u00e9ri\u00adcaines l\u2019emp\u00eachaient de se pro\u00adduire dans son pro\u00adpre pays. Mal\u00adgr\u00e9 cela, elle refusa cat\u00e9\u00adgorique\u00adment de se pro\u00adduire devant des publics vic\u00adtimes de la s\u00e9gr\u00e9\u00adga\u00adtion, rejoignant ain\u00adsi le mou\u00adve\u00adment des droits civiques aux \u00c9tats-Unis apr\u00e8s la Sec\u00adonde Guerre mon\u00addi\u00adale.<\/p>\n\n\n\n<p class=\"has-medium-font-size\"><strong>Engage\u00adment, Dis\u00adtinc\u00adtions et Dis\u00adcours M\u00e9morable<\/strong><\/p>\n\n\n\n<p class=\"has-medium-font-size\">Jos\u00e9phine Bak\u00ader \u00e9tait plus qu\u2019une artiste, elle \u00e9tait une activiste. Engag\u00e9e pour la lib\u00adert\u00e9 et con\u00adtre le racisme, elle fut l\u2019une des rares femmes \u00e0 pronon\u00adcer un dis\u00adcours lors de la marche sur Wash\u00ading\u00adton de Mar\u00adtin Luther King en 1963. Sa par\u00adtic\u00adi\u00adpa\u00adtion \u00e0 la R\u00e9sis\u00adtance fran\u00e7aise pen\u00addant la Sec\u00adonde Guerre mon\u00addi\u00adale lui a valu la m\u00e9daille de la R\u00e9sis\u00adtance en 1946.<\/p>\n\n\n\n<p class=\"has-medium-font-size\"><strong>Une Expo\u00adsi\u00adtion \u00e0 ne pas Man\u00adquer<\/strong><\/p>\n\n\n\n<p class=\"has-medium-font-size\">L\u2019ex\u00adpo\u00adsi\u00adtion \u201cJos\u00e9phine Bak\u00ader : une ic\u00f4ne en mou\u00adve\u00adment\u201d a d\u00e9but\u00e9 le 27 jan\u00advi\u00ader \u00e0 la Nou\u00advelle Galerie Nationale de Berlin et se pour\u00adsuiv\u00adra jusqu\u2019au 28 avril 2024.<\/p>\n\n\n\n<p class=\"has-medium-font-size\">L\u2019artiste et design\u00ader Kandice Williams souligne l\u2019im\u00adpor\u00adtance de com\u00adpren\u00addre l\u2019h\u00e9ritage de Jos\u00e9phine Bak\u00ader, tout en exam\u00adi\u00adnant de mani\u00e8re cri\u00adtique son tra\u00advail. L\u2019ex\u00adpo\u00adsi\u00adtion actuelle offre une plong\u00e9e dans la vie et l\u2019im\u00adpact de cette ic\u00f4ne, per\u00adme\u00adt\u00adtant aux vis\u00adi\u00adteurs de se forg\u00ader leur pro\u00adpre opin\u00adion. Une oppor\u00adtu\u00adnit\u00e9 unique de d\u00e9cou\u00advrir ou red\u00e9\u00adcou\u00advrir le par\u00adcours fasci\u00adnant de cette l\u00e9gende de la danse et de l\u2019ac\u00adtivisme.<\/p>\n","protected":false},"excerpt":{"rendered":"<p>La Nou\u00advelle Galerie Nationale de Berlin rend hom\u00admage \u00e0 l\u2019h\u00e9ritage in\u00e9bran\u00adlable de Jos\u00e9phine Bak\u00ader Dans les ann\u00e9es 20, la danseuse Jos\u00e9phine Bak\u00ader fai\u00adsait vibr\u00ader les sc\u00e8nes europ\u00e9ennes, mais c\u2019est \u00e0\u2026 <\/p>\n","protected":false},"author":10,"featured_media":1245,"comment_status":"open","ping_status":"open","sticky":false,"template":"","format":"standard","meta":{"wp_typography_post_enhancements_disabled":false,"footnotes":""},"categories":[55,67],"tags":[],"class_list":["post-1244","post","type-post","status-publish","format-standard","has-post-thumbnail","hentry","category-culture","category-tendances"],"yoast_head":"<!-- This site is optimized with the Yoast SEO plugin v24.7 - https:\/\/yoast.com\/wordpress\/plugins\/seo\/ -->\n<title>Jos\u00e9phine Baker : Des Ann\u00e9es Folles \u00e0 l&#039;Ic\u00f4ne en Mouvement - Bobea<\/title>\n<meta name=\"robots\" content=\"index, follow, max-snippet:-1, max-image-preview:large, max-video-preview:-1\" \/>\n<link rel=\"canonical\" href=\"https:\/\/bobea.net\/index.php\/2024\/02\/02\/josephine-baker-des-annees-folles-a-licone-en-mouvement\/\" \/>\n<meta property=\"og:locale\" content=\"fr_FR\" \/>\n<meta property=\"og:type\" content=\"article\" \/>\n<meta property=\"og:title\" content=\"Jos\u00e9phine Baker : Des Ann\u00e9es Folles \u00e0 l&#039;Ic\u00f4ne en Mouvement - Bobea\" \/>\n<meta property=\"og:description\" content=\"La Nou\u00advelle Galerie Nationale de Berlin rend hom\u00admage \u00e0 l\u2019h\u00e9ritage in\u00e9bran\u00adlable de Jos\u00e9phine Bak\u00ader Dans les ann\u00e9es 20, la danseuse Jos\u00e9phine Bak\u00ader fai\u00adsait vibr\u00ader les sc\u00e8nes europ\u00e9ennes, mais c\u2019est \u00e0&hellip;\" \/>\n<meta property=\"og:url\" content=\"https:\/\/bobea.net\/index.php\/2024\/02\/02\/josephine-baker-des-annees-folles-a-licone-en-mouvement\/\" \/>\n<meta property=\"og:site_name\" content=\"Bobea\" \/>\n<meta property=\"article:publisher\" content=\"https:\/\/web.facebook.com\/profile.php?id=61559252188416\" \/>\n<meta property=\"article:published_time\" content=\"2024-02-02T20:12:37+00:00\" \/>\n<meta property=\"article:modified_time\" content=\"2024-02-06T08:33:13+00:00\" \/>\n<meta property=\"og:image\" content=\"https:\/\/bobea.net\/wp-content\/uploads\/2024\/02\/josephine-baker-pantheon-zigzag-e1638180274705.jpeg\" \/>\n\t<meta property=\"og:image:width\" content=\"800\" \/>\n\t<meta property=\"og:image:height\" content=\"507\" \/>\n\t<meta property=\"og:image:type\" content=\"image\/jpeg\" \/>\n<meta name=\"author\" content=\"Zara Mourad\" \/>\n<meta name=\"twitter:card\" content=\"summary_large_image\" \/>\n<meta name=\"twitter:label1\" content=\"\u00c9crit par\" \/>\n\t<meta name=\"twitter:data1\" content=\"Zara Mourad\" \/>\n\t<meta name=\"twitter:label2\" content=\"Dur\u00e9e de lecture estim\u00e9e\" \/>\n\t<meta name=\"twitter:data2\" content=\"1 minute\" \/>\n<script type=\"application\/ld+json\" class=\"yoast-schema-graph\">{\"@context\":\"https:\/\/schema.org\",\"@graph\":[{\"@type\":\"Article\",\"@id\":\"https:\/\/bobea.net\/index.php\/2024\/02\/02\/josephine-baker-des-annees-folles-a-licone-en-mouvement\/#article\",\"isPartOf\":{\"@id\":\"https:\/\/bobea.net\/index.php\/2024\/02\/02\/josephine-baker-des-annees-folles-a-licone-en-mouvement\/\"},\"author\":{\"name\":\"Zara Mourad\",\"@id\":\"https:\/\/bobea.net\/#\/schema\/person\/fca298ae2c9c48f38378d5c73244accd\"},\"headline\":\"Jos\u00e9phine Baker : Des Ann\u00e9es Folles \u00e0 l\u2019Ic\u00f4ne en Mouvement\",\"datePublished\":\"2024-02-02T20:12:37+00:00\",\"dateModified\":\"2024-02-06T08:33:13+00:00\",\"mainEntityOfPage\":{\"@id\":\"https:\/\/bobea.net\/index.php\/2024\/02\/02\/josephine-baker-des-annees-folles-a-licone-en-mouvement\/\"},\"wordCount\":315,\"commentCount\":0,\"publisher\":{\"@id\":\"https:\/\/bobea.net\/#organization\"},\"image\":{\"@id\":\"https:\/\/bobea.net\/index.php\/2024\/02\/02\/josephine-baker-des-annees-folles-a-licone-en-mouvement\/#primaryimage\"},\"thumbnailUrl\":\"https:\/\/bobea.net\/wp-content\/uploads\/2024\/02\/josephine-baker-pantheon-zigzag-e1638180274705.jpeg\",\"articleSection\":[\"Culture\",\"Tendances\"],\"inLanguage\":\"fr-FR\",\"potentialAction\":[{\"@type\":\"CommentAction\",\"name\":\"Comment\",\"target\":[\"https:\/\/bobea.net\/index.php\/2024\/02\/02\/josephine-baker-des-annees-folles-a-licone-en-mouvement\/#respond\"]}]},{\"@type\":\"WebPage\",\"@id\":\"https:\/\/bobea.net\/index.php\/2024\/02\/02\/josephine-baker-des-annees-folles-a-licone-en-mouvement\/\",\"url\":\"https:\/\/bobea.net\/index.php\/2024\/02\/02\/josephine-baker-des-annees-folles-a-licone-en-mouvement\/\",\"name\":\"Jos\u00e9phine Baker : Des Ann\u00e9es Folles \u00e0 l'Ic\u00f4ne en Mouvement - Bobea\",\"isPartOf\":{\"@id\":\"https:\/\/bobea.net\/#website\"},\"primaryImageOfPage\":{\"@id\":\"https:\/\/bobea.net\/index.php\/2024\/02\/02\/josephine-baker-des-annees-folles-a-licone-en-mouvement\/#primaryimage\"},\"image\":{\"@id\":\"https:\/\/bobea.net\/index.php\/2024\/02\/02\/josephine-baker-des-annees-folles-a-licone-en-mouvement\/#primaryimage\"},\"thumbnailUrl\":\"https:\/\/bobea.net\/wp-content\/uploads\/2024\/02\/josephine-baker-pantheon-zigzag-e1638180274705.jpeg\",\"datePublished\":\"2024-02-02T20:12:37+00:00\",\"dateModified\":\"2024-02-06T08:33:13+00:00\",\"breadcrumb\":{\"@id\":\"https:\/\/bobea.net\/index.php\/2024\/02\/02\/josephine-baker-des-annees-folles-a-licone-en-mouvement\/#breadcrumb\"},\"inLanguage\":\"fr-FR\",\"potentialAction\":[{\"@type\":\"ReadAction\",\"target\":[\"https:\/\/bobea.net\/index.php\/2024\/02\/02\/josephine-baker-des-annees-folles-a-licone-en-mouvement\/\"]}]},{\"@type\":\"ImageObject\",\"inLanguage\":\"fr-FR\",\"@id\":\"https:\/\/bobea.net\/index.php\/2024\/02\/02\/josephine-baker-des-annees-folles-a-licone-en-mouvement\/#primaryimage\",\"url\":\"https:\/\/bobea.net\/wp-content\/uploads\/2024\/02\/josephine-baker-pantheon-zigzag-e1638180274705.jpeg\",\"contentUrl\":\"https:\/\/bobea.net\/wp-content\/uploads\/2024\/02\/josephine-baker-pantheon-zigzag-e1638180274705.jpeg\",\"width\":800,\"height\":507},{\"@type\":\"BreadcrumbList\",\"@id\":\"https:\/\/bobea.net\/index.php\/2024\/02\/02\/josephine-baker-des-annees-folles-a-licone-en-mouvement\/#breadcrumb\",\"itemListElement\":[{\"@type\":\"ListItem\",\"position\":1,\"name\":\"Accueil\",\"item\":\"https:\/\/bobea.net\/\"},{\"@type\":\"ListItem\",\"position\":2,\"name\":\"Jos\u00e9phine Baker : Des Ann\u00e9es Folles \u00e0 l&rsquo;Ic\u00f4ne en Mouvement\"}]},{\"@type\":\"WebSite\",\"@id\":\"https:\/\/bobea.net\/#website\",\"url\":\"https:\/\/bobea.net\/\",\"name\":\"Bobea\",\"description\":\"Le magazine de la nouvelle \u00c8ve\",\"publisher\":{\"@id\":\"https:\/\/bobea.net\/#organization\"},\"potentialAction\":[{\"@type\":\"SearchAction\",\"target\":{\"@type\":\"EntryPoint\",\"urlTemplate\":\"https:\/\/bobea.net\/?s={search_term_string}\"},\"query-input\":{\"@type\":\"PropertyValueSpecification\",\"valueRequired\":true,\"valueName\":\"search_term_string\"}}],\"inLanguage\":\"fr-FR\"},{\"@type\":\"Organization\",\"@id\":\"https:\/\/bobea.net\/#organization\",\"name\":\"Bobea\",\"url\":\"https:\/\/bobea.net\/\",\"logo\":{\"@type\":\"ImageObject\",\"inLanguage\":\"fr-FR\",\"@id\":\"https:\/\/bobea.net\/#\/schema\/logo\/image\/\",\"url\":\"https:\/\/bobea.net\/wp-content\/uploads\/2024\/06\/bobea.jpg\",\"contentUrl\":\"https:\/\/bobea.net\/wp-content\/uploads\/2024\/06\/bobea.jpg\",\"width\":1080,\"height\":1080,\"caption\":\"Bobea\"},\"image\":{\"@id\":\"https:\/\/bobea.net\/#\/schema\/logo\/image\/\"},\"sameAs\":[\"https:\/\/web.facebook.com\/profile.php?id=61559252188416\"]},{\"@type\":\"Person\",\"@id\":\"https:\/\/bobea.net\/#\/schema\/person\/fca298ae2c9c48f38378d5c73244accd\",\"name\":\"Zara Mourad\",\"image\":{\"@type\":\"ImageObject\",\"inLanguage\":\"fr-FR\",\"@id\":\"https:\/\/bobea.net\/#\/schema\/person\/image\/\",\"url\":\"https:\/\/secure.gravatar.com\/avatar\/63fb5bb9899799327dd77edb216a6be1?s=96&d=mm&r=g\",\"contentUrl\":\"https:\/\/secure.gravatar.com\/avatar\/63fb5bb9899799327dd77edb216a6be1?s=96&d=mm&r=g\",\"caption\":\"Zara Mourad\"},\"url\":\"https:\/\/bobea.net\/index.php\/author\/zara-mourad\/\"}]}<\/script>\n<!-- \/ Yoast SEO plugin. -->","yoast_head_json":{"title":"Jos\u00e9phine Baker : Des Ann\u00e9es Folles \u00e0 l'Ic\u00f4ne en Mouvement - Bobea","robots":{"index":"index","follow":"follow","max-snippet":"max-snippet:-1","max-image-preview":"max-image-preview:large","max-video-preview":"max-video-preview:-1"},"canonical":"https:\/\/bobea.net\/index.php\/2024\/02\/02\/josephine-baker-des-annees-folles-a-licone-en-mouvement\/","og_locale":"fr_FR","og_type":"article","og_title":"Jos\u00e9phine Baker : Des Ann\u00e9es Folles \u00e0 l'Ic\u00f4ne en Mouvement - Bobea","og_description":"La Nou\u00advelle Galerie Nationale de Berlin rend hom\u00admage \u00e0 l\u2019h\u00e9ritage in\u00e9bran\u00adlable de Jos\u00e9phine Bak\u00ader Dans les ann\u00e9es 20, la danseuse Jos\u00e9phine Bak\u00ader fai\u00adsait vibr\u00ader les sc\u00e8nes europ\u00e9ennes, mais c\u2019est \u00e0&hellip;","og_url":"https:\/\/bobea.net\/index.php\/2024\/02\/02\/josephine-baker-des-annees-folles-a-licone-en-mouvement\/","og_site_name":"Bobea","article_publisher":"https:\/\/web.facebook.com\/profile.php?id=61559252188416","article_published_time":"2024-02-02T20:12:37+00:00","article_modified_time":"2024-02-06T08:33:13+00:00","og_image":[{"width":800,"height":507,"url":"https:\/\/bobea.net\/wp-content\/uploads\/2024\/02\/josephine-baker-pantheon-zigzag-e1638180274705.jpeg","type":"image\/jpeg"}],"author":"Zara Mourad","twitter_card":"summary_large_image","twitter_misc":{"\u00c9crit par":"Zara Mourad","Dur\u00e9e de lecture estim\u00e9e":"1 minute"},"schema":{"@context":"https:\/\/schema.org","@graph":[{"@type":"Article","@id":"https:\/\/bobea.net\/index.php\/2024\/02\/02\/josephine-baker-des-annees-folles-a-licone-en-mouvement\/#article","isPartOf":{"@id":"https:\/\/bobea.net\/index.php\/2024\/02\/02\/josephine-baker-des-annees-folles-a-licone-en-mouvement\/"},"author":{"name":"Zara Mourad","@id":"https:\/\/bobea.net\/#\/schema\/person\/fca298ae2c9c48f38378d5c73244accd"},"headline":"Jos\u00e9phine Baker : Des Ann\u00e9es Folles \u00e0 l\u2019Ic\u00f4ne en Mouvement","datePublished":"2024-02-02T20:12:37+00:00","dateModified":"2024-02-06T08:33:13+00:00","mainEntityOfPage":{"@id":"https:\/\/bobea.net\/index.php\/2024\/02\/02\/josephine-baker-des-annees-folles-a-licone-en-mouvement\/"},"wordCount":315,"commentCount":0,"publisher":{"@id":"https:\/\/bobea.net\/#organization"},"image":{"@id":"https:\/\/bobea.net\/index.php\/2024\/02\/02\/josephine-baker-des-annees-folles-a-licone-en-mouvement\/#primaryimage"},"thumbnailUrl":"https:\/\/bobea.net\/wp-content\/uploads\/2024\/02\/josephine-baker-pantheon-zigzag-e1638180274705.jpeg","articleSection":["Culture","Tendances"],"inLanguage":"fr-FR","potentialAction":[{"@type":"CommentAction","name":"Comment","target":["https:\/\/bobea.net\/index.php\/2024\/02\/02\/josephine-baker-des-annees-folles-a-licone-en-mouvement\/#respond"]}]},{"@type":"WebPage","@id":"https:\/\/bobea.net\/index.php\/2024\/02\/02\/josephine-baker-des-annees-folles-a-licone-en-mouvement\/","url":"https:\/\/bobea.net\/index.php\/2024\/02\/02\/josephine-baker-des-annees-folles-a-licone-en-mouvement\/","name":"Jos\u00e9phine Baker : Des Ann\u00e9es Folles \u00e0 l'Ic\u00f4ne en Mouvement - Bobea","isPartOf":{"@id":"https:\/\/bobea.net\/#website"},"primaryImageOfPage":{"@id":"https:\/\/bobea.net\/index.php\/2024\/02\/02\/josephine-baker-des-annees-folles-a-licone-en-mouvement\/#primaryimage"},"image":{"@id":"https:\/\/bobea.net\/index.php\/2024\/02\/02\/josephine-baker-des-annees-folles-a-licone-en-mouvement\/#primaryimage"},"thumbnailUrl":"https:\/\/bobea.net\/wp-content\/uploads\/2024\/02\/josephine-baker-pantheon-zigzag-e1638180274705.jpeg","datePublished":"2024-02-02T20:12:37+00:00","dateModified":"2024-02-06T08:33:13+00:00","breadcrumb":{"@id":"https:\/\/bobea.net\/index.php\/2024\/02\/02\/josephine-baker-des-annees-folles-a-licone-en-mouvement\/#breadcrumb"},"inLanguage":"fr-FR","potentialAction":[{"@type":"ReadAction","target":["https:\/\/bobea.net\/index.php\/2024\/02\/02\/josephine-baker-des-annees-folles-a-licone-en-mouvement\/"]}]},{"@type":"ImageObject","inLanguage":"fr-FR","@id":"https:\/\/bobea.net\/index.php\/2024\/02\/02\/josephine-baker-des-annees-folles-a-licone-en-mouvement\/#primaryimage","url":"https:\/\/bobea.net\/wp-content\/uploads\/2024\/02\/josephine-baker-pantheon-zigzag-e1638180274705.jpeg","contentUrl":"https:\/\/bobea.net\/wp-content\/uploads\/2024\/02\/josephine-baker-pantheon-zigzag-e1638180274705.jpeg","width":800,"height":507},{"@type":"BreadcrumbList","@id":"https:\/\/bobea.net\/index.php\/2024\/02\/02\/josephine-baker-des-annees-folles-a-licone-en-mouvement\/#breadcrumb","itemListElement":[{"@type":"ListItem","position":1,"name":"Accueil","item":"https:\/\/bobea.net\/"},{"@type":"ListItem","position":2,"name":"Jos\u00e9phine Baker : Des Ann\u00e9es Folles \u00e0 l&rsquo;Ic\u00f4ne en Mouvement"}]},{"@type":"WebSite","@id":"https:\/\/bobea.net\/#website","url":"https:\/\/bobea.net\/","name":"Bobea","description":"Le magazine de la nouvelle \u00c8ve","publisher":{"@id":"https:\/\/bobea.net\/#organization"},"potentialAction":[{"@type":"SearchAction","target":{"@type":"EntryPoint","urlTemplate":"https:\/\/bobea.net\/?s={search_term_string}"},"query-input":{"@type":"PropertyValueSpecification","valueRequired":true,"valueName":"search_term_string"}}],"inLanguage":"fr-FR"},{"@type":"Organization","@id":"https:\/\/bobea.net\/#organization","name":"Bobea","url":"https:\/\/bobea.net\/","logo":{"@type":"ImageObject","inLanguage":"fr-FR","@id":"https:\/\/bobea.net\/#\/schema\/logo\/image\/","url":"https:\/\/bobea.net\/wp-content\/uploads\/2024\/06\/bobea.jpg","contentUrl":"https:\/\/bobea.net\/wp-content\/uploads\/2024\/06\/bobea.jpg","width":1080,"height":1080,"caption":"Bobea"},"image":{"@id":"https:\/\/bobea.net\/#\/schema\/logo\/image\/"},"sameAs":["https:\/\/web.facebook.com\/profile.php?id=61559252188416"]},{"@type":"Person","@id":"https:\/\/bobea.net\/#\/schema\/person\/fca298ae2c9c48f38378d5c73244accd","name":"Zara Mourad","image":{"@type":"ImageObject","inLanguage":"fr-FR","@id":"https:\/\/bobea.net\/#\/schema\/person\/image\/","url":"https:\/\/secure.gravatar.com\/avatar\/63fb5bb9899799327dd77edb216a6be1?s=96&d=mm&r=g","contentUrl":"https:\/\/secure.gravatar.com\/avatar\/63fb5bb9899799327dd77edb216a6be1?s=96&d=mm&r=g","caption":"Zara Mourad"},"url":"https:\/\/bobea.net\/index.php\/author\/zara-mourad\/"}]}},"_links":{"self":[{"href":"https:\/\/bobea.net\/index.php\/wp-json\/wp\/v2\/posts\/1244"}],"collection":[{"href":"https:\/\/bobea.net\/index.php\/wp-json\/wp\/v2\/posts"}],"about":[{"href":"https:\/\/bobea.net\/index.php\/wp-json\/wp\/v2\/types\/post"}],"author":[{"embeddable":true,"href":"https:\/\/bobea.net\/index.php\/wp-json\/wp\/v2\/users\/10"}],"replies":[{"embeddable":true,"href":"https:\/\/bobea.net\/index.php\/wp-json\/wp\/v2\/comments?post=1244"}],"version-history":[{"count":0,"href":"https:\/\/bobea.net\/index.php\/wp-json\/wp\/v2\/posts\/1244\/revisions"}],"wp:featuredmedia":[{"embeddable":true,"href":"https:\/\/bobea.net\/index.php\/wp-json\/wp\/v2\/media\/1245"}],"wp:attachment":[{"href":"https:\/\/bobea.net\/index.php\/wp-json\/wp\/v2\/media?parent=1244"}],"wp:term":[{"taxonomy":"category","embeddable":true,"href":"https:\/\/bobea.net\/index.php\/wp-json\/wp\/v2\/categories?post=1244"},{"taxonomy":"post_tag","embeddable":true,"href":"https:\/\/bobea.net\/index.php\/wp-json\/wp\/v2\/tags?post=1244"}],"curies":[{"name":"wp","href":"https:\/\/api.w.org\/{rel}","templated":true}]}}