{"id":12233,"date":"2025-03-21T09:34:31","date_gmt":"2025-03-21T09:34:31","guid":{"rendered":"https:\/\/bobea.net\/?p=12233"},"modified":"2025-03-21T09:34:32","modified_gmt":"2025-03-21T09:34:32","slug":"marathon-de-paris-2025-preparation-express-pour-les-retardataires","status":"publish","type":"post","link":"https:\/\/bobea.net\/index.php\/2025\/03\/21\/marathon-de-paris-2025-preparation-express-pour-les-retardataires\/","title":{"rendered":"Marathon de Paris 2025 \u2014 Pr\u00e9paration express pour les retardataires"},"content":{"rendered":"\n<p><strong>PARIS<\/strong>&nbsp;\u2013 Le Marathon de Paris 2025 approche \u00e0 grands pas ! Pr\u00e9vu le dimanche 13 avril, cet \u00e9v\u00e9ne\u00adment embl\u00e9\u00adma\u00adtique attire chaque ann\u00e9e des dizaines de mil\u00adliers de coureurs venus du monde entier pour arpen\u00adter les rues de la cap\u00adi\u00adtale fran\u00e7aise. Mais que faire si vous n\u2019avez pas encore com\u00admenc\u00e9 votre pr\u00e9\u00adpa\u00adra\u00adtion ? Pas de panique : il est encore temps !<\/p>\n\n\n\n<p><strong>Un marathon mythique<\/strong><\/p>\n\n\n\n<p>Le par\u00adcours du Marathon de Paris d\u00e9bute sur les Champs-\u00c9lys\u00e9es avant de tra\u00advers\u00ader cer\u00adtains des lieux les plus iconiques de la ville : la place de la Bastille, le Bois de Vin\u00adcennes, la Tour Eif\u00adfel et le Bois de Boulogne. Cepen\u00addant, ce trac\u00e9 n\u2019est pas sans d\u00e9fis : entre d\u00e9nivel\u00e9s et fameux \u201cmur\u201d du 30e kilo\u00adm\u00e8tre, mieux vaut \u00eatre bien pr\u00e9\u00adpar\u00e9.<\/p>\n\n\n\n<p><strong>Un plan d\u2019en\u00adtra\u00eene\u00adment express<\/strong><\/p>\n\n\n\n<p>Si vous \u00eates en retard dans votre pr\u00e9\u00adpa\u00adra\u00adtion, con\u00adcen\u00adtrez-vous sur trois axes prin\u00adci\u00adpaux :<\/p>\n\n\n\n<ol class=\"wp-block-list\">\n<li><strong>Endurance<\/strong>&nbsp;: Aug\u00admentez pro\u00adgres\u00adsive\u00adment vos dis\u00adtances heb\u00addo\u00admadaires pour habituer votre corps aux efforts pro\u00adlong\u00e9s.<\/li>\n<\/ol>\n\n\n\n<ul class=\"wp-block-list\">\n<li><strong>Ren\u00adforce\u00adment mus\u00adcu\u00adlaire<\/strong>&nbsp;: Ajoutez des s\u00e9ances cibl\u00e9es (squats, fentes) pour ren\u00adforcer vos jambes.<\/li>\n<\/ul>\n\n\n\n<ul class=\"wp-block-list\">\n<li><strong>Repos act\u00adif<\/strong>&nbsp;: Int\u00e9\u00adgrez des journ\u00e9es d\u00e9di\u00e9es \u00e0 la r\u00e9cup\u00e9ra\u00adtion pour \u00e9viter les blessures.<\/li>\n<\/ul>\n\n\n\n<p>Les experts recom\u00adman\u00addent \u00e9gale\u00adment d\u2019u\u00adtilis\u00ader un plan d\u2019en\u00adtra\u00eene\u00adment per\u00adson\u00adnal\u00adis\u00e9 comme ceux pro\u00adpos\u00e9s par Cam\u00adpus Coach ou le site offi\u00adciel du marathon.<\/p>\n\n\n\n<figure class=\"wp-block-image size-full is-resized\"><img loading=\"lazy\" decoding=\"async\" width=\"750\" height=\"422\" src=\"https:\/\/bobea.net\/wp-content\/uploads\/2025\/03\/iconsport_207378_0007-taille1200_6785404d1db7c.jpg\" alt class=\"wp-image-12241\" style=\"width:840px;height:auto\" srcset=\"https:\/\/bobea.net\/wp-content\/uploads\/2025\/03\/iconsport_207378_0007-taille1200_6785404d1db7c.jpg 750w, https:\/\/bobea.net\/wp-content\/uploads\/2025\/03\/iconsport_207378_0007-taille1200_6785404d1db7c-300x169.jpg 300w\" sizes=\"(max-width: 750px) 100vw, 750px\"><\/figure>\n\n\n\n<p><strong>L\u2019im\u00adpor\u00adtance de la nutri\u00adtion<\/strong><\/p>\n\n\n\n<p>La di\u00e9t\u00e9ti\u00adci\u00adenne sportive Sarah Mar\u00adtin insiste sur l\u2019im\u00adpor\u00adtance d\u2019une ali\u00admen\u00adta\u00adtion adap\u00adt\u00e9e pen\u00addant cette p\u00e9ri\u00adode cri\u00adtique : \u201cPriv\u00adil\u00e9giez les glu\u00adcides com\u00adplex\u00ades comme le riz com\u00adplet ou les patates douces pour recharg\u00ader vos r\u00e9serves \u00e9nerg\u00e9\u00adtiques.\u201d Pen\u00addant la course, pensez aux gels \u00e9nerg\u00e9\u00adtiques ou aux bananes disponibles aux rav\u00adi\u00adtaille\u00adments tous les 5 km.<\/p>\n\n\n\n<p><strong>Des astuces pour le jour J<\/strong><\/p>\n\n\n\n<ul class=\"wp-block-list\">\n<li>Ne partez pas trop vite d\u00e8s le d\u00e9part sur les Champs-\u00c9lys\u00e9es.<\/li>\n<\/ul>\n\n\n\n<ul class=\"wp-block-list\">\n<li>Suiv\u00adez un meneur d\u2019al\u00adlure adap\u00adt\u00e9 \u00e0 votre objec\u00adtif.<\/li>\n<\/ul>\n\n\n\n<ul class=\"wp-block-list\">\n<li>Hydratez-vous r\u00e9guli\u00e8re\u00adment mais sans exc\u00e8s pour \u00e9viter les trou\u00adbles gas\u00adtriques.<\/li>\n<\/ul>\n\n\n\n<p>Avec ces con\u00adseils sim\u00adples mais effi\u00adcaces, vous pou\u00advez encore relever le d\u00e9fi du Marathon de Paris 2025. Alors chaussez vos bas\u00adkets et pr\u00e9\u00adparez-vous \u00e0 vivre une exp\u00e9ri\u00adence inou\u00adbli\u00adable !<\/p>\n","protected":false},"excerpt":{"rendered":"<p>PARIS&nbsp;\u2013 Le Marathon de Paris 2025 approche \u00e0 grands pas ! Pr\u00e9vu le dimanche 13 avril, cet \u00e9v\u00e9ne\u00adment embl\u00e9\u00adma\u00adtique attire chaque ann\u00e9e des dizaines de mil\u00adliers de coureurs venus du\u2026 <\/p>\n","protected":false},"author":1,"featured_media":12242,"comment_status":"open","ping_status":"closed","sticky":false,"template":"","format":"standard","meta":{"wp_typography_post_enhancements_disabled":false,"footnotes":""},"categories":[62],"tags":[],"class_list":["post-12233","post","type-post","status-publish","format-standard","has-post-thumbnail","hentry","category-actualites"],"yoast_head":"<!-- This site is optimized with the Yoast SEO plugin v24.7 - https:\/\/yoast.com\/wordpress\/plugins\/seo\/ -->\n<title>Marathon de Paris 2025 - Pr\u00e9paration express pour les retardataires - Bobea<\/title>\n<meta name=\"description\" content=\"PARIS\u00a0\u2013 Le Marathon de Paris 2025 approche \u00e0 grands pas ! Pr\u00e9vu le dimanche 13 avril, cet \u00e9v\u00e9nement embl\u00e9matique attire chaque ann\u00e9e\" \/>\n<meta name=\"robots\" content=\"index, follow, max-snippet:-1, max-image-preview:large, max-video-preview:-1\" \/>\n<link rel=\"canonical\" href=\"https:\/\/bobea.net\/index.php\/2025\/03\/21\/marathon-de-paris-2025-preparation-express-pour-les-retardataires\/\" \/>\n<meta property=\"og:locale\" content=\"fr_FR\" \/>\n<meta property=\"og:type\" content=\"article\" \/>\n<meta property=\"og:title\" content=\"Marathon de Paris 2025 - Pr\u00e9paration express pour les retardataires - Bobea\" \/>\n<meta property=\"og:description\" content=\"PARIS\u00a0\u2013 Le Marathon de Paris 2025 approche \u00e0 grands pas ! Pr\u00e9vu le dimanche 13 avril, cet \u00e9v\u00e9nement embl\u00e9matique attire chaque ann\u00e9e\" \/>\n<meta property=\"og:url\" content=\"https:\/\/bobea.net\/index.php\/2025\/03\/21\/marathon-de-paris-2025-preparation-express-pour-les-retardataires\/\" \/>\n<meta property=\"og:site_name\" content=\"Bobea\" \/>\n<meta property=\"article:publisher\" content=\"https:\/\/web.facebook.com\/profile.php?id=61559252188416\" \/>\n<meta property=\"article:published_time\" content=\"2025-03-21T09:34:31+00:00\" \/>\n<meta property=\"article:modified_time\" content=\"2025-03-21T09:34:32+00:00\" \/>\n<meta property=\"og:image\" content=\"https:\/\/bobea.net\/wp-content\/uploads\/2025\/03\/1444x920_le-compte-a-rebours-avant-le-semi-marathon-de-paris-2025-est-lance.jpg\" \/>\n\t<meta property=\"og:image:width\" content=\"1444\" \/>\n\t<meta property=\"og:image:height\" content=\"920\" \/>\n\t<meta property=\"og:image:type\" content=\"image\/jpeg\" \/>\n<meta name=\"author\" content=\"bobea.info\" \/>\n<meta name=\"twitter:card\" content=\"summary_large_image\" \/>\n<meta name=\"twitter:label1\" content=\"\u00c9crit par\" \/>\n\t<meta name=\"twitter:data1\" content=\"bobea.info\" \/>\n\t<meta name=\"twitter:label2\" content=\"Dur\u00e9e de lecture estim\u00e9e\" \/>\n\t<meta name=\"twitter:data2\" content=\"2 minutes\" \/>\n<script type=\"application\/ld+json\" class=\"yoast-schema-graph\">{\"@context\":\"https:\/\/schema.org\",\"@graph\":[{\"@type\":\"Article\",\"@id\":\"https:\/\/bobea.net\/index.php\/2025\/03\/21\/marathon-de-paris-2025-preparation-express-pour-les-retardataires\/#article\",\"isPartOf\":{\"@id\":\"https:\/\/bobea.net\/index.php\/2025\/03\/21\/marathon-de-paris-2025-preparation-express-pour-les-retardataires\/\"},\"author\":{\"name\":\"bobea.info\",\"@id\":\"https:\/\/bobea.net\/#\/schema\/person\/e7f45ef187918d7c956bf619dce90ccf\"},\"headline\":\"Marathon de Paris 2025 \u2014 Pr\u00e9paration express pour les retardataires\",\"datePublished\":\"2025-03-21T09:34:31+00:00\",\"dateModified\":\"2025-03-21T09:34:32+00:00\",\"mainEntityOfPage\":{\"@id\":\"https:\/\/bobea.net\/index.php\/2025\/03\/21\/marathon-de-paris-2025-preparation-express-pour-les-retardataires\/\"},\"wordCount\":368,\"commentCount\":0,\"publisher\":{\"@id\":\"https:\/\/bobea.net\/#organization\"},\"image\":{\"@id\":\"https:\/\/bobea.net\/index.php\/2025\/03\/21\/marathon-de-paris-2025-preparation-express-pour-les-retardataires\/#primaryimage\"},\"thumbnailUrl\":\"https:\/\/bobea.net\/wp-content\/uploads\/2025\/03\/1444x920_le-compte-a-rebours-avant-le-semi-marathon-de-paris-2025-est-lance.jpg\",\"articleSection\":[\"Spotlive-Actualit\u00e9s\"],\"inLanguage\":\"fr-FR\",\"potentialAction\":[{\"@type\":\"CommentAction\",\"name\":\"Comment\",\"target\":[\"https:\/\/bobea.net\/index.php\/2025\/03\/21\/marathon-de-paris-2025-preparation-express-pour-les-retardataires\/#respond\"]}]},{\"@type\":\"WebPage\",\"@id\":\"https:\/\/bobea.net\/index.php\/2025\/03\/21\/marathon-de-paris-2025-preparation-express-pour-les-retardataires\/\",\"url\":\"https:\/\/bobea.net\/index.php\/2025\/03\/21\/marathon-de-paris-2025-preparation-express-pour-les-retardataires\/\",\"name\":\"Marathon de Paris 2025 - Pr\u00e9paration express pour les retardataires - Bobea\",\"isPartOf\":{\"@id\":\"https:\/\/bobea.net\/#website\"},\"primaryImageOfPage\":{\"@id\":\"https:\/\/bobea.net\/index.php\/2025\/03\/21\/marathon-de-paris-2025-preparation-express-pour-les-retardataires\/#primaryimage\"},\"image\":{\"@id\":\"https:\/\/bobea.net\/index.php\/2025\/03\/21\/marathon-de-paris-2025-preparation-express-pour-les-retardataires\/#primaryimage\"},\"thumbnailUrl\":\"https:\/\/bobea.net\/wp-content\/uploads\/2025\/03\/1444x920_le-compte-a-rebours-avant-le-semi-marathon-de-paris-2025-est-lance.jpg\",\"datePublished\":\"2025-03-21T09:34:31+00:00\",\"dateModified\":\"2025-03-21T09:34:32+00:00\",\"description\":\"PARIS\u00a0\u2013 Le Marathon de Paris 2025 approche \u00e0 grands pas ! Pr\u00e9vu le dimanche 13 avril, cet \u00e9v\u00e9nement embl\u00e9matique attire chaque ann\u00e9e\",\"breadcrumb\":{\"@id\":\"https:\/\/bobea.net\/index.php\/2025\/03\/21\/marathon-de-paris-2025-preparation-express-pour-les-retardataires\/#breadcrumb\"},\"inLanguage\":\"fr-FR\",\"potentialAction\":[{\"@type\":\"ReadAction\",\"target\":[\"https:\/\/bobea.net\/index.php\/2025\/03\/21\/marathon-de-paris-2025-preparation-express-pour-les-retardataires\/\"]}]},{\"@type\":\"ImageObject\",\"inLanguage\":\"fr-FR\",\"@id\":\"https:\/\/bobea.net\/index.php\/2025\/03\/21\/marathon-de-paris-2025-preparation-express-pour-les-retardataires\/#primaryimage\",\"url\":\"https:\/\/bobea.net\/wp-content\/uploads\/2025\/03\/1444x920_le-compte-a-rebours-avant-le-semi-marathon-de-paris-2025-est-lance.jpg\",\"contentUrl\":\"https:\/\/bobea.net\/wp-content\/uploads\/2025\/03\/1444x920_le-compte-a-rebours-avant-le-semi-marathon-de-paris-2025-est-lance.jpg\",\"width\":1444,\"height\":920},{\"@type\":\"BreadcrumbList\",\"@id\":\"https:\/\/bobea.net\/index.php\/2025\/03\/21\/marathon-de-paris-2025-preparation-express-pour-les-retardataires\/#breadcrumb\",\"itemListElement\":[{\"@type\":\"ListItem\",\"position\":1,\"name\":\"Accueil\",\"item\":\"https:\/\/bobea.net\/\"},{\"@type\":\"ListItem\",\"position\":2,\"name\":\"Marathon de Paris 2025 &#8211; Pr\u00e9paration express pour les retardataires\"}]},{\"@type\":\"WebSite\",\"@id\":\"https:\/\/bobea.net\/#website\",\"url\":\"https:\/\/bobea.net\/\",\"name\":\"Bobea\",\"description\":\"Le magazine de la nouvelle \u00c8ve\",\"publisher\":{\"@id\":\"https:\/\/bobea.net\/#organization\"},\"potentialAction\":[{\"@type\":\"SearchAction\",\"target\":{\"@type\":\"EntryPoint\",\"urlTemplate\":\"https:\/\/bobea.net\/?s={search_term_string}\"},\"query-input\":{\"@type\":\"PropertyValueSpecification\",\"valueRequired\":true,\"valueName\":\"search_term_string\"}}],\"inLanguage\":\"fr-FR\"},{\"@type\":\"Organization\",\"@id\":\"https:\/\/bobea.net\/#organization\",\"name\":\"Bobea\",\"url\":\"https:\/\/bobea.net\/\",\"logo\":{\"@type\":\"ImageObject\",\"inLanguage\":\"fr-FR\",\"@id\":\"https:\/\/bobea.net\/#\/schema\/logo\/image\/\",\"url\":\"https:\/\/bobea.net\/wp-content\/uploads\/2024\/06\/bobea.jpg\",\"contentUrl\":\"https:\/\/bobea.net\/wp-content\/uploads\/2024\/06\/bobea.jpg\",\"width\":1080,\"height\":1080,\"caption\":\"Bobea\"},\"image\":{\"@id\":\"https:\/\/bobea.net\/#\/schema\/logo\/image\/\"},\"sameAs\":[\"https:\/\/web.facebook.com\/profile.php?id=61559252188416\"]},{\"@type\":\"Person\",\"@id\":\"https:\/\/bobea.net\/#\/schema\/person\/e7f45ef187918d7c956bf619dce90ccf\",\"name\":\"bobea.info\",\"image\":{\"@type\":\"ImageObject\",\"inLanguage\":\"fr-FR\",\"@id\":\"https:\/\/bobea.net\/#\/schema\/person\/image\/\",\"url\":\"https:\/\/secure.gravatar.com\/avatar\/36147980349df887ae30808df3e29474?s=96&d=mm&r=g\",\"contentUrl\":\"https:\/\/secure.gravatar.com\/avatar\/36147980349df887ae30808df3e29474?s=96&d=mm&r=g\",\"caption\":\"bobea.info\"},\"sameAs\":[\"https:\/\/bobea.net\"],\"url\":\"https:\/\/bobea.net\/index.php\/author\/bobea-info\/\"}]}<\/script>\n<!-- \/ Yoast SEO plugin. -->","yoast_head_json":{"title":"Marathon de Paris 2025 - Pr\u00e9paration express pour les retardataires - Bobea","description":"PARIS\u00a0\u2013 Le Marathon de Paris 2025 approche \u00e0 grands pas ! Pr\u00e9vu le dimanche 13 avril, cet \u00e9v\u00e9nement embl\u00e9matique attire chaque ann\u00e9e","robots":{"index":"index","follow":"follow","max-snippet":"max-snippet:-1","max-image-preview":"max-image-preview:large","max-video-preview":"max-video-preview:-1"},"canonical":"https:\/\/bobea.net\/index.php\/2025\/03\/21\/marathon-de-paris-2025-preparation-express-pour-les-retardataires\/","og_locale":"fr_FR","og_type":"article","og_title":"Marathon de Paris 2025 - Pr\u00e9paration express pour les retardataires - Bobea","og_description":"PARIS\u00a0\u2013 Le Marathon de Paris 2025 approche \u00e0 grands pas ! Pr\u00e9vu le dimanche 13 avril, cet \u00e9v\u00e9nement embl\u00e9matique attire chaque ann\u00e9e","og_url":"https:\/\/bobea.net\/index.php\/2025\/03\/21\/marathon-de-paris-2025-preparation-express-pour-les-retardataires\/","og_site_name":"Bobea","article_publisher":"https:\/\/web.facebook.com\/profile.php?id=61559252188416","article_published_time":"2025-03-21T09:34:31+00:00","article_modified_time":"2025-03-21T09:34:32+00:00","og_image":[{"width":1444,"height":920,"url":"https:\/\/bobea.net\/wp-content\/uploads\/2025\/03\/1444x920_le-compte-a-rebours-avant-le-semi-marathon-de-paris-2025-est-lance.jpg","type":"image\/jpeg"}],"author":"bobea.info","twitter_card":"summary_large_image","twitter_misc":{"\u00c9crit par":"bobea.info","Dur\u00e9e de lecture estim\u00e9e":"2 minutes"},"schema":{"@context":"https:\/\/schema.org","@graph":[{"@type":"Article","@id":"https:\/\/bobea.net\/index.php\/2025\/03\/21\/marathon-de-paris-2025-preparation-express-pour-les-retardataires\/#article","isPartOf":{"@id":"https:\/\/bobea.net\/index.php\/2025\/03\/21\/marathon-de-paris-2025-preparation-express-pour-les-retardataires\/"},"author":{"name":"bobea.info","@id":"https:\/\/bobea.net\/#\/schema\/person\/e7f45ef187918d7c956bf619dce90ccf"},"headline":"Marathon de Paris 2025 \u2014 Pr\u00e9paration express pour les retardataires","datePublished":"2025-03-21T09:34:31+00:00","dateModified":"2025-03-21T09:34:32+00:00","mainEntityOfPage":{"@id":"https:\/\/bobea.net\/index.php\/2025\/03\/21\/marathon-de-paris-2025-preparation-express-pour-les-retardataires\/"},"wordCount":368,"commentCount":0,"publisher":{"@id":"https:\/\/bobea.net\/#organization"},"image":{"@id":"https:\/\/bobea.net\/index.php\/2025\/03\/21\/marathon-de-paris-2025-preparation-express-pour-les-retardataires\/#primaryimage"},"thumbnailUrl":"https:\/\/bobea.net\/wp-content\/uploads\/2025\/03\/1444x920_le-compte-a-rebours-avant-le-semi-marathon-de-paris-2025-est-lance.jpg","articleSection":["Spotlive-Actualit\u00e9s"],"inLanguage":"fr-FR","potentialAction":[{"@type":"CommentAction","name":"Comment","target":["https:\/\/bobea.net\/index.php\/2025\/03\/21\/marathon-de-paris-2025-preparation-express-pour-les-retardataires\/#respond"]}]},{"@type":"WebPage","@id":"https:\/\/bobea.net\/index.php\/2025\/03\/21\/marathon-de-paris-2025-preparation-express-pour-les-retardataires\/","url":"https:\/\/bobea.net\/index.php\/2025\/03\/21\/marathon-de-paris-2025-preparation-express-pour-les-retardataires\/","name":"Marathon de Paris 2025 - Pr\u00e9paration express pour les retardataires - Bobea","isPartOf":{"@id":"https:\/\/bobea.net\/#website"},"primaryImageOfPage":{"@id":"https:\/\/bobea.net\/index.php\/2025\/03\/21\/marathon-de-paris-2025-preparation-express-pour-les-retardataires\/#primaryimage"},"image":{"@id":"https:\/\/bobea.net\/index.php\/2025\/03\/21\/marathon-de-paris-2025-preparation-express-pour-les-retardataires\/#primaryimage"},"thumbnailUrl":"https:\/\/bobea.net\/wp-content\/uploads\/2025\/03\/1444x920_le-compte-a-rebours-avant-le-semi-marathon-de-paris-2025-est-lance.jpg","datePublished":"2025-03-21T09:34:31+00:00","dateModified":"2025-03-21T09:34:32+00:00","description":"PARIS\u00a0\u2013 Le Marathon de Paris 2025 approche \u00e0 grands pas ! Pr\u00e9vu le dimanche 13 avril, cet \u00e9v\u00e9nement embl\u00e9matique attire chaque ann\u00e9e","breadcrumb":{"@id":"https:\/\/bobea.net\/index.php\/2025\/03\/21\/marathon-de-paris-2025-preparation-express-pour-les-retardataires\/#breadcrumb"},"inLanguage":"fr-FR","potentialAction":[{"@type":"ReadAction","target":["https:\/\/bobea.net\/index.php\/2025\/03\/21\/marathon-de-paris-2025-preparation-express-pour-les-retardataires\/"]}]},{"@type":"ImageObject","inLanguage":"fr-FR","@id":"https:\/\/bobea.net\/index.php\/2025\/03\/21\/marathon-de-paris-2025-preparation-express-pour-les-retardataires\/#primaryimage","url":"https:\/\/bobea.net\/wp-content\/uploads\/2025\/03\/1444x920_le-compte-a-rebours-avant-le-semi-marathon-de-paris-2025-est-lance.jpg","contentUrl":"https:\/\/bobea.net\/wp-content\/uploads\/2025\/03\/1444x920_le-compte-a-rebours-avant-le-semi-marathon-de-paris-2025-est-lance.jpg","width":1444,"height":920},{"@type":"BreadcrumbList","@id":"https:\/\/bobea.net\/index.php\/2025\/03\/21\/marathon-de-paris-2025-preparation-express-pour-les-retardataires\/#breadcrumb","itemListElement":[{"@type":"ListItem","position":1,"name":"Accueil","item":"https:\/\/bobea.net\/"},{"@type":"ListItem","position":2,"name":"Marathon de Paris 2025 &#8211; Pr\u00e9paration express pour les retardataires"}]},{"@type":"WebSite","@id":"https:\/\/bobea.net\/#website","url":"https:\/\/bobea.net\/","name":"Bobea","description":"Le magazine de la nouvelle \u00c8ve","publisher":{"@id":"https:\/\/bobea.net\/#organization"},"potentialAction":[{"@type":"SearchAction","target":{"@type":"EntryPoint","urlTemplate":"https:\/\/bobea.net\/?s={search_term_string}"},"query-input":{"@type":"PropertyValueSpecification","valueRequired":true,"valueName":"search_term_string"}}],"inLanguage":"fr-FR"},{"@type":"Organization","@id":"https:\/\/bobea.net\/#organization","name":"Bobea","url":"https:\/\/bobea.net\/","logo":{"@type":"ImageObject","inLanguage":"fr-FR","@id":"https:\/\/bobea.net\/#\/schema\/logo\/image\/","url":"https:\/\/bobea.net\/wp-content\/uploads\/2024\/06\/bobea.jpg","contentUrl":"https:\/\/bobea.net\/wp-content\/uploads\/2024\/06\/bobea.jpg","width":1080,"height":1080,"caption":"Bobea"},"image":{"@id":"https:\/\/bobea.net\/#\/schema\/logo\/image\/"},"sameAs":["https:\/\/web.facebook.com\/profile.php?id=61559252188416"]},{"@type":"Person","@id":"https:\/\/bobea.net\/#\/schema\/person\/e7f45ef187918d7c956bf619dce90ccf","name":"bobea.info","image":{"@type":"ImageObject","inLanguage":"fr-FR","@id":"https:\/\/bobea.net\/#\/schema\/person\/image\/","url":"https:\/\/secure.gravatar.com\/avatar\/36147980349df887ae30808df3e29474?s=96&d=mm&r=g","contentUrl":"https:\/\/secure.gravatar.com\/avatar\/36147980349df887ae30808df3e29474?s=96&d=mm&r=g","caption":"bobea.info"},"sameAs":["https:\/\/bobea.net"],"url":"https:\/\/bobea.net\/index.php\/author\/bobea-info\/"}]}},"_links":{"self":[{"href":"https:\/\/bobea.net\/index.php\/wp-json\/wp\/v2\/posts\/12233"}],"collection":[{"href":"https:\/\/bobea.net\/index.php\/wp-json\/wp\/v2\/posts"}],"about":[{"href":"https:\/\/bobea.net\/index.php\/wp-json\/wp\/v2\/types\/post"}],"author":[{"embeddable":true,"href":"https:\/\/bobea.net\/index.php\/wp-json\/wp\/v2\/users\/1"}],"replies":[{"embeddable":true,"href":"https:\/\/bobea.net\/index.php\/wp-json\/wp\/v2\/comments?post=12233"}],"version-history":[{"count":1,"href":"https:\/\/bobea.net\/index.php\/wp-json\/wp\/v2\/posts\/12233\/revisions"}],"predecessor-version":[{"id":12243,"href":"https:\/\/bobea.net\/index.php\/wp-json\/wp\/v2\/posts\/12233\/revisions\/12243"}],"wp:featuredmedia":[{"embeddable":true,"href":"https:\/\/bobea.net\/index.php\/wp-json\/wp\/v2\/media\/12242"}],"wp:attachment":[{"href":"https:\/\/bobea.net\/index.php\/wp-json\/wp\/v2\/media?parent=12233"}],"wp:term":[{"taxonomy":"category","embeddable":true,"href":"https:\/\/bobea.net\/index.php\/wp-json\/wp\/v2\/categories?post=12233"},{"taxonomy":"post_tag","embeddable":true,"href":"https:\/\/bobea.net\/index.php\/wp-json\/wp\/v2\/tags?post=12233"}],"curies":[{"name":"wp","href":"https:\/\/api.w.org\/{rel}","templated":true}]}}