{"id":12230,"date":"2025-03-21T09:27:27","date_gmt":"2025-03-21T09:27:27","guid":{"rendered":"https:\/\/bobea.net\/?p=12230"},"modified":"2025-03-21T09:27:28","modified_gmt":"2025-03-21T09:27:28","slug":"top-5-des-destinations-ecoresponsables-en-europe","status":"publish","type":"post","link":"https:\/\/bobea.net\/index.php\/2025\/03\/21\/top-5-des-destinations-ecoresponsables-en-europe\/","title":{"rendered":"Top 5 des destinations \u00e9coresponsables en Europe"},"content":{"rendered":"\n<p>Le tourisme durable gagne en pop\u00adu\u00adlar\u00adit\u00e9, et l\u2019Eu\u00adrope regorge de des\u00adti\u00adna\u00adtions qui allient beaut\u00e9 naturelle et engage\u00adment \u00e9cologique. Voici notre top 5 des des\u00adti\u00adna\u00adtions \u00e9core\u00adspon\u00ads\u00adables \u00e0 d\u00e9cou\u00advrir en 2025.<\/p>\n\n\n\n<p><strong>1. Ljubl\u00adjana, Slov\u00e9nie<\/strong><\/p>\n\n\n\n<p><strong>Pourquoi la vis\u00aditer :<\/strong>&nbsp;\u00c9lue cap\u00adi\u00adtale verte de l\u2019Eu\u00adrope en 2016, Ljubl\u00adjana con\u00adtin\u00adue d\u2019im\u00adpres\u00adsion\u00adner par ses ini\u00adtia\u00adtives \u00e9cologiques.<\/p>\n\n\n\n<p><strong>Points forts :<\/strong><\/p>\n\n\n\n<ul class=\"wp-block-list\">\n<li>Cen\u00adtre-ville pi\u00e9\u00adton et cyclable<\/li>\n\n\n\n<li>Sys\u00adt\u00e8me de tri des d\u00e9chets ultra-per\u00adfor\u00admant<\/li>\n\n\n\n<li>Nom\u00adbreux espaces verts et parcs urbains<\/li>\n\n\n\n<li>Restau\u00adrants priv\u00adil\u00e9\u00adgiant les pro\u00adduits locaux et bio<\/li>\n<\/ul>\n\n\n\n<figure class=\"wp-block-image size-large\"><img loading=\"lazy\" decoding=\"async\" width=\"1024\" height=\"576\" src=\"https:\/\/bobea.net\/wp-content\/uploads\/2025\/03\/s_ljubljana_slovenia_capital_2-1024x576.jpg\" alt class=\"wp-image-12237\" srcset=\"https:\/\/bobea.net\/wp-content\/uploads\/2025\/03\/s_ljubljana_slovenia_capital_2-1024x576.jpg 1024w, https:\/\/bobea.net\/wp-content\/uploads\/2025\/03\/s_ljubljana_slovenia_capital_2-300x169.jpg 300w, https:\/\/bobea.net\/wp-content\/uploads\/2025\/03\/s_ljubljana_slovenia_capital_2-768x432.jpg 768w, https:\/\/bobea.net\/wp-content\/uploads\/2025\/03\/s_ljubljana_slovenia_capital_2-1536x864.jpg 1536w, https:\/\/bobea.net\/wp-content\/uploads\/2025\/03\/s_ljubljana_slovenia_capital_2.jpg 1920w\" sizes=\"(max-width: 1024px) 100vw, 1024px\"><\/figure>\n\n\n\n<p><strong>\u00c0 ne pas man\u00adquer :<\/strong>&nbsp;Le march\u00e9 cen\u00adtral, le ch\u00e2teau de Ljubl\u00adjana, le parc Tivoli<\/p>\n\n\n\n<p><strong>2. Copen\u00adh\u00adague, Dane\u00admark<\/strong><\/p>\n\n\n\n<p><strong>Pourquoi la vis\u00aditer :<\/strong>&nbsp;La cap\u00adi\u00adtale danoise vise la neu\u00adtral\u00adit\u00e9 car\u00adbone d\u2019i\u00adci 2025.<\/p>\n\n\n\n<p><strong>Points forts :<\/strong><\/p>\n\n\n\n<ul class=\"wp-block-list\">\n<li>R\u00e9seau cyclable excep\u00adtion\u00adnel<\/li>\n\n\n\n<li>B\u00e2ti\u00adments \u00e0 haute effi\u00adcac\u00adit\u00e9 \u00e9nerg\u00e9\u00adtique<\/li>\n\n\n\n<li>Nom\u00adbreux h\u00f4tels \u00e9co-cer\u00adti\u00adfi\u00e9s<\/li>\n\n\n\n<li>Plages urbaines pro\u00adpres et acces\u00adsi\u00adbles<\/li>\n<\/ul>\n\n\n\n<figure class=\"wp-block-image size-full\"><img loading=\"lazy\" decoding=\"async\" width=\"1000\" height=\"667\" src=\"https:\/\/bobea.net\/wp-content\/uploads\/2025\/03\/Bonnes-adresses-Copenhague.jpg\" alt class=\"wp-image-12236\" srcset=\"https:\/\/bobea.net\/wp-content\/uploads\/2025\/03\/Bonnes-adresses-Copenhague.jpg 1000w, https:\/\/bobea.net\/wp-content\/uploads\/2025\/03\/Bonnes-adresses-Copenhague-300x200.jpg 300w, https:\/\/bobea.net\/wp-content\/uploads\/2025\/03\/Bonnes-adresses-Copenhague-768x512.jpg 768w\" sizes=\"(max-width: 1000px) 100vw, 1000px\"><\/figure>\n\n\n\n<p><strong>\u00c0 ne pas man\u00adquer :<\/strong>&nbsp;Le quarti\u00ader de Chris\u00adtia\u00adnia, les jardins de Tivoli, le port de Nyhavn<\/p>\n\n\n\n<p><strong>3. Fri\u00adbourg-en-Bris\u00adgau, Alle\u00admagne<\/strong><\/p>\n\n\n\n<p><strong>Pourquoi la vis\u00aditer :<\/strong>&nbsp;Pio\u00adnni\u00e8re de l\u2019\u00e9\u00adcolo\u00adgie urbaine en Europe.<\/p>\n\n\n\n<p><strong>Points forts :<\/strong><\/p>\n\n\n\n<ul class=\"wp-block-list\">\n<li>Quarti\u00ader Vauban, mod\u00ad\u00e8le d\u2019\u00e9\u00adco-quarti\u00ader<\/li>\n\n\n\n<li>Util\u00adi\u00adsa\u00adtion mas\u00adsive de l\u2019\u00e9n\u00adergie solaire<\/li>\n\n\n\n<li>R\u00e9seau de tramway effi\u00adcace et \u00e9cologique<\/li>\n\n\n\n<li>For\u00eat-Noire \u00e0 prox\u00adim\u00adit\u00e9 pour les ama\u00adteurs de nature<\/li>\n<\/ul>\n\n\n\n<figure class=\"wp-block-image size-full\"><img loading=\"lazy\" decoding=\"async\" width=\"1024\" height=\"655\" src=\"https:\/\/bobea.net\/wp-content\/uploads\/2025\/03\/friburg-am-brisgau11-1024x655-1.jpg\" alt class=\"wp-image-12235\" srcset=\"https:\/\/bobea.net\/wp-content\/uploads\/2025\/03\/friburg-am-brisgau11-1024x655-1.jpg 1024w, https:\/\/bobea.net\/wp-content\/uploads\/2025\/03\/friburg-am-brisgau11-1024x655-1-300x192.jpg 300w, https:\/\/bobea.net\/wp-content\/uploads\/2025\/03\/friburg-am-brisgau11-1024x655-1-768x491.jpg 768w\" sizes=\"(max-width: 1024px) 100vw, 1024px\"><\/figure>\n\n\n\n<p><strong>\u00c0 ne pas man\u00adquer :<\/strong>&nbsp;La cath\u00e9\u00addrale goth\u00adique, le quarti\u00ader Vauban, le march\u00e9 de la place de la Cath\u00e9\u00addrale<\/p>\n\n\n\n<p><strong>4. G\u00f6te\u00adborg, Su\u00e8de<\/strong><\/p>\n\n\n\n<p><strong>Pourquoi la vis\u00aditer :<\/strong>&nbsp;Deux\u00adi\u00e8me ville de Su\u00e8de, G\u00f6te\u00adborg est \u00e0 la pointe de l\u2019in\u00adno\u00adva\u00adtion durable.<\/p>\n\n\n\n<p><strong>Points forts :<\/strong><\/p>\n\n\n\n<ul class=\"wp-block-list\">\n<li>Trans\u00adports publics \u00e9lec\u00adtriques<\/li>\n\n\n\n<li>Nom\u00adbreux parcs et r\u00e9serves naturelles<\/li>\n\n\n\n<li>Restau\u00adrants pro\u00adposant une cui\u00adsine durable et locale<\/li>\n\n\n\n<li>Engage\u00adment fort dans le recy\u00adclage et la r\u00e9duc\u00adtion des d\u00e9chets<\/li>\n<\/ul>\n\n\n\n<figure class=\"wp-block-image size-full is-resized\"><img loading=\"lazy\" decoding=\"async\" width=\"820\" height=\"280\" src=\"https:\/\/bobea.net\/wp-content\/uploads\/2025\/03\/Suede-\u00a9-juhumbert-AdobeStock_196743144_product_panorama.jpeg\" alt class=\"wp-image-12234\" style=\"width:840px;height:auto\" srcset=\"https:\/\/bobea.net\/wp-content\/uploads\/2025\/03\/Suede-\u00a9-juhumbert-AdobeStock_196743144_product_panorama.jpeg 820w, https:\/\/bobea.net\/wp-content\/uploads\/2025\/03\/Suede-\u00a9-juhumbert-AdobeStock_196743144_product_panorama-300x102.jpeg 300w, https:\/\/bobea.net\/wp-content\/uploads\/2025\/03\/Suede-\u00a9-juhumbert-AdobeStock_196743144_product_panorama-768x262.jpeg 768w\" sizes=\"(max-width: 820px) 100vw, 820px\"><\/figure>\n\n\n\n<p><strong>\u00c0 ne pas man\u00adquer :<\/strong>&nbsp;L\u2019archipel de G\u00f6te\u00adborg, le parc d\u2019at\u00adtrac\u00adtions Lise\u00adberg, le mus\u00e9e Uni\u00adver\u00adse\u00adum<\/p>\n\n\n\n<p><strong>5. Greno\u00adble, France<\/strong><\/p>\n\n\n\n<p><strong>Pourquoi la vis\u00aditer :<\/strong>&nbsp;\u00c9lue cap\u00adi\u00adtale verte europ\u00e9enne 2022, Greno\u00adble pour\u00adsuit ses efforts \u00e9cologiques.<\/p>\n\n\n\n<p><strong>Points forts :<\/strong><\/p>\n\n\n\n<ul class=\"wp-block-list\">\n<li>R\u00e9seau de pistes cyclables dense<\/li>\n\n\n\n<li>Poli\u00adtique de v\u00e9g\u00e9\u00adtal\u00adi\u00adsa\u00adtion urbaine ambitieuse<\/li>\n\n\n\n<li>Nom\u00adbreuses ini\u00adtia\u00adtives citoyennes \u00e9cologiques<\/li>\n\n\n\n<li>Prox\u00adim\u00adit\u00e9 des Alpes pour les ama\u00adteurs de nature et de sports de mon\u00adtagne<\/li>\n<\/ul>\n\n\n\n<figure class=\"wp-block-image size-large\"><img loading=\"lazy\" decoding=\"async\" width=\"1024\" height=\"684\" src=\"https:\/\/bobea.net\/wp-content\/uploads\/2025\/03\/grenoble_AvelosurlesbergesdelIsereenpleincoeurdeGrenoble.HelenRossShutterstock-1024x684.jpg\" alt class=\"wp-image-12232\" srcset=\"https:\/\/bobea.net\/wp-content\/uploads\/2025\/03\/grenoble_AvelosurlesbergesdelIsereenpleincoeurdeGrenoble.HelenRossShutterstock-1024x684.jpg 1024w, https:\/\/bobea.net\/wp-content\/uploads\/2025\/03\/grenoble_AvelosurlesbergesdelIsereenpleincoeurdeGrenoble.HelenRossShutterstock-300x200.jpg 300w, https:\/\/bobea.net\/wp-content\/uploads\/2025\/03\/grenoble_AvelosurlesbergesdelIsereenpleincoeurdeGrenoble.HelenRossShutterstock-768x513.jpg 768w, https:\/\/bobea.net\/wp-content\/uploads\/2025\/03\/grenoble_AvelosurlesbergesdelIsereenpleincoeurdeGrenoble.HelenRossShutterstock.jpg 1200w\" sizes=\"(max-width: 1024px) 100vw, 1024px\"><\/figure>\n\n\n\n<p><strong>\u00c0 ne pas man\u00adquer :<\/strong>&nbsp;La Bastille et son t\u00e9l\u00e9ph\u00e9rique, le mus\u00e9e de Greno\u00adble, le parc naturel r\u00e9gion\u00adal de Char\u00adtreuse<\/p>\n\n\n\n<p>Ces des\u00adti\u00adna\u00adtions prou\u00advent qu\u2019il est pos\u00adsi\u00adble de voy\u00adager de mani\u00e8re respon\u00ads\u00adable tout en prof\u00adi\u00adtant pleine\u00adment des richess\u00ades cul\u00adturelles et naturelles de l\u2019Eu\u00adrope. En choi\u00adsis\u00adsant ces villes, vous soutenez des ini\u00adtia\u00adtives durables et con\u00adtribuez \u00e0 un tourisme plus respectueux de l\u2019en\u00advi\u00adron\u00adnement.<\/p>\n","protected":false},"excerpt":{"rendered":"<p>Le tourisme durable gagne en pop\u00adu\u00adlar\u00adit\u00e9, et l\u2019Eu\u00adrope regorge de des\u00adti\u00adna\u00adtions qui allient beaut\u00e9 naturelle et engage\u00adment \u00e9cologique. Voici notre top 5 des des\u00adti\u00adna\u00adtions \u00e9core\u00adspon\u00ads\u00adables \u00e0 d\u00e9cou\u00advrir en 2025. 1.\u2026 <\/p>\n","protected":false},"author":1,"featured_media":12231,"comment_status":"open","ping_status":"closed","sticky":false,"template":"","format":"standard","meta":{"wp_typography_post_enhancements_disabled":false,"footnotes":""},"categories":[79],"tags":[],"class_list":["post-12230","post","type-post","status-publish","format-standard","has-post-thumbnail","hentry","category-a-la-une"],"yoast_head":"<!-- This site is optimized with the Yoast SEO plugin v24.7 - https:\/\/yoast.com\/wordpress\/plugins\/seo\/ -->\n<title>Top 5 des destinations \u00e9coresponsables en Europe - Bobea<\/title>\n<meta name=\"description\" content=\"Le tourisme durable gagne en popularit\u00e9, et l&#039;Europe regorge de destinations qui allient beaut\u00e9 naturelle et engagement \u00e9cologique.\" \/>\n<meta name=\"robots\" content=\"index, follow, max-snippet:-1, max-image-preview:large, max-video-preview:-1\" \/>\n<link rel=\"canonical\" href=\"https:\/\/bobea.net\/index.php\/2025\/03\/21\/top-5-des-destinations-ecoresponsables-en-europe\/\" \/>\n<meta property=\"og:locale\" content=\"fr_FR\" \/>\n<meta property=\"og:type\" content=\"article\" \/>\n<meta property=\"og:title\" content=\"Top 5 des destinations \u00e9coresponsables en Europe - Bobea\" \/>\n<meta property=\"og:description\" content=\"Le tourisme durable gagne en popularit\u00e9, et l&#039;Europe regorge de destinations qui allient beaut\u00e9 naturelle et engagement \u00e9cologique.\" \/>\n<meta property=\"og:url\" content=\"https:\/\/bobea.net\/index.php\/2025\/03\/21\/top-5-des-destinations-ecoresponsables-en-europe\/\" \/>\n<meta property=\"og:site_name\" content=\"Bobea\" \/>\n<meta property=\"article:publisher\" content=\"https:\/\/web.facebook.com\/profile.php?id=61559252188416\" \/>\n<meta property=\"article:published_time\" content=\"2025-03-21T09:27:27+00:00\" \/>\n<meta property=\"article:modified_time\" content=\"2025-03-21T09:27:28+00:00\" \/>\n<meta property=\"og:image\" content=\"https:\/\/bobea.net\/wp-content\/uploads\/2025\/03\/destinations-ecoresponsables1.jpg\" \/>\n\t<meta property=\"og:image:width\" content=\"1000\" \/>\n\t<meta property=\"og:image:height\" content=\"500\" \/>\n\t<meta property=\"og:image:type\" content=\"image\/jpeg\" \/>\n<meta name=\"author\" content=\"bobea.info\" \/>\n<meta name=\"twitter:card\" content=\"summary_large_image\" \/>\n<meta name=\"twitter:label1\" content=\"\u00c9crit par\" \/>\n\t<meta name=\"twitter:data1\" content=\"bobea.info\" \/>\n\t<meta name=\"twitter:label2\" content=\"Dur\u00e9e de lecture estim\u00e9e\" \/>\n\t<meta name=\"twitter:data2\" content=\"4 minutes\" \/>\n<script type=\"application\/ld+json\" class=\"yoast-schema-graph\">{\"@context\":\"https:\/\/schema.org\",\"@graph\":[{\"@type\":\"Article\",\"@id\":\"https:\/\/bobea.net\/index.php\/2025\/03\/21\/top-5-des-destinations-ecoresponsables-en-europe\/#article\",\"isPartOf\":{\"@id\":\"https:\/\/bobea.net\/index.php\/2025\/03\/21\/top-5-des-destinations-ecoresponsables-en-europe\/\"},\"author\":{\"name\":\"bobea.info\",\"@id\":\"https:\/\/bobea.net\/#\/schema\/person\/e7f45ef187918d7c956bf619dce90ccf\"},\"headline\":\"Top 5 des destinations \u00e9coresponsables en Europe\",\"datePublished\":\"2025-03-21T09:27:27+00:00\",\"dateModified\":\"2025-03-21T09:27:28+00:00\",\"mainEntityOfPage\":{\"@id\":\"https:\/\/bobea.net\/index.php\/2025\/03\/21\/top-5-des-destinations-ecoresponsables-en-europe\/\"},\"wordCount\":402,\"commentCount\":0,\"publisher\":{\"@id\":\"https:\/\/bobea.net\/#organization\"},\"image\":{\"@id\":\"https:\/\/bobea.net\/index.php\/2025\/03\/21\/top-5-des-destinations-ecoresponsables-en-europe\/#primaryimage\"},\"thumbnailUrl\":\"https:\/\/bobea.net\/wp-content\/uploads\/2025\/03\/destinations-ecoresponsables1.jpg\",\"articleSection\":[\"A la Une\"],\"inLanguage\":\"fr-FR\",\"potentialAction\":[{\"@type\":\"CommentAction\",\"name\":\"Comment\",\"target\":[\"https:\/\/bobea.net\/index.php\/2025\/03\/21\/top-5-des-destinations-ecoresponsables-en-europe\/#respond\"]}]},{\"@type\":\"WebPage\",\"@id\":\"https:\/\/bobea.net\/index.php\/2025\/03\/21\/top-5-des-destinations-ecoresponsables-en-europe\/\",\"url\":\"https:\/\/bobea.net\/index.php\/2025\/03\/21\/top-5-des-destinations-ecoresponsables-en-europe\/\",\"name\":\"Top 5 des destinations \u00e9coresponsables en Europe - Bobea\",\"isPartOf\":{\"@id\":\"https:\/\/bobea.net\/#website\"},\"primaryImageOfPage\":{\"@id\":\"https:\/\/bobea.net\/index.php\/2025\/03\/21\/top-5-des-destinations-ecoresponsables-en-europe\/#primaryimage\"},\"image\":{\"@id\":\"https:\/\/bobea.net\/index.php\/2025\/03\/21\/top-5-des-destinations-ecoresponsables-en-europe\/#primaryimage\"},\"thumbnailUrl\":\"https:\/\/bobea.net\/wp-content\/uploads\/2025\/03\/destinations-ecoresponsables1.jpg\",\"datePublished\":\"2025-03-21T09:27:27+00:00\",\"dateModified\":\"2025-03-21T09:27:28+00:00\",\"description\":\"Le tourisme durable gagne en popularit\u00e9, et l'Europe regorge de destinations qui allient beaut\u00e9 naturelle et engagement \u00e9cologique.\",\"breadcrumb\":{\"@id\":\"https:\/\/bobea.net\/index.php\/2025\/03\/21\/top-5-des-destinations-ecoresponsables-en-europe\/#breadcrumb\"},\"inLanguage\":\"fr-FR\",\"potentialAction\":[{\"@type\":\"ReadAction\",\"target\":[\"https:\/\/bobea.net\/index.php\/2025\/03\/21\/top-5-des-destinations-ecoresponsables-en-europe\/\"]}]},{\"@type\":\"ImageObject\",\"inLanguage\":\"fr-FR\",\"@id\":\"https:\/\/bobea.net\/index.php\/2025\/03\/21\/top-5-des-destinations-ecoresponsables-en-europe\/#primaryimage\",\"url\":\"https:\/\/bobea.net\/wp-content\/uploads\/2025\/03\/destinations-ecoresponsables1.jpg\",\"contentUrl\":\"https:\/\/bobea.net\/wp-content\/uploads\/2025\/03\/destinations-ecoresponsables1.jpg\",\"width\":1000,\"height\":500},{\"@type\":\"BreadcrumbList\",\"@id\":\"https:\/\/bobea.net\/index.php\/2025\/03\/21\/top-5-des-destinations-ecoresponsables-en-europe\/#breadcrumb\",\"itemListElement\":[{\"@type\":\"ListItem\",\"position\":1,\"name\":\"Accueil\",\"item\":\"https:\/\/bobea.net\/\"},{\"@type\":\"ListItem\",\"position\":2,\"name\":\"Top 5 des destinations \u00e9coresponsables en Europe\"}]},{\"@type\":\"WebSite\",\"@id\":\"https:\/\/bobea.net\/#website\",\"url\":\"https:\/\/bobea.net\/\",\"name\":\"Bobea\",\"description\":\"Le magazine de la nouvelle \u00c8ve\",\"publisher\":{\"@id\":\"https:\/\/bobea.net\/#organization\"},\"potentialAction\":[{\"@type\":\"SearchAction\",\"target\":{\"@type\":\"EntryPoint\",\"urlTemplate\":\"https:\/\/bobea.net\/?s={search_term_string}\"},\"query-input\":{\"@type\":\"PropertyValueSpecification\",\"valueRequired\":true,\"valueName\":\"search_term_string\"}}],\"inLanguage\":\"fr-FR\"},{\"@type\":\"Organization\",\"@id\":\"https:\/\/bobea.net\/#organization\",\"name\":\"Bobea\",\"url\":\"https:\/\/bobea.net\/\",\"logo\":{\"@type\":\"ImageObject\",\"inLanguage\":\"fr-FR\",\"@id\":\"https:\/\/bobea.net\/#\/schema\/logo\/image\/\",\"url\":\"https:\/\/bobea.net\/wp-content\/uploads\/2024\/06\/bobea.jpg\",\"contentUrl\":\"https:\/\/bobea.net\/wp-content\/uploads\/2024\/06\/bobea.jpg\",\"width\":1080,\"height\":1080,\"caption\":\"Bobea\"},\"image\":{\"@id\":\"https:\/\/bobea.net\/#\/schema\/logo\/image\/\"},\"sameAs\":[\"https:\/\/web.facebook.com\/profile.php?id=61559252188416\"]},{\"@type\":\"Person\",\"@id\":\"https:\/\/bobea.net\/#\/schema\/person\/e7f45ef187918d7c956bf619dce90ccf\",\"name\":\"bobea.info\",\"image\":{\"@type\":\"ImageObject\",\"inLanguage\":\"fr-FR\",\"@id\":\"https:\/\/bobea.net\/#\/schema\/person\/image\/\",\"url\":\"https:\/\/secure.gravatar.com\/avatar\/36147980349df887ae30808df3e29474?s=96&d=mm&r=g\",\"contentUrl\":\"https:\/\/secure.gravatar.com\/avatar\/36147980349df887ae30808df3e29474?s=96&d=mm&r=g\",\"caption\":\"bobea.info\"},\"sameAs\":[\"https:\/\/bobea.net\"],\"url\":\"https:\/\/bobea.net\/index.php\/author\/bobea-info\/\"}]}<\/script>\n<!-- \/ Yoast SEO plugin. -->","yoast_head_json":{"title":"Top 5 des destinations \u00e9coresponsables en Europe - Bobea","description":"Le tourisme durable gagne en popularit\u00e9, et l'Europe regorge de destinations qui allient beaut\u00e9 naturelle et engagement \u00e9cologique.","robots":{"index":"index","follow":"follow","max-snippet":"max-snippet:-1","max-image-preview":"max-image-preview:large","max-video-preview":"max-video-preview:-1"},"canonical":"https:\/\/bobea.net\/index.php\/2025\/03\/21\/top-5-des-destinations-ecoresponsables-en-europe\/","og_locale":"fr_FR","og_type":"article","og_title":"Top 5 des destinations \u00e9coresponsables en Europe - Bobea","og_description":"Le tourisme durable gagne en popularit\u00e9, et l'Europe regorge de destinations qui allient beaut\u00e9 naturelle et engagement \u00e9cologique.","og_url":"https:\/\/bobea.net\/index.php\/2025\/03\/21\/top-5-des-destinations-ecoresponsables-en-europe\/","og_site_name":"Bobea","article_publisher":"https:\/\/web.facebook.com\/profile.php?id=61559252188416","article_published_time":"2025-03-21T09:27:27+00:00","article_modified_time":"2025-03-21T09:27:28+00:00","og_image":[{"width":1000,"height":500,"url":"https:\/\/bobea.net\/wp-content\/uploads\/2025\/03\/destinations-ecoresponsables1.jpg","type":"image\/jpeg"}],"author":"bobea.info","twitter_card":"summary_large_image","twitter_misc":{"\u00c9crit par":"bobea.info","Dur\u00e9e de lecture estim\u00e9e":"4 minutes"},"schema":{"@context":"https:\/\/schema.org","@graph":[{"@type":"Article","@id":"https:\/\/bobea.net\/index.php\/2025\/03\/21\/top-5-des-destinations-ecoresponsables-en-europe\/#article","isPartOf":{"@id":"https:\/\/bobea.net\/index.php\/2025\/03\/21\/top-5-des-destinations-ecoresponsables-en-europe\/"},"author":{"name":"bobea.info","@id":"https:\/\/bobea.net\/#\/schema\/person\/e7f45ef187918d7c956bf619dce90ccf"},"headline":"Top 5 des destinations \u00e9coresponsables en Europe","datePublished":"2025-03-21T09:27:27+00:00","dateModified":"2025-03-21T09:27:28+00:00","mainEntityOfPage":{"@id":"https:\/\/bobea.net\/index.php\/2025\/03\/21\/top-5-des-destinations-ecoresponsables-en-europe\/"},"wordCount":402,"commentCount":0,"publisher":{"@id":"https:\/\/bobea.net\/#organization"},"image":{"@id":"https:\/\/bobea.net\/index.php\/2025\/03\/21\/top-5-des-destinations-ecoresponsables-en-europe\/#primaryimage"},"thumbnailUrl":"https:\/\/bobea.net\/wp-content\/uploads\/2025\/03\/destinations-ecoresponsables1.jpg","articleSection":["A la Une"],"inLanguage":"fr-FR","potentialAction":[{"@type":"CommentAction","name":"Comment","target":["https:\/\/bobea.net\/index.php\/2025\/03\/21\/top-5-des-destinations-ecoresponsables-en-europe\/#respond"]}]},{"@type":"WebPage","@id":"https:\/\/bobea.net\/index.php\/2025\/03\/21\/top-5-des-destinations-ecoresponsables-en-europe\/","url":"https:\/\/bobea.net\/index.php\/2025\/03\/21\/top-5-des-destinations-ecoresponsables-en-europe\/","name":"Top 5 des destinations \u00e9coresponsables en Europe - Bobea","isPartOf":{"@id":"https:\/\/bobea.net\/#website"},"primaryImageOfPage":{"@id":"https:\/\/bobea.net\/index.php\/2025\/03\/21\/top-5-des-destinations-ecoresponsables-en-europe\/#primaryimage"},"image":{"@id":"https:\/\/bobea.net\/index.php\/2025\/03\/21\/top-5-des-destinations-ecoresponsables-en-europe\/#primaryimage"},"thumbnailUrl":"https:\/\/bobea.net\/wp-content\/uploads\/2025\/03\/destinations-ecoresponsables1.jpg","datePublished":"2025-03-21T09:27:27+00:00","dateModified":"2025-03-21T09:27:28+00:00","description":"Le tourisme durable gagne en popularit\u00e9, et l'Europe regorge de destinations qui allient beaut\u00e9 naturelle et engagement \u00e9cologique.","breadcrumb":{"@id":"https:\/\/bobea.net\/index.php\/2025\/03\/21\/top-5-des-destinations-ecoresponsables-en-europe\/#breadcrumb"},"inLanguage":"fr-FR","potentialAction":[{"@type":"ReadAction","target":["https:\/\/bobea.net\/index.php\/2025\/03\/21\/top-5-des-destinations-ecoresponsables-en-europe\/"]}]},{"@type":"ImageObject","inLanguage":"fr-FR","@id":"https:\/\/bobea.net\/index.php\/2025\/03\/21\/top-5-des-destinations-ecoresponsables-en-europe\/#primaryimage","url":"https:\/\/bobea.net\/wp-content\/uploads\/2025\/03\/destinations-ecoresponsables1.jpg","contentUrl":"https:\/\/bobea.net\/wp-content\/uploads\/2025\/03\/destinations-ecoresponsables1.jpg","width":1000,"height":500},{"@type":"BreadcrumbList","@id":"https:\/\/bobea.net\/index.php\/2025\/03\/21\/top-5-des-destinations-ecoresponsables-en-europe\/#breadcrumb","itemListElement":[{"@type":"ListItem","position":1,"name":"Accueil","item":"https:\/\/bobea.net\/"},{"@type":"ListItem","position":2,"name":"Top 5 des destinations \u00e9coresponsables en Europe"}]},{"@type":"WebSite","@id":"https:\/\/bobea.net\/#website","url":"https:\/\/bobea.net\/","name":"Bobea","description":"Le magazine de la nouvelle \u00c8ve","publisher":{"@id":"https:\/\/bobea.net\/#organization"},"potentialAction":[{"@type":"SearchAction","target":{"@type":"EntryPoint","urlTemplate":"https:\/\/bobea.net\/?s={search_term_string}"},"query-input":{"@type":"PropertyValueSpecification","valueRequired":true,"valueName":"search_term_string"}}],"inLanguage":"fr-FR"},{"@type":"Organization","@id":"https:\/\/bobea.net\/#organization","name":"Bobea","url":"https:\/\/bobea.net\/","logo":{"@type":"ImageObject","inLanguage":"fr-FR","@id":"https:\/\/bobea.net\/#\/schema\/logo\/image\/","url":"https:\/\/bobea.net\/wp-content\/uploads\/2024\/06\/bobea.jpg","contentUrl":"https:\/\/bobea.net\/wp-content\/uploads\/2024\/06\/bobea.jpg","width":1080,"height":1080,"caption":"Bobea"},"image":{"@id":"https:\/\/bobea.net\/#\/schema\/logo\/image\/"},"sameAs":["https:\/\/web.facebook.com\/profile.php?id=61559252188416"]},{"@type":"Person","@id":"https:\/\/bobea.net\/#\/schema\/person\/e7f45ef187918d7c956bf619dce90ccf","name":"bobea.info","image":{"@type":"ImageObject","inLanguage":"fr-FR","@id":"https:\/\/bobea.net\/#\/schema\/person\/image\/","url":"https:\/\/secure.gravatar.com\/avatar\/36147980349df887ae30808df3e29474?s=96&d=mm&r=g","contentUrl":"https:\/\/secure.gravatar.com\/avatar\/36147980349df887ae30808df3e29474?s=96&d=mm&r=g","caption":"bobea.info"},"sameAs":["https:\/\/bobea.net"],"url":"https:\/\/bobea.net\/index.php\/author\/bobea-info\/"}]}},"_links":{"self":[{"href":"https:\/\/bobea.net\/index.php\/wp-json\/wp\/v2\/posts\/12230"}],"collection":[{"href":"https:\/\/bobea.net\/index.php\/wp-json\/wp\/v2\/posts"}],"about":[{"href":"https:\/\/bobea.net\/index.php\/wp-json\/wp\/v2\/types\/post"}],"author":[{"embeddable":true,"href":"https:\/\/bobea.net\/index.php\/wp-json\/wp\/v2\/users\/1"}],"replies":[{"embeddable":true,"href":"https:\/\/bobea.net\/index.php\/wp-json\/wp\/v2\/comments?post=12230"}],"version-history":[{"count":1,"href":"https:\/\/bobea.net\/index.php\/wp-json\/wp\/v2\/posts\/12230\/revisions"}],"predecessor-version":[{"id":12238,"href":"https:\/\/bobea.net\/index.php\/wp-json\/wp\/v2\/posts\/12230\/revisions\/12238"}],"wp:featuredmedia":[{"embeddable":true,"href":"https:\/\/bobea.net\/index.php\/wp-json\/wp\/v2\/media\/12231"}],"wp:attachment":[{"href":"https:\/\/bobea.net\/index.php\/wp-json\/wp\/v2\/media?parent=12230"}],"wp:term":[{"taxonomy":"category","embeddable":true,"href":"https:\/\/bobea.net\/index.php\/wp-json\/wp\/v2\/categories?post=12230"},{"taxonomy":"post_tag","embeddable":true,"href":"https:\/\/bobea.net\/index.php\/wp-json\/wp\/v2\/tags?post=12230"}],"curies":[{"name":"wp","href":"https:\/\/api.w.org\/{rel}","templated":true}]}}