{"id":1185,"date":"2024-02-01T06:06:29","date_gmt":"2024-02-01T06:06:29","guid":{"rendered":"https:\/\/bobea.net\/?p=1185"},"modified":"2024-02-25T11:40:55","modified_gmt":"2024-02-25T11:40:55","slug":"guerre-au-soudan-la-cpi-enquete-sur-des-crimes-de-guerre-au-darfour","status":"publish","type":"post","link":"https:\/\/bobea.net\/index.php\/2024\/02\/01\/guerre-au-soudan-la-cpi-enquete-sur-des-crimes-de-guerre-au-darfour\/","title":{"rendered":"Guerre au Soudan: La CPI enqu\u00eate sur des crimes de Guerre au Darfour"},"content":{"rendered":"\n<figure class=\"wp-block-gallery has-nested-images columns-default is-cropped wp-block-gallery-1 is-layout-flex wp-block-gallery-is-layout-flex\">\n<figure class=\"wp-block-image size-large\"><img loading=\"lazy\" decoding=\"async\" width=\"1024\" height=\"538\" data-id=\"1186\" src=\"https:\/\/bobea.net\/wp-content\/uploads\/2024\/02\/1024x538_cmsv2_a1f9b21b-8133-58ef-b851-17ce0db47d2c-7751068.jpg\" alt class=\"wp-image-1186\" srcset=\"https:\/\/bobea.net\/wp-content\/uploads\/2024\/02\/1024x538_cmsv2_a1f9b21b-8133-58ef-b851-17ce0db47d2c-7751068.jpg 1024w, https:\/\/bobea.net\/wp-content\/uploads\/2024\/02\/1024x538_cmsv2_a1f9b21b-8133-58ef-b851-17ce0db47d2c-7751068-300x158.jpg 300w, https:\/\/bobea.net\/wp-content\/uploads\/2024\/02\/1024x538_cmsv2_a1f9b21b-8133-58ef-b851-17ce0db47d2c-7751068-768x404.jpg 768w\" sizes=\"(max-width: 1024px) 100vw, 1024px\"><\/figure>\n\n\n\n<figure class=\"wp-block-image size-large\"><img loading=\"lazy\" decoding=\"async\" width=\"1024\" height=\"655\" data-id=\"1187\" src=\"https:\/\/bobea.net\/wp-content\/uploads\/2024\/02\/1200x768_de-la-fumee-s-echappe-d-un-batiment-de-khartoum-apres-des-combats-le-7-juin-2023-1024x655.jpeg\" alt class=\"wp-image-1187\" srcset=\"https:\/\/bobea.net\/wp-content\/uploads\/2024\/02\/1200x768_de-la-fumee-s-echappe-d-un-batiment-de-khartoum-apres-des-combats-le-7-juin-2023-1024x655.jpeg 1024w, https:\/\/bobea.net\/wp-content\/uploads\/2024\/02\/1200x768_de-la-fumee-s-echappe-d-un-batiment-de-khartoum-apres-des-combats-le-7-juin-2023-300x192.jpeg 300w, https:\/\/bobea.net\/wp-content\/uploads\/2024\/02\/1200x768_de-la-fumee-s-echappe-d-un-batiment-de-khartoum-apres-des-combats-le-7-juin-2023-768x492.jpeg 768w, https:\/\/bobea.net\/wp-content\/uploads\/2024\/02\/1200x768_de-la-fumee-s-echappe-d-un-batiment-de-khartoum-apres-des-combats-le-7-juin-2023.jpeg 1200w\" sizes=\"(max-width: 1024px) 100vw, 1024px\"><\/figure>\n<\/figure>\n\n\n\n<p class=\"has-medium-font-size\">C\u2019est au con\u00adseil de s\u00e9cu\u00adrit\u00e9 des Nations Unies que le pro\u00adcureur de la cour p\u00e9nale inter\u00adna\u00adtionale (CPI) Karim Khan a d\u00e9clar\u00e9 qu\u2019il y avait des raisons de penser que les forces arm\u00e9es soudanais\u00ades et leurs rivaux com\u00admet\u00adtaient des crimes au Dar\u00adfour pen\u00addant le con\u00adflit actuel.<br>En avril dernier, le Soudan a plong\u00e9 dans le Chao lorsque les ten\u00adsions entre les forces arm\u00e9es soudanais\u00ades et les forces de sou\u00adtien rapi\u00adde ont d\u00e9clench\u00e9 des affron\u00adte\u00adments de rue \u00e0 Khar\u00adtoum et dans d\u2019autres r\u00e9gions. Rav\u00adag\u00e9 par les atroc\u00adit\u00e9s du con\u00adflit arm\u00e9 qui a explos\u00e9 en f\u00e9vri\u00ader 2023, le Dar\u00adfour est l\u2019\u00e9pi\u00adcen\u00adtre de la guerre au Soudan.<br>Des groupes non arabes ont subi des actes d\u2019a\u00adtroc\u00adit\u00e9s et de vio\u00adlences de la part des troupes para\u00admil\u00adi\u00adtaires et des mil\u00adices arabes alli\u00e9es. Le pro\u00adcureur de la CPI qui s\u2019est r\u00e9cem\u00adment ren\u00addu au Tchad o\u00f9 des dizaines de mil\u00adliers d\u2019habi\u00adtants du Dar\u00adfour ont fui a pr\u00e9venu que les per\u00adson\u00adnes qu\u2019il a ren\u00adcon\u00adtr\u00e9 dans les camps de r\u00e9fugi\u00e9s craig\u00adnent que leur ter\u00adri\u00adtoire devi\u00adenne \u201cl\u2019a\u00adtroc\u00adit\u00e9 oubli\u00e9e\u201d.<\/p>\n","protected":false},"excerpt":{"rendered":"<p>C\u2019est au con\u00adseil de s\u00e9cu\u00adrit\u00e9 des Nations Unies que le pro\u00adcureur de la cour p\u00e9nale inter\u00adna\u00adtionale (CPI) Karim Khan a d\u00e9clar\u00e9 qu\u2019il y avait des raisons de penser que les\u2026 <\/p>\n","protected":false},"author":4,"featured_media":1187,"comment_status":"open","ping_status":"open","sticky":false,"template":"","format":"standard","meta":{"wp_typography_post_enhancements_disabled":false,"footnotes":""},"categories":[79,88],"tags":[],"class_list":["post-1185","post","type-post","status-publish","format-standard","has-post-thumbnail","hentry","category-a-la-une","category-actualites-sante"],"yoast_head":"<!-- This site is optimized with the Yoast SEO plugin v24.7 - https:\/\/yoast.com\/wordpress\/plugins\/seo\/ -->\n<title>Guerre au Soudan: La CPI enqu\u00eate sur des crimes de Guerre au Darfour - Bobea<\/title>\n<meta name=\"robots\" content=\"index, follow, max-snippet:-1, max-image-preview:large, max-video-preview:-1\" \/>\n<link rel=\"canonical\" href=\"https:\/\/bobea.net\/index.php\/2024\/02\/01\/guerre-au-soudan-la-cpi-enquete-sur-des-crimes-de-guerre-au-darfour\/\" \/>\n<meta property=\"og:locale\" content=\"fr_FR\" \/>\n<meta property=\"og:type\" content=\"article\" \/>\n<meta property=\"og:title\" content=\"Guerre au Soudan: La CPI enqu\u00eate sur des crimes de Guerre au Darfour - Bobea\" \/>\n<meta property=\"og:description\" content=\"C\u2019est au con\u00adseil de s\u00e9cu\u00adrit\u00e9 des Nations Unies que le pro\u00adcureur de la cour p\u00e9nale inter\u00adna\u00adtionale (CPI) Karim Khan a d\u00e9clar\u00e9 qu\u2019il y avait des raisons de penser que les&hellip;\" \/>\n<meta property=\"og:url\" content=\"https:\/\/bobea.net\/index.php\/2024\/02\/01\/guerre-au-soudan-la-cpi-enquete-sur-des-crimes-de-guerre-au-darfour\/\" \/>\n<meta property=\"og:site_name\" content=\"Bobea\" \/>\n<meta property=\"article:publisher\" content=\"https:\/\/web.facebook.com\/profile.php?id=61559252188416\" \/>\n<meta property=\"article:published_time\" content=\"2024-02-01T06:06:29+00:00\" \/>\n<meta property=\"article:modified_time\" content=\"2024-02-25T11:40:55+00:00\" \/>\n<meta property=\"og:image\" content=\"https:\/\/bobea.net\/wp-content\/uploads\/2024\/02\/1200x768_de-la-fumee-s-echappe-d-un-batiment-de-khartoum-apres-des-combats-le-7-juin-2023.jpeg\" \/>\n\t<meta property=\"og:image:width\" content=\"1200\" \/>\n\t<meta property=\"og:image:height\" content=\"768\" \/>\n\t<meta property=\"og:image:type\" content=\"image\/jpeg\" \/>\n<meta name=\"author\" content=\"Amanda Bono\" \/>\n<meta name=\"twitter:card\" content=\"summary_large_image\" \/>\n<meta name=\"twitter:label1\" content=\"\u00c9crit par\" \/>\n\t<meta name=\"twitter:data1\" content=\"Amanda Bono\" \/>\n\t<meta name=\"twitter:label2\" content=\"Dur\u00e9e de lecture estim\u00e9e\" \/>\n\t<meta name=\"twitter:data2\" content=\"1 minute\" \/>\n<script type=\"application\/ld+json\" class=\"yoast-schema-graph\">{\"@context\":\"https:\/\/schema.org\",\"@graph\":[{\"@type\":\"Article\",\"@id\":\"https:\/\/bobea.net\/index.php\/2024\/02\/01\/guerre-au-soudan-la-cpi-enquete-sur-des-crimes-de-guerre-au-darfour\/#article\",\"isPartOf\":{\"@id\":\"https:\/\/bobea.net\/index.php\/2024\/02\/01\/guerre-au-soudan-la-cpi-enquete-sur-des-crimes-de-guerre-au-darfour\/\"},\"author\":{\"name\":\"Amanda Bono\",\"@id\":\"https:\/\/bobea.net\/#\/schema\/person\/164a7daf84df5735c129a5fabf14167f\"},\"headline\":\"Guerre au Soudan: La CPI enqu\u00eate sur des crimes de Guerre au Darfour\",\"datePublished\":\"2024-02-01T06:06:29+00:00\",\"dateModified\":\"2024-02-25T11:40:55+00:00\",\"mainEntityOfPage\":{\"@id\":\"https:\/\/bobea.net\/index.php\/2024\/02\/01\/guerre-au-soudan-la-cpi-enquete-sur-des-crimes-de-guerre-au-darfour\/\"},\"wordCount\":204,\"commentCount\":0,\"publisher\":{\"@id\":\"https:\/\/bobea.net\/#organization\"},\"image\":{\"@id\":\"https:\/\/bobea.net\/index.php\/2024\/02\/01\/guerre-au-soudan-la-cpi-enquete-sur-des-crimes-de-guerre-au-darfour\/#primaryimage\"},\"thumbnailUrl\":\"https:\/\/bobea.net\/wp-content\/uploads\/2024\/02\/1200x768_de-la-fumee-s-echappe-d-un-batiment-de-khartoum-apres-des-combats-le-7-juin-2023.jpeg\",\"articleSection\":[\"A la Une\",\"Sant\u00e9-Actualit\u00e9s\"],\"inLanguage\":\"fr-FR\",\"potentialAction\":[{\"@type\":\"CommentAction\",\"name\":\"Comment\",\"target\":[\"https:\/\/bobea.net\/index.php\/2024\/02\/01\/guerre-au-soudan-la-cpi-enquete-sur-des-crimes-de-guerre-au-darfour\/#respond\"]}]},{\"@type\":\"WebPage\",\"@id\":\"https:\/\/bobea.net\/index.php\/2024\/02\/01\/guerre-au-soudan-la-cpi-enquete-sur-des-crimes-de-guerre-au-darfour\/\",\"url\":\"https:\/\/bobea.net\/index.php\/2024\/02\/01\/guerre-au-soudan-la-cpi-enquete-sur-des-crimes-de-guerre-au-darfour\/\",\"name\":\"Guerre au Soudan: La CPI enqu\u00eate sur des crimes de Guerre au Darfour - Bobea\",\"isPartOf\":{\"@id\":\"https:\/\/bobea.net\/#website\"},\"primaryImageOfPage\":{\"@id\":\"https:\/\/bobea.net\/index.php\/2024\/02\/01\/guerre-au-soudan-la-cpi-enquete-sur-des-crimes-de-guerre-au-darfour\/#primaryimage\"},\"image\":{\"@id\":\"https:\/\/bobea.net\/index.php\/2024\/02\/01\/guerre-au-soudan-la-cpi-enquete-sur-des-crimes-de-guerre-au-darfour\/#primaryimage\"},\"thumbnailUrl\":\"https:\/\/bobea.net\/wp-content\/uploads\/2024\/02\/1200x768_de-la-fumee-s-echappe-d-un-batiment-de-khartoum-apres-des-combats-le-7-juin-2023.jpeg\",\"datePublished\":\"2024-02-01T06:06:29+00:00\",\"dateModified\":\"2024-02-25T11:40:55+00:00\",\"breadcrumb\":{\"@id\":\"https:\/\/bobea.net\/index.php\/2024\/02\/01\/guerre-au-soudan-la-cpi-enquete-sur-des-crimes-de-guerre-au-darfour\/#breadcrumb\"},\"inLanguage\":\"fr-FR\",\"potentialAction\":[{\"@type\":\"ReadAction\",\"target\":[\"https:\/\/bobea.net\/index.php\/2024\/02\/01\/guerre-au-soudan-la-cpi-enquete-sur-des-crimes-de-guerre-au-darfour\/\"]}]},{\"@type\":\"ImageObject\",\"inLanguage\":\"fr-FR\",\"@id\":\"https:\/\/bobea.net\/index.php\/2024\/02\/01\/guerre-au-soudan-la-cpi-enquete-sur-des-crimes-de-guerre-au-darfour\/#primaryimage\",\"url\":\"https:\/\/bobea.net\/wp-content\/uploads\/2024\/02\/1200x768_de-la-fumee-s-echappe-d-un-batiment-de-khartoum-apres-des-combats-le-7-juin-2023.jpeg\",\"contentUrl\":\"https:\/\/bobea.net\/wp-content\/uploads\/2024\/02\/1200x768_de-la-fumee-s-echappe-d-un-batiment-de-khartoum-apres-des-combats-le-7-juin-2023.jpeg\",\"width\":1200,\"height\":768},{\"@type\":\"BreadcrumbList\",\"@id\":\"https:\/\/bobea.net\/index.php\/2024\/02\/01\/guerre-au-soudan-la-cpi-enquete-sur-des-crimes-de-guerre-au-darfour\/#breadcrumb\",\"itemListElement\":[{\"@type\":\"ListItem\",\"position\":1,\"name\":\"Accueil\",\"item\":\"https:\/\/bobea.net\/\"},{\"@type\":\"ListItem\",\"position\":2,\"name\":\"Guerre au Soudan: La CPI enqu\u00eate sur des crimes de Guerre au Darfour\"}]},{\"@type\":\"WebSite\",\"@id\":\"https:\/\/bobea.net\/#website\",\"url\":\"https:\/\/bobea.net\/\",\"name\":\"Bobea\",\"description\":\"Le magazine de la nouvelle \u00c8ve\",\"publisher\":{\"@id\":\"https:\/\/bobea.net\/#organization\"},\"potentialAction\":[{\"@type\":\"SearchAction\",\"target\":{\"@type\":\"EntryPoint\",\"urlTemplate\":\"https:\/\/bobea.net\/?s={search_term_string}\"},\"query-input\":{\"@type\":\"PropertyValueSpecification\",\"valueRequired\":true,\"valueName\":\"search_term_string\"}}],\"inLanguage\":\"fr-FR\"},{\"@type\":\"Organization\",\"@id\":\"https:\/\/bobea.net\/#organization\",\"name\":\"Bobea\",\"url\":\"https:\/\/bobea.net\/\",\"logo\":{\"@type\":\"ImageObject\",\"inLanguage\":\"fr-FR\",\"@id\":\"https:\/\/bobea.net\/#\/schema\/logo\/image\/\",\"url\":\"https:\/\/bobea.net\/wp-content\/uploads\/2024\/06\/bobea.jpg\",\"contentUrl\":\"https:\/\/bobea.net\/wp-content\/uploads\/2024\/06\/bobea.jpg\",\"width\":1080,\"height\":1080,\"caption\":\"Bobea\"},\"image\":{\"@id\":\"https:\/\/bobea.net\/#\/schema\/logo\/image\/\"},\"sameAs\":[\"https:\/\/web.facebook.com\/profile.php?id=61559252188416\"]},{\"@type\":\"Person\",\"@id\":\"https:\/\/bobea.net\/#\/schema\/person\/164a7daf84df5735c129a5fabf14167f\",\"name\":\"Amanda Bono\",\"image\":{\"@type\":\"ImageObject\",\"inLanguage\":\"fr-FR\",\"@id\":\"https:\/\/bobea.net\/#\/schema\/person\/image\/\",\"url\":\"https:\/\/secure.gravatar.com\/avatar\/bb5fe76ee77af1e782aebbd2c08388da?s=96&d=mm&r=g\",\"contentUrl\":\"https:\/\/secure.gravatar.com\/avatar\/bb5fe76ee77af1e782aebbd2c08388da?s=96&d=mm&r=g\",\"caption\":\"Amanda Bono\"},\"description\":\"R\u00e9dactrice en chef Bob\u00e9a\",\"url\":\"https:\/\/bobea.net\/index.php\/author\/amanda-bono\/\"}]}<\/script>\n<!-- \/ Yoast SEO plugin. -->","yoast_head_json":{"title":"Guerre au Soudan: La CPI enqu\u00eate sur des crimes de Guerre au Darfour - Bobea","robots":{"index":"index","follow":"follow","max-snippet":"max-snippet:-1","max-image-preview":"max-image-preview:large","max-video-preview":"max-video-preview:-1"},"canonical":"https:\/\/bobea.net\/index.php\/2024\/02\/01\/guerre-au-soudan-la-cpi-enquete-sur-des-crimes-de-guerre-au-darfour\/","og_locale":"fr_FR","og_type":"article","og_title":"Guerre au Soudan: La CPI enqu\u00eate sur des crimes de Guerre au Darfour - Bobea","og_description":"C\u2019est au con\u00adseil de s\u00e9cu\u00adrit\u00e9 des Nations Unies que le pro\u00adcureur de la cour p\u00e9nale inter\u00adna\u00adtionale (CPI) Karim Khan a d\u00e9clar\u00e9 qu\u2019il y avait des raisons de penser que les&hellip;","og_url":"https:\/\/bobea.net\/index.php\/2024\/02\/01\/guerre-au-soudan-la-cpi-enquete-sur-des-crimes-de-guerre-au-darfour\/","og_site_name":"Bobea","article_publisher":"https:\/\/web.facebook.com\/profile.php?id=61559252188416","article_published_time":"2024-02-01T06:06:29+00:00","article_modified_time":"2024-02-25T11:40:55+00:00","og_image":[{"width":1200,"height":768,"url":"https:\/\/bobea.net\/wp-content\/uploads\/2024\/02\/1200x768_de-la-fumee-s-echappe-d-un-batiment-de-khartoum-apres-des-combats-le-7-juin-2023.jpeg","type":"image\/jpeg"}],"author":"Amanda Bono","twitter_card":"summary_large_image","twitter_misc":{"\u00c9crit par":"Amanda Bono","Dur\u00e9e de lecture estim\u00e9e":"1 minute"},"schema":{"@context":"https:\/\/schema.org","@graph":[{"@type":"Article","@id":"https:\/\/bobea.net\/index.php\/2024\/02\/01\/guerre-au-soudan-la-cpi-enquete-sur-des-crimes-de-guerre-au-darfour\/#article","isPartOf":{"@id":"https:\/\/bobea.net\/index.php\/2024\/02\/01\/guerre-au-soudan-la-cpi-enquete-sur-des-crimes-de-guerre-au-darfour\/"},"author":{"name":"Amanda Bono","@id":"https:\/\/bobea.net\/#\/schema\/person\/164a7daf84df5735c129a5fabf14167f"},"headline":"Guerre au Soudan: La CPI enqu\u00eate sur des crimes de Guerre au Darfour","datePublished":"2024-02-01T06:06:29+00:00","dateModified":"2024-02-25T11:40:55+00:00","mainEntityOfPage":{"@id":"https:\/\/bobea.net\/index.php\/2024\/02\/01\/guerre-au-soudan-la-cpi-enquete-sur-des-crimes-de-guerre-au-darfour\/"},"wordCount":204,"commentCount":0,"publisher":{"@id":"https:\/\/bobea.net\/#organization"},"image":{"@id":"https:\/\/bobea.net\/index.php\/2024\/02\/01\/guerre-au-soudan-la-cpi-enquete-sur-des-crimes-de-guerre-au-darfour\/#primaryimage"},"thumbnailUrl":"https:\/\/bobea.net\/wp-content\/uploads\/2024\/02\/1200x768_de-la-fumee-s-echappe-d-un-batiment-de-khartoum-apres-des-combats-le-7-juin-2023.jpeg","articleSection":["A la Une","Sant\u00e9-Actualit\u00e9s"],"inLanguage":"fr-FR","potentialAction":[{"@type":"CommentAction","name":"Comment","target":["https:\/\/bobea.net\/index.php\/2024\/02\/01\/guerre-au-soudan-la-cpi-enquete-sur-des-crimes-de-guerre-au-darfour\/#respond"]}]},{"@type":"WebPage","@id":"https:\/\/bobea.net\/index.php\/2024\/02\/01\/guerre-au-soudan-la-cpi-enquete-sur-des-crimes-de-guerre-au-darfour\/","url":"https:\/\/bobea.net\/index.php\/2024\/02\/01\/guerre-au-soudan-la-cpi-enquete-sur-des-crimes-de-guerre-au-darfour\/","name":"Guerre au Soudan: La CPI enqu\u00eate sur des crimes de Guerre au Darfour - Bobea","isPartOf":{"@id":"https:\/\/bobea.net\/#website"},"primaryImageOfPage":{"@id":"https:\/\/bobea.net\/index.php\/2024\/02\/01\/guerre-au-soudan-la-cpi-enquete-sur-des-crimes-de-guerre-au-darfour\/#primaryimage"},"image":{"@id":"https:\/\/bobea.net\/index.php\/2024\/02\/01\/guerre-au-soudan-la-cpi-enquete-sur-des-crimes-de-guerre-au-darfour\/#primaryimage"},"thumbnailUrl":"https:\/\/bobea.net\/wp-content\/uploads\/2024\/02\/1200x768_de-la-fumee-s-echappe-d-un-batiment-de-khartoum-apres-des-combats-le-7-juin-2023.jpeg","datePublished":"2024-02-01T06:06:29+00:00","dateModified":"2024-02-25T11:40:55+00:00","breadcrumb":{"@id":"https:\/\/bobea.net\/index.php\/2024\/02\/01\/guerre-au-soudan-la-cpi-enquete-sur-des-crimes-de-guerre-au-darfour\/#breadcrumb"},"inLanguage":"fr-FR","potentialAction":[{"@type":"ReadAction","target":["https:\/\/bobea.net\/index.php\/2024\/02\/01\/guerre-au-soudan-la-cpi-enquete-sur-des-crimes-de-guerre-au-darfour\/"]}]},{"@type":"ImageObject","inLanguage":"fr-FR","@id":"https:\/\/bobea.net\/index.php\/2024\/02\/01\/guerre-au-soudan-la-cpi-enquete-sur-des-crimes-de-guerre-au-darfour\/#primaryimage","url":"https:\/\/bobea.net\/wp-content\/uploads\/2024\/02\/1200x768_de-la-fumee-s-echappe-d-un-batiment-de-khartoum-apres-des-combats-le-7-juin-2023.jpeg","contentUrl":"https:\/\/bobea.net\/wp-content\/uploads\/2024\/02\/1200x768_de-la-fumee-s-echappe-d-un-batiment-de-khartoum-apres-des-combats-le-7-juin-2023.jpeg","width":1200,"height":768},{"@type":"BreadcrumbList","@id":"https:\/\/bobea.net\/index.php\/2024\/02\/01\/guerre-au-soudan-la-cpi-enquete-sur-des-crimes-de-guerre-au-darfour\/#breadcrumb","itemListElement":[{"@type":"ListItem","position":1,"name":"Accueil","item":"https:\/\/bobea.net\/"},{"@type":"ListItem","position":2,"name":"Guerre au Soudan: La CPI enqu\u00eate sur des crimes de Guerre au Darfour"}]},{"@type":"WebSite","@id":"https:\/\/bobea.net\/#website","url":"https:\/\/bobea.net\/","name":"Bobea","description":"Le magazine de la nouvelle \u00c8ve","publisher":{"@id":"https:\/\/bobea.net\/#organization"},"potentialAction":[{"@type":"SearchAction","target":{"@type":"EntryPoint","urlTemplate":"https:\/\/bobea.net\/?s={search_term_string}"},"query-input":{"@type":"PropertyValueSpecification","valueRequired":true,"valueName":"search_term_string"}}],"inLanguage":"fr-FR"},{"@type":"Organization","@id":"https:\/\/bobea.net\/#organization","name":"Bobea","url":"https:\/\/bobea.net\/","logo":{"@type":"ImageObject","inLanguage":"fr-FR","@id":"https:\/\/bobea.net\/#\/schema\/logo\/image\/","url":"https:\/\/bobea.net\/wp-content\/uploads\/2024\/06\/bobea.jpg","contentUrl":"https:\/\/bobea.net\/wp-content\/uploads\/2024\/06\/bobea.jpg","width":1080,"height":1080,"caption":"Bobea"},"image":{"@id":"https:\/\/bobea.net\/#\/schema\/logo\/image\/"},"sameAs":["https:\/\/web.facebook.com\/profile.php?id=61559252188416"]},{"@type":"Person","@id":"https:\/\/bobea.net\/#\/schema\/person\/164a7daf84df5735c129a5fabf14167f","name":"Amanda Bono","image":{"@type":"ImageObject","inLanguage":"fr-FR","@id":"https:\/\/bobea.net\/#\/schema\/person\/image\/","url":"https:\/\/secure.gravatar.com\/avatar\/bb5fe76ee77af1e782aebbd2c08388da?s=96&d=mm&r=g","contentUrl":"https:\/\/secure.gravatar.com\/avatar\/bb5fe76ee77af1e782aebbd2c08388da?s=96&d=mm&r=g","caption":"Amanda Bono"},"description":"R\u00e9dactrice en chef Bob\u00e9a","url":"https:\/\/bobea.net\/index.php\/author\/amanda-bono\/"}]}},"_links":{"self":[{"href":"https:\/\/bobea.net\/index.php\/wp-json\/wp\/v2\/posts\/1185"}],"collection":[{"href":"https:\/\/bobea.net\/index.php\/wp-json\/wp\/v2\/posts"}],"about":[{"href":"https:\/\/bobea.net\/index.php\/wp-json\/wp\/v2\/types\/post"}],"author":[{"embeddable":true,"href":"https:\/\/bobea.net\/index.php\/wp-json\/wp\/v2\/users\/4"}],"replies":[{"embeddable":true,"href":"https:\/\/bobea.net\/index.php\/wp-json\/wp\/v2\/comments?post=1185"}],"version-history":[{"count":0,"href":"https:\/\/bobea.net\/index.php\/wp-json\/wp\/v2\/posts\/1185\/revisions"}],"wp:featuredmedia":[{"embeddable":true,"href":"https:\/\/bobea.net\/index.php\/wp-json\/wp\/v2\/media\/1187"}],"wp:attachment":[{"href":"https:\/\/bobea.net\/index.php\/wp-json\/wp\/v2\/media?parent=1185"}],"wp:term":[{"taxonomy":"category","embeddable":true,"href":"https:\/\/bobea.net\/index.php\/wp-json\/wp\/v2\/categories?post=1185"},{"taxonomy":"post_tag","embeddable":true,"href":"https:\/\/bobea.net\/index.php\/wp-json\/wp\/v2\/tags?post=1185"}],"curies":[{"name":"wp","href":"https:\/\/api.w.org\/{rel}","templated":true}]}}