{"id":11366,"date":"2025-03-13T11:11:22","date_gmt":"2025-03-13T11:11:22","guid":{"rendered":"https:\/\/bobea.net\/?p=11366"},"modified":"2025-03-13T11:11:25","modified_gmt":"2025-03-13T11:11:25","slug":"crise-haitienne-la-caricom-en-reunion-durgence-en-jamaique","status":"publish","type":"post","link":"https:\/\/bobea.net\/index.php\/2025\/03\/13\/crise-haitienne-la-caricom-en-reunion-durgence-en-jamaique\/","title":{"rendered":"&nbsp;Crise ha\u00eftienne : La CARICOM en r\u00e9union d\u2019urgence en Jama\u00efque"},"content":{"rendered":"\n<p>La Com\u00admu\u00adnaut\u00e9 des Cara\u00efbes (CARICOM) se r\u00e9u\u00adnit d\u2019ur\u00adgence en Jama\u00efque pour dis\u00adcuter de la crise poli\u00adtique qui sec\u00adoue Ha\u00efti. Cette ren\u00adcon\u00adtre cru\u00adciale inter\u00advient dans un con\u00adtexte de ten\u00adsions crois\u00adsantes et d\u2019in\u00adsta\u00adbil\u00adit\u00e9 dans le pays, exac\u00ader\u00adb\u00e9es par la r\u00e9cente d\u00e9mis\u00adsion du Pre\u00admier min\u00adistre Ariel Hen\u00adry.<\/p>\n\n\n\n<p>Con\u00adtexte de la crise ha\u00ef\u00adti\u00adenne<\/p>\n\n\n\n<p>Ha\u00efti tra\u00adverse une p\u00e9ri\u00adode de tur\u00adbu\u00adlences poli\u00adtiques et s\u00e9cu\u00adri\u00adtaires sans pr\u00e9c\u00e9\u00addent. Les prin\u00adci\u00adpaux \u00e9l\u00e9\u00adments de la crise sont :<\/p>\n\n\n\n<ul class=\"wp-block-list\">\n<li>La d\u00e9mis\u00adsion du Pre\u00admier min\u00adistre Ariel Hen\u00adry, qui dirigeait le pays depuis l\u2019as\u00adsas\u00adsi\u00adnat du pr\u00e9si\u00addent Jovenel Mo\u00efse en juil\u00adlet 2021.<\/li>\n\n\n\n<li>L\u2019emprise crois\u00adsante des gangs arm\u00e9s sur de vastes zones du pays, notam\u00adment dans la cap\u00adi\u00adtale Port-au-Prince.<\/li>\n\n\n\n<li>L\u2019ef\u00adfon\u00addrement des insti\u00adtu\u00adtions \u00e9ta\u00adtiques et l\u2019ab\u00adsence d\u2019\u00e9lec\u00adtions depuis plusieurs ann\u00e9es.<\/li>\n\n\n\n<li>Une sit\u00adu\u00ada\u00adtion human\u00adi\u00adtaire alar\u00admante, avec une grande par\u00adtie de la pop\u00adu\u00adla\u00adtion souf\u00adfrant d\u2019in\u00ads\u00e9cu\u00adrit\u00e9 ali\u00admen\u00adtaire et de manque d\u2019ac\u00adc\u00e8s aux ser\u00advices de base.<\/li>\n<\/ul>\n\n\n\n<figure class=\"wp-block-image size-large\"><img loading=\"lazy\" decoding=\"async\" width=\"1024\" height=\"576\" src=\"https:\/\/bobea.net\/wp-content\/uploads\/2025\/03\/haiti-aa-1024x576.jpg\" alt class=\"wp-image-11374\" srcset=\"https:\/\/bobea.net\/wp-content\/uploads\/2025\/03\/haiti-aa-1024x576.jpg 1024w, https:\/\/bobea.net\/wp-content\/uploads\/2025\/03\/haiti-aa-300x169.jpg 300w, https:\/\/bobea.net\/wp-content\/uploads\/2025\/03\/haiti-aa-768x432.jpg 768w, https:\/\/bobea.net\/wp-content\/uploads\/2025\/03\/haiti-aa-1536x864.jpg 1536w, https:\/\/bobea.net\/wp-content\/uploads\/2025\/03\/haiti-aa.jpg 1920w\" sizes=\"(max-width: 1024px) 100vw, 1024px\"><\/figure>\n\n\n\n<p>Objec\u00adtifs de la r\u00e9u\u00adnion d\u2019ur\u00adgence<\/p>\n\n\n\n<p>La CARICOM, en tant qu\u2019or\u00adgan\u00adi\u00adsa\u00adtion r\u00e9gionale majeure, cherche \u00e0 jouer un r\u00f4le de m\u00e9di\u00ada\u00adteur et de facil\u00adi\u00adta\u00adteur pour r\u00e9soudre la crise ha\u00ef\u00adti\u00adenne. Les prin\u00adci\u00adpaux objec\u00adtifs de cette r\u00e9u\u00adnion sont :<\/p>\n\n\n\n<ol start=\"1\" class=\"wp-block-list\">\n<li>\u00c9val\u00aduer la sit\u00adu\u00ada\u00adtion actuelle en Ha\u00efti et ses impli\u00adca\u00adtions pour la r\u00e9gion des Cara\u00efbes.<\/li>\n\n\n\n<li>Dis\u00adcuter de la mise en place d\u2019un gou\u00adverne\u00adment de tran\u00adsi\u00adtion inclusif et repr\u00e9sen\u00adtatif.<\/li>\n\n\n\n<li>\u00c9la\u00adbor\u00ader un plan d\u2019ac\u00adtion pour restau\u00adr\u00ader la s\u00e9cu\u00adrit\u00e9 et l\u2019\u00e9\u00adtat de droit en Ha\u00efti.<\/li>\n\n\n\n<li>Coor\u00addon\u00adner l\u2019aide human\u00adi\u00adtaire et le sou\u00adtien inter\u00adna\u00adtion\u00adal pour le pays.<\/li>\n\n\n\n<li>Plan\u00adi\u00adfi\u00ader un proces\u00adsus \u00e9lec\u00adtoral cr\u00e9di\u00adble et trans\u00adpar\u00adent pour r\u00e9tablir la l\u00e9gitim\u00adit\u00e9 d\u00e9moc\u00adra\u00adtique.<\/li>\n<\/ol>\n\n\n\n<p>Par\u00adtic\u00adi\u00adpants et enjeux diplo\u00adma\u00adtiques<\/p>\n\n\n\n<p>La r\u00e9u\u00adnion rassem\u00adble les chefs d\u2019\u00c9\u00adtat et de gou\u00adverne\u00adment des pays mem\u00adbres de la CARICOM, ain\u00adsi que des repr\u00e9sen\u00adtants d\u2019or\u00adgan\u00adi\u00adsa\u00adtions inter\u00adna\u00adtionales et de pays parte\u00adnaires. Par\u00admi les par\u00adtic\u00adi\u00adpants nota\u00adbles :<\/p>\n\n\n\n<ul class=\"wp-block-list\">\n<li>Les dirigeants des prin\u00adci\u00adpales \u00eeles des Cara\u00efbes, dont la Jama\u00efque, Trinidad-et-Toba\u00adgo, et les Bahamas.<\/li>\n\n\n\n<li>Des repr\u00e9sen\u00adtants de l\u2019Or\u00adgan\u00adi\u00adsa\u00adtion des \u00c9tats Am\u00e9ri\u00adcains (OEA) et des Nations Unies.<\/li>\n\n\n\n<li>Des envoy\u00e9s sp\u00e9\u00adci\u00adaux des \u00c9tats-Unis, du Cana\u00adda et de l\u2019U\u00adnion europ\u00e9enne.<\/li>\n<\/ul>\n\n\n\n<p>Les enjeux diplo\u00adma\u00adtiques sont con\u00adsid\u00ad\u00e9rables, car la sta\u00adbil\u00adit\u00e9 d\u2019Ha\u00efti a des r\u00e9per\u00adcus\u00adsions directes sur l\u2019ensem\u00adble de la r\u00e9gion des Cara\u00efbes. Les dis\u00adcus\u00adsions porteront notam\u00adment sur :<\/p>\n\n\n\n<ul class=\"wp-block-list\">\n<li>La coor\u00addi\u00adna\u00adtion des efforts r\u00e9gionaux pour soutenir Ha\u00efti.<\/li>\n\n\n\n<li>La ges\u00adtion des flux migra\u00adtoires poten\u00adtiels r\u00e9sul\u00adtant de la crise.<\/li>\n\n\n\n<li>La lutte con\u00adtre le traf\u00adic de drogue et la crim\u00adi\u00adnal\u00adit\u00e9 trans\u00adfrontal\u00adi\u00e8re.<\/li>\n\n\n\n<li>Le ren\u00adforce\u00adment de la coop\u00e9ra\u00adtion \u00e9conomique et sociale avec Ha\u00efti.<\/li>\n<\/ul>\n\n\n\n<p>Propo\u00adsi\u00adtions et solu\u00adtions envis\u00adag\u00e9es<\/p>\n\n\n\n<p>Plusieurs propo\u00adsi\u00adtions sont sur la table pour ten\u00adter de r\u00e9soudre la crise ha\u00ef\u00adti\u00adenne :<\/p>\n\n\n\n<ol start=\"1\" class=\"wp-block-list\">\n<li>D\u00e9ploiement d\u2019une force multi\u00adna\u00adtionale de s\u00e9cu\u00adrit\u00e9 : Cette force, sous man\u00addat de l\u2019ONU ou de l\u2019OEA, aurait pour mis\u00adsion de r\u00e9tablir l\u2019or\u00addre et de s\u00e9curis\u00ader les zones con\u00adtr\u00f4l\u00e9es par les gangs.<\/li>\n\n\n\n<li>Mise en place d\u2019un gou\u00adverne\u00adment d\u2019u\u00adnion nationale : Ce gou\u00adverne\u00adment int\u00e9ri\u00admaire inclu\u00adrait des repr\u00e9sen\u00adtants de dif\u00adf\u00e9rents par\u00adtis poli\u00adtiques et de la soci\u00e9t\u00e9 civile pour assur\u00ader une tran\u00adsi\u00adtion paci\u00adfique.<\/li>\n\n\n\n<li>Organ\u00adi\u00adsa\u00adtion d\u2019\u00e9lec\u00adtions sous super\u00advi\u00adsion inter\u00adna\u00adtionale : La CARICOM pro\u00adpose d\u2019ac\u00adcom\u00adpa\u00adg\u00adn\u00ader Ha\u00efti dans l\u2019or\u00adgan\u00adi\u00adsa\u00adtion d\u2019\u00e9lec\u00adtions libres et trans\u00adpar\u00adentes, avec un sou\u00adtien logis\u00adtique et tech\u00adnique.<\/li>\n\n\n\n<li>Plan Mar\u00adshall pour Ha\u00efti : Un pro\u00adgramme de recon\u00adstruc\u00adtion et de d\u00e9veloppe\u00adment \u00e0 long terme, financ\u00e9 par la com\u00admu\u00adnaut\u00e9 inter\u00adna\u00adtionale, pour s\u2019at\u00adta\u00adquer aux caus\u00ades pro\u00adfondes de l\u2019in\u00adsta\u00adbil\u00adit\u00e9.<\/li>\n\n\n\n<li>Ren\u00adforce\u00adment des insti\u00adtu\u00adtions ha\u00ef\u00adti\u00adennes : Un effort con\u00adcert\u00e9 pour recon\u00adstru\u00adire et ren\u00adforcer les insti\u00adtu\u00adtions \u00e9ta\u00adtiques, notam\u00adment la police, la jus\u00adtice et l\u2019ad\u00admin\u00adis\u00adtra\u00adtion publique.<\/li>\n<\/ol>\n\n\n\n<p>D\u00e9fis et obsta\u00adcles<\/p>\n\n\n\n<p>Mal\u00adgr\u00e9 la bonne volon\u00adt\u00e9 affich\u00e9e, la r\u00e9so\u00adlu\u00adtion de la crise ha\u00ef\u00adti\u00adenne fait face \u00e0 de nom\u00adbreux d\u00e9fis :<\/p>\n\n\n\n<ul class=\"wp-block-list\">\n<li>La m\u00e9fi\u00adance de la pop\u00adu\u00adla\u00adtion ha\u00ef\u00adti\u00adenne envers les inter\u00adven\u00adtions \u00e9trang\u00e8res, due \u00e0 des exp\u00e9ri\u00adences pass\u00e9es mit\u00adig\u00e9es.<\/li>\n\n\n\n<li>La frag\u00admen\u00adta\u00adtion du paysage poli\u00adtique ha\u00ef\u00adtien et la dif\u00adfi\u00adcult\u00e9 \u00e0 trou\u00adver un con\u00adsen\u00adsus entre les dif\u00adf\u00e9rentes fac\u00adtions.<\/li>\n\n\n\n<li>La puis\u00adsance des gangs arm\u00e9s et leur r\u00e9sis\u00adtance poten\u00adtielle \u00e0 toute ten\u00adta\u00adtive de r\u00e9tab\u00adlisse\u00adment de l\u2019or\u00addre.<\/li>\n\n\n\n<li>Les con\u00adtraintes budg\u00e9\u00adtaires et logis\u00adtiques pour met\u00adtre en \u0153uvre un plan d\u2019ac\u00adtion ambitieux.<\/li>\n\n\n\n<li>La n\u00e9ces\u00adsit\u00e9 d\u2019un engage\u00adment \u00e0 long terme de la com\u00admu\u00adnaut\u00e9 inter\u00adna\u00adtionale, au-del\u00e0 de l\u2019at\u00adten\u00adtion m\u00e9di\u00ada\u00adtique imm\u00e9\u00addi\u00adate.<\/li>\n<\/ul>\n\n\n\n<figure class=\"wp-block-image size-large\"><img loading=\"lazy\" decoding=\"async\" width=\"1024\" height=\"768\" src=\"https:\/\/bobea.net\/wp-content\/uploads\/2025\/03\/2024-03-07T201438Z_919219204_RC2ZG6AZ8NXU_RTRMADP_3_HAITI-VIOLENCE-1024x768.jpeg\" alt class=\"wp-image-11380\" srcset=\"https:\/\/bobea.net\/wp-content\/uploads\/2025\/03\/2024-03-07T201438Z_919219204_RC2ZG6AZ8NXU_RTRMADP_3_HAITI-VIOLENCE-1024x768.jpeg 1024w, https:\/\/bobea.net\/wp-content\/uploads\/2025\/03\/2024-03-07T201438Z_919219204_RC2ZG6AZ8NXU_RTRMADP_3_HAITI-VIOLENCE-300x225.jpeg 300w, https:\/\/bobea.net\/wp-content\/uploads\/2025\/03\/2024-03-07T201438Z_919219204_RC2ZG6AZ8NXU_RTRMADP_3_HAITI-VIOLENCE-768x576.jpeg 768w, https:\/\/bobea.net\/wp-content\/uploads\/2025\/03\/2024-03-07T201438Z_919219204_RC2ZG6AZ8NXU_RTRMADP_3_HAITI-VIOLENCE.jpeg 1280w\" sizes=\"(max-width: 1024px) 100vw, 1024px\"><\/figure>\n\n\n\n<p>Impli\u00adca\u00adtions r\u00e9gionales et inter\u00adna\u00adtionales<\/p>\n\n\n\n<p>La crise ha\u00ef\u00adti\u00adenne a des r\u00e9per\u00adcus\u00adsions bien au-del\u00e0 des fron\u00adti\u00e8res du pays :<\/p>\n\n\n\n<ul class=\"wp-block-list\">\n<li>Impact sur la s\u00e9cu\u00adrit\u00e9 r\u00e9gionale : L\u2019in\u00adsta\u00adbil\u00adit\u00e9 en Ha\u00efti peut favoris\u00ader le d\u00e9veloppe\u00adment de r\u00e9seaux crim\u00adinels transna\u00adtionaux.<\/li>\n\n\n\n<li>Pres\u00adsion migra\u00adtoire : Les pays voisins, notam\u00adment la R\u00e9publique domini\u00adcaine et les \u00eeles des Cara\u00efbes, craig\u00adnent un afflux de r\u00e9fugi\u00e9s ha\u00ef\u00adtiens.<\/li>\n\n\n\n<li>Enjeux g\u00e9opoli\u00adtiques : La sit\u00adu\u00ada\u00adtion en Ha\u00efti devient un point de fric\u00adtion entre les dif\u00adf\u00e9rentes puis\u00adsances influ\u00adentes dans la r\u00e9gion, notam\u00adment les \u00c9tats-Unis, la Chine et l\u2019U\u00adnion europ\u00e9enne.<\/li>\n\n\n\n<li>D\u00e9fi pour la CARICOM : La capac\u00adit\u00e9 de l\u2019or\u00adgan\u00adi\u00adsa\u00adtion \u00e0 g\u00e9r\u00ader cette crise sera un test cru\u00adcial pour son influ\u00adence et sa cr\u00e9di\u00adbil\u00adit\u00e9 sur la sc\u00e8ne inter\u00adna\u00adtionale.<\/li>\n<\/ul>\n\n\n\n<p>Per\u00adspec\u00adtives et prochaines \u00e9tapes<\/p>\n\n\n\n<p>\u00c0 l\u2019is\u00adsue de la r\u00e9u\u00adnion d\u2019ur\u00adgence, plusieurs actions sont atten\u00addues :<\/p>\n\n\n\n<ol start=\"1\" class=\"wp-block-list\">\n<li>Pub\u00adli\u00adca\u00adtion d\u2019une d\u00e9c\u00adla\u00adra\u00adtion com\u00admune d\u00e9tail\u00adlant les engage\u00adments de la CARICOM et de ses parte\u00adnaires envers Ha\u00efti.<\/li>\n\n\n\n<li>Mise en place d\u2019un groupe de tra\u00advail sp\u00e9\u00adcial pour coor\u00addon\u00adner les efforts r\u00e9gionaux et inter\u00adna\u00adtionaux.<\/li>\n\n\n\n<li>Plan\u00adi\u00adfi\u00adca\u00adtion d\u2019une con\u00adf\u00e9rence des dona\u00adteurs pour mobilis\u00ader les ressources n\u00e9ces\u00adsaires \u00e0 la sta\u00adbil\u00adi\u00adsa\u00adtion et au d\u00e9veloppe\u00adment d\u2019Ha\u00efti.<\/li>\n\n\n\n<li>Envoi d\u2019une mis\u00adsion d\u2019\u00e9\u00adval\u00adu\u00ada\u00adtion en Ha\u00efti pour pr\u00e9\u00adpar\u00ader le ter\u00adrain \u00e0 une inter\u00adven\u00adtion plus large.<\/li>\n\n\n\n<li>Inten\u00adsi\u00adfi\u00adca\u00adtion des efforts diplo\u00adma\u00adtiques pour obtenir un con\u00adsen\u00adsus au sein du Con\u00adseil de s\u00e9cu\u00adrit\u00e9 de l\u2019ONU sur la ques\u00adtion ha\u00ef\u00adti\u00adenne.<\/li>\n<\/ol>\n\n\n\n<p>Con\u00adclu\u00adsion<\/p>\n\n\n\n<p>La r\u00e9u\u00adnion d\u2019ur\u00adgence de la CARICOM en Jama\u00efque mar\u00adque un tour\u00adnant poten\u00adtiel dans la ges\u00adtion de la crise ha\u00ef\u00adti\u00adenne. Elle t\u00e9moigne de la volon\u00adt\u00e9 de la r\u00e9gion de pren\u00addre en main le des\u00adtin d\u2019un de ses mem\u00adbres les plus vul\u00adn\u00e9rables. Cepen\u00addant, le chemin vers la sta\u00adbil\u00adit\u00e9 et la prosp\u00e9rit\u00e9 en Ha\u00efti reste long et sem\u00e9 d\u2019emb\u00fbches. Le suc\u00adc\u00e8s de cette ini\u00adtia\u00adtive d\u00e9pen\u00addra de la capac\u00adit\u00e9 des acteurs r\u00e9gionaux et inter\u00adna\u00adtionaux \u00e0 main\u00adtenir leur engage\u00adment dans la dur\u00e9e et \u00e0 tra\u00advailler en \u00e9troite col\u00adlab\u00ado\u00adra\u00adtion avec le peu\u00adple ha\u00ef\u00adtien pour con\u00adstru\u00adire un avenir meilleur.<\/p>\n","protected":false},"excerpt":{"rendered":"<p>La Com\u00admu\u00adnaut\u00e9 des Cara\u00efbes (CARICOM) se r\u00e9u\u00adnit d\u2019ur\u00adgence en Jama\u00efque pour dis\u00adcuter de la crise poli\u00adtique qui sec\u00adoue Ha\u00efti. Cette ren\u00adcon\u00adtre cru\u00adciale inter\u00advient dans un con\u00adtexte de ten\u00adsions crois\u00adsantes et\u2026 <\/p>\n","protected":false},"author":1,"featured_media":11372,"comment_status":"open","ping_status":"closed","sticky":false,"template":"","format":"standard","meta":{"wp_typography_post_enhancements_disabled":false,"footnotes":""},"categories":[73],"tags":[],"class_list":["post-11366","post","type-post","status-publish","format-standard","has-post-thumbnail","hentry","category-on-en-parle"],"yoast_head":"<!-- This site is optimized with the Yoast SEO plugin v24.7 - https:\/\/yoast.com\/wordpress\/plugins\/seo\/ -->\n<title>\u00a0Crise ha\u00eftienne : La CARICOM en r\u00e9union d&#039;urgence en Jama\u00efque - Bobea<\/title>\n<meta name=\"description\" content=\"La Communaut\u00e9 des Cara\u00efbes (CARICOM) se r\u00e9unit d&#039;urgence en Jama\u00efque pour discuter de la crise politique qui secoue Ha\u00efti.\" \/>\n<meta name=\"robots\" content=\"index, follow, max-snippet:-1, max-image-preview:large, max-video-preview:-1\" \/>\n<link rel=\"canonical\" href=\"https:\/\/bobea.net\/index.php\/2025\/03\/13\/crise-haitienne-la-caricom-en-reunion-durgence-en-jamaique\/\" \/>\n<meta property=\"og:locale\" content=\"fr_FR\" \/>\n<meta property=\"og:type\" content=\"article\" \/>\n<meta property=\"og:title\" content=\"\u00a0Crise ha\u00eftienne : La CARICOM en r\u00e9union d&#039;urgence en Jama\u00efque - Bobea\" \/>\n<meta property=\"og:description\" content=\"La Communaut\u00e9 des Cara\u00efbes (CARICOM) se r\u00e9unit d&#039;urgence en Jama\u00efque pour discuter de la crise politique qui secoue Ha\u00efti.\" \/>\n<meta property=\"og:url\" content=\"https:\/\/bobea.net\/index.php\/2025\/03\/13\/crise-haitienne-la-caricom-en-reunion-durgence-en-jamaique\/\" \/>\n<meta property=\"og:site_name\" content=\"Bobea\" \/>\n<meta property=\"article:publisher\" content=\"https:\/\/web.facebook.com\/profile.php?id=61559252188416\" \/>\n<meta property=\"article:published_time\" content=\"2025-03-13T11:11:22+00:00\" \/>\n<meta property=\"article:modified_time\" content=\"2025-03-13T11:11:25+00:00\" \/>\n<meta property=\"og:image\" content=\"https:\/\/bobea.net\/wp-content\/uploads\/2025\/03\/Sans-titre.jpg\" \/>\n\t<meta property=\"og:image:width\" content=\"259\" \/>\n\t<meta property=\"og:image:height\" content=\"194\" \/>\n\t<meta property=\"og:image:type\" content=\"image\/jpeg\" \/>\n<meta name=\"author\" content=\"bobea.info\" \/>\n<meta name=\"twitter:card\" content=\"summary_large_image\" \/>\n<meta name=\"twitter:label1\" content=\"\u00c9crit par\" \/>\n\t<meta name=\"twitter:data1\" content=\"bobea.info\" \/>\n\t<meta name=\"twitter:label2\" content=\"Dur\u00e9e de lecture estim\u00e9e\" \/>\n\t<meta name=\"twitter:data2\" content=\"6 minutes\" \/>\n<script type=\"application\/ld+json\" class=\"yoast-schema-graph\">{\"@context\":\"https:\/\/schema.org\",\"@graph\":[{\"@type\":\"Article\",\"@id\":\"https:\/\/bobea.net\/index.php\/2025\/03\/13\/crise-haitienne-la-caricom-en-reunion-durgence-en-jamaique\/#article\",\"isPartOf\":{\"@id\":\"https:\/\/bobea.net\/index.php\/2025\/03\/13\/crise-haitienne-la-caricom-en-reunion-durgence-en-jamaique\/\"},\"author\":{\"name\":\"bobea.info\",\"@id\":\"https:\/\/bobea.net\/#\/schema\/person\/e7f45ef187918d7c956bf619dce90ccf\"},\"headline\":\"&nbsp;Crise ha\u00eftienne : La CARICOM en r\u00e9union d\u2019urgence en Jama\u00efque\",\"datePublished\":\"2025-03-13T11:11:22+00:00\",\"dateModified\":\"2025-03-13T11:11:25+00:00\",\"mainEntityOfPage\":{\"@id\":\"https:\/\/bobea.net\/index.php\/2025\/03\/13\/crise-haitienne-la-caricom-en-reunion-durgence-en-jamaique\/\"},\"wordCount\":1101,\"commentCount\":1,\"publisher\":{\"@id\":\"https:\/\/bobea.net\/#organization\"},\"image\":{\"@id\":\"https:\/\/bobea.net\/index.php\/2025\/03\/13\/crise-haitienne-la-caricom-en-reunion-durgence-en-jamaique\/#primaryimage\"},\"thumbnailUrl\":\"https:\/\/bobea.net\/wp-content\/uploads\/2025\/03\/Sans-titre.jpg\",\"articleSection\":[\"On en Parle\"],\"inLanguage\":\"fr-FR\",\"potentialAction\":[{\"@type\":\"CommentAction\",\"name\":\"Comment\",\"target\":[\"https:\/\/bobea.net\/index.php\/2025\/03\/13\/crise-haitienne-la-caricom-en-reunion-durgence-en-jamaique\/#respond\"]}]},{\"@type\":\"WebPage\",\"@id\":\"https:\/\/bobea.net\/index.php\/2025\/03\/13\/crise-haitienne-la-caricom-en-reunion-durgence-en-jamaique\/\",\"url\":\"https:\/\/bobea.net\/index.php\/2025\/03\/13\/crise-haitienne-la-caricom-en-reunion-durgence-en-jamaique\/\",\"name\":\"\u00a0Crise ha\u00eftienne : La CARICOM en r\u00e9union d'urgence en Jama\u00efque - Bobea\",\"isPartOf\":{\"@id\":\"https:\/\/bobea.net\/#website\"},\"primaryImageOfPage\":{\"@id\":\"https:\/\/bobea.net\/index.php\/2025\/03\/13\/crise-haitienne-la-caricom-en-reunion-durgence-en-jamaique\/#primaryimage\"},\"image\":{\"@id\":\"https:\/\/bobea.net\/index.php\/2025\/03\/13\/crise-haitienne-la-caricom-en-reunion-durgence-en-jamaique\/#primaryimage\"},\"thumbnailUrl\":\"https:\/\/bobea.net\/wp-content\/uploads\/2025\/03\/Sans-titre.jpg\",\"datePublished\":\"2025-03-13T11:11:22+00:00\",\"dateModified\":\"2025-03-13T11:11:25+00:00\",\"description\":\"La Communaut\u00e9 des Cara\u00efbes (CARICOM) se r\u00e9unit d'urgence en Jama\u00efque pour discuter de la crise politique qui secoue Ha\u00efti.\",\"breadcrumb\":{\"@id\":\"https:\/\/bobea.net\/index.php\/2025\/03\/13\/crise-haitienne-la-caricom-en-reunion-durgence-en-jamaique\/#breadcrumb\"},\"inLanguage\":\"fr-FR\",\"potentialAction\":[{\"@type\":\"ReadAction\",\"target\":[\"https:\/\/bobea.net\/index.php\/2025\/03\/13\/crise-haitienne-la-caricom-en-reunion-durgence-en-jamaique\/\"]}]},{\"@type\":\"ImageObject\",\"inLanguage\":\"fr-FR\",\"@id\":\"https:\/\/bobea.net\/index.php\/2025\/03\/13\/crise-haitienne-la-caricom-en-reunion-durgence-en-jamaique\/#primaryimage\",\"url\":\"https:\/\/bobea.net\/wp-content\/uploads\/2025\/03\/Sans-titre.jpg\",\"contentUrl\":\"https:\/\/bobea.net\/wp-content\/uploads\/2025\/03\/Sans-titre.jpg\",\"width\":259,\"height\":194},{\"@type\":\"BreadcrumbList\",\"@id\":\"https:\/\/bobea.net\/index.php\/2025\/03\/13\/crise-haitienne-la-caricom-en-reunion-durgence-en-jamaique\/#breadcrumb\",\"itemListElement\":[{\"@type\":\"ListItem\",\"position\":1,\"name\":\"Accueil\",\"item\":\"https:\/\/bobea.net\/\"},{\"@type\":\"ListItem\",\"position\":2,\"name\":\"\u00a0Crise ha\u00eftienne : La CARICOM en r\u00e9union d&rsquo;urgence en Jama\u00efque\"}]},{\"@type\":\"WebSite\",\"@id\":\"https:\/\/bobea.net\/#website\",\"url\":\"https:\/\/bobea.net\/\",\"name\":\"Bobea\",\"description\":\"Le magazine de la nouvelle \u00c8ve\",\"publisher\":{\"@id\":\"https:\/\/bobea.net\/#organization\"},\"potentialAction\":[{\"@type\":\"SearchAction\",\"target\":{\"@type\":\"EntryPoint\",\"urlTemplate\":\"https:\/\/bobea.net\/?s={search_term_string}\"},\"query-input\":{\"@type\":\"PropertyValueSpecification\",\"valueRequired\":true,\"valueName\":\"search_term_string\"}}],\"inLanguage\":\"fr-FR\"},{\"@type\":\"Organization\",\"@id\":\"https:\/\/bobea.net\/#organization\",\"name\":\"Bobea\",\"url\":\"https:\/\/bobea.net\/\",\"logo\":{\"@type\":\"ImageObject\",\"inLanguage\":\"fr-FR\",\"@id\":\"https:\/\/bobea.net\/#\/schema\/logo\/image\/\",\"url\":\"https:\/\/bobea.net\/wp-content\/uploads\/2024\/06\/bobea.jpg\",\"contentUrl\":\"https:\/\/bobea.net\/wp-content\/uploads\/2024\/06\/bobea.jpg\",\"width\":1080,\"height\":1080,\"caption\":\"Bobea\"},\"image\":{\"@id\":\"https:\/\/bobea.net\/#\/schema\/logo\/image\/\"},\"sameAs\":[\"https:\/\/web.facebook.com\/profile.php?id=61559252188416\"]},{\"@type\":\"Person\",\"@id\":\"https:\/\/bobea.net\/#\/schema\/person\/e7f45ef187918d7c956bf619dce90ccf\",\"name\":\"bobea.info\",\"image\":{\"@type\":\"ImageObject\",\"inLanguage\":\"fr-FR\",\"@id\":\"https:\/\/bobea.net\/#\/schema\/person\/image\/\",\"url\":\"https:\/\/secure.gravatar.com\/avatar\/36147980349df887ae30808df3e29474?s=96&d=mm&r=g\",\"contentUrl\":\"https:\/\/secure.gravatar.com\/avatar\/36147980349df887ae30808df3e29474?s=96&d=mm&r=g\",\"caption\":\"bobea.info\"},\"sameAs\":[\"https:\/\/bobea.net\"],\"url\":\"https:\/\/bobea.net\/index.php\/author\/bobea-info\/\"}]}<\/script>\n<!-- \/ Yoast SEO plugin. -->","yoast_head_json":{"title":"\u00a0Crise ha\u00eftienne : La CARICOM en r\u00e9union d'urgence en Jama\u00efque - Bobea","description":"La Communaut\u00e9 des Cara\u00efbes (CARICOM) se r\u00e9unit d'urgence en Jama\u00efque pour discuter de la crise politique qui secoue Ha\u00efti.","robots":{"index":"index","follow":"follow","max-snippet":"max-snippet:-1","max-image-preview":"max-image-preview:large","max-video-preview":"max-video-preview:-1"},"canonical":"https:\/\/bobea.net\/index.php\/2025\/03\/13\/crise-haitienne-la-caricom-en-reunion-durgence-en-jamaique\/","og_locale":"fr_FR","og_type":"article","og_title":"\u00a0Crise ha\u00eftienne : La CARICOM en r\u00e9union d'urgence en Jama\u00efque - Bobea","og_description":"La Communaut\u00e9 des Cara\u00efbes (CARICOM) se r\u00e9unit d'urgence en Jama\u00efque pour discuter de la crise politique qui secoue Ha\u00efti.","og_url":"https:\/\/bobea.net\/index.php\/2025\/03\/13\/crise-haitienne-la-caricom-en-reunion-durgence-en-jamaique\/","og_site_name":"Bobea","article_publisher":"https:\/\/web.facebook.com\/profile.php?id=61559252188416","article_published_time":"2025-03-13T11:11:22+00:00","article_modified_time":"2025-03-13T11:11:25+00:00","og_image":[{"width":259,"height":194,"url":"https:\/\/bobea.net\/wp-content\/uploads\/2025\/03\/Sans-titre.jpg","type":"image\/jpeg"}],"author":"bobea.info","twitter_card":"summary_large_image","twitter_misc":{"\u00c9crit par":"bobea.info","Dur\u00e9e de lecture estim\u00e9e":"6 minutes"},"schema":{"@context":"https:\/\/schema.org","@graph":[{"@type":"Article","@id":"https:\/\/bobea.net\/index.php\/2025\/03\/13\/crise-haitienne-la-caricom-en-reunion-durgence-en-jamaique\/#article","isPartOf":{"@id":"https:\/\/bobea.net\/index.php\/2025\/03\/13\/crise-haitienne-la-caricom-en-reunion-durgence-en-jamaique\/"},"author":{"name":"bobea.info","@id":"https:\/\/bobea.net\/#\/schema\/person\/e7f45ef187918d7c956bf619dce90ccf"},"headline":"&nbsp;Crise ha\u00eftienne : La CARICOM en r\u00e9union d\u2019urgence en Jama\u00efque","datePublished":"2025-03-13T11:11:22+00:00","dateModified":"2025-03-13T11:11:25+00:00","mainEntityOfPage":{"@id":"https:\/\/bobea.net\/index.php\/2025\/03\/13\/crise-haitienne-la-caricom-en-reunion-durgence-en-jamaique\/"},"wordCount":1101,"commentCount":1,"publisher":{"@id":"https:\/\/bobea.net\/#organization"},"image":{"@id":"https:\/\/bobea.net\/index.php\/2025\/03\/13\/crise-haitienne-la-caricom-en-reunion-durgence-en-jamaique\/#primaryimage"},"thumbnailUrl":"https:\/\/bobea.net\/wp-content\/uploads\/2025\/03\/Sans-titre.jpg","articleSection":["On en Parle"],"inLanguage":"fr-FR","potentialAction":[{"@type":"CommentAction","name":"Comment","target":["https:\/\/bobea.net\/index.php\/2025\/03\/13\/crise-haitienne-la-caricom-en-reunion-durgence-en-jamaique\/#respond"]}]},{"@type":"WebPage","@id":"https:\/\/bobea.net\/index.php\/2025\/03\/13\/crise-haitienne-la-caricom-en-reunion-durgence-en-jamaique\/","url":"https:\/\/bobea.net\/index.php\/2025\/03\/13\/crise-haitienne-la-caricom-en-reunion-durgence-en-jamaique\/","name":"\u00a0Crise ha\u00eftienne : La CARICOM en r\u00e9union d'urgence en Jama\u00efque - Bobea","isPartOf":{"@id":"https:\/\/bobea.net\/#website"},"primaryImageOfPage":{"@id":"https:\/\/bobea.net\/index.php\/2025\/03\/13\/crise-haitienne-la-caricom-en-reunion-durgence-en-jamaique\/#primaryimage"},"image":{"@id":"https:\/\/bobea.net\/index.php\/2025\/03\/13\/crise-haitienne-la-caricom-en-reunion-durgence-en-jamaique\/#primaryimage"},"thumbnailUrl":"https:\/\/bobea.net\/wp-content\/uploads\/2025\/03\/Sans-titre.jpg","datePublished":"2025-03-13T11:11:22+00:00","dateModified":"2025-03-13T11:11:25+00:00","description":"La Communaut\u00e9 des Cara\u00efbes (CARICOM) se r\u00e9unit d'urgence en Jama\u00efque pour discuter de la crise politique qui secoue Ha\u00efti.","breadcrumb":{"@id":"https:\/\/bobea.net\/index.php\/2025\/03\/13\/crise-haitienne-la-caricom-en-reunion-durgence-en-jamaique\/#breadcrumb"},"inLanguage":"fr-FR","potentialAction":[{"@type":"ReadAction","target":["https:\/\/bobea.net\/index.php\/2025\/03\/13\/crise-haitienne-la-caricom-en-reunion-durgence-en-jamaique\/"]}]},{"@type":"ImageObject","inLanguage":"fr-FR","@id":"https:\/\/bobea.net\/index.php\/2025\/03\/13\/crise-haitienne-la-caricom-en-reunion-durgence-en-jamaique\/#primaryimage","url":"https:\/\/bobea.net\/wp-content\/uploads\/2025\/03\/Sans-titre.jpg","contentUrl":"https:\/\/bobea.net\/wp-content\/uploads\/2025\/03\/Sans-titre.jpg","width":259,"height":194},{"@type":"BreadcrumbList","@id":"https:\/\/bobea.net\/index.php\/2025\/03\/13\/crise-haitienne-la-caricom-en-reunion-durgence-en-jamaique\/#breadcrumb","itemListElement":[{"@type":"ListItem","position":1,"name":"Accueil","item":"https:\/\/bobea.net\/"},{"@type":"ListItem","position":2,"name":"\u00a0Crise ha\u00eftienne : La CARICOM en r\u00e9union d&rsquo;urgence en Jama\u00efque"}]},{"@type":"WebSite","@id":"https:\/\/bobea.net\/#website","url":"https:\/\/bobea.net\/","name":"Bobea","description":"Le magazine de la nouvelle \u00c8ve","publisher":{"@id":"https:\/\/bobea.net\/#organization"},"potentialAction":[{"@type":"SearchAction","target":{"@type":"EntryPoint","urlTemplate":"https:\/\/bobea.net\/?s={search_term_string}"},"query-input":{"@type":"PropertyValueSpecification","valueRequired":true,"valueName":"search_term_string"}}],"inLanguage":"fr-FR"},{"@type":"Organization","@id":"https:\/\/bobea.net\/#organization","name":"Bobea","url":"https:\/\/bobea.net\/","logo":{"@type":"ImageObject","inLanguage":"fr-FR","@id":"https:\/\/bobea.net\/#\/schema\/logo\/image\/","url":"https:\/\/bobea.net\/wp-content\/uploads\/2024\/06\/bobea.jpg","contentUrl":"https:\/\/bobea.net\/wp-content\/uploads\/2024\/06\/bobea.jpg","width":1080,"height":1080,"caption":"Bobea"},"image":{"@id":"https:\/\/bobea.net\/#\/schema\/logo\/image\/"},"sameAs":["https:\/\/web.facebook.com\/profile.php?id=61559252188416"]},{"@type":"Person","@id":"https:\/\/bobea.net\/#\/schema\/person\/e7f45ef187918d7c956bf619dce90ccf","name":"bobea.info","image":{"@type":"ImageObject","inLanguage":"fr-FR","@id":"https:\/\/bobea.net\/#\/schema\/person\/image\/","url":"https:\/\/secure.gravatar.com\/avatar\/36147980349df887ae30808df3e29474?s=96&d=mm&r=g","contentUrl":"https:\/\/secure.gravatar.com\/avatar\/36147980349df887ae30808df3e29474?s=96&d=mm&r=g","caption":"bobea.info"},"sameAs":["https:\/\/bobea.net"],"url":"https:\/\/bobea.net\/index.php\/author\/bobea-info\/"}]}},"_links":{"self":[{"href":"https:\/\/bobea.net\/index.php\/wp-json\/wp\/v2\/posts\/11366"}],"collection":[{"href":"https:\/\/bobea.net\/index.php\/wp-json\/wp\/v2\/posts"}],"about":[{"href":"https:\/\/bobea.net\/index.php\/wp-json\/wp\/v2\/types\/post"}],"author":[{"embeddable":true,"href":"https:\/\/bobea.net\/index.php\/wp-json\/wp\/v2\/users\/1"}],"replies":[{"embeddable":true,"href":"https:\/\/bobea.net\/index.php\/wp-json\/wp\/v2\/comments?post=11366"}],"version-history":[{"count":1,"href":"https:\/\/bobea.net\/index.php\/wp-json\/wp\/v2\/posts\/11366\/revisions"}],"predecessor-version":[{"id":11382,"href":"https:\/\/bobea.net\/index.php\/wp-json\/wp\/v2\/posts\/11366\/revisions\/11382"}],"wp:featuredmedia":[{"embeddable":true,"href":"https:\/\/bobea.net\/index.php\/wp-json\/wp\/v2\/media\/11372"}],"wp:attachment":[{"href":"https:\/\/bobea.net\/index.php\/wp-json\/wp\/v2\/media?parent=11366"}],"wp:term":[{"taxonomy":"category","embeddable":true,"href":"https:\/\/bobea.net\/index.php\/wp-json\/wp\/v2\/categories?post=11366"},{"taxonomy":"post_tag","embeddable":true,"href":"https:\/\/bobea.net\/index.php\/wp-json\/wp\/v2\/tags?post=11366"}],"curies":[{"name":"wp","href":"https:\/\/api.w.org\/{rel}","templated":true}]}}