{"id":11292,"date":"2025-03-13T10:18:39","date_gmt":"2025-03-13T10:18:39","guid":{"rendered":"https:\/\/bobea.net\/?p=11292"},"modified":"2025-03-13T10:18:40","modified_gmt":"2025-03-13T10:18:40","slug":"tendances-printemps-ete-2025-ce-qui-fera-fureur-cette-saison","status":"publish","type":"post","link":"https:\/\/bobea.net\/index.php\/2025\/03\/13\/tendances-printemps-ete-2025-ce-qui-fera-fureur-cette-saison\/","title":{"rendered":"Tendances printemps-\u00e9t\u00e9 2025 : ce qui fera fureur cette saison"},"content":{"rendered":"\n<p>La sai\u00adson print\u00ademps-\u00e9t\u00e9 2025 s\u2019an\u00adnonce vibrante et auda\u00adcieuse, avec des ten\u00addances mode qui c\u00e9l\u00e8brent la couleur, la lib\u00adert\u00e9 de mou\u00adve\u00adment et l\u2019ex\u00adpres\u00adsion indi\u00advidu\u00adelle. Les influ\u00adences naturelles, les tex\u00adtures l\u00e9g\u00e8res et les palettes de couleurs dynamiques domineront cette sai\u00adson, invi\u00adtant cha\u00adcun \u00e0 adopter les ten\u00addances qui r\u00e9son\u00adnent avec sa per\u00adson\u00adnal\u00adit\u00e9 tout en explo\u00adrant des com\u00adbi\u00adnaisons uniques et auda\u00adcieuses<\/p>\n\n\n\n<p>Par\u00admi les pi\u00e8ces incon\u00adtourn\u00adables, on retrou\u00adve la par\u00adka revis\u00adit\u00e9e, qui allie fonc\u00adtion\u00adnal\u00adit\u00e9 et chic. Cette pi\u00e8ce phare incar\u00adne par\u00adfaite\u00adment l\u2019\u00e9quili\u00adbre entre pratic\u00adit\u00e9 et \u00e9l\u00e9\u00adgance, pou\u00advant \u00eatre asso\u00adci\u00e9e aus\u00adsi bien \u00e0 des robes du soir qu\u2019\u00e0 des ensem\u00adbles ath\u00adleisure<\/p>\n\n\n\n<p>Les rayures s\u2019im\u00adposent comme un alli\u00e9 struc\u00adtur\u00e9 de la sai\u00adson, qu\u2019elles soient clas\u00adsiques ou col\u00ador\u00e9es, ver\u00adti\u00adcales ou hor\u00adi\u00adzon\u00adtales. Elles se d\u00e9cli\u00adnent en con\u00adtrastes noir et blanc ou en cama\u00efeux sub\u00adtils. Les fash\u00adion\u00adistas oseront le mix &amp; match en asso\u00adciant dif\u00adf\u00e9rentes largeurs de rayures, tan\u00addis que les plus clas\u00adsiques opteront pour un ensem\u00adble coor\u00addon\u00adn\u00e9 pour un look \u00e9l\u00e9\u00adgant<\/p>\n\n\n\n<p>L\u2019im\u00adprim\u00e9 flo\u00adral, sym\u00adbole de f\u00e9minit\u00e9, atteint son apog\u00e9e cette sai\u00adson. Il se d\u00e9cline sur divers\u00ades pi\u00e8ces, des robes l\u00e9g\u00e8res aux acces\u00adsoires, appor\u00adtant une touche de fra\u00eecheur et de roman\u00adtisme aux tenues esti\u00advales.<\/p>\n\n\n\n<p>Le den\u00adim, tou\u00adjours aus\u00adsi incon\u00adtourn\u00adable, se r\u00e9in\u00advente pour le print\u00ademps-\u00e9t\u00e9 2025. Il se d\u00e9cline dans des coupes inno\u00advantes et des traite\u00adments orig\u00adin\u00adaux, offrant de nou\u00advelles pos\u00adsi\u00adbil\u00adit\u00e9s pour int\u00e9\u00adgr\u00ader cette mati\u00e8re embl\u00e9\u00adma\u00adtique dans des looks var\u00adi\u00e9s.<\/p>\n\n\n\n<p>Les couleurs pop seront \u00e0 l\u2019hon\u00adneur, appor\u00adtant une dose de vital\u00adit\u00e9 et d\u2019op\u00adti\u00admisme aux garde-robes. Ces teintes vives seront asso\u00adci\u00e9es \u00e0 des mati\u00e8res flu\u00adides et l\u00e9g\u00e8res, par\u00adfaites pour affron\u00adter les chaleurs esti\u00advales avec style.<\/p>\n\n\n\n<figure class=\"wp-block-image size-large\"><img loading=\"lazy\" decoding=\"async\" width=\"1024\" height=\"665\" src=\"https:\/\/bobea.net\/wp-content\/uploads\/2025\/03\/Cet-imprime-retro-fera-fureur-en-2025-1024x665.jpg\" alt class=\"wp-image-11294\" srcset=\"https:\/\/bobea.net\/wp-content\/uploads\/2025\/03\/Cet-imprime-retro-fera-fureur-en-2025-1024x665.jpg 1024w, https:\/\/bobea.net\/wp-content\/uploads\/2025\/03\/Cet-imprime-retro-fera-fureur-en-2025-300x195.jpg 300w, https:\/\/bobea.net\/wp-content\/uploads\/2025\/03\/Cet-imprime-retro-fera-fureur-en-2025-768x499.jpg 768w, https:\/\/bobea.net\/wp-content\/uploads\/2025\/03\/Cet-imprime-retro-fera-fureur-en-2025.jpg 1271w\" sizes=\"(max-width: 1024px) 100vw, 1024px\"><\/figure>\n\n\n\n<p>Les robes longues et les volants fer\u00adont \u00e9gale\u00adment par\u00adtie des ten\u00addances phares, offrant une sil\u00adhou\u00adette \u00e9l\u00e9\u00adgante et f\u00e9mi\u00adnine. Ces pi\u00e8ces seront id\u00e9ales pour les \u00e9v\u00e9ne\u00adments esti\u00advaux, du brunch entre amis aux soir\u00e9es en bord de mer.<\/p>\n\n\n\n<p>C\u00f4t\u00e9 acces\u00adsoires, les paniers en osier con\u00adtin\u00adueront de s\u00e9duire, appor\u00adtant une touche boh\u00e8me et naturelle aux tenues esti\u00advales. Ils s\u2019ac\u00adcorderont par\u00adfaite\u00adment avec les imprim\u00e9s fleuris et les mati\u00e8res l\u00e9g\u00e8res de la sai\u00adson.<\/p>\n\n\n\n<p>Enfin, la mode print\u00ademps-\u00e9t\u00e9 2025 nous invite \u00e0 un v\u00e9ri\u00adta\u00adble voy\u00adage dans le temps, m\u00ealant influ\u00adences r\u00e9tro et inno\u00adva\u00adtions con\u00adtem\u00adpo\u00adraines. Cette fusion des styles per\u00adme\u00adt\u00adtra \u00e0 cha\u00adcun d\u2019ex\u00adprimer sa cr\u00e9a\u00adtiv\u00adit\u00e9 et son indi\u00advid\u00adu\u00adal\u00adit\u00e9 \u00e0 tra\u00advers ses choix ves\u00adti\u00admen\u00adtaires<\/p>\n","protected":false},"excerpt":{"rendered":"<p>La sai\u00adson print\u00ad\u00ademps-\u00e9t\u00e9 2025 s\u2019an\u00adnonce vibrante et auda\u00adcieuse, avec des ten\u00addances mode qui c\u00e9l\u00e8brent la couleur, la lib\u00adert\u00e9 de mou\u00adve\u00adment et l\u2019ex\u00adpres\u00adsion indi\u00advidu\u00adelle. Les influ\u00adences naturelles, les tex\u00adtures l\u00e9g\u00e8res et\u2026 <\/p>\n","protected":false},"author":1,"featured_media":11293,"comment_status":"open","ping_status":"closed","sticky":false,"template":"","format":"standard","meta":{"wp_typography_post_enhancements_disabled":false,"footnotes":""},"categories":[67],"tags":[],"class_list":["post-11292","post","type-post","status-publish","format-standard","has-post-thumbnail","hentry","category-tendances"],"yoast_head":"<!-- This site is optimized with the Yoast SEO plugin v24.7 - https:\/\/yoast.com\/wordpress\/plugins\/seo\/ -->\n<title>Tendances printemps-\u00e9t\u00e9 2025 : ce qui fera fureur cette saison - Bobea<\/title>\n<meta name=\"description\" content=\"La saison printemps-\u00e9t\u00e9 2025 s&#039;annonce vibrante et audacieuse, avec des tendances mode qui c\u00e9l\u00e8brent la couleur, la libert\u00e9 de mouvement\" \/>\n<meta name=\"robots\" content=\"index, follow, max-snippet:-1, max-image-preview:large, max-video-preview:-1\" \/>\n<link rel=\"canonical\" href=\"https:\/\/bobea.net\/index.php\/2025\/03\/13\/tendances-printemps-ete-2025-ce-qui-fera-fureur-cette-saison\/\" \/>\n<meta property=\"og:locale\" content=\"fr_FR\" \/>\n<meta property=\"og:type\" content=\"article\" \/>\n<meta property=\"og:title\" content=\"Tendances printemps-\u00e9t\u00e9 2025 : ce qui fera fureur cette saison - Bobea\" \/>\n<meta property=\"og:description\" content=\"La saison printemps-\u00e9t\u00e9 2025 s&#039;annonce vibrante et audacieuse, avec des tendances mode qui c\u00e9l\u00e8brent la couleur, la libert\u00e9 de mouvement\" \/>\n<meta property=\"og:url\" content=\"https:\/\/bobea.net\/index.php\/2025\/03\/13\/tendances-printemps-ete-2025-ce-qui-fera-fureur-cette-saison\/\" \/>\n<meta property=\"og:site_name\" content=\"Bobea\" \/>\n<meta property=\"article:publisher\" content=\"https:\/\/web.facebook.com\/profile.php?id=61559252188416\" \/>\n<meta property=\"article:published_time\" content=\"2025-03-13T10:18:39+00:00\" \/>\n<meta property=\"article:modified_time\" content=\"2025-03-13T10:18:40+00:00\" \/>\n<meta property=\"og:image\" content=\"https:\/\/bobea.net\/wp-content\/uploads\/2025\/03\/HEADER-TENDANCES-MODE-2025.jpg\" \/>\n\t<meta property=\"og:image:width\" content=\"1360\" \/>\n\t<meta property=\"og:image:height\" content=\"680\" \/>\n\t<meta property=\"og:image:type\" content=\"image\/jpeg\" \/>\n<meta name=\"author\" content=\"bobea.info\" \/>\n<meta name=\"twitter:card\" content=\"summary_large_image\" \/>\n<meta name=\"twitter:label1\" content=\"\u00c9crit par\" \/>\n\t<meta name=\"twitter:data1\" content=\"bobea.info\" \/>\n\t<meta name=\"twitter:label2\" content=\"Dur\u00e9e de lecture estim\u00e9e\" \/>\n\t<meta name=\"twitter:data2\" content=\"3 minutes\" \/>\n<script type=\"application\/ld+json\" class=\"yoast-schema-graph\">{\"@context\":\"https:\/\/schema.org\",\"@graph\":[{\"@type\":\"Article\",\"@id\":\"https:\/\/bobea.net\/index.php\/2025\/03\/13\/tendances-printemps-ete-2025-ce-qui-fera-fureur-cette-saison\/#article\",\"isPartOf\":{\"@id\":\"https:\/\/bobea.net\/index.php\/2025\/03\/13\/tendances-printemps-ete-2025-ce-qui-fera-fureur-cette-saison\/\"},\"author\":{\"name\":\"bobea.info\",\"@id\":\"https:\/\/bobea.net\/#\/schema\/person\/e7f45ef187918d7c956bf619dce90ccf\"},\"headline\":\"Tendances printemps-\u00e9t\u00e9 2025 : ce qui fera fureur cette saison\",\"datePublished\":\"2025-03-13T10:18:39+00:00\",\"dateModified\":\"2025-03-13T10:18:40+00:00\",\"mainEntityOfPage\":{\"@id\":\"https:\/\/bobea.net\/index.php\/2025\/03\/13\/tendances-printemps-ete-2025-ce-qui-fera-fureur-cette-saison\/\"},\"wordCount\":421,\"commentCount\":0,\"publisher\":{\"@id\":\"https:\/\/bobea.net\/#organization\"},\"image\":{\"@id\":\"https:\/\/bobea.net\/index.php\/2025\/03\/13\/tendances-printemps-ete-2025-ce-qui-fera-fureur-cette-saison\/#primaryimage\"},\"thumbnailUrl\":\"https:\/\/bobea.net\/wp-content\/uploads\/2025\/03\/HEADER-TENDANCES-MODE-2025.jpg\",\"articleSection\":[\"Tendances\"],\"inLanguage\":\"fr-FR\",\"potentialAction\":[{\"@type\":\"CommentAction\",\"name\":\"Comment\",\"target\":[\"https:\/\/bobea.net\/index.php\/2025\/03\/13\/tendances-printemps-ete-2025-ce-qui-fera-fureur-cette-saison\/#respond\"]}]},{\"@type\":\"WebPage\",\"@id\":\"https:\/\/bobea.net\/index.php\/2025\/03\/13\/tendances-printemps-ete-2025-ce-qui-fera-fureur-cette-saison\/\",\"url\":\"https:\/\/bobea.net\/index.php\/2025\/03\/13\/tendances-printemps-ete-2025-ce-qui-fera-fureur-cette-saison\/\",\"name\":\"Tendances printemps-\u00e9t\u00e9 2025 : ce qui fera fureur cette saison - Bobea\",\"isPartOf\":{\"@id\":\"https:\/\/bobea.net\/#website\"},\"primaryImageOfPage\":{\"@id\":\"https:\/\/bobea.net\/index.php\/2025\/03\/13\/tendances-printemps-ete-2025-ce-qui-fera-fureur-cette-saison\/#primaryimage\"},\"image\":{\"@id\":\"https:\/\/bobea.net\/index.php\/2025\/03\/13\/tendances-printemps-ete-2025-ce-qui-fera-fureur-cette-saison\/#primaryimage\"},\"thumbnailUrl\":\"https:\/\/bobea.net\/wp-content\/uploads\/2025\/03\/HEADER-TENDANCES-MODE-2025.jpg\",\"datePublished\":\"2025-03-13T10:18:39+00:00\",\"dateModified\":\"2025-03-13T10:18:40+00:00\",\"description\":\"La saison printemps-\u00e9t\u00e9 2025 s'annonce vibrante et audacieuse, avec des tendances mode qui c\u00e9l\u00e8brent la couleur, la libert\u00e9 de mouvement\",\"breadcrumb\":{\"@id\":\"https:\/\/bobea.net\/index.php\/2025\/03\/13\/tendances-printemps-ete-2025-ce-qui-fera-fureur-cette-saison\/#breadcrumb\"},\"inLanguage\":\"fr-FR\",\"potentialAction\":[{\"@type\":\"ReadAction\",\"target\":[\"https:\/\/bobea.net\/index.php\/2025\/03\/13\/tendances-printemps-ete-2025-ce-qui-fera-fureur-cette-saison\/\"]}]},{\"@type\":\"ImageObject\",\"inLanguage\":\"fr-FR\",\"@id\":\"https:\/\/bobea.net\/index.php\/2025\/03\/13\/tendances-printemps-ete-2025-ce-qui-fera-fureur-cette-saison\/#primaryimage\",\"url\":\"https:\/\/bobea.net\/wp-content\/uploads\/2025\/03\/HEADER-TENDANCES-MODE-2025.jpg\",\"contentUrl\":\"https:\/\/bobea.net\/wp-content\/uploads\/2025\/03\/HEADER-TENDANCES-MODE-2025.jpg\",\"width\":1360,\"height\":680},{\"@type\":\"BreadcrumbList\",\"@id\":\"https:\/\/bobea.net\/index.php\/2025\/03\/13\/tendances-printemps-ete-2025-ce-qui-fera-fureur-cette-saison\/#breadcrumb\",\"itemListElement\":[{\"@type\":\"ListItem\",\"position\":1,\"name\":\"Accueil\",\"item\":\"https:\/\/bobea.net\/\"},{\"@type\":\"ListItem\",\"position\":2,\"name\":\"Tendances printemps-\u00e9t\u00e9 2025 : ce qui fera fureur cette saison\"}]},{\"@type\":\"WebSite\",\"@id\":\"https:\/\/bobea.net\/#website\",\"url\":\"https:\/\/bobea.net\/\",\"name\":\"Bobea\",\"description\":\"Le magazine de la nouvelle \u00c8ve\",\"publisher\":{\"@id\":\"https:\/\/bobea.net\/#organization\"},\"potentialAction\":[{\"@type\":\"SearchAction\",\"target\":{\"@type\":\"EntryPoint\",\"urlTemplate\":\"https:\/\/bobea.net\/?s={search_term_string}\"},\"query-input\":{\"@type\":\"PropertyValueSpecification\",\"valueRequired\":true,\"valueName\":\"search_term_string\"}}],\"inLanguage\":\"fr-FR\"},{\"@type\":\"Organization\",\"@id\":\"https:\/\/bobea.net\/#organization\",\"name\":\"Bobea\",\"url\":\"https:\/\/bobea.net\/\",\"logo\":{\"@type\":\"ImageObject\",\"inLanguage\":\"fr-FR\",\"@id\":\"https:\/\/bobea.net\/#\/schema\/logo\/image\/\",\"url\":\"https:\/\/bobea.net\/wp-content\/uploads\/2024\/06\/bobea.jpg\",\"contentUrl\":\"https:\/\/bobea.net\/wp-content\/uploads\/2024\/06\/bobea.jpg\",\"width\":1080,\"height\":1080,\"caption\":\"Bobea\"},\"image\":{\"@id\":\"https:\/\/bobea.net\/#\/schema\/logo\/image\/\"},\"sameAs\":[\"https:\/\/web.facebook.com\/profile.php?id=61559252188416\"]},{\"@type\":\"Person\",\"@id\":\"https:\/\/bobea.net\/#\/schema\/person\/e7f45ef187918d7c956bf619dce90ccf\",\"name\":\"bobea.info\",\"image\":{\"@type\":\"ImageObject\",\"inLanguage\":\"fr-FR\",\"@id\":\"https:\/\/bobea.net\/#\/schema\/person\/image\/\",\"url\":\"https:\/\/secure.gravatar.com\/avatar\/36147980349df887ae30808df3e29474?s=96&d=mm&r=g\",\"contentUrl\":\"https:\/\/secure.gravatar.com\/avatar\/36147980349df887ae30808df3e29474?s=96&d=mm&r=g\",\"caption\":\"bobea.info\"},\"sameAs\":[\"https:\/\/bobea.net\"],\"url\":\"https:\/\/bobea.net\/index.php\/author\/bobea-info\/\"}]}<\/script>\n<!-- \/ Yoast SEO plugin. -->","yoast_head_json":{"title":"Tendances printemps-\u00e9t\u00e9 2025 : ce qui fera fureur cette saison - Bobea","description":"La saison printemps-\u00e9t\u00e9 2025 s'annonce vibrante et audacieuse, avec des tendances mode qui c\u00e9l\u00e8brent la couleur, la libert\u00e9 de mouvement","robots":{"index":"index","follow":"follow","max-snippet":"max-snippet:-1","max-image-preview":"max-image-preview:large","max-video-preview":"max-video-preview:-1"},"canonical":"https:\/\/bobea.net\/index.php\/2025\/03\/13\/tendances-printemps-ete-2025-ce-qui-fera-fureur-cette-saison\/","og_locale":"fr_FR","og_type":"article","og_title":"Tendances printemps-\u00e9t\u00e9 2025 : ce qui fera fureur cette saison - Bobea","og_description":"La saison printemps-\u00e9t\u00e9 2025 s'annonce vibrante et audacieuse, avec des tendances mode qui c\u00e9l\u00e8brent la couleur, la libert\u00e9 de mouvement","og_url":"https:\/\/bobea.net\/index.php\/2025\/03\/13\/tendances-printemps-ete-2025-ce-qui-fera-fureur-cette-saison\/","og_site_name":"Bobea","article_publisher":"https:\/\/web.facebook.com\/profile.php?id=61559252188416","article_published_time":"2025-03-13T10:18:39+00:00","article_modified_time":"2025-03-13T10:18:40+00:00","og_image":[{"width":1360,"height":680,"url":"https:\/\/bobea.net\/wp-content\/uploads\/2025\/03\/HEADER-TENDANCES-MODE-2025.jpg","type":"image\/jpeg"}],"author":"bobea.info","twitter_card":"summary_large_image","twitter_misc":{"\u00c9crit par":"bobea.info","Dur\u00e9e de lecture estim\u00e9e":"3 minutes"},"schema":{"@context":"https:\/\/schema.org","@graph":[{"@type":"Article","@id":"https:\/\/bobea.net\/index.php\/2025\/03\/13\/tendances-printemps-ete-2025-ce-qui-fera-fureur-cette-saison\/#article","isPartOf":{"@id":"https:\/\/bobea.net\/index.php\/2025\/03\/13\/tendances-printemps-ete-2025-ce-qui-fera-fureur-cette-saison\/"},"author":{"name":"bobea.info","@id":"https:\/\/bobea.net\/#\/schema\/person\/e7f45ef187918d7c956bf619dce90ccf"},"headline":"Tendances printemps-\u00e9t\u00e9 2025 : ce qui fera fureur cette saison","datePublished":"2025-03-13T10:18:39+00:00","dateModified":"2025-03-13T10:18:40+00:00","mainEntityOfPage":{"@id":"https:\/\/bobea.net\/index.php\/2025\/03\/13\/tendances-printemps-ete-2025-ce-qui-fera-fureur-cette-saison\/"},"wordCount":421,"commentCount":0,"publisher":{"@id":"https:\/\/bobea.net\/#organization"},"image":{"@id":"https:\/\/bobea.net\/index.php\/2025\/03\/13\/tendances-printemps-ete-2025-ce-qui-fera-fureur-cette-saison\/#primaryimage"},"thumbnailUrl":"https:\/\/bobea.net\/wp-content\/uploads\/2025\/03\/HEADER-TENDANCES-MODE-2025.jpg","articleSection":["Tendances"],"inLanguage":"fr-FR","potentialAction":[{"@type":"CommentAction","name":"Comment","target":["https:\/\/bobea.net\/index.php\/2025\/03\/13\/tendances-printemps-ete-2025-ce-qui-fera-fureur-cette-saison\/#respond"]}]},{"@type":"WebPage","@id":"https:\/\/bobea.net\/index.php\/2025\/03\/13\/tendances-printemps-ete-2025-ce-qui-fera-fureur-cette-saison\/","url":"https:\/\/bobea.net\/index.php\/2025\/03\/13\/tendances-printemps-ete-2025-ce-qui-fera-fureur-cette-saison\/","name":"Tendances printemps-\u00e9t\u00e9 2025 : ce qui fera fureur cette saison - Bobea","isPartOf":{"@id":"https:\/\/bobea.net\/#website"},"primaryImageOfPage":{"@id":"https:\/\/bobea.net\/index.php\/2025\/03\/13\/tendances-printemps-ete-2025-ce-qui-fera-fureur-cette-saison\/#primaryimage"},"image":{"@id":"https:\/\/bobea.net\/index.php\/2025\/03\/13\/tendances-printemps-ete-2025-ce-qui-fera-fureur-cette-saison\/#primaryimage"},"thumbnailUrl":"https:\/\/bobea.net\/wp-content\/uploads\/2025\/03\/HEADER-TENDANCES-MODE-2025.jpg","datePublished":"2025-03-13T10:18:39+00:00","dateModified":"2025-03-13T10:18:40+00:00","description":"La saison printemps-\u00e9t\u00e9 2025 s'annonce vibrante et audacieuse, avec des tendances mode qui c\u00e9l\u00e8brent la couleur, la libert\u00e9 de mouvement","breadcrumb":{"@id":"https:\/\/bobea.net\/index.php\/2025\/03\/13\/tendances-printemps-ete-2025-ce-qui-fera-fureur-cette-saison\/#breadcrumb"},"inLanguage":"fr-FR","potentialAction":[{"@type":"ReadAction","target":["https:\/\/bobea.net\/index.php\/2025\/03\/13\/tendances-printemps-ete-2025-ce-qui-fera-fureur-cette-saison\/"]}]},{"@type":"ImageObject","inLanguage":"fr-FR","@id":"https:\/\/bobea.net\/index.php\/2025\/03\/13\/tendances-printemps-ete-2025-ce-qui-fera-fureur-cette-saison\/#primaryimage","url":"https:\/\/bobea.net\/wp-content\/uploads\/2025\/03\/HEADER-TENDANCES-MODE-2025.jpg","contentUrl":"https:\/\/bobea.net\/wp-content\/uploads\/2025\/03\/HEADER-TENDANCES-MODE-2025.jpg","width":1360,"height":680},{"@type":"BreadcrumbList","@id":"https:\/\/bobea.net\/index.php\/2025\/03\/13\/tendances-printemps-ete-2025-ce-qui-fera-fureur-cette-saison\/#breadcrumb","itemListElement":[{"@type":"ListItem","position":1,"name":"Accueil","item":"https:\/\/bobea.net\/"},{"@type":"ListItem","position":2,"name":"Tendances printemps-\u00e9t\u00e9 2025 : ce qui fera fureur cette saison"}]},{"@type":"WebSite","@id":"https:\/\/bobea.net\/#website","url":"https:\/\/bobea.net\/","name":"Bobea","description":"Le magazine de la nouvelle \u00c8ve","publisher":{"@id":"https:\/\/bobea.net\/#organization"},"potentialAction":[{"@type":"SearchAction","target":{"@type":"EntryPoint","urlTemplate":"https:\/\/bobea.net\/?s={search_term_string}"},"query-input":{"@type":"PropertyValueSpecification","valueRequired":true,"valueName":"search_term_string"}}],"inLanguage":"fr-FR"},{"@type":"Organization","@id":"https:\/\/bobea.net\/#organization","name":"Bobea","url":"https:\/\/bobea.net\/","logo":{"@type":"ImageObject","inLanguage":"fr-FR","@id":"https:\/\/bobea.net\/#\/schema\/logo\/image\/","url":"https:\/\/bobea.net\/wp-content\/uploads\/2024\/06\/bobea.jpg","contentUrl":"https:\/\/bobea.net\/wp-content\/uploads\/2024\/06\/bobea.jpg","width":1080,"height":1080,"caption":"Bobea"},"image":{"@id":"https:\/\/bobea.net\/#\/schema\/logo\/image\/"},"sameAs":["https:\/\/web.facebook.com\/profile.php?id=61559252188416"]},{"@type":"Person","@id":"https:\/\/bobea.net\/#\/schema\/person\/e7f45ef187918d7c956bf619dce90ccf","name":"bobea.info","image":{"@type":"ImageObject","inLanguage":"fr-FR","@id":"https:\/\/bobea.net\/#\/schema\/person\/image\/","url":"https:\/\/secure.gravatar.com\/avatar\/36147980349df887ae30808df3e29474?s=96&d=mm&r=g","contentUrl":"https:\/\/secure.gravatar.com\/avatar\/36147980349df887ae30808df3e29474?s=96&d=mm&r=g","caption":"bobea.info"},"sameAs":["https:\/\/bobea.net"],"url":"https:\/\/bobea.net\/index.php\/author\/bobea-info\/"}]}},"_links":{"self":[{"href":"https:\/\/bobea.net\/index.php\/wp-json\/wp\/v2\/posts\/11292"}],"collection":[{"href":"https:\/\/bobea.net\/index.php\/wp-json\/wp\/v2\/posts"}],"about":[{"href":"https:\/\/bobea.net\/index.php\/wp-json\/wp\/v2\/types\/post"}],"author":[{"embeddable":true,"href":"https:\/\/bobea.net\/index.php\/wp-json\/wp\/v2\/users\/1"}],"replies":[{"embeddable":true,"href":"https:\/\/bobea.net\/index.php\/wp-json\/wp\/v2\/comments?post=11292"}],"version-history":[{"count":1,"href":"https:\/\/bobea.net\/index.php\/wp-json\/wp\/v2\/posts\/11292\/revisions"}],"predecessor-version":[{"id":11295,"href":"https:\/\/bobea.net\/index.php\/wp-json\/wp\/v2\/posts\/11292\/revisions\/11295"}],"wp:featuredmedia":[{"embeddable":true,"href":"https:\/\/bobea.net\/index.php\/wp-json\/wp\/v2\/media\/11293"}],"wp:attachment":[{"href":"https:\/\/bobea.net\/index.php\/wp-json\/wp\/v2\/media?parent=11292"}],"wp:term":[{"taxonomy":"category","embeddable":true,"href":"https:\/\/bobea.net\/index.php\/wp-json\/wp\/v2\/categories?post=11292"},{"taxonomy":"post_tag","embeddable":true,"href":"https:\/\/bobea.net\/index.php\/wp-json\/wp\/v2\/tags?post=11292"}],"curies":[{"name":"wp","href":"https:\/\/api.w.org\/{rel}","templated":true}]}}