{"id":11124,"date":"2025-03-11T12:04:50","date_gmt":"2025-03-11T12:04:50","guid":{"rendered":"https:\/\/bobea.net\/?p=11124"},"modified":"2025-03-11T12:04:52","modified_gmt":"2025-03-11T12:04:52","slug":"le-groupe-figaro-et-gala-strategies-pour-un-succes-durable-dans-la-presse-magazine","status":"publish","type":"post","link":"https:\/\/bobea.net\/index.php\/2025\/03\/11\/le-groupe-figaro-et-gala-strategies-pour-un-succes-durable-dans-la-presse-magazine\/","title":{"rendered":"Le groupe Figaro et Gala \u2013 Strat\u00e9gies pour un succ\u00e8s durable dans la presse magazine"},"content":{"rendered":"\n<p>En 2025, le paysage de la presse mag\u00ada\u00adzine con\u00adna\u00eet des trans\u00adfor\u00adma\u00adtions pro\u00adfondes, mar\u00adqu\u00e9es par l\u2019\u00e9vo\u00adlu\u00adtion des tech\u00adnolo\u00adgies num\u00e9riques et les attentes changeantes des lecteurs. Dans ce con\u00adtexte, des groupes comme&nbsp;<em>Le Figaro<\/em>&nbsp;et&nbsp;<em>Gala<\/em>&nbsp;se dis\u00adtinguent par leur capac\u00adit\u00e9 \u00e0 innover tout en pr\u00e9ser\u00advant leur iden\u00adtit\u00e9. Cet arti\u00adcle explore les strat\u00e9\u00adgies adop\u00adt\u00e9es par ces deux g\u00e9ants de la presse pour main\u00adtenir leur suc\u00adc\u00e8s et leur per\u00adti\u00adnence dans un march\u00e9 en muta\u00adtion.<\/p>\n\n\n\n<p><strong>Le Figaro : Tra\u00addi\u00adtion et moder\u00adnit\u00e9 au ser\u00advice de l\u2019information<\/strong><strong><\/strong><\/p>\n\n\n\n<p>Fond\u00e9 en 1826,&nbsp;<em>Le Figaro<\/em>&nbsp;est l\u2019un des jour\u00adnaux les plus anciens et les plus respec\u00adt\u00e9s de France. Bien qu\u2019il soit prin\u00adci\u00adpale\u00adment con\u00adnu pour son \u00e9di\u00adtion papi\u00ader, le groupe a su \u00e9voluer avec le temps pour r\u00e9pon\u00addre aux d\u00e9fis du num\u00e9rique.<\/p>\n\n\n\n<p><strong>1. Diver\u00adsi\u00adfi\u00adca\u00adtion des for\u00admats<\/strong><strong><\/strong><\/p>\n\n\n\n<p><em>Le Figaro<\/em>&nbsp;a adop\u00adt\u00e9 une strat\u00e9gie mul\u00adti\u00adcanal qui com\u00adbine :<\/p>\n\n\n\n<ul class=\"wp-block-list\">\n<li><strong>L\u2019\u00e9dition papi\u00ader<\/strong>&nbsp;: Tou\u00adjours pris\u00e9e par les lecteurs tra\u00addi\u00adtion\u00adnels.<\/li>\n\n\n\n<li><strong>Le site web<\/strong>&nbsp;: Un por\u00adtail d\u2019information com\u00adplet qui attire des mil\u00adlions de vis\u00adi\u00adteurs chaque mois.<\/li>\n\n\n\n<li><strong>Les appli\u00adca\u00adtions mobiles<\/strong>&nbsp;: Opti\u00admis\u00e9es pour offrir une exp\u00e9ri\u00adence util\u00adisa\u00adteur flu\u00adide et inter\u00adac\u00adtive.<\/li>\n\n\n\n<li><strong>Les pod\u00adcasts<\/strong>&nbsp;: Des con\u00adtenus audio qui per\u00adme\u00adt\u00adtent aux lecteurs d\u2019acc\u00e9der \u00e0 l\u2019information en d\u00e9place\u00adment.<\/li>\n<\/ul>\n\n\n\n<p>Cette diver\u00adsi\u00adfi\u00adca\u00adtion per\u00admet au groupe de touch\u00ader un pub\u00adlic var\u00adi\u00e9, allant des lecteurs clas\u00adsiques aux jeunes g\u00e9n\u00e9ra\u00adtions adeptes du num\u00e9rique.<\/p>\n\n\n\n<p><strong>2. Investisse\u00adment dans le con\u00adtenu pre\u00admi\u00adum<\/strong><strong><\/strong><\/p>\n\n\n\n<p>Pour r\u00e9pon\u00addre \u00e0 la demande crois\u00adsante de con\u00adtenus exclusifs,&nbsp;<em>Le Figaro<\/em>&nbsp;pro\u00adpose une offre d\u2019abonnement pre\u00admi\u00adum. Les abon\u00adn\u00e9s b\u00e9n\u00e9\u00adfi\u00adcient d\u2019articles appro\u00adfondis, d\u2019analyses \u00e9conomiques d\u00e9tail\u00adl\u00e9es et de dossiers sp\u00e9\u00adci\u00adaux sur des sujets d\u2019actualit\u00e9.<\/p>\n\n\n\n<p>Cette strat\u00e9gie a per\u00admis au groupe de fid\u00e9lis\u00ader ses lecteurs tout en aug\u00admen\u00adtant ses revenus dans un march\u00e9 o\u00f9 les recettes pub\u00adlic\u00adi\u00adtaires sont en baisse.<\/p>\n\n\n\n<p><strong>3. Util\u00adi\u00adsa\u00adtion de l\u2019intelligence arti\u00adfi\u00adcielle<\/strong><strong><\/strong><\/p>\n\n\n\n<p>L\u2019IA joue un r\u00f4le cl\u00e9 dans la strat\u00e9gie num\u00e9rique du groupe. Elle est util\u00adis\u00e9e pour per\u00adson\u00adnalis\u00ader l\u2019exp\u00e9rience util\u00adisa\u00adteur sur le site web et les appli\u00adca\u00adtions mobiles. Par exem\u00adple :<\/p>\n\n\n\n<ul class=\"wp-block-list\">\n<li>Les algo\u00adrithmes recom\u00adman\u00addent des arti\u00adcles bas\u00e9s sur les int\u00e9r\u00eats du lecteur.<\/li>\n\n\n\n<li>L\u2019analyse pr\u00e9\u00addic\u00adtive aide \u00e0 iden\u00adti\u00adfi\u00ader les sujets sus\u00adcep\u00adti\u00adbles de g\u00e9n\u00e9r\u00ader un fort engage\u00adment.<\/li>\n<\/ul>\n\n\n\n<figure class=\"wp-block-image size-large\"><img loading=\"lazy\" decoding=\"async\" width=\"1024\" height=\"535\" src=\"https:\/\/bobea.net\/wp-content\/uploads\/2025\/03\/fr-a6346f00-0f1c-447d-9886-9737d7d1c651-1-1024x535.webp\" alt class=\"wp-image-11127\" srcset=\"https:\/\/bobea.net\/wp-content\/uploads\/2025\/03\/fr-a6346f00-0f1c-447d-9886-9737d7d1c651-1-1024x535.webp 1024w, https:\/\/bobea.net\/wp-content\/uploads\/2025\/03\/fr-a6346f00-0f1c-447d-9886-9737d7d1c651-1-300x157.webp 300w, https:\/\/bobea.net\/wp-content\/uploads\/2025\/03\/fr-a6346f00-0f1c-447d-9886-9737d7d1c651-1-768x401.webp 768w, https:\/\/bobea.net\/wp-content\/uploads\/2025\/03\/fr-a6346f00-0f1c-447d-9886-9737d7d1c651-1.webp 1200w\" sizes=\"(max-width: 1024px) 100vw, 1024px\"><\/figure>\n\n\n\n<p><strong>Gala : L\u2019art de cap\u00adtiv\u00ader le pub\u00adlic avec le glam\u00adour<\/strong><strong><\/strong><\/p>\n\n\n\n<p>Depuis sa cr\u00e9a\u00adtion en 1993,&nbsp;<em>Gala<\/em>&nbsp;s\u2019est impos\u00e9 comme une r\u00e9f\u00e9rence incon\u00adtourn\u00adable dans le domaine de la presse peo\u00adple et lifestyle. Avec une approche ax\u00e9e sur le glam\u00adour et les c\u00e9l\u00e9brit\u00e9s, le mag\u00ada\u00adzine con\u00adtin\u00adue d\u2019attirer un large pub\u00adlic mal\u00adgr\u00e9 la con\u00adcur\u00adrence f\u00e9roce.<\/p>\n\n\n\n<p><strong>1. Une iden\u00adtit\u00e9 forte<\/strong><strong><\/strong><\/p>\n\n\n\n<p>La cl\u00e9 du suc\u00adc\u00e8s de&nbsp;<em>Gala<\/em>&nbsp;r\u00e9side dans son iden\u00adtit\u00e9 bien d\u00e9finie. Le mag\u00ada\u00adzine se con\u00adcen\u00adtre sur :<\/p>\n\n\n\n<ul class=\"wp-block-list\">\n<li><strong>Les c\u00e9l\u00e9brit\u00e9s<\/strong>&nbsp;: Inter\u00adviews exclu\u00adsives, reportages sur leurs vies priv\u00e9es et \u00e9v\u00e9ne\u00adments mondains.<\/li>\n\n\n\n<li><strong>La mode<\/strong>&nbsp;: Ten\u00addances actuelles, con\u00adseils styl\u00e9s et col\u00adlab\u00ado\u00adra\u00adtions avec des mar\u00adques pres\u00adtigieuses.<\/li>\n\n\n\n<li><strong>La cul\u00adture<\/strong>&nbsp;: Cou\u00adver\u00adture des grands \u00e9v\u00e9ne\u00adments artis\u00adtiques et cul\u00adturels.<\/li>\n<\/ul>\n\n\n\n<p>Cette sp\u00e9\u00adcial\u00adi\u00adsa\u00adtion lui per\u00admet de rester per\u00adti\u00adnent aupr\u00e8s d\u2019un pub\u00adlic fid\u00e8le qui cherche \u00e0 s\u2019\u00e9vader dans le monde du luxe et du glam\u00adour.<\/p>\n\n\n\n<p><strong>2. Adap\u00adta\u00adtion au num\u00e9rique<\/strong><strong><\/strong><\/p>\n\n\n\n<p>Comme&nbsp;<em>Le Figaro<\/em>,&nbsp;<em>Gala<\/em>&nbsp;a investi mas\u00adsive\u00adment dans sa pr\u00e9sence num\u00e9rique :<\/p>\n\n\n\n<ul class=\"wp-block-list\">\n<li><strong>Site web inter\u00adac\u00adt\u00adif<\/strong>&nbsp;: Offrant des galeries pho\u00adtos, vid\u00e9os exclu\u00adsives et con\u00adtenus inter\u00adac\u00adt\u00adifs.<\/li>\n\n\n\n<li><strong>R\u00e9seaux soci\u00adaux<\/strong>&nbsp;: Une strat\u00e9gie effi\u00adcace pour engager les lecteurs via Insta\u00adgram, Tik\u00adTok et Face\u00adbook.<\/li>\n\n\n\n<li><strong>Newslet\u00adter per\u00adson\u00adnal\u00adis\u00e9e<\/strong>&nbsp;: Envoy\u00e9e quo\u00adti\u00addi\u00aden\u00adnement pour tenir les abon\u00adn\u00e9s infor\u00adm\u00e9s des derni\u00e8res nou\u00advelles peo\u00adple.<\/li>\n<\/ul>\n\n\n\n<p>Ces ini\u00adtia\u00adtives per\u00adme\u00adt\u00adtent \u00e0&nbsp;<em>Gala<\/em>&nbsp;de rester con\u00adnec\u00adt\u00e9 avec ses lecteurs tout en \u00e9lar\u00adgis\u00adsant son audi\u00adence.<\/p>\n\n\n\n<p><strong>3. Col\u00adlab\u00ado\u00adra\u00adtion avec les mar\u00adques<\/strong><strong><\/strong><\/p>\n\n\n\n<p>Le mag\u00ada\u00adzine col\u00adla\u00adbore r\u00e9guli\u00e8re\u00adment avec des mar\u00adques de luxe pour organ\u00adis\u00ader des \u00e9v\u00e9ne\u00adments exclusifs ou cr\u00e9er du con\u00adtenu spon\u00adsoris\u00e9. Ces parte\u00adnar\u00adi\u00adats ren\u00adfor\u00adcent son image haut de gamme tout en g\u00e9n\u00e9rant des revenus sup\u00adpl\u00e9\u00admen\u00adtaires.<\/p>\n\n\n\n<p><strong>D\u00e9fis com\u00admuns dans la presse mag\u00ada\u00adzine<\/strong><strong><\/strong><\/p>\n\n\n\n<p>Mal\u00adgr\u00e9 leurs suc\u00adc\u00e8s respec\u00adtifs,&nbsp;<em>Le Figaro<\/em>&nbsp;et&nbsp;<em>Gala<\/em>&nbsp;doivent faire face \u00e0 plusieurs d\u00e9fis com\u00admuns :<\/p>\n\n\n\n<p><strong>1. La baisse des ventes papi\u00ader<\/strong><strong><\/strong><\/p>\n\n\n\n<p>Avec l\u2019essor du num\u00e9rique, les ventes d\u2019\u00e9ditions papi\u00ader con\u00adtin\u00adu\u00adent de dimin\u00aduer. Les groupes doivent donc trou\u00adver des moyens inno\u00advants pour main\u00adtenir leurs revenus tout en r\u00e9duisant leurs co\u00fbts op\u00e9ra\u00adtionnels.<\/p>\n\n\n\n<p><strong>2. La con\u00adcur\u00adrence num\u00e9rique<\/strong><strong><\/strong><\/p>\n\n\n\n<p>La mon\u00adt\u00e9e en puis\u00adsance des plate\u00adformes num\u00e9riques comme Google News ou Face\u00adbook pose un d\u00e9fi majeur aux m\u00e9dias tra\u00addi\u00adtion\u00adnels. Ces plate\u00adformes attirent une part impor\u00adtante des recettes pub\u00adlic\u00adi\u00adtaires, oblig\u00adeant les groupes comme&nbsp;<em>Le Figaro<\/em>&nbsp;et&nbsp;<em>Gala<\/em>&nbsp;\u00e0 diver\u00adsi\u00adfi\u00ader leurs sources de revenus.<\/p>\n\n\n\n<p><strong>3. Les attentes changeantes des lecteurs<\/strong><strong><\/strong><\/p>\n\n\n\n<p>Les lecteurs mod\u00adernes recherchent des con\u00adtenus per\u00adson\u00adnal\u00adis\u00e9s, inter\u00adac\u00adt\u00adifs et acces\u00adsi\u00adbles instan\u00adta\u00adn\u00e9\u00adment. R\u00e9pon\u00addre \u00e0 ces attentes n\u00e9ces\u00adsite un investisse\u00adment con\u00adstant dans la tech\u00adnolo\u00adgie et l\u2019innovation.<\/p>\n\n\n\n<p><strong>Strat\u00e9\u00adgies pour un suc\u00adc\u00e8s durable<\/strong><strong><\/strong><\/p>\n\n\n\n<p>Pour sur\u00admon\u00adter ces d\u00e9fis,&nbsp;<em>Le Figaro<\/em>&nbsp;et&nbsp;<em>Gala<\/em>&nbsp;adoptent plusieurs strat\u00e9\u00adgies :<\/p>\n\n\n\n<p><strong>1. Inno\u00adva\u00adtion tech\u00adnologique<\/strong><strong><\/strong><\/p>\n\n\n\n<p>Les deux groupes investis\u00adsent dans des tech\u00adnolo\u00adgies avanc\u00e9es telles que l\u2019intelligence arti\u00adfi\u00adcielle, la r\u00e9al\u00adit\u00e9 aug\u00admen\u00adt\u00e9e (RA) et la r\u00e9al\u00adit\u00e9 virtuelle (RV). Ces out\u00adils per\u00adme\u00adt\u00adtent de cr\u00e9er des exp\u00e9ri\u00adences immer\u00adsives qui cap\u00adtivent les lecteurs.<\/p>\n\n\n\n<figure class=\"wp-block-image size-full is-resized\"><img loading=\"lazy\" decoding=\"async\" width=\"282\" height=\"159\" src=\"https:\/\/bobea.net\/wp-content\/uploads\/2025\/03\/06a37e4e-811e-50fa-b91a-e32b36c80501.webp\" alt class=\"wp-image-11128\" style=\"width:840px;height:auto\"><\/figure>\n\n\n\n<p><strong>2. Diver\u00adsi\u00adfi\u00adca\u00adtion des revenus<\/strong><strong><\/strong><\/p>\n\n\n\n<p>Out\u00adre les abon\u00adnements num\u00e9riques, ils explorent d\u2019autres sources de revenus comme :<\/p>\n\n\n\n<ul class=\"wp-block-list\">\n<li>Les \u00e9v\u00e9ne\u00adments exclusifs (con\u00adf\u00e9rences, soir\u00e9es mondaines).<\/li>\n\n\n\n<li>Le con\u00adtenu spon\u00adsoris\u00e9 (col\u00adlab\u00ado\u00adra\u00adtions avec les mar\u00adques).<\/li>\n\n\n\n<li>Les pro\u00adduits d\u00e9riv\u00e9s (livres, objets pro\u00admo\u00adtion\u00adnels).<\/li>\n<\/ul>\n\n\n\n<p><strong>3. Engage\u00adment com\u00admu\u00adnau\u00adtaire<\/strong><strong><\/strong><\/p>\n\n\n\n<p>Les r\u00e9seaux soci\u00adaux jouent un r\u00f4le cl\u00e9 dans leur strat\u00e9gie d\u2019engagement com\u00admu\u00adnau\u00adtaire. En inter\u00adagis\u00adsant directe\u00adment avec leurs lecteurs via ces plate\u00adformes, ils ren\u00adfor\u00adcent leur fid\u00e9l\u00adit\u00e9 tout en \u00e9lar\u00adgis\u00adsant leur audi\u00adence.<\/p>\n\n\n\n<p><strong>Con\u00adclu\u00adsion<\/strong><\/p>\n\n\n\n<p>En 2025,&nbsp;<em>Le Figaro<\/em>&nbsp;et&nbsp;<em>Gala<\/em>&nbsp;illus\u00adtrent par\u00adfaite\u00adment com\u00adment la presse mag\u00ada\u00adzine peut \u00e9voluer pour rester per\u00adti\u00adnente dans un monde num\u00e9rique en con\u00adstante muta\u00adtion. Gr\u00e2ce \u00e0 leurs strat\u00e9\u00adgies inno\u00advantes \u2013 alliant tra\u00addi\u00adtion et moder\u00adnit\u00e9 \u2013 ces deux g\u00e9ants con\u00adtin\u00adu\u00adent d\u2019inspirer con\u00adfi\u00adance tout en cap\u00adti\u00advant leurs audi\u00adences respec\u00adtives.<\/p>\n\n\n\n<p>Alors que le futur reste incer\u00adtain pour la presse tra\u00addi\u00adtion\u00adnelle, leur capac\u00adit\u00e9 \u00e0 s\u2019adapter aux nou\u00advelles ten\u00addances tech\u00adnologiques et aux attentes changeantes des lecteurs mon\u00adtre que le suc\u00adc\u00e8s durable est pos\u00adsi\u00adble avec une vision claire et auda\u00adcieuse.<\/p>\n\n\n","protected":false},"excerpt":{"rendered":"<p>En 2025, le paysage de la presse mag\u00ada\u00adzine con\u00adna\u00eet des trans\u00adfor\u00adma\u00adtions pro\u00adfondes, mar\u00adqu\u00e9es par l\u2019\u00e9vo\u00adlu\u00adtion des tech\u00adnolo\u00adgies num\u00e9riques et les attentes changeantes des lecteurs. Dans ce con\u00adtexte, des groupes comme&nbsp;Le\u2026 <\/p>\n","protected":false},"author":1,"featured_media":11126,"comment_status":"open","ping_status":"closed","sticky":false,"template":"","format":"standard","meta":{"wp_typography_post_enhancements_disabled":false,"footnotes":""},"categories":[73],"tags":[10204,10205,10203],"class_list":["post-11124","post","type-post","status-publish","format-standard","has-post-thumbnail","hentry","category-on-en-parle","tag-gala-presse-people-2025","tag-innovations-presse-magazine","tag-le-figaro-strategie-numerique"],"yoast_head":"<!-- This site is optimized with the Yoast SEO plugin v24.7 - https:\/\/yoast.com\/wordpress\/plugins\/seo\/ -->\n<title>Le groupe Figaro et Gala \u2013 Strat\u00e9gies pour un succ\u00e8s durable dans la presse magazine - Bobea<\/title>\n<meta name=\"robots\" content=\"index, follow, max-snippet:-1, max-image-preview:large, max-video-preview:-1\" \/>\n<link rel=\"canonical\" href=\"https:\/\/bobea.net\/index.php\/2025\/03\/11\/le-groupe-figaro-et-gala-strategies-pour-un-succes-durable-dans-la-presse-magazine\/\" \/>\n<meta property=\"og:locale\" content=\"fr_FR\" \/>\n<meta property=\"og:type\" content=\"article\" \/>\n<meta property=\"og:title\" content=\"Le groupe Figaro et Gala \u2013 Strat\u00e9gies pour un succ\u00e8s durable dans la presse magazine - Bobea\" \/>\n<meta property=\"og:description\" content=\"En 2025, le paysage de la presse mag\u00ada\u00adzine con\u00adna\u00eet des trans\u00adfor\u00adma\u00adtions pro\u00adfondes, mar\u00adqu\u00e9es par l\u2019\u00e9vo\u00adlu\u00adtion des tech\u00adnolo\u00adgies num\u00e9riques et les attentes changeantes des lecteurs. Dans ce con\u00adtexte, des groupes comme&nbsp;Le&hellip;\" \/>\n<meta property=\"og:url\" content=\"https:\/\/bobea.net\/index.php\/2025\/03\/11\/le-groupe-figaro-et-gala-strategies-pour-un-succes-durable-dans-la-presse-magazine\/\" \/>\n<meta property=\"og:site_name\" content=\"Bobea\" \/>\n<meta property=\"article:publisher\" content=\"https:\/\/web.facebook.com\/profile.php?id=61559252188416\" \/>\n<meta property=\"article:published_time\" content=\"2025-03-11T12:04:50+00:00\" \/>\n<meta property=\"article:modified_time\" content=\"2025-03-11T12:04:52+00:00\" \/>\n<meta property=\"og:image\" content=\"https:\/\/bobea.net\/wp-content\/uploads\/2025\/03\/2-3.webp\" \/>\n\t<meta property=\"og:image:width\" content=\"700\" \/>\n\t<meta property=\"og:image:height\" content=\"400\" \/>\n\t<meta property=\"og:image:type\" content=\"image\/webp\" \/>\n<meta name=\"author\" content=\"bobea.info\" \/>\n<meta name=\"twitter:card\" content=\"summary_large_image\" \/>\n<meta name=\"twitter:label1\" content=\"\u00c9crit par\" \/>\n\t<meta name=\"twitter:data1\" content=\"bobea.info\" \/>\n\t<meta name=\"twitter:label2\" content=\"Dur\u00e9e de lecture estim\u00e9e\" \/>\n\t<meta name=\"twitter:data2\" content=\"6 minutes\" \/>\n<script type=\"application\/ld+json\" class=\"yoast-schema-graph\">{\"@context\":\"https:\/\/schema.org\",\"@graph\":[{\"@type\":\"Article\",\"@id\":\"https:\/\/bobea.net\/index.php\/2025\/03\/11\/le-groupe-figaro-et-gala-strategies-pour-un-succes-durable-dans-la-presse-magazine\/#article\",\"isPartOf\":{\"@id\":\"https:\/\/bobea.net\/index.php\/2025\/03\/11\/le-groupe-figaro-et-gala-strategies-pour-un-succes-durable-dans-la-presse-magazine\/\"},\"author\":{\"name\":\"bobea.info\",\"@id\":\"https:\/\/bobea.net\/#\/schema\/person\/e7f45ef187918d7c956bf619dce90ccf\"},\"headline\":\"Le groupe Figaro et Gala \u2013 Strat\u00e9gies pour un succ\u00e8s durable dans la presse magazine\",\"datePublished\":\"2025-03-11T12:04:50+00:00\",\"dateModified\":\"2025-03-11T12:04:52+00:00\",\"mainEntityOfPage\":{\"@id\":\"https:\/\/bobea.net\/index.php\/2025\/03\/11\/le-groupe-figaro-et-gala-strategies-pour-un-succes-durable-dans-la-presse-magazine\/\"},\"wordCount\":1066,\"commentCount\":0,\"publisher\":{\"@id\":\"https:\/\/bobea.net\/#organization\"},\"image\":{\"@id\":\"https:\/\/bobea.net\/index.php\/2025\/03\/11\/le-groupe-figaro-et-gala-strategies-pour-un-succes-durable-dans-la-presse-magazine\/#primaryimage\"},\"thumbnailUrl\":\"https:\/\/bobea.net\/wp-content\/uploads\/2025\/03\/2-3.webp\",\"keywords\":[\"Gala presse people 2025\",\"innovations presse magazine\",\"Le Figaro strat\u00e9gie num\u00e9rique\"],\"articleSection\":[\"On en Parle\"],\"inLanguage\":\"fr-FR\",\"potentialAction\":[{\"@type\":\"CommentAction\",\"name\":\"Comment\",\"target\":[\"https:\/\/bobea.net\/index.php\/2025\/03\/11\/le-groupe-figaro-et-gala-strategies-pour-un-succes-durable-dans-la-presse-magazine\/#respond\"]}]},{\"@type\":\"WebPage\",\"@id\":\"https:\/\/bobea.net\/index.php\/2025\/03\/11\/le-groupe-figaro-et-gala-strategies-pour-un-succes-durable-dans-la-presse-magazine\/\",\"url\":\"https:\/\/bobea.net\/index.php\/2025\/03\/11\/le-groupe-figaro-et-gala-strategies-pour-un-succes-durable-dans-la-presse-magazine\/\",\"name\":\"Le groupe Figaro et Gala \u2013 Strat\u00e9gies pour un succ\u00e8s durable dans la presse magazine - Bobea\",\"isPartOf\":{\"@id\":\"https:\/\/bobea.net\/#website\"},\"primaryImageOfPage\":{\"@id\":\"https:\/\/bobea.net\/index.php\/2025\/03\/11\/le-groupe-figaro-et-gala-strategies-pour-un-succes-durable-dans-la-presse-magazine\/#primaryimage\"},\"image\":{\"@id\":\"https:\/\/bobea.net\/index.php\/2025\/03\/11\/le-groupe-figaro-et-gala-strategies-pour-un-succes-durable-dans-la-presse-magazine\/#primaryimage\"},\"thumbnailUrl\":\"https:\/\/bobea.net\/wp-content\/uploads\/2025\/03\/2-3.webp\",\"datePublished\":\"2025-03-11T12:04:50+00:00\",\"dateModified\":\"2025-03-11T12:04:52+00:00\",\"breadcrumb\":{\"@id\":\"https:\/\/bobea.net\/index.php\/2025\/03\/11\/le-groupe-figaro-et-gala-strategies-pour-un-succes-durable-dans-la-presse-magazine\/#breadcrumb\"},\"inLanguage\":\"fr-FR\",\"potentialAction\":[{\"@type\":\"ReadAction\",\"target\":[\"https:\/\/bobea.net\/index.php\/2025\/03\/11\/le-groupe-figaro-et-gala-strategies-pour-un-succes-durable-dans-la-presse-magazine\/\"]}]},{\"@type\":\"ImageObject\",\"inLanguage\":\"fr-FR\",\"@id\":\"https:\/\/bobea.net\/index.php\/2025\/03\/11\/le-groupe-figaro-et-gala-strategies-pour-un-succes-durable-dans-la-presse-magazine\/#primaryimage\",\"url\":\"https:\/\/bobea.net\/wp-content\/uploads\/2025\/03\/2-3.webp\",\"contentUrl\":\"https:\/\/bobea.net\/wp-content\/uploads\/2025\/03\/2-3.webp\",\"width\":700,\"height\":400},{\"@type\":\"BreadcrumbList\",\"@id\":\"https:\/\/bobea.net\/index.php\/2025\/03\/11\/le-groupe-figaro-et-gala-strategies-pour-un-succes-durable-dans-la-presse-magazine\/#breadcrumb\",\"itemListElement\":[{\"@type\":\"ListItem\",\"position\":1,\"name\":\"Accueil\",\"item\":\"https:\/\/bobea.net\/\"},{\"@type\":\"ListItem\",\"position\":2,\"name\":\"Le groupe Figaro et Gala \u2013 Strat\u00e9gies pour un succ\u00e8s durable dans la presse magazine\"}]},{\"@type\":\"WebSite\",\"@id\":\"https:\/\/bobea.net\/#website\",\"url\":\"https:\/\/bobea.net\/\",\"name\":\"Bobea\",\"description\":\"Le magazine de la nouvelle \u00c8ve\",\"publisher\":{\"@id\":\"https:\/\/bobea.net\/#organization\"},\"potentialAction\":[{\"@type\":\"SearchAction\",\"target\":{\"@type\":\"EntryPoint\",\"urlTemplate\":\"https:\/\/bobea.net\/?s={search_term_string}\"},\"query-input\":{\"@type\":\"PropertyValueSpecification\",\"valueRequired\":true,\"valueName\":\"search_term_string\"}}],\"inLanguage\":\"fr-FR\"},{\"@type\":\"Organization\",\"@id\":\"https:\/\/bobea.net\/#organization\",\"name\":\"Bobea\",\"url\":\"https:\/\/bobea.net\/\",\"logo\":{\"@type\":\"ImageObject\",\"inLanguage\":\"fr-FR\",\"@id\":\"https:\/\/bobea.net\/#\/schema\/logo\/image\/\",\"url\":\"https:\/\/bobea.net\/wp-content\/uploads\/2024\/06\/bobea.jpg\",\"contentUrl\":\"https:\/\/bobea.net\/wp-content\/uploads\/2024\/06\/bobea.jpg\",\"width\":1080,\"height\":1080,\"caption\":\"Bobea\"},\"image\":{\"@id\":\"https:\/\/bobea.net\/#\/schema\/logo\/image\/\"},\"sameAs\":[\"https:\/\/web.facebook.com\/profile.php?id=61559252188416\"]},{\"@type\":\"Person\",\"@id\":\"https:\/\/bobea.net\/#\/schema\/person\/e7f45ef187918d7c956bf619dce90ccf\",\"name\":\"bobea.info\",\"image\":{\"@type\":\"ImageObject\",\"inLanguage\":\"fr-FR\",\"@id\":\"https:\/\/bobea.net\/#\/schema\/person\/image\/\",\"url\":\"https:\/\/secure.gravatar.com\/avatar\/36147980349df887ae30808df3e29474?s=96&d=mm&r=g\",\"contentUrl\":\"https:\/\/secure.gravatar.com\/avatar\/36147980349df887ae30808df3e29474?s=96&d=mm&r=g\",\"caption\":\"bobea.info\"},\"sameAs\":[\"https:\/\/bobea.net\"],\"url\":\"https:\/\/bobea.net\/index.php\/author\/bobea-info\/\"}]}<\/script>\n<!-- \/ Yoast SEO plugin. -->","yoast_head_json":{"title":"Le groupe Figaro et Gala \u2013 Strat\u00e9gies pour un succ\u00e8s durable dans la presse magazine - Bobea","robots":{"index":"index","follow":"follow","max-snippet":"max-snippet:-1","max-image-preview":"max-image-preview:large","max-video-preview":"max-video-preview:-1"},"canonical":"https:\/\/bobea.net\/index.php\/2025\/03\/11\/le-groupe-figaro-et-gala-strategies-pour-un-succes-durable-dans-la-presse-magazine\/","og_locale":"fr_FR","og_type":"article","og_title":"Le groupe Figaro et Gala \u2013 Strat\u00e9gies pour un succ\u00e8s durable dans la presse magazine - Bobea","og_description":"En 2025, le paysage de la presse mag\u00ada\u00adzine con\u00adna\u00eet des trans\u00adfor\u00adma\u00adtions pro\u00adfondes, mar\u00adqu\u00e9es par l\u2019\u00e9vo\u00adlu\u00adtion des tech\u00adnolo\u00adgies num\u00e9riques et les attentes changeantes des lecteurs. Dans ce con\u00adtexte, des groupes comme&nbsp;Le&hellip;","og_url":"https:\/\/bobea.net\/index.php\/2025\/03\/11\/le-groupe-figaro-et-gala-strategies-pour-un-succes-durable-dans-la-presse-magazine\/","og_site_name":"Bobea","article_publisher":"https:\/\/web.facebook.com\/profile.php?id=61559252188416","article_published_time":"2025-03-11T12:04:50+00:00","article_modified_time":"2025-03-11T12:04:52+00:00","og_image":[{"width":700,"height":400,"url":"https:\/\/bobea.net\/wp-content\/uploads\/2025\/03\/2-3.webp","type":"image\/webp"}],"author":"bobea.info","twitter_card":"summary_large_image","twitter_misc":{"\u00c9crit par":"bobea.info","Dur\u00e9e de lecture estim\u00e9e":"6 minutes"},"schema":{"@context":"https:\/\/schema.org","@graph":[{"@type":"Article","@id":"https:\/\/bobea.net\/index.php\/2025\/03\/11\/le-groupe-figaro-et-gala-strategies-pour-un-succes-durable-dans-la-presse-magazine\/#article","isPartOf":{"@id":"https:\/\/bobea.net\/index.php\/2025\/03\/11\/le-groupe-figaro-et-gala-strategies-pour-un-succes-durable-dans-la-presse-magazine\/"},"author":{"name":"bobea.info","@id":"https:\/\/bobea.net\/#\/schema\/person\/e7f45ef187918d7c956bf619dce90ccf"},"headline":"Le groupe Figaro et Gala \u2013 Strat\u00e9gies pour un succ\u00e8s durable dans la presse magazine","datePublished":"2025-03-11T12:04:50+00:00","dateModified":"2025-03-11T12:04:52+00:00","mainEntityOfPage":{"@id":"https:\/\/bobea.net\/index.php\/2025\/03\/11\/le-groupe-figaro-et-gala-strategies-pour-un-succes-durable-dans-la-presse-magazine\/"},"wordCount":1066,"commentCount":0,"publisher":{"@id":"https:\/\/bobea.net\/#organization"},"image":{"@id":"https:\/\/bobea.net\/index.php\/2025\/03\/11\/le-groupe-figaro-et-gala-strategies-pour-un-succes-durable-dans-la-presse-magazine\/#primaryimage"},"thumbnailUrl":"https:\/\/bobea.net\/wp-content\/uploads\/2025\/03\/2-3.webp","keywords":["Gala presse people 2025","innovations presse magazine","Le Figaro strat\u00e9gie num\u00e9rique"],"articleSection":["On en Parle"],"inLanguage":"fr-FR","potentialAction":[{"@type":"CommentAction","name":"Comment","target":["https:\/\/bobea.net\/index.php\/2025\/03\/11\/le-groupe-figaro-et-gala-strategies-pour-un-succes-durable-dans-la-presse-magazine\/#respond"]}]},{"@type":"WebPage","@id":"https:\/\/bobea.net\/index.php\/2025\/03\/11\/le-groupe-figaro-et-gala-strategies-pour-un-succes-durable-dans-la-presse-magazine\/","url":"https:\/\/bobea.net\/index.php\/2025\/03\/11\/le-groupe-figaro-et-gala-strategies-pour-un-succes-durable-dans-la-presse-magazine\/","name":"Le groupe Figaro et Gala \u2013 Strat\u00e9gies pour un succ\u00e8s durable dans la presse magazine - Bobea","isPartOf":{"@id":"https:\/\/bobea.net\/#website"},"primaryImageOfPage":{"@id":"https:\/\/bobea.net\/index.php\/2025\/03\/11\/le-groupe-figaro-et-gala-strategies-pour-un-succes-durable-dans-la-presse-magazine\/#primaryimage"},"image":{"@id":"https:\/\/bobea.net\/index.php\/2025\/03\/11\/le-groupe-figaro-et-gala-strategies-pour-un-succes-durable-dans-la-presse-magazine\/#primaryimage"},"thumbnailUrl":"https:\/\/bobea.net\/wp-content\/uploads\/2025\/03\/2-3.webp","datePublished":"2025-03-11T12:04:50+00:00","dateModified":"2025-03-11T12:04:52+00:00","breadcrumb":{"@id":"https:\/\/bobea.net\/index.php\/2025\/03\/11\/le-groupe-figaro-et-gala-strategies-pour-un-succes-durable-dans-la-presse-magazine\/#breadcrumb"},"inLanguage":"fr-FR","potentialAction":[{"@type":"ReadAction","target":["https:\/\/bobea.net\/index.php\/2025\/03\/11\/le-groupe-figaro-et-gala-strategies-pour-un-succes-durable-dans-la-presse-magazine\/"]}]},{"@type":"ImageObject","inLanguage":"fr-FR","@id":"https:\/\/bobea.net\/index.php\/2025\/03\/11\/le-groupe-figaro-et-gala-strategies-pour-un-succes-durable-dans-la-presse-magazine\/#primaryimage","url":"https:\/\/bobea.net\/wp-content\/uploads\/2025\/03\/2-3.webp","contentUrl":"https:\/\/bobea.net\/wp-content\/uploads\/2025\/03\/2-3.webp","width":700,"height":400},{"@type":"BreadcrumbList","@id":"https:\/\/bobea.net\/index.php\/2025\/03\/11\/le-groupe-figaro-et-gala-strategies-pour-un-succes-durable-dans-la-presse-magazine\/#breadcrumb","itemListElement":[{"@type":"ListItem","position":1,"name":"Accueil","item":"https:\/\/bobea.net\/"},{"@type":"ListItem","position":2,"name":"Le groupe Figaro et Gala \u2013 Strat\u00e9gies pour un succ\u00e8s durable dans la presse magazine"}]},{"@type":"WebSite","@id":"https:\/\/bobea.net\/#website","url":"https:\/\/bobea.net\/","name":"Bobea","description":"Le magazine de la nouvelle \u00c8ve","publisher":{"@id":"https:\/\/bobea.net\/#organization"},"potentialAction":[{"@type":"SearchAction","target":{"@type":"EntryPoint","urlTemplate":"https:\/\/bobea.net\/?s={search_term_string}"},"query-input":{"@type":"PropertyValueSpecification","valueRequired":true,"valueName":"search_term_string"}}],"inLanguage":"fr-FR"},{"@type":"Organization","@id":"https:\/\/bobea.net\/#organization","name":"Bobea","url":"https:\/\/bobea.net\/","logo":{"@type":"ImageObject","inLanguage":"fr-FR","@id":"https:\/\/bobea.net\/#\/schema\/logo\/image\/","url":"https:\/\/bobea.net\/wp-content\/uploads\/2024\/06\/bobea.jpg","contentUrl":"https:\/\/bobea.net\/wp-content\/uploads\/2024\/06\/bobea.jpg","width":1080,"height":1080,"caption":"Bobea"},"image":{"@id":"https:\/\/bobea.net\/#\/schema\/logo\/image\/"},"sameAs":["https:\/\/web.facebook.com\/profile.php?id=61559252188416"]},{"@type":"Person","@id":"https:\/\/bobea.net\/#\/schema\/person\/e7f45ef187918d7c956bf619dce90ccf","name":"bobea.info","image":{"@type":"ImageObject","inLanguage":"fr-FR","@id":"https:\/\/bobea.net\/#\/schema\/person\/image\/","url":"https:\/\/secure.gravatar.com\/avatar\/36147980349df887ae30808df3e29474?s=96&d=mm&r=g","contentUrl":"https:\/\/secure.gravatar.com\/avatar\/36147980349df887ae30808df3e29474?s=96&d=mm&r=g","caption":"bobea.info"},"sameAs":["https:\/\/bobea.net"],"url":"https:\/\/bobea.net\/index.php\/author\/bobea-info\/"}]}},"_links":{"self":[{"href":"https:\/\/bobea.net\/index.php\/wp-json\/wp\/v2\/posts\/11124"}],"collection":[{"href":"https:\/\/bobea.net\/index.php\/wp-json\/wp\/v2\/posts"}],"about":[{"href":"https:\/\/bobea.net\/index.php\/wp-json\/wp\/v2\/types\/post"}],"author":[{"embeddable":true,"href":"https:\/\/bobea.net\/index.php\/wp-json\/wp\/v2\/users\/1"}],"replies":[{"embeddable":true,"href":"https:\/\/bobea.net\/index.php\/wp-json\/wp\/v2\/comments?post=11124"}],"version-history":[{"count":1,"href":"https:\/\/bobea.net\/index.php\/wp-json\/wp\/v2\/posts\/11124\/revisions"}],"predecessor-version":[{"id":11129,"href":"https:\/\/bobea.net\/index.php\/wp-json\/wp\/v2\/posts\/11124\/revisions\/11129"}],"wp:featuredmedia":[{"embeddable":true,"href":"https:\/\/bobea.net\/index.php\/wp-json\/wp\/v2\/media\/11126"}],"wp:attachment":[{"href":"https:\/\/bobea.net\/index.php\/wp-json\/wp\/v2\/media?parent=11124"}],"wp:term":[{"taxonomy":"category","embeddable":true,"href":"https:\/\/bobea.net\/index.php\/wp-json\/wp\/v2\/categories?post=11124"},{"taxonomy":"post_tag","embeddable":true,"href":"https:\/\/bobea.net\/index.php\/wp-json\/wp\/v2\/tags?post=11124"}],"curies":[{"name":"wp","href":"https:\/\/api.w.org\/{rel}","templated":true}]}}