{"id":11119,"date":"2025-03-11T11:55:30","date_gmt":"2025-03-11T11:55:30","guid":{"rendered":"https:\/\/bobea.net\/?p=11119"},"modified":"2025-03-11T11:55:31","modified_gmt":"2025-03-11T11:55:31","slug":"calendrier-des-certifications-paramedicales-2025-preparation-aux-examens","status":"publish","type":"post","link":"https:\/\/bobea.net\/index.php\/2025\/03\/11\/calendrier-des-certifications-paramedicales-2025-preparation-aux-examens\/","title":{"rendered":"Calendrier des certifications param\u00e9dicales 2025 \u2014 Pr\u00e9paration aux examens"},"content":{"rendered":"\n<p>Le domaine param\u00e9di\u00adcal, essen\u00adtiel au bon fonc\u00adtion\u00adnement des sys\u00adt\u00e8mes de san\u00adt\u00e9, attire chaque ann\u00e9e des mil\u00adliers d\u2019\u00e9tudiants et de pro\u00adfes\u00adsion\u00adnels souhai\u00adtant se sp\u00e9\u00adcialis\u00ader ou appro\u00adfondir leurs com\u00adp\u00e9\u00adtences. En 2025, les cer\u00adti\u00adfi\u00adca\u00adtions param\u00e9di\u00adcales con\u00adtin\u00adu\u00adent de jouer un r\u00f4le cru\u00adcial pour garan\u00adtir la qual\u00adit\u00e9 des soins et l\u2019\u00e9volution des car\u00adri\u00e8res dans ce secteur. Cet arti\u00adcle pr\u00e9sente le cal\u00aden\u00addri\u00ader des cer\u00adti\u00adfi\u00adca\u00adtions majeures pour cette ann\u00e9e, tout en offrant des con\u00adseils pra\u00adtiques pour une pr\u00e9\u00adpa\u00adra\u00adtion opti\u00admale.<\/p>\n\n\n\n<p><strong>Pourquoi les cer\u00adti\u00adfi\u00adca\u00adtions param\u00e9di\u00adcales sont essen\u00adtielles ?<\/strong><strong><\/strong><\/p>\n\n\n\n<p>Les cer\u00adti\u00adfi\u00adca\u00adtions param\u00e9di\u00adcales per\u00adme\u00adt\u00adtent aux pro\u00adfes\u00adsion\u00adnels de valid\u00ader leurs com\u00adp\u00e9\u00adtences dans des domaines sp\u00e9\u00adci\u00adfiques tels que les soins infir\u00admiers, la kin\u00e9sith\u00e9rapie, l\u2019orthophonie ou encore l\u2019aide-soignance. Elles garan\u00adtis\u00adsent un niveau de qual\u00adi\u00adfi\u00adca\u00adtion recon\u00adnu par les employeurs et les insti\u00adtu\u00adtions de san\u00adt\u00e9.<\/p>\n\n\n\n<p>En out\u00adre, ces cer\u00adti\u00adfi\u00adca\u00adtions offrent plusieurs avan\u00adtages :<\/p>\n\n\n\n<ul class=\"wp-block-list\">\n<li><strong>\u00c9vo\u00adlu\u00adtion de car\u00adri\u00e8re<\/strong>&nbsp;: Elles per\u00adme\u00adt\u00adtent d\u2019acc\u00e9der \u00e0 des postes plus sp\u00e9\u00adcial\u00adis\u00e9s ou mieux r\u00e9mun\u00e9r\u00e9s.<\/li>\n\n\n\n<li><strong>Recon\u00adnais\u00adsance pro\u00adfes\u00adsion\u00adnelle<\/strong>&nbsp;: Elles attes\u00adtent d\u2019un haut niveau de com\u00adp\u00e9\u00adtence et ren\u00adfor\u00adcent la cr\u00e9di\u00adbil\u00adit\u00e9 du pro\u00adfes\u00adsion\u00adnel.<\/li>\n\n\n\n<li><strong>Mise \u00e0 jour des con\u00adnais\u00adsances<\/strong>&nbsp;: Dans un secteur en con\u00adstante \u00e9vo\u00adlu\u00adtion, elles per\u00adme\u00adt\u00adtent de rester \u00e0 jour avec les derni\u00e8res avanc\u00e9es m\u00e9di\u00adcales et tech\u00adnologiques.<\/li>\n<\/ul>\n\n\n\n<p><strong>Cal\u00aden\u00addri\u00ader des cer\u00adti\u00adfi\u00adca\u00adtions param\u00e9di\u00adcales 2025<\/strong><strong><\/strong><\/p>\n\n\n\n<p>Voici un aper\u00e7u des prin\u00adci\u00adpales cer\u00adti\u00adfi\u00adca\u00adtions pro\u00adgram\u00adm\u00e9es pour 2025, avec leurs dates cl\u00e9s et leurs sp\u00e9\u00adci\u00adficit\u00e9s :<\/p>\n\n\n\n<p><strong>1. Dipl\u00f4me d\u2019\u00c9tat d\u2019Aide-Soignant (DEAS)<\/strong><strong><\/strong><\/p>\n\n\n\n<ul class=\"wp-block-list\">\n<li><strong>Dates impor\u00adtantes<\/strong>&nbsp;:<\/li>\n<\/ul>\n\n\n\n<ul class=\"wp-block-list\">\n<li>Inscrip\u00adtions : Du 15 jan\u00advi\u00ader au 15 mars 2025<\/li>\n\n\n\n<li>\u00c9preuves \u00e9crites : Mai 2025<\/li>\n\n\n\n<li>R\u00e9sul\u00adtats : Juin 2025<\/li>\n<\/ul>\n\n\n\n<ul class=\"wp-block-list\">\n<li><strong>Descrip\u00adtion<\/strong>&nbsp;: Cette cer\u00adti\u00adfi\u00adca\u00adtion est essen\u00adtielle pour ceux qui souhait\u00adent tra\u00advailler en tant qu\u2019aide-soignant dans les h\u00f4pi\u00adtaux, clin\u00adiques ou maisons de retraite. Elle cou\u00advre les bases des soins aux patients, la ges\u00adtion du stress et la com\u00admu\u00adni\u00adca\u00adtion avec les \u00e9quipes m\u00e9di\u00adcales.<\/li>\n<\/ul>\n\n\n\n<figure class=\"wp-block-image size-full\"><img loading=\"lazy\" decoding=\"async\" width=\"960\" height=\"641\" src=\"https:\/\/bobea.net\/wp-content\/uploads\/2025\/03\/certification-reconnue-par-letat-2022-02-28.jpg\" alt class=\"wp-image-11122\" srcset=\"https:\/\/bobea.net\/wp-content\/uploads\/2025\/03\/certification-reconnue-par-letat-2022-02-28.jpg 960w, https:\/\/bobea.net\/wp-content\/uploads\/2025\/03\/certification-reconnue-par-letat-2022-02-28-300x200.jpg 300w, https:\/\/bobea.net\/wp-content\/uploads\/2025\/03\/certification-reconnue-par-letat-2022-02-28-768x513.jpg 768w\" sizes=\"(max-width: 960px) 100vw, 960px\"><\/figure>\n\n\n\n<p><strong>2. Dipl\u00f4me d\u2019\u00c9tat d\u2019Infirmier (DEI)<\/strong><strong><\/strong><\/p>\n\n\n\n<ul class=\"wp-block-list\">\n<li><strong>Dates impor\u00adtantes<\/strong>&nbsp;:<\/li>\n<\/ul>\n\n\n\n<ul class=\"wp-block-list\">\n<li>Inscrip\u00adtions : Du 1er f\u00e9vri\u00ader au 30 avril 2025<\/li>\n\n\n\n<li>\u00c9preuves \u00e9crites : Juin 2025<\/li>\n\n\n\n<li>\u00c9preuves pra\u00adtiques : Juil\u00adlet 2025<\/li>\n<\/ul>\n\n\n\n<ul class=\"wp-block-list\">\n<li><strong>Descrip\u00adtion<\/strong>&nbsp;: Ce dipl\u00f4me est indis\u00adpens\u00adable pour exercer en tant qu\u2019infirmier dipl\u00f4m\u00e9 d\u2019\u00c9tat. Il com\u00adprend une for\u00adma\u00adtion th\u00e9orique appro\u00adfondie et des stages pra\u00adtiques dans divers envi\u00adron\u00adnements m\u00e9di\u00adcaux.<\/li>\n<\/ul>\n\n\n\n<p><strong>3. Cer\u00adti\u00adfi\u00adcat de Kin\u00e9sith\u00e9rapeute<\/strong><strong><\/strong><\/p>\n\n\n\n<ul class=\"wp-block-list\">\n<li><strong>Dates impor\u00adtantes<\/strong>&nbsp;:<\/li>\n<\/ul>\n\n\n\n<ul class=\"wp-block-list\">\n<li>Inscrip\u00adtions : Du 1er mars au 30 mai 2025<\/li>\n\n\n\n<li>Exa\u00adm\u00adens fin\u00adaux : Ao\u00fbt-Sep\u00adtem\u00adbre 2025<\/li>\n<\/ul>\n\n\n\n<ul class=\"wp-block-list\">\n<li><strong>Descrip\u00adtion<\/strong>&nbsp;: Ce cer\u00adti\u00adfi\u00adcat per\u00admet aux kin\u00e9sith\u00e9rapeutes de se sp\u00e9\u00adcialis\u00ader dans des domaines tels que la r\u00e9\u00e9\u00add\u00adu\u00adca\u00adtion sportive ou neu\u00adrologique.<\/li>\n<\/ul>\n\n\n\n<p><strong>4. Cer\u00adti\u00adfi\u00adca\u00adtion en Ortho\u00adphonie<\/strong><strong><\/strong><\/p>\n\n\n\n<ul class=\"wp-block-list\">\n<li><strong>Dates impor\u00adtantes<\/strong>&nbsp;:<\/li>\n<\/ul>\n\n\n\n<ul class=\"wp-block-list\">\n<li>Inscrip\u00adtions : Du 1er f\u00e9vri\u00ader au 31 mars 2025<\/li>\n\n\n\n<li>Exa\u00adm\u00adens \u00e9crits et oraux : Mai-Juin 2025<\/li>\n<\/ul>\n\n\n\n<ul class=\"wp-block-list\">\n<li><strong>Descrip\u00adtion<\/strong>&nbsp;: Cette cer\u00adti\u00adfi\u00adca\u00adtion s\u2019adresse aux pro\u00adfes\u00adsion\u00adnels souhai\u00adtant tra\u00advailler avec des patients ayant des trou\u00adbles du lan\u00adgage ou de la com\u00admu\u00adni\u00adca\u00adtion.<\/li>\n<\/ul>\n\n\n\n<p><strong>5. For\u00adma\u00adtion con\u00adtin\u00adue en Imagerie M\u00e9di\u00adcale<\/strong><strong><\/strong><\/p>\n\n\n\n<ul class=\"wp-block-list\">\n<li><strong>Dates impor\u00adtantes<\/strong>&nbsp;:<\/li>\n<\/ul>\n\n\n\n<ul class=\"wp-block-list\">\n<li>Ses\u00adsions ouvertes toute l\u2019ann\u00e9e (inscrip\u00adtions men\u00adsu\u00adelles)<\/li>\n<\/ul>\n\n\n\n<ul class=\"wp-block-list\">\n<li><strong>Descrip\u00adtion<\/strong>&nbsp;: Cette for\u00adma\u00adtion s\u2019adresse aux tech\u00adni\u00adciens en radi\u00adolo\u00adgie qui souhait\u00adent se sp\u00e9\u00adcialis\u00ader dans l\u2019imagerie m\u00e9di\u00adcale avanc\u00e9e comme l\u2019IRM ou le scan\u00adner.<\/li>\n<\/ul>\n\n\n\n<p><strong>Con\u00adseils pour r\u00e9us\u00adsir vos cer\u00adti\u00adfi\u00adca\u00adtions<\/strong><strong><\/strong><\/p>\n\n\n\n<p>La pr\u00e9\u00adpa\u00adra\u00adtion aux exa\u00adm\u00adens param\u00e9di\u00adcaux peut \u00eatre exigeante. Voici quelques con\u00adseils pour max\u00adimiser vos chances de r\u00e9us\u00adsite :<\/p>\n\n\n\n<p><strong>1. Plan\u00adi\u00adfiez votre pr\u00e9\u00adpa\u00adra\u00adtion<\/strong><strong><\/strong><\/p>\n\n\n\n<p>Cr\u00e9ez un cal\u00aden\u00addri\u00ader d\u00e9tail\u00adl\u00e9 en fonc\u00adtion des dates cl\u00e9s de votre cer\u00adti\u00adfi\u00adca\u00adtion. R\u00e9servez du temps chaque jour pour r\u00e9vis\u00ader les sujets impor\u00adtants et pra\u00adti\u00adquer les exer\u00adci\u00adces.<\/p>\n\n\n\n<p><strong>2. Utilisez les ressources disponibles<\/strong><strong><\/strong><\/p>\n\n\n\n<p>De nom\u00adbreuses ressources sont disponibles pour vous aider \u00e0 pr\u00e9\u00adpar\u00ader vos exa\u00adm\u00adens :<\/p>\n\n\n\n<ul class=\"wp-block-list\">\n<li>Livres sp\u00e9\u00adcial\u00adis\u00e9s<\/li>\n\n\n\n<li>Cours en ligne (MOOCs)<\/li>\n\n\n\n<li>Forums d\u2019entraide entre \u00e9tu\u00addi\u00adants<\/li>\n<\/ul>\n\n\n\n<p>Les plate\u00adformes comme \u201cPara\u00admedA\u00adcad\u00ade\u00admy\u201d pro\u00adposent \u00e9gale\u00adment des tests blancs et du con\u00adtenu inter\u00adac\u00adt\u00adif pour vous entra\u00een\u00ader.<\/p>\n\n\n\n<p><strong>3. Par\u00adticipez \u00e0 des groupes d\u2019\u00e9tude<\/strong><strong><\/strong><\/p>\n\n\n\n<p>Tra\u00advailler en groupe peut \u00eatre tr\u00e8s b\u00e9n\u00e9\u00adfique. Les dis\u00adcus\u00adsions per\u00adme\u00adt\u00adtent de clar\u00adi\u00adfi\u00ader cer\u00adtains con\u00adcepts com\u00adplex\u00ades et d\u2019\u00e9changer des astuces avec d\u2019autres can\u00addi\u00addats.<\/p>\n\n\n\n<p><strong>4. Pra\u00adtiquez r\u00e9guli\u00e8re\u00adment<\/strong><strong><\/strong><\/p>\n\n\n\n<p>Pour les cer\u00adti\u00adfi\u00adca\u00adtions inclu\u00adant une com\u00adposante pra\u00adtique (comme le DEI ou le DEAS), il est cru\u00adcial de s\u2019entra\u00eener r\u00e9guli\u00e8re\u00adment dans un envi\u00adron\u00adnement simul\u00e9 ou r\u00e9el.<\/p>\n\n\n\n<p><strong>5. Prenez soin de vous<\/strong><strong><\/strong><\/p>\n\n\n\n<p>La pr\u00e9\u00adpa\u00adra\u00adtion aux exa\u00adm\u00adens peut \u00eatre stres\u00adsante, mais il est impor\u00adtant de main\u00adtenir un \u00e9quili\u00adbre entre \u00e9tudes et bien-\u00eatre per\u00adson\u00adnel. Dormez suff\u00adisam\u00adment, mangez saine\u00adment et prenez le temps de vous d\u00e9ten\u00addre.<\/p>\n\n\n\n<figure class=\"wp-block-image size-large\"><img loading=\"lazy\" decoding=\"async\" width=\"1024\" height=\"683\" src=\"https:\/\/bobea.net\/wp-content\/uploads\/2025\/03\/cours-en-ligne-developper-competences-1024x683.webp\" alt class=\"wp-image-11121\" srcset=\"https:\/\/bobea.net\/wp-content\/uploads\/2025\/03\/cours-en-ligne-developper-competences-1024x683.webp 1024w, https:\/\/bobea.net\/wp-content\/uploads\/2025\/03\/cours-en-ligne-developper-competences-300x200.webp 300w, https:\/\/bobea.net\/wp-content\/uploads\/2025\/03\/cours-en-ligne-developper-competences-768x512.webp 768w, https:\/\/bobea.net\/wp-content\/uploads\/2025\/03\/cours-en-ligne-developper-competences.webp 1200w\" sizes=\"(max-width: 1024px) 100vw, 1024px\"><\/figure>\n\n\n\n<p><strong>Les ten\u00addances \u00e9duca\u00adtives en param\u00e9di\u00adcal pour 2025<\/strong><strong><\/strong><\/p>\n\n\n\n<p>L\u2019ann\u00e9e 2025 mar\u00adque \u00e9gale\u00adment l\u2019\u00e9mergence de nou\u00advelles ten\u00addances \u00e9duca\u00adtives dans le domaine param\u00e9di\u00adcal :<\/p>\n\n\n\n<ol start=\"1\" class=\"wp-block-list\">\n<li><strong>Appren\u00adtis\u00adsage hybride<\/strong>&nbsp;: De plus en plus d\u2019\u00e9coles pro\u00adposent une com\u00adbi\u00adnai\u00adson de cours en ligne et d\u2019ateliers pra\u00adtiques en pr\u00e9sen\u00adtiel.<\/li>\n\n\n\n<li><strong>Sim\u00adu\u00adla\u00adtions immer\u00adsives<\/strong>&nbsp;: Gr\u00e2ce \u00e0 la r\u00e9al\u00adit\u00e9 virtuelle (VR), les \u00e9tu\u00addi\u00adants peu\u00advent s\u2019entra\u00eener \u00e0 g\u00e9r\u00ader des sit\u00adu\u00ada\u00adtions m\u00e9di\u00adcales com\u00adplex\u00ades dans un envi\u00adron\u00adnement con\u00adtr\u00f4l\u00e9.<\/li>\n\n\n\n<li><strong>Focus sur la san\u00adt\u00e9 men\u00adtale<\/strong>&nbsp;: Les pro\u00adgrammes inclu\u00adent d\u00e9sor\u00admais davan\u00adtage de mod\u00adules sur la ges\u00adtion du stress et le bien-\u00eatre men\u00adtal, tant pour les patients que pour les pro\u00adfes\u00adsion\u00adnels.<\/li>\n\n\n\n<li><strong>Inter\u00adna\u00adtion\u00adal\u00adi\u00adsa\u00adtion<\/strong>&nbsp;: Les cer\u00adti\u00adfi\u00adca\u00adtions devi\u00aden\u00adnent plus stan\u00addard\u00adis\u00ad\u00e9es \u00e0 l\u2019\u00e9chelle mon\u00addi\u00adale, facil\u00adi\u00adtant la mobil\u00adit\u00e9 inter\u00adna\u00adtionale des pro\u00adfes\u00adsion\u00adnels param\u00e9di\u00adcaux.<\/li>\n<\/ol>\n\n\n\n<p><strong>Per\u00adspec\u00adtives d\u2019avenir<\/strong><strong><\/strong><\/p>\n\n\n\n<p>Le secteur param\u00e9di\u00adcal est en pleine expan\u00adsion, avec une demande crois\u00adsante pour des pro\u00adfes\u00adsion\u00adnels qual\u00adi\u00adfi\u00e9s dans le monde entier. Les cer\u00adti\u00adfi\u00adca\u00adtions jouent un r\u00f4le cl\u00e9 dans cette dynamique en garan\u00adtis\u00adsant que les prati\u00adciens dis\u00adposent des com\u00adp\u00e9\u00adtences n\u00e9ces\u00adsaires pour r\u00e9pon\u00addre aux besoins com\u00adplex\u00ades du sys\u00adt\u00e8me de san\u00adt\u00e9 mod\u00aderne.<\/p>\n\n\n\n<p>En investis\u00adsant dans leur for\u00adma\u00adtion et leur d\u00e9veloppe\u00adment pro\u00adfes\u00adsion\u00adnel, les can\u00addi\u00addats ne se con\u00adtentent pas d\u2019am\u00e9liorer leur car\u00adri\u00e8re ; ils con\u00adtribuent \u00e9gale\u00adment \u00e0 ren\u00adforcer la qual\u00adit\u00e9 glob\u00adale des soins prodigu\u00e9s aux patients.<\/p>\n\n\n\n<p><strong>Con\u00adclu\u00adsion<\/strong><\/p>\n\n\n\n<p>Le cal\u00aden\u00addri\u00ader des cer\u00adti\u00adfi\u00adca\u00adtions param\u00e9di\u00adcales pour 2025 offre une mul\u00adti\u00adtude d\u2019opportunit\u00e9s pour ceux qui souhait\u00adent pro\u00adgress\u00ader dans ce domaine vital. Avec une bonne plan\u00adi\u00adfi\u00adca\u00adtion, une pr\u00e9\u00adpa\u00adra\u00adtion rigoureuse et une util\u00adi\u00adsa\u00adtion judi\u00adcieuse des ressources disponibles, r\u00e9us\u00adsir ces exa\u00adm\u00adens devient un objec\u00adtif atteignable.<\/p>\n\n\n\n<p>En tant que pili\u00ader du sys\u00adt\u00e8me de san\u00adt\u00e9, le secteur param\u00e9di\u00adcal con\u00adtin\u00aduera \u00e0 jouer un r\u00f4le cru\u00adcial dans les ann\u00e9es \u00e0 venir. Ces cer\u00adti\u00adfi\u00adca\u00adtions ne sont pas seule\u00adment un moyen d\u2019acqu\u00e9rir une qual\u00adi\u00adfi\u00adca\u00adtion ; elles sont une porte ouverte vers un avenir pro\u00adfes\u00adsion\u00adnel enrichissant et sig\u00adni\u00adfi\u00adcatif.<\/p>\n","protected":false},"excerpt":{"rendered":"<p>Le domaine param\u00e9di\u00adcal, essen\u00adtiel au bon fonc\u00adtion\u00adnement des sys\u00adt\u00e8mes de san\u00adt\u00e9, attire chaque ann\u00e9e des mil\u00adliers d\u2019\u00e9tudiants et de pro\u00adfes\u00adsion\u00adnels souhai\u00adtant se sp\u00e9\u00adcialis\u00ader ou appro\u00adfondir leurs com\u00adp\u00e9\u00adtences. En 2025, les\u2026 <\/p>\n","protected":false},"author":1,"featured_media":11120,"comment_status":"open","ping_status":"closed","sticky":false,"template":"","format":"standard","meta":{"wp_typography_post_enhancements_disabled":false,"footnotes":""},"categories":[58,88],"tags":[10201,10197,10199,10200,10202,10198],"class_list":["post-11119","post","type-post","status-publish","format-standard","has-post-thumbnail","hentry","category-sante","category-actualites-sante","tag-calendrier-examens-paramedicaux","tag-certifications-paramedicales","tag-deas","tag-dei","tag-formation-continue-sante","tag-preparation-examens-medicaux"],"yoast_head":"<!-- This site is optimized with the Yoast SEO plugin v24.7 - https:\/\/yoast.com\/wordpress\/plugins\/seo\/ -->\n<title>Calendrier des certifications param\u00e9dicales 2025 - Pr\u00e9paration aux examens - Bobea<\/title>\n<meta name=\"robots\" content=\"index, follow, max-snippet:-1, max-image-preview:large, max-video-preview:-1\" \/>\n<link rel=\"canonical\" href=\"https:\/\/bobea.net\/index.php\/2025\/03\/11\/calendrier-des-certifications-paramedicales-2025-preparation-aux-examens\/\" \/>\n<meta property=\"og:locale\" content=\"fr_FR\" \/>\n<meta property=\"og:type\" content=\"article\" \/>\n<meta property=\"og:title\" content=\"Calendrier des certifications param\u00e9dicales 2025 - Pr\u00e9paration aux examens - Bobea\" \/>\n<meta property=\"og:description\" content=\"Le domaine param\u00e9di\u00adcal, essen\u00adtiel au bon fonc\u00adtion\u00adnement des sys\u00adt\u00e8mes de san\u00adt\u00e9, attire chaque ann\u00e9e des mil\u00adliers d\u2019\u00e9tudiants et de pro\u00adfes\u00adsion\u00adnels souhai\u00adtant se sp\u00e9\u00adcialis\u00ader ou appro\u00adfondir leurs com\u00adp\u00e9\u00adtences. En 2025, les&hellip;\" \/>\n<meta property=\"og:url\" content=\"https:\/\/bobea.net\/index.php\/2025\/03\/11\/calendrier-des-certifications-paramedicales-2025-preparation-aux-examens\/\" \/>\n<meta property=\"og:site_name\" content=\"Bobea\" \/>\n<meta property=\"article:publisher\" content=\"https:\/\/web.facebook.com\/profile.php?id=61559252188416\" \/>\n<meta property=\"article:published_time\" content=\"2025-03-11T11:55:30+00:00\" \/>\n<meta property=\"article:modified_time\" content=\"2025-03-11T11:55:31+00:00\" \/>\n<meta property=\"og:image\" content=\"https:\/\/bobea.net\/wp-content\/uploads\/2025\/03\/calendar.jpg\" \/>\n\t<meta property=\"og:image:width\" content=\"610\" \/>\n\t<meta property=\"og:image:height\" content=\"430\" \/>\n\t<meta property=\"og:image:type\" content=\"image\/jpeg\" \/>\n<meta name=\"author\" content=\"bobea.info\" \/>\n<meta name=\"twitter:card\" content=\"summary_large_image\" \/>\n<meta name=\"twitter:label1\" content=\"\u00c9crit par\" \/>\n\t<meta name=\"twitter:data1\" content=\"bobea.info\" \/>\n\t<meta name=\"twitter:label2\" content=\"Dur\u00e9e de lecture estim\u00e9e\" \/>\n\t<meta name=\"twitter:data2\" content=\"6 minutes\" \/>\n<script type=\"application\/ld+json\" class=\"yoast-schema-graph\">{\"@context\":\"https:\/\/schema.org\",\"@graph\":[{\"@type\":\"Article\",\"@id\":\"https:\/\/bobea.net\/index.php\/2025\/03\/11\/calendrier-des-certifications-paramedicales-2025-preparation-aux-examens\/#article\",\"isPartOf\":{\"@id\":\"https:\/\/bobea.net\/index.php\/2025\/03\/11\/calendrier-des-certifications-paramedicales-2025-preparation-aux-examens\/\"},\"author\":{\"name\":\"bobea.info\",\"@id\":\"https:\/\/bobea.net\/#\/schema\/person\/e7f45ef187918d7c956bf619dce90ccf\"},\"headline\":\"Calendrier des certifications param\u00e9dicales 2025 \u2014 Pr\u00e9paration aux examens\",\"datePublished\":\"2025-03-11T11:55:30+00:00\",\"dateModified\":\"2025-03-11T11:55:31+00:00\",\"mainEntityOfPage\":{\"@id\":\"https:\/\/bobea.net\/index.php\/2025\/03\/11\/calendrier-des-certifications-paramedicales-2025-preparation-aux-examens\/\"},\"wordCount\":1001,\"commentCount\":0,\"publisher\":{\"@id\":\"https:\/\/bobea.net\/#organization\"},\"image\":{\"@id\":\"https:\/\/bobea.net\/index.php\/2025\/03\/11\/calendrier-des-certifications-paramedicales-2025-preparation-aux-examens\/#primaryimage\"},\"thumbnailUrl\":\"https:\/\/bobea.net\/wp-content\/uploads\/2025\/03\/calendar.jpg\",\"keywords\":[\"calendrier examens param\u00e9dicaux\",\"certifications param\u00e9dicales\",\"DEAS\",\"DEI\",\"formation continue sant\u00e9\",\"pr\u00e9paration examens m\u00e9dicaux\"],\"articleSection\":[\"Sant\u00e9\",\"Sant\u00e9-Actualit\u00e9s\"],\"inLanguage\":\"fr-FR\",\"potentialAction\":[{\"@type\":\"CommentAction\",\"name\":\"Comment\",\"target\":[\"https:\/\/bobea.net\/index.php\/2025\/03\/11\/calendrier-des-certifications-paramedicales-2025-preparation-aux-examens\/#respond\"]}]},{\"@type\":\"WebPage\",\"@id\":\"https:\/\/bobea.net\/index.php\/2025\/03\/11\/calendrier-des-certifications-paramedicales-2025-preparation-aux-examens\/\",\"url\":\"https:\/\/bobea.net\/index.php\/2025\/03\/11\/calendrier-des-certifications-paramedicales-2025-preparation-aux-examens\/\",\"name\":\"Calendrier des certifications param\u00e9dicales 2025 - Pr\u00e9paration aux examens - Bobea\",\"isPartOf\":{\"@id\":\"https:\/\/bobea.net\/#website\"},\"primaryImageOfPage\":{\"@id\":\"https:\/\/bobea.net\/index.php\/2025\/03\/11\/calendrier-des-certifications-paramedicales-2025-preparation-aux-examens\/#primaryimage\"},\"image\":{\"@id\":\"https:\/\/bobea.net\/index.php\/2025\/03\/11\/calendrier-des-certifications-paramedicales-2025-preparation-aux-examens\/#primaryimage\"},\"thumbnailUrl\":\"https:\/\/bobea.net\/wp-content\/uploads\/2025\/03\/calendar.jpg\",\"datePublished\":\"2025-03-11T11:55:30+00:00\",\"dateModified\":\"2025-03-11T11:55:31+00:00\",\"breadcrumb\":{\"@id\":\"https:\/\/bobea.net\/index.php\/2025\/03\/11\/calendrier-des-certifications-paramedicales-2025-preparation-aux-examens\/#breadcrumb\"},\"inLanguage\":\"fr-FR\",\"potentialAction\":[{\"@type\":\"ReadAction\",\"target\":[\"https:\/\/bobea.net\/index.php\/2025\/03\/11\/calendrier-des-certifications-paramedicales-2025-preparation-aux-examens\/\"]}]},{\"@type\":\"ImageObject\",\"inLanguage\":\"fr-FR\",\"@id\":\"https:\/\/bobea.net\/index.php\/2025\/03\/11\/calendrier-des-certifications-paramedicales-2025-preparation-aux-examens\/#primaryimage\",\"url\":\"https:\/\/bobea.net\/wp-content\/uploads\/2025\/03\/calendar.jpg\",\"contentUrl\":\"https:\/\/bobea.net\/wp-content\/uploads\/2025\/03\/calendar.jpg\",\"width\":610,\"height\":430},{\"@type\":\"BreadcrumbList\",\"@id\":\"https:\/\/bobea.net\/index.php\/2025\/03\/11\/calendrier-des-certifications-paramedicales-2025-preparation-aux-examens\/#breadcrumb\",\"itemListElement\":[{\"@type\":\"ListItem\",\"position\":1,\"name\":\"Accueil\",\"item\":\"https:\/\/bobea.net\/\"},{\"@type\":\"ListItem\",\"position\":2,\"name\":\"Calendrier des certifications param\u00e9dicales 2025 &#8211; Pr\u00e9paration aux examens\"}]},{\"@type\":\"WebSite\",\"@id\":\"https:\/\/bobea.net\/#website\",\"url\":\"https:\/\/bobea.net\/\",\"name\":\"Bobea\",\"description\":\"Le magazine de la nouvelle \u00c8ve\",\"publisher\":{\"@id\":\"https:\/\/bobea.net\/#organization\"},\"potentialAction\":[{\"@type\":\"SearchAction\",\"target\":{\"@type\":\"EntryPoint\",\"urlTemplate\":\"https:\/\/bobea.net\/?s={search_term_string}\"},\"query-input\":{\"@type\":\"PropertyValueSpecification\",\"valueRequired\":true,\"valueName\":\"search_term_string\"}}],\"inLanguage\":\"fr-FR\"},{\"@type\":\"Organization\",\"@id\":\"https:\/\/bobea.net\/#organization\",\"name\":\"Bobea\",\"url\":\"https:\/\/bobea.net\/\",\"logo\":{\"@type\":\"ImageObject\",\"inLanguage\":\"fr-FR\",\"@id\":\"https:\/\/bobea.net\/#\/schema\/logo\/image\/\",\"url\":\"https:\/\/bobea.net\/wp-content\/uploads\/2024\/06\/bobea.jpg\",\"contentUrl\":\"https:\/\/bobea.net\/wp-content\/uploads\/2024\/06\/bobea.jpg\",\"width\":1080,\"height\":1080,\"caption\":\"Bobea\"},\"image\":{\"@id\":\"https:\/\/bobea.net\/#\/schema\/logo\/image\/\"},\"sameAs\":[\"https:\/\/web.facebook.com\/profile.php?id=61559252188416\"]},{\"@type\":\"Person\",\"@id\":\"https:\/\/bobea.net\/#\/schema\/person\/e7f45ef187918d7c956bf619dce90ccf\",\"name\":\"bobea.info\",\"image\":{\"@type\":\"ImageObject\",\"inLanguage\":\"fr-FR\",\"@id\":\"https:\/\/bobea.net\/#\/schema\/person\/image\/\",\"url\":\"https:\/\/secure.gravatar.com\/avatar\/36147980349df887ae30808df3e29474?s=96&d=mm&r=g\",\"contentUrl\":\"https:\/\/secure.gravatar.com\/avatar\/36147980349df887ae30808df3e29474?s=96&d=mm&r=g\",\"caption\":\"bobea.info\"},\"sameAs\":[\"https:\/\/bobea.net\"],\"url\":\"https:\/\/bobea.net\/index.php\/author\/bobea-info\/\"}]}<\/script>\n<!-- \/ Yoast SEO plugin. -->","yoast_head_json":{"title":"Calendrier des certifications param\u00e9dicales 2025 - Pr\u00e9paration aux examens - Bobea","robots":{"index":"index","follow":"follow","max-snippet":"max-snippet:-1","max-image-preview":"max-image-preview:large","max-video-preview":"max-video-preview:-1"},"canonical":"https:\/\/bobea.net\/index.php\/2025\/03\/11\/calendrier-des-certifications-paramedicales-2025-preparation-aux-examens\/","og_locale":"fr_FR","og_type":"article","og_title":"Calendrier des certifications param\u00e9dicales 2025 - Pr\u00e9paration aux examens - Bobea","og_description":"Le domaine param\u00e9di\u00adcal, essen\u00adtiel au bon fonc\u00adtion\u00adnement des sys\u00adt\u00e8mes de san\u00adt\u00e9, attire chaque ann\u00e9e des mil\u00adliers d\u2019\u00e9tudiants et de pro\u00adfes\u00adsion\u00adnels souhai\u00adtant se sp\u00e9\u00adcialis\u00ader ou appro\u00adfondir leurs com\u00adp\u00e9\u00adtences. En 2025, les&hellip;","og_url":"https:\/\/bobea.net\/index.php\/2025\/03\/11\/calendrier-des-certifications-paramedicales-2025-preparation-aux-examens\/","og_site_name":"Bobea","article_publisher":"https:\/\/web.facebook.com\/profile.php?id=61559252188416","article_published_time":"2025-03-11T11:55:30+00:00","article_modified_time":"2025-03-11T11:55:31+00:00","og_image":[{"width":610,"height":430,"url":"https:\/\/bobea.net\/wp-content\/uploads\/2025\/03\/calendar.jpg","type":"image\/jpeg"}],"author":"bobea.info","twitter_card":"summary_large_image","twitter_misc":{"\u00c9crit par":"bobea.info","Dur\u00e9e de lecture estim\u00e9e":"6 minutes"},"schema":{"@context":"https:\/\/schema.org","@graph":[{"@type":"Article","@id":"https:\/\/bobea.net\/index.php\/2025\/03\/11\/calendrier-des-certifications-paramedicales-2025-preparation-aux-examens\/#article","isPartOf":{"@id":"https:\/\/bobea.net\/index.php\/2025\/03\/11\/calendrier-des-certifications-paramedicales-2025-preparation-aux-examens\/"},"author":{"name":"bobea.info","@id":"https:\/\/bobea.net\/#\/schema\/person\/e7f45ef187918d7c956bf619dce90ccf"},"headline":"Calendrier des certifications param\u00e9dicales 2025 \u2014 Pr\u00e9paration aux examens","datePublished":"2025-03-11T11:55:30+00:00","dateModified":"2025-03-11T11:55:31+00:00","mainEntityOfPage":{"@id":"https:\/\/bobea.net\/index.php\/2025\/03\/11\/calendrier-des-certifications-paramedicales-2025-preparation-aux-examens\/"},"wordCount":1001,"commentCount":0,"publisher":{"@id":"https:\/\/bobea.net\/#organization"},"image":{"@id":"https:\/\/bobea.net\/index.php\/2025\/03\/11\/calendrier-des-certifications-paramedicales-2025-preparation-aux-examens\/#primaryimage"},"thumbnailUrl":"https:\/\/bobea.net\/wp-content\/uploads\/2025\/03\/calendar.jpg","keywords":["calendrier examens param\u00e9dicaux","certifications param\u00e9dicales","DEAS","DEI","formation continue sant\u00e9","pr\u00e9paration examens m\u00e9dicaux"],"articleSection":["Sant\u00e9","Sant\u00e9-Actualit\u00e9s"],"inLanguage":"fr-FR","potentialAction":[{"@type":"CommentAction","name":"Comment","target":["https:\/\/bobea.net\/index.php\/2025\/03\/11\/calendrier-des-certifications-paramedicales-2025-preparation-aux-examens\/#respond"]}]},{"@type":"WebPage","@id":"https:\/\/bobea.net\/index.php\/2025\/03\/11\/calendrier-des-certifications-paramedicales-2025-preparation-aux-examens\/","url":"https:\/\/bobea.net\/index.php\/2025\/03\/11\/calendrier-des-certifications-paramedicales-2025-preparation-aux-examens\/","name":"Calendrier des certifications param\u00e9dicales 2025 - Pr\u00e9paration aux examens - Bobea","isPartOf":{"@id":"https:\/\/bobea.net\/#website"},"primaryImageOfPage":{"@id":"https:\/\/bobea.net\/index.php\/2025\/03\/11\/calendrier-des-certifications-paramedicales-2025-preparation-aux-examens\/#primaryimage"},"image":{"@id":"https:\/\/bobea.net\/index.php\/2025\/03\/11\/calendrier-des-certifications-paramedicales-2025-preparation-aux-examens\/#primaryimage"},"thumbnailUrl":"https:\/\/bobea.net\/wp-content\/uploads\/2025\/03\/calendar.jpg","datePublished":"2025-03-11T11:55:30+00:00","dateModified":"2025-03-11T11:55:31+00:00","breadcrumb":{"@id":"https:\/\/bobea.net\/index.php\/2025\/03\/11\/calendrier-des-certifications-paramedicales-2025-preparation-aux-examens\/#breadcrumb"},"inLanguage":"fr-FR","potentialAction":[{"@type":"ReadAction","target":["https:\/\/bobea.net\/index.php\/2025\/03\/11\/calendrier-des-certifications-paramedicales-2025-preparation-aux-examens\/"]}]},{"@type":"ImageObject","inLanguage":"fr-FR","@id":"https:\/\/bobea.net\/index.php\/2025\/03\/11\/calendrier-des-certifications-paramedicales-2025-preparation-aux-examens\/#primaryimage","url":"https:\/\/bobea.net\/wp-content\/uploads\/2025\/03\/calendar.jpg","contentUrl":"https:\/\/bobea.net\/wp-content\/uploads\/2025\/03\/calendar.jpg","width":610,"height":430},{"@type":"BreadcrumbList","@id":"https:\/\/bobea.net\/index.php\/2025\/03\/11\/calendrier-des-certifications-paramedicales-2025-preparation-aux-examens\/#breadcrumb","itemListElement":[{"@type":"ListItem","position":1,"name":"Accueil","item":"https:\/\/bobea.net\/"},{"@type":"ListItem","position":2,"name":"Calendrier des certifications param\u00e9dicales 2025 &#8211; Pr\u00e9paration aux examens"}]},{"@type":"WebSite","@id":"https:\/\/bobea.net\/#website","url":"https:\/\/bobea.net\/","name":"Bobea","description":"Le magazine de la nouvelle \u00c8ve","publisher":{"@id":"https:\/\/bobea.net\/#organization"},"potentialAction":[{"@type":"SearchAction","target":{"@type":"EntryPoint","urlTemplate":"https:\/\/bobea.net\/?s={search_term_string}"},"query-input":{"@type":"PropertyValueSpecification","valueRequired":true,"valueName":"search_term_string"}}],"inLanguage":"fr-FR"},{"@type":"Organization","@id":"https:\/\/bobea.net\/#organization","name":"Bobea","url":"https:\/\/bobea.net\/","logo":{"@type":"ImageObject","inLanguage":"fr-FR","@id":"https:\/\/bobea.net\/#\/schema\/logo\/image\/","url":"https:\/\/bobea.net\/wp-content\/uploads\/2024\/06\/bobea.jpg","contentUrl":"https:\/\/bobea.net\/wp-content\/uploads\/2024\/06\/bobea.jpg","width":1080,"height":1080,"caption":"Bobea"},"image":{"@id":"https:\/\/bobea.net\/#\/schema\/logo\/image\/"},"sameAs":["https:\/\/web.facebook.com\/profile.php?id=61559252188416"]},{"@type":"Person","@id":"https:\/\/bobea.net\/#\/schema\/person\/e7f45ef187918d7c956bf619dce90ccf","name":"bobea.info","image":{"@type":"ImageObject","inLanguage":"fr-FR","@id":"https:\/\/bobea.net\/#\/schema\/person\/image\/","url":"https:\/\/secure.gravatar.com\/avatar\/36147980349df887ae30808df3e29474?s=96&d=mm&r=g","contentUrl":"https:\/\/secure.gravatar.com\/avatar\/36147980349df887ae30808df3e29474?s=96&d=mm&r=g","caption":"bobea.info"},"sameAs":["https:\/\/bobea.net"],"url":"https:\/\/bobea.net\/index.php\/author\/bobea-info\/"}]}},"_links":{"self":[{"href":"https:\/\/bobea.net\/index.php\/wp-json\/wp\/v2\/posts\/11119"}],"collection":[{"href":"https:\/\/bobea.net\/index.php\/wp-json\/wp\/v2\/posts"}],"about":[{"href":"https:\/\/bobea.net\/index.php\/wp-json\/wp\/v2\/types\/post"}],"author":[{"embeddable":true,"href":"https:\/\/bobea.net\/index.php\/wp-json\/wp\/v2\/users\/1"}],"replies":[{"embeddable":true,"href":"https:\/\/bobea.net\/index.php\/wp-json\/wp\/v2\/comments?post=11119"}],"version-history":[{"count":1,"href":"https:\/\/bobea.net\/index.php\/wp-json\/wp\/v2\/posts\/11119\/revisions"}],"predecessor-version":[{"id":11123,"href":"https:\/\/bobea.net\/index.php\/wp-json\/wp\/v2\/posts\/11119\/revisions\/11123"}],"wp:featuredmedia":[{"embeddable":true,"href":"https:\/\/bobea.net\/index.php\/wp-json\/wp\/v2\/media\/11120"}],"wp:attachment":[{"href":"https:\/\/bobea.net\/index.php\/wp-json\/wp\/v2\/media?parent=11119"}],"wp:term":[{"taxonomy":"category","embeddable":true,"href":"https:\/\/bobea.net\/index.php\/wp-json\/wp\/v2\/categories?post=11119"},{"taxonomy":"post_tag","embeddable":true,"href":"https:\/\/bobea.net\/index.php\/wp-json\/wp\/v2\/tags?post=11119"}],"curies":[{"name":"wp","href":"https:\/\/api.w.org\/{rel}","templated":true}]}}