{"id":11064,"date":"2025-03-11T10:19:59","date_gmt":"2025-03-11T10:19:59","guid":{"rendered":"https:\/\/bobea.net\/?p=11064"},"modified":"2025-03-11T10:20:03","modified_gmt":"2025-03-11T10:20:03","slug":"revolution-verte-dans-nos-salles-de-bain-le-boom-des-cosmetiques-eco-responsables","status":"publish","type":"post","link":"https:\/\/bobea.net\/index.php\/2025\/03\/11\/revolution-verte-dans-nos-salles-de-bain-le-boom-des-cosmetiques-eco-responsables\/","title":{"rendered":"R\u00e9volution verte dans nos salles de bain \u2014 Le boom des cosm\u00e9tiques \u00e9co-responsables"},"content":{"rendered":"\n<p>En 2025, l\u2019in\u00addus\u00adtrie de la beaut\u00e9 con\u00adna\u00eet une v\u00e9ri\u00adta\u00adble r\u00e9vo\u00adlu\u00adtion verte. Les con\u00adsom\u00adma\u00adteurs, de plus en plus con\u00adscients de l\u2019im\u00adpact envi\u00adron\u00adnemen\u00adtal de leurs choix, se tour\u00adnent mas\u00adsive\u00adment vers des pro\u00adduits cos\u00adm\u00e9\u00adtiques \u00e9co-respon\u00ads\u00adables. Cette ten\u00addance trans\u00adforme non seule\u00adment nos salles de bain, mais aus\u00adsi l\u2019ensem\u00adble de l\u2019in\u00addus\u00adtrie cos\u00adm\u00e9\u00adtique.<\/p>\n\n\n\n<p><strong>L\u2019es\u00adsor des ingr\u00e9\u00addi\u00adents naturels et durables<\/strong><\/p>\n\n\n\n<p>Les mar\u00adques de cos\u00adm\u00e9\u00adtiques rivalisent d\u2019in\u00adno\u00adva\u00adtion pour pro\u00adpos\u00ader des for\u00admules \u00e0 base d\u2019in\u00adgr\u00e9\u00addi\u00adents naturels, biologiques et durables. L\u2019u\u00adtil\u00adi\u00adsa\u00adtion de plantes end\u00e9miques, cul\u00adtiv\u00e9es de mani\u00e8re respon\u00ads\u00adable, est dev\u00adenue un argu\u00adment de vente majeur.<\/p>\n\n\n\n<p>L\u00e9a Mar\u00adtin, fon\u00adda\u00adtrice de la mar\u00adque \u201cEco Bloom\u201d, explique : \u201cNous tra\u00advail\u00adlons avec des agricul\u00adteurs locaux pour cul\u00adtiv\u00ader des plantes m\u00e9dic\u00adi\u00adnales tra\u00addi\u00adtion\u00adnelles. Cela nous per\u00admet de garan\u00adtir la qual\u00adit\u00e9 de nos ingr\u00e9\u00addi\u00adents tout en sou\u00adtenant l\u2019\u00e9\u00adconomie locale.\u201d<\/p>\n\n\n\n<p>Les algues, les champignons et m\u00eame les bac\u00adt\u00e9ries b\u00e9n\u00e9\u00adfiques sont de plus en plus util\u00adis\u00e9s dans les for\u00admu\u00adla\u00adtions, offrant des alter\u00adna\u00adtives effi\u00adcaces et durables aux ingr\u00e9\u00addi\u00adents syn\u00adth\u00e9\u00adtiques.<\/p>\n\n\n\n<p><strong>Embal\u00adlages inno\u00advants et z\u00e9ro d\u00e9chet<\/strong><\/p>\n\n\n\n<p>La lutte con\u00adtre les d\u00e9chets plas\u00adtiques a con\u00adduit \u00e0 une r\u00e9vo\u00adlu\u00adtion dans le pack\u00adag\u00ading des cos\u00adm\u00e9\u00adtiques. Les embal\u00adlages biod\u00e9grad\u00adables, com\u00adposta\u00adbles ou r\u00e9u\u00adtil\u00adis\u00adables sont devenus la norme.<\/p>\n\n\n\n<p>Cer\u00adtaines mar\u00adques vont encore plus loin en pro\u00adposant des pro\u00adduits solides (sham\u00adpo\u00adings, d\u00e9maquil\u00adlants, cr\u00e8mes) qui ne n\u00e9ces\u00adsi\u00adtent aucun embal\u00adlage. D\u2019autres ont mis en place des sys\u00adt\u00e8mes de recharge inno\u00advants, r\u00e9duisant con\u00adsid\u00ad\u00e9rable\u00adment la pro\u00adduc\u00adtion de d\u00e9chets.<\/p>\n\n\n\n<p><strong>L\u2019eau, une ressource pr\u00e9\u00adcieuse<\/strong><\/p>\n\n\n\n<p>La prise de con\u00adscience de la raret\u00e9 de l\u2019eau a con\u00adduit \u00e0 l\u2019\u00e9mer\u00adgence de pro\u00adduits \u201cwater\u00adless\u201d ou \u00e0 faible teneur en eau. Ces for\u00admu\u00adla\u00adtions con\u00adcen\u00adtr\u00e9es non seule\u00adment r\u00e9duisent l\u2019u\u00adtil\u00adi\u00adsa\u00adtion d\u2019eau dans la pro\u00adduc\u00adtion, mais aus\u00adsi le poids des pro\u00adduits, dimin\u00adu\u00adant ain\u00adsi l\u2019empreinte car\u00adbone li\u00e9e au trans\u00adport.<\/p>\n\n\n\n<p><strong>La trans\u00adparence comme ma\u00eetre-mot<\/strong><\/p>\n\n\n\n<p>Les con\u00adsom\u00adma\u00adteurs de 2025 exi\u00adgent une trans\u00adparence totale sur la com\u00adpo\u00adsi\u00adtion et l\u2019o\u00adrig\u00adine des pro\u00adduits. Les QR codes sur les embal\u00adlages per\u00adme\u00adt\u00adtent d\u2019ac\u00adc\u00e9der instan\u00adta\u00adn\u00e9\u00adment \u00e0 des infor\u00adma\u00adtions d\u00e9tail\u00adl\u00e9es sur chaque ingr\u00e9\u00addi\u00adent, son orig\u00adine et son impact envi\u00adron\u00adnemen\u00adtal.<\/p>\n\n\n\n<p>La blockchain est de plus en plus util\u00adis\u00e9e pour garan\u00adtir la tra\u00e7a\u00adbil\u00adit\u00e9 des ingr\u00e9\u00addi\u00adents, de la r\u00e9colte \u00e0 la for\u00admu\u00adla\u00adtion finale du pro\u00adduit.<\/p>\n\n\n\n<p><strong>Per\u00adson\u00adnal\u00adi\u00adsa\u00adtion et tech\u00adnolo\u00adgie<\/strong><\/p>\n\n\n\n<p>L\u2019IA et l\u2019analyse de don\u00adn\u00e9es per\u00adme\u00adt\u00adtent une per\u00adson\u00adnal\u00adi\u00adsa\u00adtion pouss\u00e9e des pro\u00adduits cos\u00adm\u00e9\u00adtiques. Des appareils con\u00adnec\u00adt\u00e9s analy\u00adsent la peau ou les cheveux en temps r\u00e9el et recom\u00adman\u00addent des pro\u00adduits adap\u00adt\u00e9s, r\u00e9duisant ain\u00adsi le gaspillage li\u00e9 \u00e0 l\u2019u\u00adtil\u00adi\u00adsa\u00adtion de pro\u00adduits inadap\u00adt\u00e9s.<\/p>\n\n\n\n<p>Cer\u00adtaines mar\u00adques pro\u00adposent m\u00eame des for\u00admu\u00adla\u00adtions sur-mesure, cr\u00e9\u00e9es \u00e0 la demande en fonc\u00adtion des besoins sp\u00e9\u00adci\u00adfiques de chaque client.<\/p>\n\n\n\n<p><strong>Le retour aux tra\u00addi\u00adtions<\/strong><\/p>\n\n\n\n<p>Para\u00addoxale\u00adment, cette r\u00e9vo\u00adlu\u00adtion tech\u00adnologique s\u2019ac\u00adcom\u00adpa\u00adgne d\u2019un retour aux tra\u00addi\u00adtions ances\u00adtrales. Les rit\u00aduels de beaut\u00e9 issus de dif\u00adf\u00e9rentes cul\u00adtures (ayurve\u00adda, m\u00e9decine tra\u00addi\u00adtion\u00adnelle chi\u00adnoise, pra\u00adtiques africaines) con\u00adnais\u00adsent un regain d\u2019in\u00adt\u00e9r\u00eat.<\/p>\n\n\n\n<p>La Dr. Ami\u00adna Diop, der\u00adma\u00adto\u00adlogue, observe : \u201cNous assis\u00adtons \u00e0 une fusion fasci\u00adnante entre sci\u00adence mod\u00aderne et sagesse ances\u00adtrale. Les con\u00adsom\u00adma\u00adteurs recherchent des pro\u00adduits qui racon\u00adtent une his\u00adtoire et s\u2019in\u00adscrivent dans une tra\u00addi\u00adtion de soin holis\u00adtique.\u201d<\/p>\n\n\n\n<p><strong>L\u2019im\u00adpact sur l\u2019in\u00addus\u00adtrie<\/strong><\/p>\n\n\n\n<p>Cette r\u00e9vo\u00adlu\u00adtion verte a pro\u00adfond\u00e9\u00adment trans\u00adfor\u00adm\u00e9 le paysage de l\u2019in\u00addus\u00adtrie cos\u00adm\u00e9\u00adtique. Les grandes multi\u00adna\u00adtionales ont d\u00fb s\u2019adapter rapi\u00adde\u00adment, tan\u00addis que de nom\u00adbreuses start-ups inno\u00advantes ont \u00e9merg\u00e9, bous\u00adcu\u00adlant les acteurs tra\u00addi\u00adtion\u00adnels.<\/p>\n\n\n\n<figure class=\"wp-block-image size-full\"><img loading=\"lazy\" decoding=\"async\" width=\"885\" height=\"500\" src=\"https:\/\/bobea.net\/wp-content\/uploads\/2025\/03\/imageSFHKML.jpg\" alt class=\"wp-image-11066\" srcset=\"https:\/\/bobea.net\/wp-content\/uploads\/2025\/03\/imageSFHKML.jpg 885w, https:\/\/bobea.net\/wp-content\/uploads\/2025\/03\/imageSFHKML-300x169.jpg 300w, https:\/\/bobea.net\/wp-content\/uploads\/2025\/03\/imageSFHKML-768x434.jpg 768w\" sizes=\"(max-width: 885px) 100vw, 885px\"><\/figure>\n\n\n\n<p>L\u2019\u00e9\u00adconomie cir\u00adcu\u00adlaire s\u2019est impos\u00e9e comme un mod\u00ad\u00e8le incon\u00adtourn\u00adable, avec des mar\u00adques qui r\u00e9cup\u00e8rent et recy\u00adclent leurs pro\u00adpres embal\u00adlages pour cr\u00e9er de nou\u00adveaux pro\u00adduits.<\/p>\n\n\n\n<p><strong>D\u00e9fis et per\u00adspec\u00adtives<\/strong><\/p>\n\n\n\n<p>Mal\u00adgr\u00e9 ces avanc\u00e9es, des d\u00e9fis per\u00adsis\u00adtent. La disponi\u00adbil\u00adit\u00e9 lim\u00adit\u00e9e de cer\u00adtains ingr\u00e9\u00addi\u00adents naturels pose des ques\u00adtions de scal\u00ada\u00adbil\u00adit\u00e9. De plus, le co\u00fbt sou\u00advent plus \u00e9lev\u00e9 des pro\u00adduits \u00e9co-respon\u00ads\u00adables soul\u00e8ve des enjeux d\u2019ac\u00adces\u00adsi\u00adbil\u00adit\u00e9.<\/p>\n\n\n\n<p>Cepen\u00addant, les inno\u00adva\u00adtions con\u00adtin\u00adues et l\u2019en\u00adgage\u00adment crois\u00adsant des con\u00adsom\u00adma\u00adteurs lais\u00adsent pr\u00e9sager un avenir promet\u00adteur pour la beaut\u00e9 \u00e9co-respon\u00ads\u00adable.<\/p>\n\n\n\n<p><strong>Con\u00adclu\u00adsion<\/strong><\/p>\n\n\n\n<p>La r\u00e9vo\u00adlu\u00adtion verte dans nos salles de bain est bien plus qu\u2019une sim\u00adple ten\u00addance. Elle refl\u00e8te un change\u00adment pro\u00adfond dans notre rap\u00adport \u00e0 la beaut\u00e9, \u00e0 la san\u00adt\u00e9 et \u00e0 l\u2019en\u00advi\u00adron\u00adnement. En 2025, pren\u00addre soin de soi sig\u00adni\u00adfie aus\u00adsi pren\u00addre soin de la plan\u00e8te.<\/p>\n","protected":false},"excerpt":{"rendered":"<p>En 2025, l\u2019in\u00addus\u00adtrie de la beaut\u00e9 con\u00adna\u00eet une v\u00e9ri\u00adta\u00adble r\u00e9vo\u00adlu\u00adtion verte. Les con\u00adsom\u00adma\u00adteurs, de plus en plus con\u00adscients de l\u2019im\u00adpact envi\u00adron\u00adnemen\u00adtal de leurs choix, se tour\u00adnent mas\u00adsive\u00adment vers des pro\u00adduits\u2026 <\/p>\n","protected":false},"author":1,"featured_media":11065,"comment_status":"open","ping_status":"closed","sticky":false,"template":"","format":"standard","meta":{"wp_typography_post_enhancements_disabled":false,"footnotes":""},"categories":[68],"tags":[6040,10171,10170,2796,10172],"class_list":["post-11064","post","type-post","status-publish","format-standard","has-post-thumbnail","hentry","category-soins","tag-beaute-durable","tag-cosmetiques-eco-responsables","tag-emballages-zero-dechet","tag-ingredients-naturels","tag-personnalisation-beaute"],"yoast_head":"<!-- This site is optimized with the Yoast SEO plugin v24.7 - https:\/\/yoast.com\/wordpress\/plugins\/seo\/ -->\n<title>R\u00e9volution verte dans nos salles de bain - Le boom des cosm\u00e9tiques \u00e9co-responsables - Bobea<\/title>\n<meta name=\"robots\" content=\"index, follow, max-snippet:-1, max-image-preview:large, max-video-preview:-1\" \/>\n<link rel=\"canonical\" href=\"https:\/\/bobea.net\/index.php\/2025\/03\/11\/revolution-verte-dans-nos-salles-de-bain-le-boom-des-cosmetiques-eco-responsables\/\" \/>\n<meta property=\"og:locale\" content=\"fr_FR\" \/>\n<meta property=\"og:type\" content=\"article\" \/>\n<meta property=\"og:title\" content=\"R\u00e9volution verte dans nos salles de bain - Le boom des cosm\u00e9tiques \u00e9co-responsables - Bobea\" \/>\n<meta property=\"og:description\" content=\"En 2025, l\u2019in\u00addus\u00adtrie de la beaut\u00e9 con\u00adna\u00eet une v\u00e9ri\u00adta\u00adble r\u00e9vo\u00adlu\u00adtion verte. Les con\u00adsom\u00adma\u00adteurs, de plus en plus con\u00adscients de l\u2019im\u00adpact envi\u00adron\u00adnemen\u00adtal de leurs choix, se tour\u00adnent mas\u00adsive\u00adment vers des pro\u00adduits&hellip;\" \/>\n<meta property=\"og:url\" content=\"https:\/\/bobea.net\/index.php\/2025\/03\/11\/revolution-verte-dans-nos-salles-de-bain-le-boom-des-cosmetiques-eco-responsables\/\" \/>\n<meta property=\"og:site_name\" content=\"Bobea\" \/>\n<meta property=\"article:publisher\" content=\"https:\/\/web.facebook.com\/profile.php?id=61559252188416\" \/>\n<meta property=\"article:published_time\" content=\"2025-03-11T10:19:59+00:00\" \/>\n<meta property=\"article:modified_time\" content=\"2025-03-11T10:20:03+00:00\" \/>\n<meta property=\"og:image\" content=\"https:\/\/bobea.net\/wp-content\/uploads\/2025\/03\/salle-de-bain-ecoresponsable.jpg\" \/>\n\t<meta property=\"og:image:width\" content=\"1000\" \/>\n\t<meta property=\"og:image:height\" content=\"563\" \/>\n\t<meta property=\"og:image:type\" content=\"image\/jpeg\" \/>\n<meta name=\"author\" content=\"bobea.info\" \/>\n<meta name=\"twitter:card\" content=\"summary_large_image\" \/>\n<meta name=\"twitter:label1\" content=\"\u00c9crit par\" \/>\n\t<meta name=\"twitter:data1\" content=\"bobea.info\" \/>\n\t<meta name=\"twitter:label2\" content=\"Dur\u00e9e de lecture estim\u00e9e\" \/>\n\t<meta name=\"twitter:data2\" content=\"4 minutes\" \/>\n<script type=\"application\/ld+json\" class=\"yoast-schema-graph\">{\"@context\":\"https:\/\/schema.org\",\"@graph\":[{\"@type\":\"Article\",\"@id\":\"https:\/\/bobea.net\/index.php\/2025\/03\/11\/revolution-verte-dans-nos-salles-de-bain-le-boom-des-cosmetiques-eco-responsables\/#article\",\"isPartOf\":{\"@id\":\"https:\/\/bobea.net\/index.php\/2025\/03\/11\/revolution-verte-dans-nos-salles-de-bain-le-boom-des-cosmetiques-eco-responsables\/\"},\"author\":{\"name\":\"bobea.info\",\"@id\":\"https:\/\/bobea.net\/#\/schema\/person\/e7f45ef187918d7c956bf619dce90ccf\"},\"headline\":\"R\u00e9volution verte dans nos salles de bain \u2014 Le boom des cosm\u00e9tiques \u00e9co-responsables\",\"datePublished\":\"2025-03-11T10:19:59+00:00\",\"dateModified\":\"2025-03-11T10:20:03+00:00\",\"mainEntityOfPage\":{\"@id\":\"https:\/\/bobea.net\/index.php\/2025\/03\/11\/revolution-verte-dans-nos-salles-de-bain-le-boom-des-cosmetiques-eco-responsables\/\"},\"wordCount\":729,\"commentCount\":0,\"publisher\":{\"@id\":\"https:\/\/bobea.net\/#organization\"},\"image\":{\"@id\":\"https:\/\/bobea.net\/index.php\/2025\/03\/11\/revolution-verte-dans-nos-salles-de-bain-le-boom-des-cosmetiques-eco-responsables\/#primaryimage\"},\"thumbnailUrl\":\"https:\/\/bobea.net\/wp-content\/uploads\/2025\/03\/salle-de-bain-ecoresponsable.jpg\",\"keywords\":[\"beaut\u00e9 durable\",\"cosm\u00e9tiques \u00e9co-responsables\",\"emballages z\u00e9ro d\u00e9chet\",\"ingr\u00e9dients naturels\",\"personnalisation beaut\u00e9\"],\"articleSection\":[\"Soins\"],\"inLanguage\":\"fr-FR\",\"potentialAction\":[{\"@type\":\"CommentAction\",\"name\":\"Comment\",\"target\":[\"https:\/\/bobea.net\/index.php\/2025\/03\/11\/revolution-verte-dans-nos-salles-de-bain-le-boom-des-cosmetiques-eco-responsables\/#respond\"]}]},{\"@type\":\"WebPage\",\"@id\":\"https:\/\/bobea.net\/index.php\/2025\/03\/11\/revolution-verte-dans-nos-salles-de-bain-le-boom-des-cosmetiques-eco-responsables\/\",\"url\":\"https:\/\/bobea.net\/index.php\/2025\/03\/11\/revolution-verte-dans-nos-salles-de-bain-le-boom-des-cosmetiques-eco-responsables\/\",\"name\":\"R\u00e9volution verte dans nos salles de bain - Le boom des cosm\u00e9tiques \u00e9co-responsables - Bobea\",\"isPartOf\":{\"@id\":\"https:\/\/bobea.net\/#website\"},\"primaryImageOfPage\":{\"@id\":\"https:\/\/bobea.net\/index.php\/2025\/03\/11\/revolution-verte-dans-nos-salles-de-bain-le-boom-des-cosmetiques-eco-responsables\/#primaryimage\"},\"image\":{\"@id\":\"https:\/\/bobea.net\/index.php\/2025\/03\/11\/revolution-verte-dans-nos-salles-de-bain-le-boom-des-cosmetiques-eco-responsables\/#primaryimage\"},\"thumbnailUrl\":\"https:\/\/bobea.net\/wp-content\/uploads\/2025\/03\/salle-de-bain-ecoresponsable.jpg\",\"datePublished\":\"2025-03-11T10:19:59+00:00\",\"dateModified\":\"2025-03-11T10:20:03+00:00\",\"breadcrumb\":{\"@id\":\"https:\/\/bobea.net\/index.php\/2025\/03\/11\/revolution-verte-dans-nos-salles-de-bain-le-boom-des-cosmetiques-eco-responsables\/#breadcrumb\"},\"inLanguage\":\"fr-FR\",\"potentialAction\":[{\"@type\":\"ReadAction\",\"target\":[\"https:\/\/bobea.net\/index.php\/2025\/03\/11\/revolution-verte-dans-nos-salles-de-bain-le-boom-des-cosmetiques-eco-responsables\/\"]}]},{\"@type\":\"ImageObject\",\"inLanguage\":\"fr-FR\",\"@id\":\"https:\/\/bobea.net\/index.php\/2025\/03\/11\/revolution-verte-dans-nos-salles-de-bain-le-boom-des-cosmetiques-eco-responsables\/#primaryimage\",\"url\":\"https:\/\/bobea.net\/wp-content\/uploads\/2025\/03\/salle-de-bain-ecoresponsable.jpg\",\"contentUrl\":\"https:\/\/bobea.net\/wp-content\/uploads\/2025\/03\/salle-de-bain-ecoresponsable.jpg\",\"width\":1000,\"height\":563},{\"@type\":\"BreadcrumbList\",\"@id\":\"https:\/\/bobea.net\/index.php\/2025\/03\/11\/revolution-verte-dans-nos-salles-de-bain-le-boom-des-cosmetiques-eco-responsables\/#breadcrumb\",\"itemListElement\":[{\"@type\":\"ListItem\",\"position\":1,\"name\":\"Accueil\",\"item\":\"https:\/\/bobea.net\/\"},{\"@type\":\"ListItem\",\"position\":2,\"name\":\"R\u00e9volution verte dans nos salles de bain &#8211; Le boom des cosm\u00e9tiques \u00e9co-responsables\"}]},{\"@type\":\"WebSite\",\"@id\":\"https:\/\/bobea.net\/#website\",\"url\":\"https:\/\/bobea.net\/\",\"name\":\"Bobea\",\"description\":\"Le magazine de la nouvelle \u00c8ve\",\"publisher\":{\"@id\":\"https:\/\/bobea.net\/#organization\"},\"potentialAction\":[{\"@type\":\"SearchAction\",\"target\":{\"@type\":\"EntryPoint\",\"urlTemplate\":\"https:\/\/bobea.net\/?s={search_term_string}\"},\"query-input\":{\"@type\":\"PropertyValueSpecification\",\"valueRequired\":true,\"valueName\":\"search_term_string\"}}],\"inLanguage\":\"fr-FR\"},{\"@type\":\"Organization\",\"@id\":\"https:\/\/bobea.net\/#organization\",\"name\":\"Bobea\",\"url\":\"https:\/\/bobea.net\/\",\"logo\":{\"@type\":\"ImageObject\",\"inLanguage\":\"fr-FR\",\"@id\":\"https:\/\/bobea.net\/#\/schema\/logo\/image\/\",\"url\":\"https:\/\/bobea.net\/wp-content\/uploads\/2024\/06\/bobea.jpg\",\"contentUrl\":\"https:\/\/bobea.net\/wp-content\/uploads\/2024\/06\/bobea.jpg\",\"width\":1080,\"height\":1080,\"caption\":\"Bobea\"},\"image\":{\"@id\":\"https:\/\/bobea.net\/#\/schema\/logo\/image\/\"},\"sameAs\":[\"https:\/\/web.facebook.com\/profile.php?id=61559252188416\"]},{\"@type\":\"Person\",\"@id\":\"https:\/\/bobea.net\/#\/schema\/person\/e7f45ef187918d7c956bf619dce90ccf\",\"name\":\"bobea.info\",\"image\":{\"@type\":\"ImageObject\",\"inLanguage\":\"fr-FR\",\"@id\":\"https:\/\/bobea.net\/#\/schema\/person\/image\/\",\"url\":\"https:\/\/secure.gravatar.com\/avatar\/36147980349df887ae30808df3e29474?s=96&d=mm&r=g\",\"contentUrl\":\"https:\/\/secure.gravatar.com\/avatar\/36147980349df887ae30808df3e29474?s=96&d=mm&r=g\",\"caption\":\"bobea.info\"},\"sameAs\":[\"https:\/\/bobea.net\"],\"url\":\"https:\/\/bobea.net\/index.php\/author\/bobea-info\/\"}]}<\/script>\n<!-- \/ Yoast SEO plugin. -->","yoast_head_json":{"title":"R\u00e9volution verte dans nos salles de bain - Le boom des cosm\u00e9tiques \u00e9co-responsables - Bobea","robots":{"index":"index","follow":"follow","max-snippet":"max-snippet:-1","max-image-preview":"max-image-preview:large","max-video-preview":"max-video-preview:-1"},"canonical":"https:\/\/bobea.net\/index.php\/2025\/03\/11\/revolution-verte-dans-nos-salles-de-bain-le-boom-des-cosmetiques-eco-responsables\/","og_locale":"fr_FR","og_type":"article","og_title":"R\u00e9volution verte dans nos salles de bain - Le boom des cosm\u00e9tiques \u00e9co-responsables - Bobea","og_description":"En 2025, l\u2019in\u00addus\u00adtrie de la beaut\u00e9 con\u00adna\u00eet une v\u00e9ri\u00adta\u00adble r\u00e9vo\u00adlu\u00adtion verte. Les con\u00adsom\u00adma\u00adteurs, de plus en plus con\u00adscients de l\u2019im\u00adpact envi\u00adron\u00adnemen\u00adtal de leurs choix, se tour\u00adnent mas\u00adsive\u00adment vers des pro\u00adduits&hellip;","og_url":"https:\/\/bobea.net\/index.php\/2025\/03\/11\/revolution-verte-dans-nos-salles-de-bain-le-boom-des-cosmetiques-eco-responsables\/","og_site_name":"Bobea","article_publisher":"https:\/\/web.facebook.com\/profile.php?id=61559252188416","article_published_time":"2025-03-11T10:19:59+00:00","article_modified_time":"2025-03-11T10:20:03+00:00","og_image":[{"width":1000,"height":563,"url":"https:\/\/bobea.net\/wp-content\/uploads\/2025\/03\/salle-de-bain-ecoresponsable.jpg","type":"image\/jpeg"}],"author":"bobea.info","twitter_card":"summary_large_image","twitter_misc":{"\u00c9crit par":"bobea.info","Dur\u00e9e de lecture estim\u00e9e":"4 minutes"},"schema":{"@context":"https:\/\/schema.org","@graph":[{"@type":"Article","@id":"https:\/\/bobea.net\/index.php\/2025\/03\/11\/revolution-verte-dans-nos-salles-de-bain-le-boom-des-cosmetiques-eco-responsables\/#article","isPartOf":{"@id":"https:\/\/bobea.net\/index.php\/2025\/03\/11\/revolution-verte-dans-nos-salles-de-bain-le-boom-des-cosmetiques-eco-responsables\/"},"author":{"name":"bobea.info","@id":"https:\/\/bobea.net\/#\/schema\/person\/e7f45ef187918d7c956bf619dce90ccf"},"headline":"R\u00e9volution verte dans nos salles de bain \u2014 Le boom des cosm\u00e9tiques \u00e9co-responsables","datePublished":"2025-03-11T10:19:59+00:00","dateModified":"2025-03-11T10:20:03+00:00","mainEntityOfPage":{"@id":"https:\/\/bobea.net\/index.php\/2025\/03\/11\/revolution-verte-dans-nos-salles-de-bain-le-boom-des-cosmetiques-eco-responsables\/"},"wordCount":729,"commentCount":0,"publisher":{"@id":"https:\/\/bobea.net\/#organization"},"image":{"@id":"https:\/\/bobea.net\/index.php\/2025\/03\/11\/revolution-verte-dans-nos-salles-de-bain-le-boom-des-cosmetiques-eco-responsables\/#primaryimage"},"thumbnailUrl":"https:\/\/bobea.net\/wp-content\/uploads\/2025\/03\/salle-de-bain-ecoresponsable.jpg","keywords":["beaut\u00e9 durable","cosm\u00e9tiques \u00e9co-responsables","emballages z\u00e9ro d\u00e9chet","ingr\u00e9dients naturels","personnalisation beaut\u00e9"],"articleSection":["Soins"],"inLanguage":"fr-FR","potentialAction":[{"@type":"CommentAction","name":"Comment","target":["https:\/\/bobea.net\/index.php\/2025\/03\/11\/revolution-verte-dans-nos-salles-de-bain-le-boom-des-cosmetiques-eco-responsables\/#respond"]}]},{"@type":"WebPage","@id":"https:\/\/bobea.net\/index.php\/2025\/03\/11\/revolution-verte-dans-nos-salles-de-bain-le-boom-des-cosmetiques-eco-responsables\/","url":"https:\/\/bobea.net\/index.php\/2025\/03\/11\/revolution-verte-dans-nos-salles-de-bain-le-boom-des-cosmetiques-eco-responsables\/","name":"R\u00e9volution verte dans nos salles de bain - Le boom des cosm\u00e9tiques \u00e9co-responsables - Bobea","isPartOf":{"@id":"https:\/\/bobea.net\/#website"},"primaryImageOfPage":{"@id":"https:\/\/bobea.net\/index.php\/2025\/03\/11\/revolution-verte-dans-nos-salles-de-bain-le-boom-des-cosmetiques-eco-responsables\/#primaryimage"},"image":{"@id":"https:\/\/bobea.net\/index.php\/2025\/03\/11\/revolution-verte-dans-nos-salles-de-bain-le-boom-des-cosmetiques-eco-responsables\/#primaryimage"},"thumbnailUrl":"https:\/\/bobea.net\/wp-content\/uploads\/2025\/03\/salle-de-bain-ecoresponsable.jpg","datePublished":"2025-03-11T10:19:59+00:00","dateModified":"2025-03-11T10:20:03+00:00","breadcrumb":{"@id":"https:\/\/bobea.net\/index.php\/2025\/03\/11\/revolution-verte-dans-nos-salles-de-bain-le-boom-des-cosmetiques-eco-responsables\/#breadcrumb"},"inLanguage":"fr-FR","potentialAction":[{"@type":"ReadAction","target":["https:\/\/bobea.net\/index.php\/2025\/03\/11\/revolution-verte-dans-nos-salles-de-bain-le-boom-des-cosmetiques-eco-responsables\/"]}]},{"@type":"ImageObject","inLanguage":"fr-FR","@id":"https:\/\/bobea.net\/index.php\/2025\/03\/11\/revolution-verte-dans-nos-salles-de-bain-le-boom-des-cosmetiques-eco-responsables\/#primaryimage","url":"https:\/\/bobea.net\/wp-content\/uploads\/2025\/03\/salle-de-bain-ecoresponsable.jpg","contentUrl":"https:\/\/bobea.net\/wp-content\/uploads\/2025\/03\/salle-de-bain-ecoresponsable.jpg","width":1000,"height":563},{"@type":"BreadcrumbList","@id":"https:\/\/bobea.net\/index.php\/2025\/03\/11\/revolution-verte-dans-nos-salles-de-bain-le-boom-des-cosmetiques-eco-responsables\/#breadcrumb","itemListElement":[{"@type":"ListItem","position":1,"name":"Accueil","item":"https:\/\/bobea.net\/"},{"@type":"ListItem","position":2,"name":"R\u00e9volution verte dans nos salles de bain &#8211; Le boom des cosm\u00e9tiques \u00e9co-responsables"}]},{"@type":"WebSite","@id":"https:\/\/bobea.net\/#website","url":"https:\/\/bobea.net\/","name":"Bobea","description":"Le magazine de la nouvelle \u00c8ve","publisher":{"@id":"https:\/\/bobea.net\/#organization"},"potentialAction":[{"@type":"SearchAction","target":{"@type":"EntryPoint","urlTemplate":"https:\/\/bobea.net\/?s={search_term_string}"},"query-input":{"@type":"PropertyValueSpecification","valueRequired":true,"valueName":"search_term_string"}}],"inLanguage":"fr-FR"},{"@type":"Organization","@id":"https:\/\/bobea.net\/#organization","name":"Bobea","url":"https:\/\/bobea.net\/","logo":{"@type":"ImageObject","inLanguage":"fr-FR","@id":"https:\/\/bobea.net\/#\/schema\/logo\/image\/","url":"https:\/\/bobea.net\/wp-content\/uploads\/2024\/06\/bobea.jpg","contentUrl":"https:\/\/bobea.net\/wp-content\/uploads\/2024\/06\/bobea.jpg","width":1080,"height":1080,"caption":"Bobea"},"image":{"@id":"https:\/\/bobea.net\/#\/schema\/logo\/image\/"},"sameAs":["https:\/\/web.facebook.com\/profile.php?id=61559252188416"]},{"@type":"Person","@id":"https:\/\/bobea.net\/#\/schema\/person\/e7f45ef187918d7c956bf619dce90ccf","name":"bobea.info","image":{"@type":"ImageObject","inLanguage":"fr-FR","@id":"https:\/\/bobea.net\/#\/schema\/person\/image\/","url":"https:\/\/secure.gravatar.com\/avatar\/36147980349df887ae30808df3e29474?s=96&d=mm&r=g","contentUrl":"https:\/\/secure.gravatar.com\/avatar\/36147980349df887ae30808df3e29474?s=96&d=mm&r=g","caption":"bobea.info"},"sameAs":["https:\/\/bobea.net"],"url":"https:\/\/bobea.net\/index.php\/author\/bobea-info\/"}]}},"_links":{"self":[{"href":"https:\/\/bobea.net\/index.php\/wp-json\/wp\/v2\/posts\/11064"}],"collection":[{"href":"https:\/\/bobea.net\/index.php\/wp-json\/wp\/v2\/posts"}],"about":[{"href":"https:\/\/bobea.net\/index.php\/wp-json\/wp\/v2\/types\/post"}],"author":[{"embeddable":true,"href":"https:\/\/bobea.net\/index.php\/wp-json\/wp\/v2\/users\/1"}],"replies":[{"embeddable":true,"href":"https:\/\/bobea.net\/index.php\/wp-json\/wp\/v2\/comments?post=11064"}],"version-history":[{"count":1,"href":"https:\/\/bobea.net\/index.php\/wp-json\/wp\/v2\/posts\/11064\/revisions"}],"predecessor-version":[{"id":11067,"href":"https:\/\/bobea.net\/index.php\/wp-json\/wp\/v2\/posts\/11064\/revisions\/11067"}],"wp:featuredmedia":[{"embeddable":true,"href":"https:\/\/bobea.net\/index.php\/wp-json\/wp\/v2\/media\/11065"}],"wp:attachment":[{"href":"https:\/\/bobea.net\/index.php\/wp-json\/wp\/v2\/media?parent=11064"}],"wp:term":[{"taxonomy":"category","embeddable":true,"href":"https:\/\/bobea.net\/index.php\/wp-json\/wp\/v2\/categories?post=11064"},{"taxonomy":"post_tag","embeddable":true,"href":"https:\/\/bobea.net\/index.php\/wp-json\/wp\/v2\/tags?post=11064"}],"curies":[{"name":"wp","href":"https:\/\/api.w.org\/{rel}","templated":true}]}}