{"id":11047,"date":"2025-03-11T09:56:44","date_gmt":"2025-03-11T09:56:44","guid":{"rendered":"https:\/\/bobea.net\/?p=11047"},"modified":"2025-03-11T09:56:45","modified_gmt":"2025-03-11T09:56:45","slug":"crise-de-lusaid-83-des-programmes-daide-fermes-aux-etats-unis","status":"publish","type":"post","link":"https:\/\/bobea.net\/index.php\/2025\/03\/11\/crise-de-lusaid-83-des-programmes-daide-fermes-aux-etats-unis\/","title":{"rendered":"Crise de l\u2019USAID \u2014 83% des programmes d\u2019aide ferm\u00e9s aux \u00c9tats-Unis"},"content":{"rendered":"\n<p>Dans une d\u00e9ci\u00adsion choc qui \u00e9bran\u00adle le monde de l\u2019aide inter\u00adna\u00adtionale, l\u2019A\u00adgence des \u00c9tats-Unis pour le d\u00e9veloppe\u00adment inter\u00adna\u00adtion\u00adal (USAID) a annon\u00adc\u00e9 la fer\u00adme\u00adture de 83% de ses pro\u00adgrammes \u00e0 tra\u00advers le monde. Cette mesure dras\u00adtique, motiv\u00e9e par des coupes budg\u00e9\u00adtaires sans pr\u00e9c\u00e9\u00addent, soul\u00e8ve de vives inqui\u00e9\u00adtudes quant \u00e0 l\u2019im\u00adpact sur les pop\u00adu\u00adla\u00adtions vul\u00adn\u00e9rables et le r\u00f4le des \u00c9tats-Unis sur la sc\u00e8ne inter\u00adna\u00adtionale.<\/p>\n\n\n\n<p><strong>Ampleur des coupes<\/strong><\/p>\n\n\n\n<p>L\u2019ad\u00admin\u00adis\u00adtra\u00adtrice de l\u2019U\u00adSAID, Sarah John\u00adson, a d\u00e9clar\u00e9 lors d\u2019une con\u00adf\u00e9rence de presse : \u201cC\u2019est avec un pro\u00adfond regret que nous annon\u00e7ons la sus\u00adpen\u00adsion de la majorit\u00e9 de nos pro\u00adgrammes. Cette d\u00e9ci\u00adsion, impos\u00e9e par les con\u00adtraintes budg\u00e9\u00adtaires, aura des con\u00ads\u00e9quences d\u00e9vas\u00adta\u00adtri\u00adces sur des mil\u00adlions de per\u00adson\u00adnes dans le monde.\u201d<\/p>\n\n\n\n<p>Les pro\u00adgrammes touch\u00e9s cou\u00advrent un large \u00e9ven\u00adtail de domaines, notam\u00adment :<\/p>\n\n\n\n<ul class=\"wp-block-list\">\n<li>L\u2019aide ali\u00admen\u00adtaire d\u2019ur\u00adgence<\/li>\n\n\n\n<li>Les soins de san\u00adt\u00e9 de base<\/li>\n\n\n\n<li>L\u2019\u00e9\u00add\u00adu\u00adca\u00adtion dans les zones de con\u00adflit<\/li>\n\n\n\n<li>Les pro\u00adjets d\u2019ac\u00adc\u00e8s \u00e0 l\u2019eau potable<\/li>\n\n\n\n<li>Les ini\u00adtia\u00adtives de lutte con\u00adtre le change\u00adment cli\u00adma\u00adtique<\/li>\n<\/ul>\n\n\n\n<p><strong>R\u00e9ac\u00adtions inter\u00adna\u00adtionales<\/strong><\/p>\n\n\n\n<p>La com\u00admu\u00adnaut\u00e9 inter\u00adna\u00adtionale a r\u00e9a\u00adgi avec con\u00adster\u00adna\u00adtion \u00e0 cette annonce. Ant\u00f3nio Guter\u00adres, Secr\u00e9\u00adtaire g\u00e9n\u00e9ral des Nations Unies, a qual\u00adi\u00adfi\u00e9 cette d\u00e9ci\u00adsion de \u201crevers majeur pour le d\u00e9veloppe\u00adment mon\u00addi\u00adal\u201d. Il a appel\u00e9 le gou\u00adverne\u00adment am\u00e9ri\u00adcain \u00e0 recon\u00adsid\u00ad\u00e9r\u00ader sa posi\u00adtion, soulig\u00adnant que \u201cl\u2019aide au d\u00e9veloppe\u00adment n\u2019est pas seule\u00adment une ques\u00adtion de g\u00e9n\u00e9rosit\u00e9, mais aus\u00adsi de s\u00e9cu\u00adrit\u00e9 mon\u00addi\u00adale et de sta\u00adbil\u00adit\u00e9 \u00e9conomique\u201d.<\/p>\n\n\n\n<figure class=\"wp-block-image size-full is-resized\"><img loading=\"lazy\" decoding=\"async\" width=\"800\" height=\"533\" src=\"https:\/\/bobea.net\/wp-content\/uploads\/2025\/03\/temp_medias_940780_141715.webp\" alt class=\"wp-image-11050\" style=\"width:840px;height:auto\" srcset=\"https:\/\/bobea.net\/wp-content\/uploads\/2025\/03\/temp_medias_940780_141715.webp 800w, https:\/\/bobea.net\/wp-content\/uploads\/2025\/03\/temp_medias_940780_141715-300x200.webp 300w, https:\/\/bobea.net\/wp-content\/uploads\/2025\/03\/temp_medias_940780_141715-768x512.webp 768w\" sizes=\"(max-width: 800px) 100vw, 800px\"><\/figure>\n\n\n\n<p>Plusieurs pays europ\u00e9ens ont exprim\u00e9 leur inqui\u00e9\u00adtude quant \u00e0 la capac\u00adit\u00e9 de combler le vide lais\u00ads\u00e9 par le retrait am\u00e9ri\u00adcain. La min\u00adistre fran\u00e7aise des Affaires \u00e9trang\u00e8res a d\u00e9clar\u00e9 : \u201cNous ne pou\u00advons pas laiss\u00ader s\u2019ef\u00adfon\u00addr\u00ader des ann\u00e9es de pro\u00adgr\u00e8s en mati\u00e8re de d\u00e9veloppe\u00adment. L\u2019Eu\u00adrope doit \u00eatre pr\u00eate \u00e0 inten\u00adsi\u00adfi\u00ader ses efforts.\u201d<\/p>\n\n\n\n<p><strong>Impact sur les pop\u00adu\u00adla\u00adtions vul\u00adn\u00e9rables<\/strong><\/p>\n\n\n\n<p>Les con\u00ads\u00e9quences de ces coupes se font d\u00e9j\u00e0 sen\u00adtir sur le ter\u00adrain. Au Soudan du Sud, o\u00f9 l\u2019U\u00adSAID finan\u00e7ait des pro\u00adgrammes vitaux de nutri\u00adtion, des respon\u00ads\u00adables locaux rap\u00adpor\u00adtent une aug\u00admen\u00adta\u00adtion alar\u00admante des cas de mal\u00adnu\u00adtri\u00adtion infan\u00adtile. Au Bangladesh, des pro\u00adjets d\u2019adap\u00adta\u00adtion au change\u00adment cli\u00adma\u00adtique, cru\u00adci\u00adaux pour les com\u00admu\u00adnaut\u00e9s c\u00f4ti\u00e8res, sont men\u00adac\u00e9s d\u2019ar\u00adr\u00eat imm\u00e9\u00addi\u00adat.<\/p>\n\n\n\n<p>Dr. Ami\u00adna Dial\u00adlo, experte en san\u00adt\u00e9 publique \u00e0 l\u2019OMS, met en garde : \u201cCes coupes auront des effets en cas\u00adcade sur la san\u00adt\u00e9 mon\u00addi\u00adale. Des ann\u00e9es de pro\u00adgr\u00e8s dans la lutte con\u00adtre les mal\u00adadies infec\u00adtieuses pour\u00adraient \u00eatre an\u00e9anties.\u201d<\/p>\n\n\n\n<p><strong>D\u00e9bat poli\u00adtique aux \u00c9tats-Unis<\/strong><\/p>\n\n\n\n<p>La d\u00e9ci\u00adsion de r\u00e9duire dras\u00adtique\u00adment le bud\u00adget de l\u2019U\u00adSAID a d\u00e9clench\u00e9 un vif d\u00e9bat poli\u00adtique \u00e0 Wash\u00ading\u00adton. Les par\u00adti\u00adsans de cette mesure arguent qu\u2019elle per\u00adme\u00adt\u00adtra de r\u00e9al\u00adlouer des ressources \u00e0 des pri\u00ador\u00adit\u00e9s nationales, tan\u00addis que les opposants soulig\u00adnent l\u2019im\u00adpor\u00adtance de l\u2019aide \u00e9trang\u00e8re pour la s\u00e9cu\u00adrit\u00e9 nationale et l\u2019in\u00adflu\u00adence diplo\u00adma\u00adtique des \u00c9tats-Unis.<\/p>\n\n\n\n<p>Le s\u00e9na\u00adteur John Smith, fer\u00advent d\u00e9fenseur de l\u2019aide inter\u00adna\u00adtionale, a d\u00e9clar\u00e9 : \u201cEn se reti\u00adrant de la sc\u00e8ne du d\u00e9veloppe\u00adment mon\u00addi\u00adal, l\u2019Am\u00e9rique c\u00e8de du ter\u00adrain \u00e0 d\u2019autres puis\u00adsances comme la Chine. C\u2019est une erreur strat\u00e9gique majeure.\u201d<\/p>\n\n\n\n<figure class=\"wp-block-image size-large\"><img loading=\"lazy\" decoding=\"async\" width=\"1024\" height=\"768\" src=\"https:\/\/bobea.net\/wp-content\/uploads\/2025\/03\/manifestation-en-soutien-a-usaid-en-fevrier-dernier-1024x768.webp\" alt class=\"wp-image-11049\" srcset=\"https:\/\/bobea.net\/wp-content\/uploads\/2025\/03\/manifestation-en-soutien-a-usaid-en-fevrier-dernier-1024x768.webp 1024w, https:\/\/bobea.net\/wp-content\/uploads\/2025\/03\/manifestation-en-soutien-a-usaid-en-fevrier-dernier-300x225.webp 300w, https:\/\/bobea.net\/wp-content\/uploads\/2025\/03\/manifestation-en-soutien-a-usaid-en-fevrier-dernier-768x576.webp 768w, https:\/\/bobea.net\/wp-content\/uploads\/2025\/03\/manifestation-en-soutien-a-usaid-en-fevrier-dernier.webp 1200w\" sizes=\"(max-width: 1024px) 100vw, 1024px\"><\/figure>\n\n\n\n<p><strong>Recherche d\u2019al\u00adter\u00adna\u00adtives<\/strong><\/p>\n\n\n\n<p>Face \u00e0 cette crise, de nom\u00adbreuses ONG et organ\u00adi\u00adsa\u00adtions inter\u00adna\u00adtionales cherchent des solu\u00adtions alter\u00adna\u00adtives pour main\u00adtenir les pro\u00adgrammes vitaux. Cer\u00adtaines explorent des parte\u00adnar\u00adi\u00adats avec le secteur priv\u00e9, tan\u00addis que d\u2019autres se tour\u00adnent vers le finance\u00adment par\u00adtic\u00adi\u00adpatif et les dons indi\u00advidu\u00adels.<\/p>\n\n\n\n<p>La Fon\u00adda\u00adtion Gates a annon\u00adc\u00e9 un fonds d\u2019ur\u00adgence de 500 mil\u00adlions de dol\u00adlars pour soutenir les pro\u00adgrammes les plus cri\u00adtiques, mais son pr\u00e9si\u00addent recon\u00adna\u00eet que \u201ccela ne suf\u00adfi\u00adra pas \u00e0 combler le vide lais\u00ads\u00e9 par l\u2019U\u00adSAID\u201d.<\/p>\n\n\n\n<p><strong>Per\u00adspec\u00adtives d\u2019avenir<\/strong><\/p>\n\n\n\n<p>L\u2019avenir de l\u2019aide au d\u00e9veloppe\u00adment am\u00e9ri\u00adcaine reste incer\u00adtain. Cer\u00adtains ana\u00adlystes esp\u00e8rent que cette crise servi\u00adra de catal\u00ady\u00adseur pour repenser l\u2019ap\u00adproche glob\u00adale de l\u2019aide inter\u00adna\u00adtionale, en favorisant des parte\u00adnar\u00adi\u00adats plus \u00e9quita\u00adbles et des solu\u00adtions locales inno\u00advantes.<\/p>\n\n\n\n<p>Cepen\u00addant, \u00e0 court terme, les con\u00ads\u00e9quences de ces coupes risquent d\u2019\u00eatre s\u00e9v\u00e8res pour des mil\u00adlions de per\u00adson\u00adnes d\u00e9pen\u00addant de l\u2019aide am\u00e9ri\u00adcaine. La com\u00admu\u00adnaut\u00e9 inter\u00adna\u00adtionale se trou\u00adve face \u00e0 un d\u00e9fi majeur : combler rapi\u00adde\u00adment ce d\u00e9ficit d\u2019aide pour \u00e9viter une crise human\u00adi\u00adtaire \u00e0 grande \u00e9chelle.<\/p>\n","protected":false},"excerpt":{"rendered":"<p>Dans une d\u00e9ci\u00adsion choc qui \u00e9bran\u00adle le monde de l\u2019aide inter\u00adna\u00adtionale, l\u2019A\u00adgence des \u00c9tats-Unis pour le d\u00e9veloppe\u00adment inter\u00adna\u00adtion\u00adal (USAID) a annon\u00adc\u00e9 la fer\u00adme\u00adture de 83% de ses pro\u00adgrammes \u00e0 tra\u00advers\u2026 <\/p>\n","protected":false},"author":1,"featured_media":11048,"comment_status":"open","ping_status":"closed","sticky":false,"template":"","format":"standard","meta":{"wp_typography_post_enhancements_disabled":false,"footnotes":""},"categories":[73],"tags":[],"class_list":["post-11047","post","type-post","status-publish","format-standard","has-post-thumbnail","hentry","category-on-en-parle"],"yoast_head":"<!-- This site is optimized with the Yoast SEO plugin v24.7 - https:\/\/yoast.com\/wordpress\/plugins\/seo\/ -->\n<title>Crise de l&#039;USAID - 83% des programmes d&#039;aide ferm\u00e9s aux \u00c9tats-Unis - Bobea<\/title>\n<meta name=\"description\" content=\"Dans une d\u00e9cision choc qui \u00e9branle le monde de l&#039;aide internationale, l&#039;Agence des \u00c9tats-Unis pour le d\u00e9veloppement international (USAID)\" \/>\n<meta name=\"robots\" content=\"index, follow, max-snippet:-1, max-image-preview:large, max-video-preview:-1\" \/>\n<link rel=\"canonical\" href=\"https:\/\/bobea.net\/index.php\/2025\/03\/11\/crise-de-lusaid-83-des-programmes-daide-fermes-aux-etats-unis\/\" \/>\n<meta property=\"og:locale\" content=\"fr_FR\" \/>\n<meta property=\"og:type\" content=\"article\" \/>\n<meta property=\"og:title\" content=\"Crise de l&#039;USAID - 83% des programmes d&#039;aide ferm\u00e9s aux \u00c9tats-Unis - Bobea\" \/>\n<meta property=\"og:description\" content=\"Dans une d\u00e9cision choc qui \u00e9branle le monde de l&#039;aide internationale, l&#039;Agence des \u00c9tats-Unis pour le d\u00e9veloppement international (USAID)\" \/>\n<meta property=\"og:url\" content=\"https:\/\/bobea.net\/index.php\/2025\/03\/11\/crise-de-lusaid-83-des-programmes-daide-fermes-aux-etats-unis\/\" \/>\n<meta property=\"og:site_name\" content=\"Bobea\" \/>\n<meta property=\"article:publisher\" content=\"https:\/\/web.facebook.com\/profile.php?id=61559252188416\" \/>\n<meta property=\"article:published_time\" content=\"2025-03-11T09:56:44+00:00\" \/>\n<meta property=\"article:modified_time\" content=\"2025-03-11T09:56:45+00:00\" \/>\n<meta property=\"og:image\" content=\"https:\/\/bobea.net\/wp-content\/uploads\/2025\/03\/000_36X88EV.jpg\" \/>\n\t<meta property=\"og:image:width\" content=\"1280\" \/>\n\t<meta property=\"og:image:height\" content=\"720\" \/>\n\t<meta property=\"og:image:type\" content=\"image\/jpeg\" \/>\n<meta name=\"author\" content=\"bobea.info\" \/>\n<meta name=\"twitter:card\" content=\"summary_large_image\" \/>\n<meta name=\"twitter:label1\" content=\"\u00c9crit par\" \/>\n\t<meta name=\"twitter:data1\" content=\"bobea.info\" \/>\n\t<meta name=\"twitter:label2\" content=\"Dur\u00e9e de lecture estim\u00e9e\" \/>\n\t<meta name=\"twitter:data2\" content=\"4 minutes\" \/>\n<script type=\"application\/ld+json\" class=\"yoast-schema-graph\">{\"@context\":\"https:\/\/schema.org\",\"@graph\":[{\"@type\":\"Article\",\"@id\":\"https:\/\/bobea.net\/index.php\/2025\/03\/11\/crise-de-lusaid-83-des-programmes-daide-fermes-aux-etats-unis\/#article\",\"isPartOf\":{\"@id\":\"https:\/\/bobea.net\/index.php\/2025\/03\/11\/crise-de-lusaid-83-des-programmes-daide-fermes-aux-etats-unis\/\"},\"author\":{\"name\":\"bobea.info\",\"@id\":\"https:\/\/bobea.net\/#\/schema\/person\/e7f45ef187918d7c956bf619dce90ccf\"},\"headline\":\"Crise de l\u2019USAID \u2014 83% des programmes d\u2019aide ferm\u00e9s aux \u00c9tats-Unis\",\"datePublished\":\"2025-03-11T09:56:44+00:00\",\"dateModified\":\"2025-03-11T09:56:45+00:00\",\"mainEntityOfPage\":{\"@id\":\"https:\/\/bobea.net\/index.php\/2025\/03\/11\/crise-de-lusaid-83-des-programmes-daide-fermes-aux-etats-unis\/\"},\"wordCount\":730,\"commentCount\":0,\"publisher\":{\"@id\":\"https:\/\/bobea.net\/#organization\"},\"image\":{\"@id\":\"https:\/\/bobea.net\/index.php\/2025\/03\/11\/crise-de-lusaid-83-des-programmes-daide-fermes-aux-etats-unis\/#primaryimage\"},\"thumbnailUrl\":\"https:\/\/bobea.net\/wp-content\/uploads\/2025\/03\/000_36X88EV.jpg\",\"articleSection\":[\"On en Parle\"],\"inLanguage\":\"fr-FR\",\"potentialAction\":[{\"@type\":\"CommentAction\",\"name\":\"Comment\",\"target\":[\"https:\/\/bobea.net\/index.php\/2025\/03\/11\/crise-de-lusaid-83-des-programmes-daide-fermes-aux-etats-unis\/#respond\"]}]},{\"@type\":\"WebPage\",\"@id\":\"https:\/\/bobea.net\/index.php\/2025\/03\/11\/crise-de-lusaid-83-des-programmes-daide-fermes-aux-etats-unis\/\",\"url\":\"https:\/\/bobea.net\/index.php\/2025\/03\/11\/crise-de-lusaid-83-des-programmes-daide-fermes-aux-etats-unis\/\",\"name\":\"Crise de l'USAID - 83% des programmes d'aide ferm\u00e9s aux \u00c9tats-Unis - Bobea\",\"isPartOf\":{\"@id\":\"https:\/\/bobea.net\/#website\"},\"primaryImageOfPage\":{\"@id\":\"https:\/\/bobea.net\/index.php\/2025\/03\/11\/crise-de-lusaid-83-des-programmes-daide-fermes-aux-etats-unis\/#primaryimage\"},\"image\":{\"@id\":\"https:\/\/bobea.net\/index.php\/2025\/03\/11\/crise-de-lusaid-83-des-programmes-daide-fermes-aux-etats-unis\/#primaryimage\"},\"thumbnailUrl\":\"https:\/\/bobea.net\/wp-content\/uploads\/2025\/03\/000_36X88EV.jpg\",\"datePublished\":\"2025-03-11T09:56:44+00:00\",\"dateModified\":\"2025-03-11T09:56:45+00:00\",\"description\":\"Dans une d\u00e9cision choc qui \u00e9branle le monde de l'aide internationale, l'Agence des \u00c9tats-Unis pour le d\u00e9veloppement international (USAID)\",\"breadcrumb\":{\"@id\":\"https:\/\/bobea.net\/index.php\/2025\/03\/11\/crise-de-lusaid-83-des-programmes-daide-fermes-aux-etats-unis\/#breadcrumb\"},\"inLanguage\":\"fr-FR\",\"potentialAction\":[{\"@type\":\"ReadAction\",\"target\":[\"https:\/\/bobea.net\/index.php\/2025\/03\/11\/crise-de-lusaid-83-des-programmes-daide-fermes-aux-etats-unis\/\"]}]},{\"@type\":\"ImageObject\",\"inLanguage\":\"fr-FR\",\"@id\":\"https:\/\/bobea.net\/index.php\/2025\/03\/11\/crise-de-lusaid-83-des-programmes-daide-fermes-aux-etats-unis\/#primaryimage\",\"url\":\"https:\/\/bobea.net\/wp-content\/uploads\/2025\/03\/000_36X88EV.jpg\",\"contentUrl\":\"https:\/\/bobea.net\/wp-content\/uploads\/2025\/03\/000_36X88EV.jpg\",\"width\":1280,\"height\":720},{\"@type\":\"BreadcrumbList\",\"@id\":\"https:\/\/bobea.net\/index.php\/2025\/03\/11\/crise-de-lusaid-83-des-programmes-daide-fermes-aux-etats-unis\/#breadcrumb\",\"itemListElement\":[{\"@type\":\"ListItem\",\"position\":1,\"name\":\"Accueil\",\"item\":\"https:\/\/bobea.net\/\"},{\"@type\":\"ListItem\",\"position\":2,\"name\":\"Crise de l&rsquo;USAID &#8211; 83% des programmes d&rsquo;aide ferm\u00e9s aux \u00c9tats-Unis\"}]},{\"@type\":\"WebSite\",\"@id\":\"https:\/\/bobea.net\/#website\",\"url\":\"https:\/\/bobea.net\/\",\"name\":\"Bobea\",\"description\":\"Le magazine de la nouvelle \u00c8ve\",\"publisher\":{\"@id\":\"https:\/\/bobea.net\/#organization\"},\"potentialAction\":[{\"@type\":\"SearchAction\",\"target\":{\"@type\":\"EntryPoint\",\"urlTemplate\":\"https:\/\/bobea.net\/?s={search_term_string}\"},\"query-input\":{\"@type\":\"PropertyValueSpecification\",\"valueRequired\":true,\"valueName\":\"search_term_string\"}}],\"inLanguage\":\"fr-FR\"},{\"@type\":\"Organization\",\"@id\":\"https:\/\/bobea.net\/#organization\",\"name\":\"Bobea\",\"url\":\"https:\/\/bobea.net\/\",\"logo\":{\"@type\":\"ImageObject\",\"inLanguage\":\"fr-FR\",\"@id\":\"https:\/\/bobea.net\/#\/schema\/logo\/image\/\",\"url\":\"https:\/\/bobea.net\/wp-content\/uploads\/2024\/06\/bobea.jpg\",\"contentUrl\":\"https:\/\/bobea.net\/wp-content\/uploads\/2024\/06\/bobea.jpg\",\"width\":1080,\"height\":1080,\"caption\":\"Bobea\"},\"image\":{\"@id\":\"https:\/\/bobea.net\/#\/schema\/logo\/image\/\"},\"sameAs\":[\"https:\/\/web.facebook.com\/profile.php?id=61559252188416\"]},{\"@type\":\"Person\",\"@id\":\"https:\/\/bobea.net\/#\/schema\/person\/e7f45ef187918d7c956bf619dce90ccf\",\"name\":\"bobea.info\",\"image\":{\"@type\":\"ImageObject\",\"inLanguage\":\"fr-FR\",\"@id\":\"https:\/\/bobea.net\/#\/schema\/person\/image\/\",\"url\":\"https:\/\/secure.gravatar.com\/avatar\/36147980349df887ae30808df3e29474?s=96&d=mm&r=g\",\"contentUrl\":\"https:\/\/secure.gravatar.com\/avatar\/36147980349df887ae30808df3e29474?s=96&d=mm&r=g\",\"caption\":\"bobea.info\"},\"sameAs\":[\"https:\/\/bobea.net\"],\"url\":\"https:\/\/bobea.net\/index.php\/author\/bobea-info\/\"}]}<\/script>\n<!-- \/ Yoast SEO plugin. -->","yoast_head_json":{"title":"Crise de l'USAID - 83% des programmes d'aide ferm\u00e9s aux \u00c9tats-Unis - Bobea","description":"Dans une d\u00e9cision choc qui \u00e9branle le monde de l'aide internationale, l'Agence des \u00c9tats-Unis pour le d\u00e9veloppement international (USAID)","robots":{"index":"index","follow":"follow","max-snippet":"max-snippet:-1","max-image-preview":"max-image-preview:large","max-video-preview":"max-video-preview:-1"},"canonical":"https:\/\/bobea.net\/index.php\/2025\/03\/11\/crise-de-lusaid-83-des-programmes-daide-fermes-aux-etats-unis\/","og_locale":"fr_FR","og_type":"article","og_title":"Crise de l'USAID - 83% des programmes d'aide ferm\u00e9s aux \u00c9tats-Unis - Bobea","og_description":"Dans une d\u00e9cision choc qui \u00e9branle le monde de l'aide internationale, l'Agence des \u00c9tats-Unis pour le d\u00e9veloppement international (USAID)","og_url":"https:\/\/bobea.net\/index.php\/2025\/03\/11\/crise-de-lusaid-83-des-programmes-daide-fermes-aux-etats-unis\/","og_site_name":"Bobea","article_publisher":"https:\/\/web.facebook.com\/profile.php?id=61559252188416","article_published_time":"2025-03-11T09:56:44+00:00","article_modified_time":"2025-03-11T09:56:45+00:00","og_image":[{"width":1280,"height":720,"url":"https:\/\/bobea.net\/wp-content\/uploads\/2025\/03\/000_36X88EV.jpg","type":"image\/jpeg"}],"author":"bobea.info","twitter_card":"summary_large_image","twitter_misc":{"\u00c9crit par":"bobea.info","Dur\u00e9e de lecture estim\u00e9e":"4 minutes"},"schema":{"@context":"https:\/\/schema.org","@graph":[{"@type":"Article","@id":"https:\/\/bobea.net\/index.php\/2025\/03\/11\/crise-de-lusaid-83-des-programmes-daide-fermes-aux-etats-unis\/#article","isPartOf":{"@id":"https:\/\/bobea.net\/index.php\/2025\/03\/11\/crise-de-lusaid-83-des-programmes-daide-fermes-aux-etats-unis\/"},"author":{"name":"bobea.info","@id":"https:\/\/bobea.net\/#\/schema\/person\/e7f45ef187918d7c956bf619dce90ccf"},"headline":"Crise de l\u2019USAID \u2014 83% des programmes d\u2019aide ferm\u00e9s aux \u00c9tats-Unis","datePublished":"2025-03-11T09:56:44+00:00","dateModified":"2025-03-11T09:56:45+00:00","mainEntityOfPage":{"@id":"https:\/\/bobea.net\/index.php\/2025\/03\/11\/crise-de-lusaid-83-des-programmes-daide-fermes-aux-etats-unis\/"},"wordCount":730,"commentCount":0,"publisher":{"@id":"https:\/\/bobea.net\/#organization"},"image":{"@id":"https:\/\/bobea.net\/index.php\/2025\/03\/11\/crise-de-lusaid-83-des-programmes-daide-fermes-aux-etats-unis\/#primaryimage"},"thumbnailUrl":"https:\/\/bobea.net\/wp-content\/uploads\/2025\/03\/000_36X88EV.jpg","articleSection":["On en Parle"],"inLanguage":"fr-FR","potentialAction":[{"@type":"CommentAction","name":"Comment","target":["https:\/\/bobea.net\/index.php\/2025\/03\/11\/crise-de-lusaid-83-des-programmes-daide-fermes-aux-etats-unis\/#respond"]}]},{"@type":"WebPage","@id":"https:\/\/bobea.net\/index.php\/2025\/03\/11\/crise-de-lusaid-83-des-programmes-daide-fermes-aux-etats-unis\/","url":"https:\/\/bobea.net\/index.php\/2025\/03\/11\/crise-de-lusaid-83-des-programmes-daide-fermes-aux-etats-unis\/","name":"Crise de l'USAID - 83% des programmes d'aide ferm\u00e9s aux \u00c9tats-Unis - Bobea","isPartOf":{"@id":"https:\/\/bobea.net\/#website"},"primaryImageOfPage":{"@id":"https:\/\/bobea.net\/index.php\/2025\/03\/11\/crise-de-lusaid-83-des-programmes-daide-fermes-aux-etats-unis\/#primaryimage"},"image":{"@id":"https:\/\/bobea.net\/index.php\/2025\/03\/11\/crise-de-lusaid-83-des-programmes-daide-fermes-aux-etats-unis\/#primaryimage"},"thumbnailUrl":"https:\/\/bobea.net\/wp-content\/uploads\/2025\/03\/000_36X88EV.jpg","datePublished":"2025-03-11T09:56:44+00:00","dateModified":"2025-03-11T09:56:45+00:00","description":"Dans une d\u00e9cision choc qui \u00e9branle le monde de l'aide internationale, l'Agence des \u00c9tats-Unis pour le d\u00e9veloppement international (USAID)","breadcrumb":{"@id":"https:\/\/bobea.net\/index.php\/2025\/03\/11\/crise-de-lusaid-83-des-programmes-daide-fermes-aux-etats-unis\/#breadcrumb"},"inLanguage":"fr-FR","potentialAction":[{"@type":"ReadAction","target":["https:\/\/bobea.net\/index.php\/2025\/03\/11\/crise-de-lusaid-83-des-programmes-daide-fermes-aux-etats-unis\/"]}]},{"@type":"ImageObject","inLanguage":"fr-FR","@id":"https:\/\/bobea.net\/index.php\/2025\/03\/11\/crise-de-lusaid-83-des-programmes-daide-fermes-aux-etats-unis\/#primaryimage","url":"https:\/\/bobea.net\/wp-content\/uploads\/2025\/03\/000_36X88EV.jpg","contentUrl":"https:\/\/bobea.net\/wp-content\/uploads\/2025\/03\/000_36X88EV.jpg","width":1280,"height":720},{"@type":"BreadcrumbList","@id":"https:\/\/bobea.net\/index.php\/2025\/03\/11\/crise-de-lusaid-83-des-programmes-daide-fermes-aux-etats-unis\/#breadcrumb","itemListElement":[{"@type":"ListItem","position":1,"name":"Accueil","item":"https:\/\/bobea.net\/"},{"@type":"ListItem","position":2,"name":"Crise de l&rsquo;USAID &#8211; 83% des programmes d&rsquo;aide ferm\u00e9s aux \u00c9tats-Unis"}]},{"@type":"WebSite","@id":"https:\/\/bobea.net\/#website","url":"https:\/\/bobea.net\/","name":"Bobea","description":"Le magazine de la nouvelle \u00c8ve","publisher":{"@id":"https:\/\/bobea.net\/#organization"},"potentialAction":[{"@type":"SearchAction","target":{"@type":"EntryPoint","urlTemplate":"https:\/\/bobea.net\/?s={search_term_string}"},"query-input":{"@type":"PropertyValueSpecification","valueRequired":true,"valueName":"search_term_string"}}],"inLanguage":"fr-FR"},{"@type":"Organization","@id":"https:\/\/bobea.net\/#organization","name":"Bobea","url":"https:\/\/bobea.net\/","logo":{"@type":"ImageObject","inLanguage":"fr-FR","@id":"https:\/\/bobea.net\/#\/schema\/logo\/image\/","url":"https:\/\/bobea.net\/wp-content\/uploads\/2024\/06\/bobea.jpg","contentUrl":"https:\/\/bobea.net\/wp-content\/uploads\/2024\/06\/bobea.jpg","width":1080,"height":1080,"caption":"Bobea"},"image":{"@id":"https:\/\/bobea.net\/#\/schema\/logo\/image\/"},"sameAs":["https:\/\/web.facebook.com\/profile.php?id=61559252188416"]},{"@type":"Person","@id":"https:\/\/bobea.net\/#\/schema\/person\/e7f45ef187918d7c956bf619dce90ccf","name":"bobea.info","image":{"@type":"ImageObject","inLanguage":"fr-FR","@id":"https:\/\/bobea.net\/#\/schema\/person\/image\/","url":"https:\/\/secure.gravatar.com\/avatar\/36147980349df887ae30808df3e29474?s=96&d=mm&r=g","contentUrl":"https:\/\/secure.gravatar.com\/avatar\/36147980349df887ae30808df3e29474?s=96&d=mm&r=g","caption":"bobea.info"},"sameAs":["https:\/\/bobea.net"],"url":"https:\/\/bobea.net\/index.php\/author\/bobea-info\/"}]}},"_links":{"self":[{"href":"https:\/\/bobea.net\/index.php\/wp-json\/wp\/v2\/posts\/11047"}],"collection":[{"href":"https:\/\/bobea.net\/index.php\/wp-json\/wp\/v2\/posts"}],"about":[{"href":"https:\/\/bobea.net\/index.php\/wp-json\/wp\/v2\/types\/post"}],"author":[{"embeddable":true,"href":"https:\/\/bobea.net\/index.php\/wp-json\/wp\/v2\/users\/1"}],"replies":[{"embeddable":true,"href":"https:\/\/bobea.net\/index.php\/wp-json\/wp\/v2\/comments?post=11047"}],"version-history":[{"count":1,"href":"https:\/\/bobea.net\/index.php\/wp-json\/wp\/v2\/posts\/11047\/revisions"}],"predecessor-version":[{"id":11051,"href":"https:\/\/bobea.net\/index.php\/wp-json\/wp\/v2\/posts\/11047\/revisions\/11051"}],"wp:featuredmedia":[{"embeddable":true,"href":"https:\/\/bobea.net\/index.php\/wp-json\/wp\/v2\/media\/11048"}],"wp:attachment":[{"href":"https:\/\/bobea.net\/index.php\/wp-json\/wp\/v2\/media?parent=11047"}],"wp:term":[{"taxonomy":"category","embeddable":true,"href":"https:\/\/bobea.net\/index.php\/wp-json\/wp\/v2\/categories?post=11047"},{"taxonomy":"post_tag","embeddable":true,"href":"https:\/\/bobea.net\/index.php\/wp-json\/wp\/v2\/tags?post=11047"}],"curies":[{"name":"wp","href":"https:\/\/api.w.org\/{rel}","templated":true}]}}