{"id":11043,"date":"2025-03-11T09:52:18","date_gmt":"2025-03-11T09:52:18","guid":{"rendered":"https:\/\/bobea.net\/?p=11043"},"modified":"2025-03-11T09:52:19","modified_gmt":"2025-03-11T09:52:19","slug":"collision-en-mer-du-nord-un-petrolier-et-un-cargo-provoquent-un-incendie-majeur","status":"publish","type":"post","link":"https:\/\/bobea.net\/index.php\/2025\/03\/11\/collision-en-mer-du-nord-un-petrolier-et-un-cargo-provoquent-un-incendie-majeur\/","title":{"rendered":"Collision en mer du Nord \u2014 Un p\u00e9trolier et un cargo provoquent un incendie majeur"},"content":{"rendered":"\n<p>Un acci\u00addent mar\u00aditime majeur s\u2019est pro\u00adduit en mer du Nord le 10 mars 2025, lorsqu\u2019un p\u00e9troli\u00ader et un car\u00adgo sont entr\u00e9s en col\u00adli\u00adsion, provo\u00adquant un incendie spec\u00adtac\u00adu\u00adlaire vis\u00adi\u00adble \u00e0 des kilo\u00adm\u00e8tres \u00e0 la ronde. Cet inci\u00addent soul\u00e8ve de graves pr\u00e9oc\u00adcu\u00adpa\u00adtions envi\u00adron\u00adnemen\u00adtales et remet en ques\u00adtion la s\u00e9cu\u00adrit\u00e9 du trans\u00adport mar\u00aditime dans cette zone tr\u00e8s fr\u00e9quen\u00adt\u00e9e.<\/p>\n\n\n\n<p><strong>D\u00e9tails de l\u2019ac\u00adci\u00addent<\/strong><\/p>\n\n\n\n<p>L\u2019ac\u00adci\u00addent s\u2019est pro\u00adduit \u00e0 env\u00adi\u00adron 50 kilo\u00adm\u00e8tres au large des c\u00f4tes n\u00e9er\u00adlandais\u00ades. Le p\u00e9troli\u00ader \u201cNorth Star\u201d, bat\u00adtant pavil\u00adlon lib\u00e9rien et trans\u00adportant 100 000 tonnes de p\u00e9t\u00adrole brut, est entr\u00e9 en col\u00adli\u00adsion avec le car\u00adgo \u201cBaltic Trad\u00ader\u201d, un porte-con\u00adteneurs sous pavil\u00adlon panam\u00e9en. L\u2019im\u00adpact a provo\u00adqu\u00e9 une br\u00e8che dans la coque du p\u00e9troli\u00ader, entra\u00ee\u00adnant une fuite de p\u00e9t\u00adrole et un incendie qui s\u2019est rapi\u00adde\u00adment propag\u00e9 aux deux navires.<\/p>\n\n\n\n<p><strong>Op\u00e9ra\u00adtions de sauve\u00adtage et lutte con\u00adtre l\u2019in\u00adcendie<\/strong><\/p>\n\n\n\n<p>Les garde-c\u00f4tes n\u00e9er\u00adlandais, assist\u00e9s par leurs homo\u00adlogues belges et bri\u00adtan\u00adniques, ont imm\u00e9\u00addi\u00adate\u00adment lanc\u00e9 une vaste op\u00e9ra\u00adtion de sauve\u00adtage. Les 45 mem\u00adbres d\u2019\u00e9quipage des deux navires ont \u00e9t\u00e9 \u00e9vac\u00adu\u00e9s, mais trois marins ont \u00e9t\u00e9 gri\u00e8ve\u00adment bless\u00e9s et trans\u00adport\u00e9s d\u2019ur\u00adgence \u00e0 l\u2019h\u00f4pi\u00adtal.<\/p>\n\n\n\n<p>La lutte con\u00adtre l\u2019in\u00adcendie s\u2019est av\u00e9r\u00e9e par\u00adti\u00adc\u00aduli\u00e8re\u00adment dif\u00adfi\u00adcile en rai\u00adson des con\u00addi\u00adtions m\u00e9t\u00e9orologiques d\u00e9fa\u00advor\u00adables, avec des vents forts et une mer agit\u00e9e. Des remorqueurs \u00e9quip\u00e9s de canons \u00e0 eau ont \u00e9t\u00e9 d\u00e9ploy\u00e9s pour ten\u00adter de ma\u00eetris\u00ader les flammes, tan\u00addis que des avions sp\u00e9\u00adcial\u00adis\u00e9s ont pul\u00adv\u00e9ris\u00e9 des pro\u00adduits dis\u00adper\u00adsants pour lim\u00aditer la prop\u00ada\u00adga\u00adtion de la nappe de p\u00e9t\u00adrole.<\/p>\n\n\n\n<p><strong>Con\u00ads\u00e9quences envi\u00adron\u00adnemen\u00adtales<\/strong><\/p>\n\n\n\n<p>L\u2019am\u00adpleur exacte de la mar\u00e9e noire n\u2019est pas encore con\u00adnue, mais les pre\u00admi\u00e8res esti\u00adma\u00adtions font \u00e9tat d\u2019une fuite d\u2019au moins 10 000 tonnes de p\u00e9t\u00adrole brut. Cette cat\u00ada\u00adstro\u00adphe men\u00adace grave\u00adment l\u2019\u00e9\u00adcosys\u00adt\u00e8me frag\u00adile de la mer du Nord, riche en bio\u00addi\u00adver\u00adsit\u00e9 marine et abri\u00adtant de nom\u00adbreuses esp\u00e8ces d\u2019oiseaux migra\u00adteurs.<\/p>\n\n\n\n<p>Le Dr. Hans Van der Meer, oc\u00e9anographe \u00e0 l\u2019U\u00adni\u00adver\u00adsit\u00e9 d\u2019Am\u00ads\u00adter\u00addam, met en garde : \u201cNous sommes face \u00e0 une cat\u00ada\u00adstro\u00adphe \u00e9cologique poten\u00adtielle. La mer du Nord est un \u00e9cosys\u00adt\u00e8me d\u00e9j\u00e0 frag\u00adilis\u00e9 par la sur\u00adp\u00eache et la pol\u00adlu\u00adtion. Cette mar\u00e9e noire pour\u00adrait avoir des con\u00ads\u00e9quences d\u00e9sas\u00adtreuses \u00e0 long terme sur la faune et la flo\u00adre marines.\u201d<\/p>\n\n\n\n<p><strong>R\u00e9ac\u00adtions poli\u00adtiques et enqu\u00eate<\/strong><\/p>\n\n\n\n<p>L\u2019ac\u00adci\u00addent a provo\u00adqu\u00e9 une onde de choc poli\u00adtique dans les pays riverains de la mer du Nord. Les Pays-Bas, directe\u00adment men\u00adac\u00e9s par la pol\u00adlu\u00adtion, ont con\u00advo\u00adqu\u00e9 une r\u00e9u\u00adnion d\u2019ur\u00adgence avec les min\u00adistres de l\u2019En\u00advi\u00adron\u00adnement des pays voisins pour coor\u00addon\u00adner la r\u00e9ponse \u00e0 cette crise.<\/p>\n\n\n\n<figure class=\"wp-block-image size-full is-resized\"><img loading=\"lazy\" decoding=\"async\" width=\"664\" height=\"498\" src=\"https:\/\/bobea.net\/wp-content\/uploads\/2025\/03\/36307155.jpeg\" alt class=\"wp-image-11045\" style=\"width:840px;height:auto\" srcset=\"https:\/\/bobea.net\/wp-content\/uploads\/2025\/03\/36307155.jpeg 664w, https:\/\/bobea.net\/wp-content\/uploads\/2025\/03\/36307155-300x225.jpeg 300w\" sizes=\"(max-width: 664px) 100vw, 664px\"><\/figure>\n\n\n\n<p>La Com\u00admis\u00adsion europ\u00e9enne a annon\u00adc\u00e9 l\u2019ou\u00adver\u00adture d\u2019une enqu\u00eate sur les cir\u00adcon\u00adstances de l\u2019ac\u00adci\u00addent et sur le respect des normes de s\u00e9cu\u00adrit\u00e9 mar\u00aditime par les deux navires impliqu\u00e9s. \u201cNous devons tir\u00ader toutes les le\u00e7ons de cet inci\u00addent pour ren\u00adforcer la s\u00e9cu\u00adrit\u00e9 du trans\u00adport mar\u00aditime dans les eaux europ\u00e9ennes\u201d, a d\u00e9clar\u00e9 le com\u00admis\u00adsaire europ\u00e9en aux Trans\u00adports.<\/p>\n\n\n\n<p><strong>Impact sur l\u2019in\u00addus\u00adtrie mar\u00aditime et \u00e9nerg\u00e9\u00adtique<\/strong><\/p>\n\n\n\n<p>Cet acci\u00addent pour\u00adrait avoir des r\u00e9per\u00adcus\u00adsions impor\u00adtantes sur l\u2019in\u00addus\u00adtrie p\u00e9troli\u00e8re et le trans\u00adport mar\u00aditime en mer du Nord. Plusieurs com\u00adpag\u00adnies p\u00e9troli\u00e8res ont d\u00e9j\u00e0 annon\u00adc\u00e9 la sus\u00adpen\u00adsion tem\u00adpo\u00adraire de leurs op\u00e9ra\u00adtions dans la r\u00e9gion par mesure de pr\u00e9\u00adcau\u00adtion.<\/p>\n\n\n\n<p>Le prix du p\u00e9t\u00adrole a con\u00adnu une hausse sig\u00adni\u00adfica\u00adtive sur les march\u00e9s inter\u00adna\u00adtionaux suite \u00e0 cet inci\u00addent, refl\u00e9\u00adtant les inqui\u00e9\u00adtudes con\u00adcer\u00adnant l\u2019ap\u00adpro\u00advi\u00adsion\u00adnement \u00e9nerg\u00e9\u00adtique \u00e0 court terme.<\/p>\n","protected":false},"excerpt":{"rendered":"<p>Un acci\u00addent mar\u00aditime majeur s\u2019est pro\u00adduit en mer du Nord le 10 mars 2025, lorsqu\u2019un p\u00e9troli\u00ader et un car\u00adgo sont entr\u00e9s en col\u00adli\u00adsion, provo\u00adquant un incendie spec\u00adtac\u00adu\u00adlaire vis\u00adi\u00adble \u00e0 des\u2026 <\/p>\n","protected":false},"author":1,"featured_media":11044,"comment_status":"open","ping_status":"closed","sticky":false,"template":"","format":"standard","meta":{"wp_typography_post_enhancements_disabled":false,"footnotes":""},"categories":[73],"tags":[10161,10159,10164,10160,4759,10162,10163],"class_list":["post-11043","post","type-post","status-publish","format-standard","has-post-thumbnail","hentry","category-on-en-parle","tag-catastrophe-environnementale","tag-collision-mer-du-nord","tag-ecosysteme-mer-du-nord","tag-maree-noire","tag-pollution-marine","tag-securite-maritime","tag-transport-petrolier"],"yoast_head":"<!-- This site is optimized with the Yoast SEO plugin v24.7 - https:\/\/yoast.com\/wordpress\/plugins\/seo\/ -->\n<title>Collision en mer du Nord - Un p\u00e9trolier et un cargo provoquent un incendie majeur - Bobea<\/title>\n<meta name=\"description\" content=\"Un accident maritime majeur s&#039;est produit en mer du Nord le 10 mars 2025, lorsqu&#039;un p\u00e9trolier et un cargo sont entr\u00e9s en collision\" \/>\n<meta name=\"robots\" content=\"index, follow, max-snippet:-1, max-image-preview:large, max-video-preview:-1\" \/>\n<link rel=\"canonical\" href=\"https:\/\/bobea.net\/index.php\/2025\/03\/11\/collision-en-mer-du-nord-un-petrolier-et-un-cargo-provoquent-un-incendie-majeur\/\" \/>\n<meta property=\"og:locale\" content=\"fr_FR\" \/>\n<meta property=\"og:type\" content=\"article\" \/>\n<meta property=\"og:title\" content=\"Collision en mer du Nord - Un p\u00e9trolier et un cargo provoquent un incendie majeur - Bobea\" \/>\n<meta property=\"og:description\" content=\"Un accident maritime majeur s&#039;est produit en mer du Nord le 10 mars 2025, lorsqu&#039;un p\u00e9trolier et un cargo sont entr\u00e9s en collision\" \/>\n<meta property=\"og:url\" content=\"https:\/\/bobea.net\/index.php\/2025\/03\/11\/collision-en-mer-du-nord-un-petrolier-et-un-cargo-provoquent-un-incendie-majeur\/\" \/>\n<meta property=\"og:site_name\" content=\"Bobea\" \/>\n<meta property=\"article:publisher\" content=\"https:\/\/web.facebook.com\/profile.php?id=61559252188416\" \/>\n<meta property=\"article:published_time\" content=\"2025-03-11T09:52:18+00:00\" \/>\n<meta property=\"article:modified_time\" content=\"2025-03-11T09:52:19+00:00\" \/>\n<meta property=\"og:image\" content=\"https:\/\/bobea.net\/wp-content\/uploads\/2025\/03\/les-deux-embarcations-sont-en-proie-aux-flammes-en-pleine-mer-du-nord-capture-d-ecran-1741610486.jpg\" \/>\n\t<meta property=\"og:image:width\" content=\"1443\" \/>\n\t<meta property=\"og:image:height\" content=\"955\" \/>\n\t<meta property=\"og:image:type\" content=\"image\/jpeg\" \/>\n<meta name=\"author\" content=\"bobea.info\" \/>\n<meta name=\"twitter:card\" content=\"summary_large_image\" \/>\n<meta name=\"twitter:label1\" content=\"\u00c9crit par\" \/>\n\t<meta name=\"twitter:data1\" content=\"bobea.info\" \/>\n\t<meta name=\"twitter:label2\" content=\"Dur\u00e9e de lecture estim\u00e9e\" \/>\n\t<meta name=\"twitter:data2\" content=\"3 minutes\" \/>\n<script type=\"application\/ld+json\" class=\"yoast-schema-graph\">{\"@context\":\"https:\/\/schema.org\",\"@graph\":[{\"@type\":\"Article\",\"@id\":\"https:\/\/bobea.net\/index.php\/2025\/03\/11\/collision-en-mer-du-nord-un-petrolier-et-un-cargo-provoquent-un-incendie-majeur\/#article\",\"isPartOf\":{\"@id\":\"https:\/\/bobea.net\/index.php\/2025\/03\/11\/collision-en-mer-du-nord-un-petrolier-et-un-cargo-provoquent-un-incendie-majeur\/\"},\"author\":{\"name\":\"bobea.info\",\"@id\":\"https:\/\/bobea.net\/#\/schema\/person\/e7f45ef187918d7c956bf619dce90ccf\"},\"headline\":\"Collision en mer du Nord \u2014 Un p\u00e9trolier et un cargo provoquent un incendie majeur\",\"datePublished\":\"2025-03-11T09:52:18+00:00\",\"dateModified\":\"2025-03-11T09:52:19+00:00\",\"mainEntityOfPage\":{\"@id\":\"https:\/\/bobea.net\/index.php\/2025\/03\/11\/collision-en-mer-du-nord-un-petrolier-et-un-cargo-provoquent-un-incendie-majeur\/\"},\"wordCount\":619,\"commentCount\":0,\"publisher\":{\"@id\":\"https:\/\/bobea.net\/#organization\"},\"image\":{\"@id\":\"https:\/\/bobea.net\/index.php\/2025\/03\/11\/collision-en-mer-du-nord-un-petrolier-et-un-cargo-provoquent-un-incendie-majeur\/#primaryimage\"},\"thumbnailUrl\":\"https:\/\/bobea.net\/wp-content\/uploads\/2025\/03\/les-deux-embarcations-sont-en-proie-aux-flammes-en-pleine-mer-du-nord-capture-d-ecran-1741610486.jpg\",\"keywords\":[\"catastrophe environnementale\",\"Collision mer du Nord\",\"\u00e9cosyst\u00e8me mer du Nord\",\"mar\u00e9e noire\",\"pollution marine\",\"s\u00e9curit\u00e9 maritime\",\"transport p\u00e9trolier\"],\"articleSection\":[\"On en Parle\"],\"inLanguage\":\"fr-FR\",\"potentialAction\":[{\"@type\":\"CommentAction\",\"name\":\"Comment\",\"target\":[\"https:\/\/bobea.net\/index.php\/2025\/03\/11\/collision-en-mer-du-nord-un-petrolier-et-un-cargo-provoquent-un-incendie-majeur\/#respond\"]}]},{\"@type\":\"WebPage\",\"@id\":\"https:\/\/bobea.net\/index.php\/2025\/03\/11\/collision-en-mer-du-nord-un-petrolier-et-un-cargo-provoquent-un-incendie-majeur\/\",\"url\":\"https:\/\/bobea.net\/index.php\/2025\/03\/11\/collision-en-mer-du-nord-un-petrolier-et-un-cargo-provoquent-un-incendie-majeur\/\",\"name\":\"Collision en mer du Nord - Un p\u00e9trolier et un cargo provoquent un incendie majeur - Bobea\",\"isPartOf\":{\"@id\":\"https:\/\/bobea.net\/#website\"},\"primaryImageOfPage\":{\"@id\":\"https:\/\/bobea.net\/index.php\/2025\/03\/11\/collision-en-mer-du-nord-un-petrolier-et-un-cargo-provoquent-un-incendie-majeur\/#primaryimage\"},\"image\":{\"@id\":\"https:\/\/bobea.net\/index.php\/2025\/03\/11\/collision-en-mer-du-nord-un-petrolier-et-un-cargo-provoquent-un-incendie-majeur\/#primaryimage\"},\"thumbnailUrl\":\"https:\/\/bobea.net\/wp-content\/uploads\/2025\/03\/les-deux-embarcations-sont-en-proie-aux-flammes-en-pleine-mer-du-nord-capture-d-ecran-1741610486.jpg\",\"datePublished\":\"2025-03-11T09:52:18+00:00\",\"dateModified\":\"2025-03-11T09:52:19+00:00\",\"description\":\"Un accident maritime majeur s'est produit en mer du Nord le 10 mars 2025, lorsqu'un p\u00e9trolier et un cargo sont entr\u00e9s en collision\",\"breadcrumb\":{\"@id\":\"https:\/\/bobea.net\/index.php\/2025\/03\/11\/collision-en-mer-du-nord-un-petrolier-et-un-cargo-provoquent-un-incendie-majeur\/#breadcrumb\"},\"inLanguage\":\"fr-FR\",\"potentialAction\":[{\"@type\":\"ReadAction\",\"target\":[\"https:\/\/bobea.net\/index.php\/2025\/03\/11\/collision-en-mer-du-nord-un-petrolier-et-un-cargo-provoquent-un-incendie-majeur\/\"]}]},{\"@type\":\"ImageObject\",\"inLanguage\":\"fr-FR\",\"@id\":\"https:\/\/bobea.net\/index.php\/2025\/03\/11\/collision-en-mer-du-nord-un-petrolier-et-un-cargo-provoquent-un-incendie-majeur\/#primaryimage\",\"url\":\"https:\/\/bobea.net\/wp-content\/uploads\/2025\/03\/les-deux-embarcations-sont-en-proie-aux-flammes-en-pleine-mer-du-nord-capture-d-ecran-1741610486.jpg\",\"contentUrl\":\"https:\/\/bobea.net\/wp-content\/uploads\/2025\/03\/les-deux-embarcations-sont-en-proie-aux-flammes-en-pleine-mer-du-nord-capture-d-ecran-1741610486.jpg\",\"width\":1443,\"height\":955},{\"@type\":\"BreadcrumbList\",\"@id\":\"https:\/\/bobea.net\/index.php\/2025\/03\/11\/collision-en-mer-du-nord-un-petrolier-et-un-cargo-provoquent-un-incendie-majeur\/#breadcrumb\",\"itemListElement\":[{\"@type\":\"ListItem\",\"position\":1,\"name\":\"Accueil\",\"item\":\"https:\/\/bobea.net\/\"},{\"@type\":\"ListItem\",\"position\":2,\"name\":\"Collision en mer du Nord &#8211; Un p\u00e9trolier et un cargo provoquent un incendie majeur\"}]},{\"@type\":\"WebSite\",\"@id\":\"https:\/\/bobea.net\/#website\",\"url\":\"https:\/\/bobea.net\/\",\"name\":\"Bobea\",\"description\":\"Le magazine de la nouvelle \u00c8ve\",\"publisher\":{\"@id\":\"https:\/\/bobea.net\/#organization\"},\"potentialAction\":[{\"@type\":\"SearchAction\",\"target\":{\"@type\":\"EntryPoint\",\"urlTemplate\":\"https:\/\/bobea.net\/?s={search_term_string}\"},\"query-input\":{\"@type\":\"PropertyValueSpecification\",\"valueRequired\":true,\"valueName\":\"search_term_string\"}}],\"inLanguage\":\"fr-FR\"},{\"@type\":\"Organization\",\"@id\":\"https:\/\/bobea.net\/#organization\",\"name\":\"Bobea\",\"url\":\"https:\/\/bobea.net\/\",\"logo\":{\"@type\":\"ImageObject\",\"inLanguage\":\"fr-FR\",\"@id\":\"https:\/\/bobea.net\/#\/schema\/logo\/image\/\",\"url\":\"https:\/\/bobea.net\/wp-content\/uploads\/2024\/06\/bobea.jpg\",\"contentUrl\":\"https:\/\/bobea.net\/wp-content\/uploads\/2024\/06\/bobea.jpg\",\"width\":1080,\"height\":1080,\"caption\":\"Bobea\"},\"image\":{\"@id\":\"https:\/\/bobea.net\/#\/schema\/logo\/image\/\"},\"sameAs\":[\"https:\/\/web.facebook.com\/profile.php?id=61559252188416\"]},{\"@type\":\"Person\",\"@id\":\"https:\/\/bobea.net\/#\/schema\/person\/e7f45ef187918d7c956bf619dce90ccf\",\"name\":\"bobea.info\",\"image\":{\"@type\":\"ImageObject\",\"inLanguage\":\"fr-FR\",\"@id\":\"https:\/\/bobea.net\/#\/schema\/person\/image\/\",\"url\":\"https:\/\/secure.gravatar.com\/avatar\/36147980349df887ae30808df3e29474?s=96&d=mm&r=g\",\"contentUrl\":\"https:\/\/secure.gravatar.com\/avatar\/36147980349df887ae30808df3e29474?s=96&d=mm&r=g\",\"caption\":\"bobea.info\"},\"sameAs\":[\"https:\/\/bobea.net\"],\"url\":\"https:\/\/bobea.net\/index.php\/author\/bobea-info\/\"}]}<\/script>\n<!-- \/ Yoast SEO plugin. -->","yoast_head_json":{"title":"Collision en mer du Nord - Un p\u00e9trolier et un cargo provoquent un incendie majeur - Bobea","description":"Un accident maritime majeur s'est produit en mer du Nord le 10 mars 2025, lorsqu'un p\u00e9trolier et un cargo sont entr\u00e9s en collision","robots":{"index":"index","follow":"follow","max-snippet":"max-snippet:-1","max-image-preview":"max-image-preview:large","max-video-preview":"max-video-preview:-1"},"canonical":"https:\/\/bobea.net\/index.php\/2025\/03\/11\/collision-en-mer-du-nord-un-petrolier-et-un-cargo-provoquent-un-incendie-majeur\/","og_locale":"fr_FR","og_type":"article","og_title":"Collision en mer du Nord - Un p\u00e9trolier et un cargo provoquent un incendie majeur - Bobea","og_description":"Un accident maritime majeur s'est produit en mer du Nord le 10 mars 2025, lorsqu'un p\u00e9trolier et un cargo sont entr\u00e9s en collision","og_url":"https:\/\/bobea.net\/index.php\/2025\/03\/11\/collision-en-mer-du-nord-un-petrolier-et-un-cargo-provoquent-un-incendie-majeur\/","og_site_name":"Bobea","article_publisher":"https:\/\/web.facebook.com\/profile.php?id=61559252188416","article_published_time":"2025-03-11T09:52:18+00:00","article_modified_time":"2025-03-11T09:52:19+00:00","og_image":[{"width":1443,"height":955,"url":"https:\/\/bobea.net\/wp-content\/uploads\/2025\/03\/les-deux-embarcations-sont-en-proie-aux-flammes-en-pleine-mer-du-nord-capture-d-ecran-1741610486.jpg","type":"image\/jpeg"}],"author":"bobea.info","twitter_card":"summary_large_image","twitter_misc":{"\u00c9crit par":"bobea.info","Dur\u00e9e de lecture estim\u00e9e":"3 minutes"},"schema":{"@context":"https:\/\/schema.org","@graph":[{"@type":"Article","@id":"https:\/\/bobea.net\/index.php\/2025\/03\/11\/collision-en-mer-du-nord-un-petrolier-et-un-cargo-provoquent-un-incendie-majeur\/#article","isPartOf":{"@id":"https:\/\/bobea.net\/index.php\/2025\/03\/11\/collision-en-mer-du-nord-un-petrolier-et-un-cargo-provoquent-un-incendie-majeur\/"},"author":{"name":"bobea.info","@id":"https:\/\/bobea.net\/#\/schema\/person\/e7f45ef187918d7c956bf619dce90ccf"},"headline":"Collision en mer du Nord \u2014 Un p\u00e9trolier et un cargo provoquent un incendie majeur","datePublished":"2025-03-11T09:52:18+00:00","dateModified":"2025-03-11T09:52:19+00:00","mainEntityOfPage":{"@id":"https:\/\/bobea.net\/index.php\/2025\/03\/11\/collision-en-mer-du-nord-un-petrolier-et-un-cargo-provoquent-un-incendie-majeur\/"},"wordCount":619,"commentCount":0,"publisher":{"@id":"https:\/\/bobea.net\/#organization"},"image":{"@id":"https:\/\/bobea.net\/index.php\/2025\/03\/11\/collision-en-mer-du-nord-un-petrolier-et-un-cargo-provoquent-un-incendie-majeur\/#primaryimage"},"thumbnailUrl":"https:\/\/bobea.net\/wp-content\/uploads\/2025\/03\/les-deux-embarcations-sont-en-proie-aux-flammes-en-pleine-mer-du-nord-capture-d-ecran-1741610486.jpg","keywords":["catastrophe environnementale","Collision mer du Nord","\u00e9cosyst\u00e8me mer du Nord","mar\u00e9e noire","pollution marine","s\u00e9curit\u00e9 maritime","transport p\u00e9trolier"],"articleSection":["On en Parle"],"inLanguage":"fr-FR","potentialAction":[{"@type":"CommentAction","name":"Comment","target":["https:\/\/bobea.net\/index.php\/2025\/03\/11\/collision-en-mer-du-nord-un-petrolier-et-un-cargo-provoquent-un-incendie-majeur\/#respond"]}]},{"@type":"WebPage","@id":"https:\/\/bobea.net\/index.php\/2025\/03\/11\/collision-en-mer-du-nord-un-petrolier-et-un-cargo-provoquent-un-incendie-majeur\/","url":"https:\/\/bobea.net\/index.php\/2025\/03\/11\/collision-en-mer-du-nord-un-petrolier-et-un-cargo-provoquent-un-incendie-majeur\/","name":"Collision en mer du Nord - Un p\u00e9trolier et un cargo provoquent un incendie majeur - Bobea","isPartOf":{"@id":"https:\/\/bobea.net\/#website"},"primaryImageOfPage":{"@id":"https:\/\/bobea.net\/index.php\/2025\/03\/11\/collision-en-mer-du-nord-un-petrolier-et-un-cargo-provoquent-un-incendie-majeur\/#primaryimage"},"image":{"@id":"https:\/\/bobea.net\/index.php\/2025\/03\/11\/collision-en-mer-du-nord-un-petrolier-et-un-cargo-provoquent-un-incendie-majeur\/#primaryimage"},"thumbnailUrl":"https:\/\/bobea.net\/wp-content\/uploads\/2025\/03\/les-deux-embarcations-sont-en-proie-aux-flammes-en-pleine-mer-du-nord-capture-d-ecran-1741610486.jpg","datePublished":"2025-03-11T09:52:18+00:00","dateModified":"2025-03-11T09:52:19+00:00","description":"Un accident maritime majeur s'est produit en mer du Nord le 10 mars 2025, lorsqu'un p\u00e9trolier et un cargo sont entr\u00e9s en collision","breadcrumb":{"@id":"https:\/\/bobea.net\/index.php\/2025\/03\/11\/collision-en-mer-du-nord-un-petrolier-et-un-cargo-provoquent-un-incendie-majeur\/#breadcrumb"},"inLanguage":"fr-FR","potentialAction":[{"@type":"ReadAction","target":["https:\/\/bobea.net\/index.php\/2025\/03\/11\/collision-en-mer-du-nord-un-petrolier-et-un-cargo-provoquent-un-incendie-majeur\/"]}]},{"@type":"ImageObject","inLanguage":"fr-FR","@id":"https:\/\/bobea.net\/index.php\/2025\/03\/11\/collision-en-mer-du-nord-un-petrolier-et-un-cargo-provoquent-un-incendie-majeur\/#primaryimage","url":"https:\/\/bobea.net\/wp-content\/uploads\/2025\/03\/les-deux-embarcations-sont-en-proie-aux-flammes-en-pleine-mer-du-nord-capture-d-ecran-1741610486.jpg","contentUrl":"https:\/\/bobea.net\/wp-content\/uploads\/2025\/03\/les-deux-embarcations-sont-en-proie-aux-flammes-en-pleine-mer-du-nord-capture-d-ecran-1741610486.jpg","width":1443,"height":955},{"@type":"BreadcrumbList","@id":"https:\/\/bobea.net\/index.php\/2025\/03\/11\/collision-en-mer-du-nord-un-petrolier-et-un-cargo-provoquent-un-incendie-majeur\/#breadcrumb","itemListElement":[{"@type":"ListItem","position":1,"name":"Accueil","item":"https:\/\/bobea.net\/"},{"@type":"ListItem","position":2,"name":"Collision en mer du Nord &#8211; Un p\u00e9trolier et un cargo provoquent un incendie majeur"}]},{"@type":"WebSite","@id":"https:\/\/bobea.net\/#website","url":"https:\/\/bobea.net\/","name":"Bobea","description":"Le magazine de la nouvelle \u00c8ve","publisher":{"@id":"https:\/\/bobea.net\/#organization"},"potentialAction":[{"@type":"SearchAction","target":{"@type":"EntryPoint","urlTemplate":"https:\/\/bobea.net\/?s={search_term_string}"},"query-input":{"@type":"PropertyValueSpecification","valueRequired":true,"valueName":"search_term_string"}}],"inLanguage":"fr-FR"},{"@type":"Organization","@id":"https:\/\/bobea.net\/#organization","name":"Bobea","url":"https:\/\/bobea.net\/","logo":{"@type":"ImageObject","inLanguage":"fr-FR","@id":"https:\/\/bobea.net\/#\/schema\/logo\/image\/","url":"https:\/\/bobea.net\/wp-content\/uploads\/2024\/06\/bobea.jpg","contentUrl":"https:\/\/bobea.net\/wp-content\/uploads\/2024\/06\/bobea.jpg","width":1080,"height":1080,"caption":"Bobea"},"image":{"@id":"https:\/\/bobea.net\/#\/schema\/logo\/image\/"},"sameAs":["https:\/\/web.facebook.com\/profile.php?id=61559252188416"]},{"@type":"Person","@id":"https:\/\/bobea.net\/#\/schema\/person\/e7f45ef187918d7c956bf619dce90ccf","name":"bobea.info","image":{"@type":"ImageObject","inLanguage":"fr-FR","@id":"https:\/\/bobea.net\/#\/schema\/person\/image\/","url":"https:\/\/secure.gravatar.com\/avatar\/36147980349df887ae30808df3e29474?s=96&d=mm&r=g","contentUrl":"https:\/\/secure.gravatar.com\/avatar\/36147980349df887ae30808df3e29474?s=96&d=mm&r=g","caption":"bobea.info"},"sameAs":["https:\/\/bobea.net"],"url":"https:\/\/bobea.net\/index.php\/author\/bobea-info\/"}]}},"_links":{"self":[{"href":"https:\/\/bobea.net\/index.php\/wp-json\/wp\/v2\/posts\/11043"}],"collection":[{"href":"https:\/\/bobea.net\/index.php\/wp-json\/wp\/v2\/posts"}],"about":[{"href":"https:\/\/bobea.net\/index.php\/wp-json\/wp\/v2\/types\/post"}],"author":[{"embeddable":true,"href":"https:\/\/bobea.net\/index.php\/wp-json\/wp\/v2\/users\/1"}],"replies":[{"embeddable":true,"href":"https:\/\/bobea.net\/index.php\/wp-json\/wp\/v2\/comments?post=11043"}],"version-history":[{"count":1,"href":"https:\/\/bobea.net\/index.php\/wp-json\/wp\/v2\/posts\/11043\/revisions"}],"predecessor-version":[{"id":11046,"href":"https:\/\/bobea.net\/index.php\/wp-json\/wp\/v2\/posts\/11043\/revisions\/11046"}],"wp:featuredmedia":[{"embeddable":true,"href":"https:\/\/bobea.net\/index.php\/wp-json\/wp\/v2\/media\/11044"}],"wp:attachment":[{"href":"https:\/\/bobea.net\/index.php\/wp-json\/wp\/v2\/media?parent=11043"}],"wp:term":[{"taxonomy":"category","embeddable":true,"href":"https:\/\/bobea.net\/index.php\/wp-json\/wp\/v2\/categories?post=11043"},{"taxonomy":"post_tag","embeddable":true,"href":"https:\/\/bobea.net\/index.php\/wp-json\/wp\/v2\/tags?post=11043"}],"curies":[{"name":"wp","href":"https:\/\/api.w.org\/{rel}","templated":true}]}}