{"id":11039,"date":"2025-03-11T09:45:35","date_gmt":"2025-03-11T09:45:35","guid":{"rendered":"https:\/\/bobea.net\/?p=11039"},"modified":"2025-03-11T09:45:37","modified_gmt":"2025-03-11T09:45:37","slug":"inondations-meurtrieres-16-victimes-et-un-pays-en-deuil-national","status":"publish","type":"post","link":"https:\/\/bobea.net\/index.php\/2025\/03\/11\/inondations-meurtrieres-16-victimes-et-un-pays-en-deuil-national\/","title":{"rendered":"Inondations meurtri\u00e8res \u2014 16 victimes et un pays en deuil national"},"content":{"rendered":"\n<p>L\u2019Ar\u00adgen\u00adtine est plong\u00e9e dans le deuil suite \u00e0 des inon\u00adda\u00adtions d\u00e9vas\u00adta\u00adtri\u00adces qui ont frap\u00adp\u00e9 plusieurs provinces du pays, faisant au moins 16 vic\u00adtimes et des mil\u00adliers de d\u00e9plac\u00e9s. Le gou\u00adverne\u00adment a d\u00e9clar\u00e9 l\u2019\u00e9\u00adtat d\u2019ur\u00adgence et d\u00e9cr\u00e9t\u00e9 un deuil nation\u00adal de trois jours en hom\u00admage aux vic\u00adtimes de cette cat\u00ada\u00adstro\u00adphe naturelle sans pr\u00e9c\u00e9\u00addent.<\/p>\n\n\n\n<p><strong>Ampleur de la cat\u00ada\u00adstro\u00adphe<\/strong><\/p>\n\n\n\n<p>Les provinces les plus touch\u00e9es sont Buenos Aires, San\u00adta Fe et Entre R\u00edos, o\u00f9 des pluies tor\u00adren\u00adtielles ont provo\u00adqu\u00e9 le d\u00e9bor\u00adde\u00adment de plusieurs fleuves et riv\u00adi\u00e8res. La ville de La Pla\u00adta, cap\u00adi\u00adtale de la province de Buenos Aires, a \u00e9t\u00e9 par\u00adti\u00adc\u00aduli\u00e8re\u00adment affec\u00adt\u00e9e, avec plus de 300 mil\u00adlim\u00e8tres de pluie tomb\u00e9s en moins de 24 heures.<\/p>\n\n\n\n<p>Le bilan humain est lourd : 16 per\u00adson\u00adnes ont per\u00addu la vie, prin\u00adci\u00adpale\u00adment emport\u00e9es par les eaux ou \u00e9lec\u00adtro\u00adcut\u00e9es. Plus de 50 000 per\u00adson\u00adnes ont d\u00fb \u00eatre \u00e9vac\u00adu\u00e9es, trou\u00advant refuge dans des cen\u00adtres d\u2019h\u00e9berge\u00adment d\u2019ur\u00adgence mis en place par les autorit\u00e9s.<\/p>\n\n\n\n<p><strong>R\u00e9ponse gou\u00adverne\u00admen\u00adtale et aide inter\u00adna\u00adtionale<\/strong><\/p>\n\n\n\n<p>Le pr\u00e9si\u00addent argentin a imm\u00e9\u00addi\u00adate\u00adment mobil\u00adis\u00e9 l\u2019ar\u00adm\u00e9e pour venir en aide aux sin\u00adistr\u00e9s et coor\u00addon\u00adner les op\u00e9ra\u00adtions de sec\u00adours. \u201cNous met\u00adtons toutes nos ressources \u00e0 dis\u00adpo\u00adsi\u00adtion pour aider nos conci\u00adtoyens dans cette \u00e9preuve ter\u00adri\u00adble\u201d, a\u2011t-il d\u00e9clar\u00e9 lors d\u2019une allo\u00adcu\u00adtion t\u00e9l\u00e9vis\u00e9e.<\/p>\n\n\n\n<p>La com\u00admu\u00adnaut\u00e9 inter\u00adna\u00adtionale s\u2019est \u00e9gale\u00adment mobil\u00adis\u00e9e. L\u2019U\u00adnion europ\u00e9enne a annon\u00adc\u00e9 une aide d\u2019ur\u00adgence de 5 mil\u00adlions d\u2019eu\u00adros, tan\u00addis que les pays voisins, notam\u00adment le Br\u00e9sil et le Chili, ont envoy\u00e9 des \u00e9quipes de sec\u00adours et du mat\u00e9riel.<\/p>\n\n\n\n<p><strong>Impact \u00e9conomique et envi\u00adron\u00adnemen\u00adtal<\/strong><\/p>\n\n\n\n<p>Ces inon\u00adda\u00adtions survi\u00aden\u00adnent \u00e0 un moment cri\u00adtique pour l\u2019\u00e9\u00adconomie argen\u00adtine, d\u00e9j\u00e0 frag\u00adilis\u00e9e par l\u2019in\u00adfla\u00adtion et la dette. Les d\u00e9g\u00e2ts mat\u00e9riels sont estim\u00e9s \u00e0 plusieurs mil\u00adliards de pesos, avec des infra\u00adstruc\u00adtures routi\u00e8res, des habi\u00adta\u00adtions et des ter\u00adres agri\u00adcoles grave\u00adment endom\u00admag\u00e9es.<\/p>\n\n\n\n<p>L\u2019im\u00adpact sur l\u2019a\u00adgri\u00adcul\u00adture, pili\u00ader de l\u2019\u00e9\u00adconomie argen\u00adtine, est par\u00adti\u00adc\u00aduli\u00e8re\u00adment pr\u00e9oc\u00adcu\u00adpant. Selon le min\u00adist\u00e8re de l\u2019A\u00adgri\u00adcul\u00adture, plus de 100 000 hectares de cul\u00adtures ont \u00e9t\u00e9 d\u00e9tru\u00adits, prin\u00adci\u00adpale\u00adment du soja et du ma\u00efs. Cette sit\u00adu\u00ada\u00adtion pour\u00adrait avoir des r\u00e9per\u00adcus\u00adsions sur les march\u00e9s mon\u00addi\u00adaux des mati\u00e8res pre\u00admi\u00e8res agri\u00adcoles.<\/p>\n\n\n\n<figure class=\"wp-block-image size-large\"><img loading=\"lazy\" decoding=\"async\" width=\"1024\" height=\"576\" src=\"https:\/\/bobea.net\/wp-content\/uploads\/2025\/03\/d7ad8c7e6def48fc8002f056f407ef6c4cc1afa0-1024x576.jpg\" alt class=\"wp-image-11041\" srcset=\"https:\/\/bobea.net\/wp-content\/uploads\/2025\/03\/d7ad8c7e6def48fc8002f056f407ef6c4cc1afa0-1024x576.jpg 1024w, https:\/\/bobea.net\/wp-content\/uploads\/2025\/03\/d7ad8c7e6def48fc8002f056f407ef6c4cc1afa0-300x169.jpg 300w, https:\/\/bobea.net\/wp-content\/uploads\/2025\/03\/d7ad8c7e6def48fc8002f056f407ef6c4cc1afa0-768x432.jpg 768w, https:\/\/bobea.net\/wp-content\/uploads\/2025\/03\/d7ad8c7e6def48fc8002f056f407ef6c4cc1afa0.jpg 1280w\" sizes=\"(max-width: 1024px) 100vw, 1024px\"><\/figure>\n\n\n\n<p><strong>Change\u00adment cli\u00adma\u00adtique et pr\u00e9ven\u00adtion des risques<\/strong><\/p>\n\n\n\n<p>Cette cat\u00ada\u00adstro\u00adphe relance le d\u00e9bat sur l\u2019im\u00adpact du change\u00adment cli\u00adma\u00adtique en Argen\u00adtine. Des experts comme le Dr. Maria Rodriguez, cli\u00adma\u00adto\u00adlogue \u00e0 l\u2019U\u00adni\u00adver\u00adsit\u00e9 de Buenos Aires, soulig\u00adnent l\u2019ur\u00adgence d\u2019adopter des mesures d\u2019adap\u00adta\u00adtion : \u201cCes \u00e9v\u00e9ne\u00adments extr\u00eames vont devenir plus fr\u00e9quents. Nous devons repenser notre am\u00e9\u00adnage\u00adment du ter\u00adri\u00adtoire et nos sys\u00adt\u00e8mes de pr\u00e9ven\u00adtion des risques.\u201d<\/p>\n\n\n\n<p>Le gou\u00adverne\u00adment a annon\u00adc\u00e9 son inten\u00adtion de lancer un plan nation\u00adal de r\u00e9silience cli\u00adma\u00adtique, inclu\u00adant la mod\u00aderni\u00adsa\u00adtion des sys\u00adt\u00e8mes de drainage urbain et le ren\u00adforce\u00adment des digues le long des prin\u00adci\u00adpaux cours d\u2019eau.<\/p>\n","protected":false},"excerpt":{"rendered":"<p>L\u2019Ar\u00adgen\u00adtine est plong\u00e9e dans le deuil suite \u00e0 des inon\u00adda\u00adtions d\u00e9vas\u00adta\u00adtri\u00adces qui ont frap\u00adp\u00e9 plusieurs provinces du pays, faisant au moins 16 vic\u00adtimes et des mil\u00adliers de d\u00e9plac\u00e9s. Le gou\u00adverne\u00adment\u2026 <\/p>\n","protected":false},"author":1,"featured_media":11040,"comment_status":"open","ping_status":"closed","sticky":false,"template":"","format":"standard","meta":{"wp_typography_post_enhancements_disabled":false,"footnotes":""},"categories":[73],"tags":[9506,10157,10155,2316,10156,160,10154,10158],"class_list":["post-11039","post","type-post","status-publish","format-standard","has-post-thumbnail","hentry","category-on-en-parle","tag-aide-internationale","tag-buenos-aires","tag-catastrophe-naturelle","tag-changement-climatique","tag-entre-rios","tag-impact-economique","tag-inondations-argentine","tag-santa-fe"],"yoast_head":"<!-- This site is optimized with the Yoast SEO plugin v24.7 - https:\/\/yoast.com\/wordpress\/plugins\/seo\/ -->\n<title>Inondations meurtri\u00e8res - 16 victimes et un pays en deuil national - Bobea<\/title>\n<meta name=\"description\" content=\"L&#039;Argentine est plong\u00e9e dans le deuil suite \u00e0 des inondations d\u00e9vastatrices qui ont frapp\u00e9 plusieurs provinces du pays\" \/>\n<meta name=\"robots\" content=\"index, follow, max-snippet:-1, max-image-preview:large, max-video-preview:-1\" \/>\n<link rel=\"canonical\" href=\"https:\/\/bobea.net\/index.php\/2025\/03\/11\/inondations-meurtrieres-16-victimes-et-un-pays-en-deuil-national\/\" \/>\n<meta property=\"og:locale\" content=\"fr_FR\" \/>\n<meta property=\"og:type\" content=\"article\" \/>\n<meta property=\"og:title\" content=\"Inondations meurtri\u00e8res - 16 victimes et un pays en deuil national - Bobea\" \/>\n<meta property=\"og:description\" content=\"L&#039;Argentine est plong\u00e9e dans le deuil suite \u00e0 des inondations d\u00e9vastatrices qui ont frapp\u00e9 plusieurs provinces du pays\" \/>\n<meta property=\"og:url\" content=\"https:\/\/bobea.net\/index.php\/2025\/03\/11\/inondations-meurtrieres-16-victimes-et-un-pays-en-deuil-national\/\" \/>\n<meta property=\"og:site_name\" content=\"Bobea\" \/>\n<meta property=\"article:publisher\" content=\"https:\/\/web.facebook.com\/profile.php?id=61559252188416\" \/>\n<meta property=\"article:published_time\" content=\"2025-03-11T09:45:35+00:00\" \/>\n<meta property=\"article:modified_time\" content=\"2025-03-11T09:45:37+00:00\" \/>\n<meta property=\"og:image\" content=\"https:\/\/bobea.net\/wp-content\/uploads\/2025\/03\/CGQGDAEDOFCUBGQI6ERTZ5HDJE.jpg\" \/>\n\t<meta property=\"og:image:width\" content=\"1200\" \/>\n\t<meta property=\"og:image:height\" content=\"675\" \/>\n\t<meta property=\"og:image:type\" content=\"image\/jpeg\" \/>\n<meta name=\"author\" content=\"bobea.info\" \/>\n<meta name=\"twitter:card\" content=\"summary_large_image\" \/>\n<meta name=\"twitter:label1\" content=\"\u00c9crit par\" \/>\n\t<meta name=\"twitter:data1\" content=\"bobea.info\" \/>\n\t<meta name=\"twitter:label2\" content=\"Dur\u00e9e de lecture estim\u00e9e\" \/>\n\t<meta name=\"twitter:data2\" content=\"3 minutes\" \/>\n<script type=\"application\/ld+json\" class=\"yoast-schema-graph\">{\"@context\":\"https:\/\/schema.org\",\"@graph\":[{\"@type\":\"Article\",\"@id\":\"https:\/\/bobea.net\/index.php\/2025\/03\/11\/inondations-meurtrieres-16-victimes-et-un-pays-en-deuil-national\/#article\",\"isPartOf\":{\"@id\":\"https:\/\/bobea.net\/index.php\/2025\/03\/11\/inondations-meurtrieres-16-victimes-et-un-pays-en-deuil-national\/\"},\"author\":{\"name\":\"bobea.info\",\"@id\":\"https:\/\/bobea.net\/#\/schema\/person\/e7f45ef187918d7c956bf619dce90ccf\"},\"headline\":\"Inondations meurtri\u00e8res \u2014 16 victimes et un pays en deuil national\",\"datePublished\":\"2025-03-11T09:45:35+00:00\",\"dateModified\":\"2025-03-11T09:45:37+00:00\",\"mainEntityOfPage\":{\"@id\":\"https:\/\/bobea.net\/index.php\/2025\/03\/11\/inondations-meurtrieres-16-victimes-et-un-pays-en-deuil-national\/\"},\"wordCount\":495,\"commentCount\":0,\"publisher\":{\"@id\":\"https:\/\/bobea.net\/#organization\"},\"image\":{\"@id\":\"https:\/\/bobea.net\/index.php\/2025\/03\/11\/inondations-meurtrieres-16-victimes-et-un-pays-en-deuil-national\/#primaryimage\"},\"thumbnailUrl\":\"https:\/\/bobea.net\/wp-content\/uploads\/2025\/03\/CGQGDAEDOFCUBGQI6ERTZ5HDJE.jpg\",\"keywords\":[\"aide internationale\",\"Buenos Aires\",\"catastrophe naturelle\",\"changement climatique\",\"Entre R\u00edos\",\"impact \u00e9conomique\",\"Inondations Argentine\",\"Santa Fe\"],\"articleSection\":[\"On en Parle\"],\"inLanguage\":\"fr-FR\",\"potentialAction\":[{\"@type\":\"CommentAction\",\"name\":\"Comment\",\"target\":[\"https:\/\/bobea.net\/index.php\/2025\/03\/11\/inondations-meurtrieres-16-victimes-et-un-pays-en-deuil-national\/#respond\"]}]},{\"@type\":\"WebPage\",\"@id\":\"https:\/\/bobea.net\/index.php\/2025\/03\/11\/inondations-meurtrieres-16-victimes-et-un-pays-en-deuil-national\/\",\"url\":\"https:\/\/bobea.net\/index.php\/2025\/03\/11\/inondations-meurtrieres-16-victimes-et-un-pays-en-deuil-national\/\",\"name\":\"Inondations meurtri\u00e8res - 16 victimes et un pays en deuil national - Bobea\",\"isPartOf\":{\"@id\":\"https:\/\/bobea.net\/#website\"},\"primaryImageOfPage\":{\"@id\":\"https:\/\/bobea.net\/index.php\/2025\/03\/11\/inondations-meurtrieres-16-victimes-et-un-pays-en-deuil-national\/#primaryimage\"},\"image\":{\"@id\":\"https:\/\/bobea.net\/index.php\/2025\/03\/11\/inondations-meurtrieres-16-victimes-et-un-pays-en-deuil-national\/#primaryimage\"},\"thumbnailUrl\":\"https:\/\/bobea.net\/wp-content\/uploads\/2025\/03\/CGQGDAEDOFCUBGQI6ERTZ5HDJE.jpg\",\"datePublished\":\"2025-03-11T09:45:35+00:00\",\"dateModified\":\"2025-03-11T09:45:37+00:00\",\"description\":\"L'Argentine est plong\u00e9e dans le deuil suite \u00e0 des inondations d\u00e9vastatrices qui ont frapp\u00e9 plusieurs provinces du pays\",\"breadcrumb\":{\"@id\":\"https:\/\/bobea.net\/index.php\/2025\/03\/11\/inondations-meurtrieres-16-victimes-et-un-pays-en-deuil-national\/#breadcrumb\"},\"inLanguage\":\"fr-FR\",\"potentialAction\":[{\"@type\":\"ReadAction\",\"target\":[\"https:\/\/bobea.net\/index.php\/2025\/03\/11\/inondations-meurtrieres-16-victimes-et-un-pays-en-deuil-national\/\"]}]},{\"@type\":\"ImageObject\",\"inLanguage\":\"fr-FR\",\"@id\":\"https:\/\/bobea.net\/index.php\/2025\/03\/11\/inondations-meurtrieres-16-victimes-et-un-pays-en-deuil-national\/#primaryimage\",\"url\":\"https:\/\/bobea.net\/wp-content\/uploads\/2025\/03\/CGQGDAEDOFCUBGQI6ERTZ5HDJE.jpg\",\"contentUrl\":\"https:\/\/bobea.net\/wp-content\/uploads\/2025\/03\/CGQGDAEDOFCUBGQI6ERTZ5HDJE.jpg\",\"width\":1200,\"height\":675},{\"@type\":\"BreadcrumbList\",\"@id\":\"https:\/\/bobea.net\/index.php\/2025\/03\/11\/inondations-meurtrieres-16-victimes-et-un-pays-en-deuil-national\/#breadcrumb\",\"itemListElement\":[{\"@type\":\"ListItem\",\"position\":1,\"name\":\"Accueil\",\"item\":\"https:\/\/bobea.net\/\"},{\"@type\":\"ListItem\",\"position\":2,\"name\":\"Inondations meurtri\u00e8res &#8211; 16 victimes et un pays en deuil national\"}]},{\"@type\":\"WebSite\",\"@id\":\"https:\/\/bobea.net\/#website\",\"url\":\"https:\/\/bobea.net\/\",\"name\":\"Bobea\",\"description\":\"Le magazine de la nouvelle \u00c8ve\",\"publisher\":{\"@id\":\"https:\/\/bobea.net\/#organization\"},\"potentialAction\":[{\"@type\":\"SearchAction\",\"target\":{\"@type\":\"EntryPoint\",\"urlTemplate\":\"https:\/\/bobea.net\/?s={search_term_string}\"},\"query-input\":{\"@type\":\"PropertyValueSpecification\",\"valueRequired\":true,\"valueName\":\"search_term_string\"}}],\"inLanguage\":\"fr-FR\"},{\"@type\":\"Organization\",\"@id\":\"https:\/\/bobea.net\/#organization\",\"name\":\"Bobea\",\"url\":\"https:\/\/bobea.net\/\",\"logo\":{\"@type\":\"ImageObject\",\"inLanguage\":\"fr-FR\",\"@id\":\"https:\/\/bobea.net\/#\/schema\/logo\/image\/\",\"url\":\"https:\/\/bobea.net\/wp-content\/uploads\/2024\/06\/bobea.jpg\",\"contentUrl\":\"https:\/\/bobea.net\/wp-content\/uploads\/2024\/06\/bobea.jpg\",\"width\":1080,\"height\":1080,\"caption\":\"Bobea\"},\"image\":{\"@id\":\"https:\/\/bobea.net\/#\/schema\/logo\/image\/\"},\"sameAs\":[\"https:\/\/web.facebook.com\/profile.php?id=61559252188416\"]},{\"@type\":\"Person\",\"@id\":\"https:\/\/bobea.net\/#\/schema\/person\/e7f45ef187918d7c956bf619dce90ccf\",\"name\":\"bobea.info\",\"image\":{\"@type\":\"ImageObject\",\"inLanguage\":\"fr-FR\",\"@id\":\"https:\/\/bobea.net\/#\/schema\/person\/image\/\",\"url\":\"https:\/\/secure.gravatar.com\/avatar\/36147980349df887ae30808df3e29474?s=96&d=mm&r=g\",\"contentUrl\":\"https:\/\/secure.gravatar.com\/avatar\/36147980349df887ae30808df3e29474?s=96&d=mm&r=g\",\"caption\":\"bobea.info\"},\"sameAs\":[\"https:\/\/bobea.net\"],\"url\":\"https:\/\/bobea.net\/index.php\/author\/bobea-info\/\"}]}<\/script>\n<!-- \/ Yoast SEO plugin. -->","yoast_head_json":{"title":"Inondations meurtri\u00e8res - 16 victimes et un pays en deuil national - Bobea","description":"L'Argentine est plong\u00e9e dans le deuil suite \u00e0 des inondations d\u00e9vastatrices qui ont frapp\u00e9 plusieurs provinces du pays","robots":{"index":"index","follow":"follow","max-snippet":"max-snippet:-1","max-image-preview":"max-image-preview:large","max-video-preview":"max-video-preview:-1"},"canonical":"https:\/\/bobea.net\/index.php\/2025\/03\/11\/inondations-meurtrieres-16-victimes-et-un-pays-en-deuil-national\/","og_locale":"fr_FR","og_type":"article","og_title":"Inondations meurtri\u00e8res - 16 victimes et un pays en deuil national - Bobea","og_description":"L'Argentine est plong\u00e9e dans le deuil suite \u00e0 des inondations d\u00e9vastatrices qui ont frapp\u00e9 plusieurs provinces du pays","og_url":"https:\/\/bobea.net\/index.php\/2025\/03\/11\/inondations-meurtrieres-16-victimes-et-un-pays-en-deuil-national\/","og_site_name":"Bobea","article_publisher":"https:\/\/web.facebook.com\/profile.php?id=61559252188416","article_published_time":"2025-03-11T09:45:35+00:00","article_modified_time":"2025-03-11T09:45:37+00:00","og_image":[{"width":1200,"height":675,"url":"https:\/\/bobea.net\/wp-content\/uploads\/2025\/03\/CGQGDAEDOFCUBGQI6ERTZ5HDJE.jpg","type":"image\/jpeg"}],"author":"bobea.info","twitter_card":"summary_large_image","twitter_misc":{"\u00c9crit par":"bobea.info","Dur\u00e9e de lecture estim\u00e9e":"3 minutes"},"schema":{"@context":"https:\/\/schema.org","@graph":[{"@type":"Article","@id":"https:\/\/bobea.net\/index.php\/2025\/03\/11\/inondations-meurtrieres-16-victimes-et-un-pays-en-deuil-national\/#article","isPartOf":{"@id":"https:\/\/bobea.net\/index.php\/2025\/03\/11\/inondations-meurtrieres-16-victimes-et-un-pays-en-deuil-national\/"},"author":{"name":"bobea.info","@id":"https:\/\/bobea.net\/#\/schema\/person\/e7f45ef187918d7c956bf619dce90ccf"},"headline":"Inondations meurtri\u00e8res \u2014 16 victimes et un pays en deuil national","datePublished":"2025-03-11T09:45:35+00:00","dateModified":"2025-03-11T09:45:37+00:00","mainEntityOfPage":{"@id":"https:\/\/bobea.net\/index.php\/2025\/03\/11\/inondations-meurtrieres-16-victimes-et-un-pays-en-deuil-national\/"},"wordCount":495,"commentCount":0,"publisher":{"@id":"https:\/\/bobea.net\/#organization"},"image":{"@id":"https:\/\/bobea.net\/index.php\/2025\/03\/11\/inondations-meurtrieres-16-victimes-et-un-pays-en-deuil-national\/#primaryimage"},"thumbnailUrl":"https:\/\/bobea.net\/wp-content\/uploads\/2025\/03\/CGQGDAEDOFCUBGQI6ERTZ5HDJE.jpg","keywords":["aide internationale","Buenos Aires","catastrophe naturelle","changement climatique","Entre R\u00edos","impact \u00e9conomique","Inondations Argentine","Santa Fe"],"articleSection":["On en Parle"],"inLanguage":"fr-FR","potentialAction":[{"@type":"CommentAction","name":"Comment","target":["https:\/\/bobea.net\/index.php\/2025\/03\/11\/inondations-meurtrieres-16-victimes-et-un-pays-en-deuil-national\/#respond"]}]},{"@type":"WebPage","@id":"https:\/\/bobea.net\/index.php\/2025\/03\/11\/inondations-meurtrieres-16-victimes-et-un-pays-en-deuil-national\/","url":"https:\/\/bobea.net\/index.php\/2025\/03\/11\/inondations-meurtrieres-16-victimes-et-un-pays-en-deuil-national\/","name":"Inondations meurtri\u00e8res - 16 victimes et un pays en deuil national - Bobea","isPartOf":{"@id":"https:\/\/bobea.net\/#website"},"primaryImageOfPage":{"@id":"https:\/\/bobea.net\/index.php\/2025\/03\/11\/inondations-meurtrieres-16-victimes-et-un-pays-en-deuil-national\/#primaryimage"},"image":{"@id":"https:\/\/bobea.net\/index.php\/2025\/03\/11\/inondations-meurtrieres-16-victimes-et-un-pays-en-deuil-national\/#primaryimage"},"thumbnailUrl":"https:\/\/bobea.net\/wp-content\/uploads\/2025\/03\/CGQGDAEDOFCUBGQI6ERTZ5HDJE.jpg","datePublished":"2025-03-11T09:45:35+00:00","dateModified":"2025-03-11T09:45:37+00:00","description":"L'Argentine est plong\u00e9e dans le deuil suite \u00e0 des inondations d\u00e9vastatrices qui ont frapp\u00e9 plusieurs provinces du pays","breadcrumb":{"@id":"https:\/\/bobea.net\/index.php\/2025\/03\/11\/inondations-meurtrieres-16-victimes-et-un-pays-en-deuil-national\/#breadcrumb"},"inLanguage":"fr-FR","potentialAction":[{"@type":"ReadAction","target":["https:\/\/bobea.net\/index.php\/2025\/03\/11\/inondations-meurtrieres-16-victimes-et-un-pays-en-deuil-national\/"]}]},{"@type":"ImageObject","inLanguage":"fr-FR","@id":"https:\/\/bobea.net\/index.php\/2025\/03\/11\/inondations-meurtrieres-16-victimes-et-un-pays-en-deuil-national\/#primaryimage","url":"https:\/\/bobea.net\/wp-content\/uploads\/2025\/03\/CGQGDAEDOFCUBGQI6ERTZ5HDJE.jpg","contentUrl":"https:\/\/bobea.net\/wp-content\/uploads\/2025\/03\/CGQGDAEDOFCUBGQI6ERTZ5HDJE.jpg","width":1200,"height":675},{"@type":"BreadcrumbList","@id":"https:\/\/bobea.net\/index.php\/2025\/03\/11\/inondations-meurtrieres-16-victimes-et-un-pays-en-deuil-national\/#breadcrumb","itemListElement":[{"@type":"ListItem","position":1,"name":"Accueil","item":"https:\/\/bobea.net\/"},{"@type":"ListItem","position":2,"name":"Inondations meurtri\u00e8res &#8211; 16 victimes et un pays en deuil national"}]},{"@type":"WebSite","@id":"https:\/\/bobea.net\/#website","url":"https:\/\/bobea.net\/","name":"Bobea","description":"Le magazine de la nouvelle \u00c8ve","publisher":{"@id":"https:\/\/bobea.net\/#organization"},"potentialAction":[{"@type":"SearchAction","target":{"@type":"EntryPoint","urlTemplate":"https:\/\/bobea.net\/?s={search_term_string}"},"query-input":{"@type":"PropertyValueSpecification","valueRequired":true,"valueName":"search_term_string"}}],"inLanguage":"fr-FR"},{"@type":"Organization","@id":"https:\/\/bobea.net\/#organization","name":"Bobea","url":"https:\/\/bobea.net\/","logo":{"@type":"ImageObject","inLanguage":"fr-FR","@id":"https:\/\/bobea.net\/#\/schema\/logo\/image\/","url":"https:\/\/bobea.net\/wp-content\/uploads\/2024\/06\/bobea.jpg","contentUrl":"https:\/\/bobea.net\/wp-content\/uploads\/2024\/06\/bobea.jpg","width":1080,"height":1080,"caption":"Bobea"},"image":{"@id":"https:\/\/bobea.net\/#\/schema\/logo\/image\/"},"sameAs":["https:\/\/web.facebook.com\/profile.php?id=61559252188416"]},{"@type":"Person","@id":"https:\/\/bobea.net\/#\/schema\/person\/e7f45ef187918d7c956bf619dce90ccf","name":"bobea.info","image":{"@type":"ImageObject","inLanguage":"fr-FR","@id":"https:\/\/bobea.net\/#\/schema\/person\/image\/","url":"https:\/\/secure.gravatar.com\/avatar\/36147980349df887ae30808df3e29474?s=96&d=mm&r=g","contentUrl":"https:\/\/secure.gravatar.com\/avatar\/36147980349df887ae30808df3e29474?s=96&d=mm&r=g","caption":"bobea.info"},"sameAs":["https:\/\/bobea.net"],"url":"https:\/\/bobea.net\/index.php\/author\/bobea-info\/"}]}},"_links":{"self":[{"href":"https:\/\/bobea.net\/index.php\/wp-json\/wp\/v2\/posts\/11039"}],"collection":[{"href":"https:\/\/bobea.net\/index.php\/wp-json\/wp\/v2\/posts"}],"about":[{"href":"https:\/\/bobea.net\/index.php\/wp-json\/wp\/v2\/types\/post"}],"author":[{"embeddable":true,"href":"https:\/\/bobea.net\/index.php\/wp-json\/wp\/v2\/users\/1"}],"replies":[{"embeddable":true,"href":"https:\/\/bobea.net\/index.php\/wp-json\/wp\/v2\/comments?post=11039"}],"version-history":[{"count":1,"href":"https:\/\/bobea.net\/index.php\/wp-json\/wp\/v2\/posts\/11039\/revisions"}],"predecessor-version":[{"id":11042,"href":"https:\/\/bobea.net\/index.php\/wp-json\/wp\/v2\/posts\/11039\/revisions\/11042"}],"wp:featuredmedia":[{"embeddable":true,"href":"https:\/\/bobea.net\/index.php\/wp-json\/wp\/v2\/media\/11040"}],"wp:attachment":[{"href":"https:\/\/bobea.net\/index.php\/wp-json\/wp\/v2\/media?parent=11039"}],"wp:term":[{"taxonomy":"category","embeddable":true,"href":"https:\/\/bobea.net\/index.php\/wp-json\/wp\/v2\/categories?post=11039"},{"taxonomy":"post_tag","embeddable":true,"href":"https:\/\/bobea.net\/index.php\/wp-json\/wp\/v2\/tags?post=11039"}],"curies":[{"name":"wp","href":"https:\/\/api.w.org\/{rel}","templated":true}]}}