{"id":11035,"date":"2025-03-11T09:43:03","date_gmt":"2025-03-11T09:43:03","guid":{"rendered":"https:\/\/bobea.net\/?p=11035"},"modified":"2025-03-11T09:43:07","modified_gmt":"2025-03-11T09:43:07","slug":"mark-carney-elu-premier-ministre-du-canada-un-tournant-pour-lamerique-du-nord","status":"publish","type":"post","link":"https:\/\/bobea.net\/index.php\/2025\/03\/11\/mark-carney-elu-premier-ministre-du-canada-un-tournant-pour-lamerique-du-nord\/","title":{"rendered":"Mark Carney \u00e9lu Premier ministre du Canada \u2014 Un tournant pour l\u2019Am\u00e9rique du Nord ?"},"content":{"rendered":"\n<p>Dans une \u00e9lec\u00adtion qui restera dans les annales de l\u2019his\u00adtoire poli\u00adtique cana\u00addi\u00adenne, Mark Car\u00adney, ancien gou\u00adverneur de la Banque du Cana\u00adda et de la Banque d\u2019An\u00adgleterre, a \u00e9t\u00e9 \u00e9lu Pre\u00admier min\u00adistre du Cana\u00adda le 10 mars 2025. Cette vic\u00adtoire inat\u00adten\u00addue mar\u00adque un tour\u00adnant sig\u00adni\u00adfi\u00adcatif non seule\u00adment pour le Cana\u00adda, mais pour l\u2019ensem\u00adble de l\u2019Am\u00e9rique du Nord.<\/p>\n\n\n\n<p>Car\u00adney, \u00e9con\u00ado\u00admiste de renom et fig\u00adure respec\u00adt\u00e9e sur la sc\u00e8ne inter\u00adna\u00adtionale, a men\u00e9 une cam\u00adpagne ax\u00e9e sur la relance \u00e9conomique post-pand\u00e9mie et la tran\u00adsi\u00adtion vers une \u00e9conomie verte. Son \u00e9lec\u00adtion refl\u00e8te un d\u00e9sir de change\u00adment chez les \u00e9lecteurs cana\u00addi\u00adens, fatigu\u00e9s des poli\u00adtiques tra\u00addi\u00adtion\u00adnelles et en qu\u00eate d\u2019une nou\u00advelle approche pour faire face aux d\u00e9fis du 21e si\u00e8\u00adcle.<\/p>\n\n\n\n<p><strong>Impact sur les rela\u00adtions cana\u00addo-am\u00e9ri\u00adcaines<\/strong><\/p>\n\n\n\n<p>L\u2019ar\u00adriv\u00e9e de Car\u00adney au pou\u00advoir pour\u00adrait red\u00e9finir les rela\u00adtions entre le Cana\u00adda et les \u00c9tats-Unis. Con\u00adnu pour sa vision glob\u00adale et sa com\u00adpr\u00e9hen\u00adsion appro\u00adfondie des march\u00e9s financiers inter\u00adna\u00adtionaux, Car\u00adney est bien plac\u00e9 pour n\u00e9goci\u00ader avec Wash\u00ading\u00adton sur des ques\u00adtions cru\u00adciales telles que le com\u00admerce, l\u2019\u00e9n\u00adergie et la s\u00e9cu\u00adrit\u00e9 frontal\u00adi\u00e8re.<\/p>\n\n\n\n<p>Experts et ana\u00adlystes s\u2019ac\u00adcor\u00addent \u00e0 dire que la pr\u00e9sence de Car\u00adney \u00e0 Ottawa pour\u00adrait con\u00adduire \u00e0 une col\u00adlab\u00ado\u00adra\u00adtion plus \u00e9troite entre les deux pays sur des enjeux comme le change\u00adment cli\u00adma\u00adtique et la r\u00e9gu\u00adla\u00adtion finan\u00adci\u00e8re. Sarah Thomp\u00adson, pro\u00adfesseure de sci\u00adences poli\u00adtiques \u00e0 l\u2019U\u00adni\u00adver\u00adsit\u00e9 de Toron\u00adto, d\u00e9clare : \u201cAvec Car\u00adney aux com\u00adman\u00addes, nous pou\u00advons nous atten\u00addre \u00e0 une approche plus sophis\u00adtiqu\u00e9e et nuanc\u00e9e dans les rela\u00adtions cana\u00addo-am\u00e9ri\u00adcaines.\u201d<\/p>\n\n\n\n<figure class=\"wp-block-image size-full is-resized\"><img loading=\"lazy\" decoding=\"async\" width=\"650\" height=\"433\" src=\"https:\/\/bobea.net\/wp-content\/uploads\/2025\/03\/field_media_image-2908758-951fe1c0289a0c42d4fafa7ce242da4f7e23c1d4.jpg\" alt class=\"wp-image-11037\" style=\"width:840px;height:auto\" srcset=\"https:\/\/bobea.net\/wp-content\/uploads\/2025\/03\/field_media_image-2908758-951fe1c0289a0c42d4fafa7ce242da4f7e23c1d4.jpg 650w, https:\/\/bobea.net\/wp-content\/uploads\/2025\/03\/field_media_image-2908758-951fe1c0289a0c42d4fafa7ce242da4f7e23c1d4-300x200.jpg 300w\" sizes=\"(max-width: 650px) 100vw, 650px\"><\/figure>\n\n\n\n<p><strong>D\u00e9fis \u00e9conomiques et envi\u00adron\u00adnemen\u00adtaux<\/strong><\/p>\n\n\n\n<p>L\u2019un des plus grands d\u00e9fis de Car\u00adney sera de tenir sa promesse de cam\u00adpagne de trans\u00adformer l\u2019\u00e9\u00adconomie cana\u00addi\u00adenne. Son plan ambitieux vise \u00e0 r\u00e9duire les \u00e9mis\u00adsions de car\u00adbone tout en stim\u00adu\u00adlant la crois\u00adsance \u00e9conomique, un \u00e9quili\u00adbre d\u00e9li\u00adcat que peu de pays ont r\u00e9us\u00adsi \u00e0 attein\u00addre.<\/p>\n\n\n\n<p>Le nou\u00adveau Pre\u00admier min\u00adistre a annon\u00adc\u00e9 son inten\u00adtion de met\u00adtre en place une \u201ctaxe car\u00adbone intel\u00adli\u00adgente\u201d et d\u2019in\u00adve\u00adstir mas\u00adsive\u00adment dans les tech\u00adnolo\u00adgies vertes. Ces poli\u00adtiques pour\u00adraient avoir des r\u00e9per\u00adcus\u00adsions impor\u00adtantes sur l\u2019in\u00addus\u00adtrie p\u00e9troli\u00e8re cana\u00addi\u00adenne, un pili\u00ader tra\u00addi\u00adtion\u00adnel de l\u2019\u00e9\u00adconomie du pays.<\/p>\n\n\n\n<p><strong>R\u00e9ac\u00adtions inter\u00adna\u00adtionales<\/strong><\/p>\n\n\n\n<p>La vic\u00adtoire de Car\u00adney a sus\u00adcit\u00e9 des r\u00e9ac\u00adtions pos\u00adi\u00adtives de la part des dirigeants mon\u00addi\u00adaux. La pr\u00e9si\u00addente am\u00e9ri\u00adcaine a f\u00e9lic\u00adit\u00e9 Car\u00adney, soulig\u00adnant \u201cl\u2019op\u00adpor\u00adtu\u00adnit\u00e9 de ren\u00adforcer les liens entre nos deux nations\u201d. Le Pre\u00admier min\u00adistre bri\u00adtan\u00adnique a quant \u00e0 lui salu\u00e9 \u201cun leader vision\u00adnaire capa\u00adble de nav\u00adiguer dans les eaux trou\u00adbles de l\u2019\u00e9\u00adconomie mon\u00addi\u00adale\u201d.<\/p>\n","protected":false},"excerpt":{"rendered":"<p>Dans une \u00e9lec\u00adtion qui restera dans les annales de l\u2019his\u00adtoire poli\u00adtique cana\u00addi\u00adenne, Mark Car\u00adney, ancien gou\u00adverneur de la Banque du Cana\u00adda et de la Banque d\u2019An\u00adgleterre, a \u00e9t\u00e9 \u00e9lu Pre\u00admier\u2026 <\/p>\n","protected":false},"author":1,"featured_media":11036,"comment_status":"open","ping_status":"closed","sticky":false,"template":"","format":"standard","meta":{"wp_typography_post_enhancements_disabled":false,"footnotes":""},"categories":[73],"tags":[8020,10149,10151,10153,10150,10152],"class_list":["post-11035","post","type-post","status-publish","format-standard","has-post-thumbnail","hentry","category-on-en-parle","tag-economie-verte","tag-elections-canadiennes-2025","tag-mark-carney","tag-politique-nord-americaine","tag-premier-ministre-canada","tag-relations-canado-americaines"],"yoast_head":"<!-- This site is optimized with the Yoast SEO plugin v24.7 - https:\/\/yoast.com\/wordpress\/plugins\/seo\/ -->\n<title>Mark Carney \u00e9lu Premier ministre du Canada - Un tournant pour l&#039;Am\u00e9rique du Nord ? - Bobea<\/title>\n<meta name=\"robots\" content=\"index, follow, max-snippet:-1, max-image-preview:large, max-video-preview:-1\" \/>\n<link rel=\"canonical\" href=\"https:\/\/bobea.net\/index.php\/2025\/03\/11\/mark-carney-elu-premier-ministre-du-canada-un-tournant-pour-lamerique-du-nord\/\" \/>\n<meta property=\"og:locale\" content=\"fr_FR\" \/>\n<meta property=\"og:type\" content=\"article\" \/>\n<meta property=\"og:title\" content=\"Mark Carney \u00e9lu Premier ministre du Canada - Un tournant pour l&#039;Am\u00e9rique du Nord ? - Bobea\" \/>\n<meta property=\"og:description\" content=\"Dans une \u00e9lec\u00adtion qui restera dans les annales de l\u2019his\u00adtoire poli\u00adtique cana\u00addi\u00adenne, Mark Car\u00adney, ancien gou\u00adverneur de la Banque du Cana\u00adda et de la Banque d\u2019An\u00adgleterre, a \u00e9t\u00e9 \u00e9lu Pre\u00admier&hellip;\" \/>\n<meta property=\"og:url\" content=\"https:\/\/bobea.net\/index.php\/2025\/03\/11\/mark-carney-elu-premier-ministre-du-canada-un-tournant-pour-lamerique-du-nord\/\" \/>\n<meta property=\"og:site_name\" content=\"Bobea\" \/>\n<meta property=\"article:publisher\" content=\"https:\/\/web.facebook.com\/profile.php?id=61559252188416\" \/>\n<meta property=\"article:published_time\" content=\"2025-03-11T09:43:03+00:00\" \/>\n<meta property=\"article:modified_time\" content=\"2025-03-11T09:43:07+00:00\" \/>\n<meta property=\"og:image\" content=\"https:\/\/bobea.net\/wp-content\/uploads\/2025\/03\/00e22260-fd47-11ef-896e-d7e7fb1719a4.jpg\" \/>\n\t<meta property=\"og:image:width\" content=\"1024\" \/>\n\t<meta property=\"og:image:height\" content=\"576\" \/>\n\t<meta property=\"og:image:type\" content=\"image\/jpeg\" \/>\n<meta name=\"author\" content=\"bobea.info\" \/>\n<meta name=\"twitter:card\" content=\"summary_large_image\" \/>\n<meta name=\"twitter:label1\" content=\"\u00c9crit par\" \/>\n\t<meta name=\"twitter:data1\" content=\"bobea.info\" \/>\n\t<meta name=\"twitter:label2\" content=\"Dur\u00e9e de lecture estim\u00e9e\" \/>\n\t<meta name=\"twitter:data2\" content=\"3 minutes\" \/>\n<script type=\"application\/ld+json\" class=\"yoast-schema-graph\">{\"@context\":\"https:\/\/schema.org\",\"@graph\":[{\"@type\":\"Article\",\"@id\":\"https:\/\/bobea.net\/index.php\/2025\/03\/11\/mark-carney-elu-premier-ministre-du-canada-un-tournant-pour-lamerique-du-nord\/#article\",\"isPartOf\":{\"@id\":\"https:\/\/bobea.net\/index.php\/2025\/03\/11\/mark-carney-elu-premier-ministre-du-canada-un-tournant-pour-lamerique-du-nord\/\"},\"author\":{\"name\":\"bobea.info\",\"@id\":\"https:\/\/bobea.net\/#\/schema\/person\/e7f45ef187918d7c956bf619dce90ccf\"},\"headline\":\"Mark Carney \u00e9lu Premier ministre du Canada \u2014 Un tournant pour l\u2019Am\u00e9rique du Nord ?\",\"datePublished\":\"2025-03-11T09:43:03+00:00\",\"dateModified\":\"2025-03-11T09:43:07+00:00\",\"mainEntityOfPage\":{\"@id\":\"https:\/\/bobea.net\/index.php\/2025\/03\/11\/mark-carney-elu-premier-ministre-du-canada-un-tournant-pour-lamerique-du-nord\/\"},\"wordCount\":438,\"commentCount\":0,\"publisher\":{\"@id\":\"https:\/\/bobea.net\/#organization\"},\"image\":{\"@id\":\"https:\/\/bobea.net\/index.php\/2025\/03\/11\/mark-carney-elu-premier-ministre-du-canada-un-tournant-pour-lamerique-du-nord\/#primaryimage\"},\"thumbnailUrl\":\"https:\/\/bobea.net\/wp-content\/uploads\/2025\/03\/00e22260-fd47-11ef-896e-d7e7fb1719a4.jpg\",\"keywords\":[\"\u00e9conomie verte\",\"\u00e9lections canadiennes 2025\",\"Mark Carney\",\"politique nord-am\u00e9ricaine\",\"Premier ministre Canada\",\"relations canado-am\u00e9ricaines\"],\"articleSection\":[\"On en Parle\"],\"inLanguage\":\"fr-FR\",\"potentialAction\":[{\"@type\":\"CommentAction\",\"name\":\"Comment\",\"target\":[\"https:\/\/bobea.net\/index.php\/2025\/03\/11\/mark-carney-elu-premier-ministre-du-canada-un-tournant-pour-lamerique-du-nord\/#respond\"]}]},{\"@type\":\"WebPage\",\"@id\":\"https:\/\/bobea.net\/index.php\/2025\/03\/11\/mark-carney-elu-premier-ministre-du-canada-un-tournant-pour-lamerique-du-nord\/\",\"url\":\"https:\/\/bobea.net\/index.php\/2025\/03\/11\/mark-carney-elu-premier-ministre-du-canada-un-tournant-pour-lamerique-du-nord\/\",\"name\":\"Mark Carney \u00e9lu Premier ministre du Canada - Un tournant pour l'Am\u00e9rique du Nord ? - Bobea\",\"isPartOf\":{\"@id\":\"https:\/\/bobea.net\/#website\"},\"primaryImageOfPage\":{\"@id\":\"https:\/\/bobea.net\/index.php\/2025\/03\/11\/mark-carney-elu-premier-ministre-du-canada-un-tournant-pour-lamerique-du-nord\/#primaryimage\"},\"image\":{\"@id\":\"https:\/\/bobea.net\/index.php\/2025\/03\/11\/mark-carney-elu-premier-ministre-du-canada-un-tournant-pour-lamerique-du-nord\/#primaryimage\"},\"thumbnailUrl\":\"https:\/\/bobea.net\/wp-content\/uploads\/2025\/03\/00e22260-fd47-11ef-896e-d7e7fb1719a4.jpg\",\"datePublished\":\"2025-03-11T09:43:03+00:00\",\"dateModified\":\"2025-03-11T09:43:07+00:00\",\"breadcrumb\":{\"@id\":\"https:\/\/bobea.net\/index.php\/2025\/03\/11\/mark-carney-elu-premier-ministre-du-canada-un-tournant-pour-lamerique-du-nord\/#breadcrumb\"},\"inLanguage\":\"fr-FR\",\"potentialAction\":[{\"@type\":\"ReadAction\",\"target\":[\"https:\/\/bobea.net\/index.php\/2025\/03\/11\/mark-carney-elu-premier-ministre-du-canada-un-tournant-pour-lamerique-du-nord\/\"]}]},{\"@type\":\"ImageObject\",\"inLanguage\":\"fr-FR\",\"@id\":\"https:\/\/bobea.net\/index.php\/2025\/03\/11\/mark-carney-elu-premier-ministre-du-canada-un-tournant-pour-lamerique-du-nord\/#primaryimage\",\"url\":\"https:\/\/bobea.net\/wp-content\/uploads\/2025\/03\/00e22260-fd47-11ef-896e-d7e7fb1719a4.jpg\",\"contentUrl\":\"https:\/\/bobea.net\/wp-content\/uploads\/2025\/03\/00e22260-fd47-11ef-896e-d7e7fb1719a4.jpg\",\"width\":1024,\"height\":576},{\"@type\":\"BreadcrumbList\",\"@id\":\"https:\/\/bobea.net\/index.php\/2025\/03\/11\/mark-carney-elu-premier-ministre-du-canada-un-tournant-pour-lamerique-du-nord\/#breadcrumb\",\"itemListElement\":[{\"@type\":\"ListItem\",\"position\":1,\"name\":\"Accueil\",\"item\":\"https:\/\/bobea.net\/\"},{\"@type\":\"ListItem\",\"position\":2,\"name\":\"Mark Carney \u00e9lu Premier ministre du Canada &#8211; Un tournant pour l&rsquo;Am\u00e9rique du Nord ?\"}]},{\"@type\":\"WebSite\",\"@id\":\"https:\/\/bobea.net\/#website\",\"url\":\"https:\/\/bobea.net\/\",\"name\":\"Bobea\",\"description\":\"Le magazine de la nouvelle \u00c8ve\",\"publisher\":{\"@id\":\"https:\/\/bobea.net\/#organization\"},\"potentialAction\":[{\"@type\":\"SearchAction\",\"target\":{\"@type\":\"EntryPoint\",\"urlTemplate\":\"https:\/\/bobea.net\/?s={search_term_string}\"},\"query-input\":{\"@type\":\"PropertyValueSpecification\",\"valueRequired\":true,\"valueName\":\"search_term_string\"}}],\"inLanguage\":\"fr-FR\"},{\"@type\":\"Organization\",\"@id\":\"https:\/\/bobea.net\/#organization\",\"name\":\"Bobea\",\"url\":\"https:\/\/bobea.net\/\",\"logo\":{\"@type\":\"ImageObject\",\"inLanguage\":\"fr-FR\",\"@id\":\"https:\/\/bobea.net\/#\/schema\/logo\/image\/\",\"url\":\"https:\/\/bobea.net\/wp-content\/uploads\/2024\/06\/bobea.jpg\",\"contentUrl\":\"https:\/\/bobea.net\/wp-content\/uploads\/2024\/06\/bobea.jpg\",\"width\":1080,\"height\":1080,\"caption\":\"Bobea\"},\"image\":{\"@id\":\"https:\/\/bobea.net\/#\/schema\/logo\/image\/\"},\"sameAs\":[\"https:\/\/web.facebook.com\/profile.php?id=61559252188416\"]},{\"@type\":\"Person\",\"@id\":\"https:\/\/bobea.net\/#\/schema\/person\/e7f45ef187918d7c956bf619dce90ccf\",\"name\":\"bobea.info\",\"image\":{\"@type\":\"ImageObject\",\"inLanguage\":\"fr-FR\",\"@id\":\"https:\/\/bobea.net\/#\/schema\/person\/image\/\",\"url\":\"https:\/\/secure.gravatar.com\/avatar\/36147980349df887ae30808df3e29474?s=96&d=mm&r=g\",\"contentUrl\":\"https:\/\/secure.gravatar.com\/avatar\/36147980349df887ae30808df3e29474?s=96&d=mm&r=g\",\"caption\":\"bobea.info\"},\"sameAs\":[\"https:\/\/bobea.net\"],\"url\":\"https:\/\/bobea.net\/index.php\/author\/bobea-info\/\"}]}<\/script>\n<!-- \/ Yoast SEO plugin. -->","yoast_head_json":{"title":"Mark Carney \u00e9lu Premier ministre du Canada - Un tournant pour l'Am\u00e9rique du Nord ? - Bobea","robots":{"index":"index","follow":"follow","max-snippet":"max-snippet:-1","max-image-preview":"max-image-preview:large","max-video-preview":"max-video-preview:-1"},"canonical":"https:\/\/bobea.net\/index.php\/2025\/03\/11\/mark-carney-elu-premier-ministre-du-canada-un-tournant-pour-lamerique-du-nord\/","og_locale":"fr_FR","og_type":"article","og_title":"Mark Carney \u00e9lu Premier ministre du Canada - Un tournant pour l'Am\u00e9rique du Nord ? - Bobea","og_description":"Dans une \u00e9lec\u00adtion qui restera dans les annales de l\u2019his\u00adtoire poli\u00adtique cana\u00addi\u00adenne, Mark Car\u00adney, ancien gou\u00adverneur de la Banque du Cana\u00adda et de la Banque d\u2019An\u00adgleterre, a \u00e9t\u00e9 \u00e9lu Pre\u00admier&hellip;","og_url":"https:\/\/bobea.net\/index.php\/2025\/03\/11\/mark-carney-elu-premier-ministre-du-canada-un-tournant-pour-lamerique-du-nord\/","og_site_name":"Bobea","article_publisher":"https:\/\/web.facebook.com\/profile.php?id=61559252188416","article_published_time":"2025-03-11T09:43:03+00:00","article_modified_time":"2025-03-11T09:43:07+00:00","og_image":[{"width":1024,"height":576,"url":"https:\/\/bobea.net\/wp-content\/uploads\/2025\/03\/00e22260-fd47-11ef-896e-d7e7fb1719a4.jpg","type":"image\/jpeg"}],"author":"bobea.info","twitter_card":"summary_large_image","twitter_misc":{"\u00c9crit par":"bobea.info","Dur\u00e9e de lecture estim\u00e9e":"3 minutes"},"schema":{"@context":"https:\/\/schema.org","@graph":[{"@type":"Article","@id":"https:\/\/bobea.net\/index.php\/2025\/03\/11\/mark-carney-elu-premier-ministre-du-canada-un-tournant-pour-lamerique-du-nord\/#article","isPartOf":{"@id":"https:\/\/bobea.net\/index.php\/2025\/03\/11\/mark-carney-elu-premier-ministre-du-canada-un-tournant-pour-lamerique-du-nord\/"},"author":{"name":"bobea.info","@id":"https:\/\/bobea.net\/#\/schema\/person\/e7f45ef187918d7c956bf619dce90ccf"},"headline":"Mark Carney \u00e9lu Premier ministre du Canada \u2014 Un tournant pour l\u2019Am\u00e9rique du Nord ?","datePublished":"2025-03-11T09:43:03+00:00","dateModified":"2025-03-11T09:43:07+00:00","mainEntityOfPage":{"@id":"https:\/\/bobea.net\/index.php\/2025\/03\/11\/mark-carney-elu-premier-ministre-du-canada-un-tournant-pour-lamerique-du-nord\/"},"wordCount":438,"commentCount":0,"publisher":{"@id":"https:\/\/bobea.net\/#organization"},"image":{"@id":"https:\/\/bobea.net\/index.php\/2025\/03\/11\/mark-carney-elu-premier-ministre-du-canada-un-tournant-pour-lamerique-du-nord\/#primaryimage"},"thumbnailUrl":"https:\/\/bobea.net\/wp-content\/uploads\/2025\/03\/00e22260-fd47-11ef-896e-d7e7fb1719a4.jpg","keywords":["\u00e9conomie verte","\u00e9lections canadiennes 2025","Mark Carney","politique nord-am\u00e9ricaine","Premier ministre Canada","relations canado-am\u00e9ricaines"],"articleSection":["On en Parle"],"inLanguage":"fr-FR","potentialAction":[{"@type":"CommentAction","name":"Comment","target":["https:\/\/bobea.net\/index.php\/2025\/03\/11\/mark-carney-elu-premier-ministre-du-canada-un-tournant-pour-lamerique-du-nord\/#respond"]}]},{"@type":"WebPage","@id":"https:\/\/bobea.net\/index.php\/2025\/03\/11\/mark-carney-elu-premier-ministre-du-canada-un-tournant-pour-lamerique-du-nord\/","url":"https:\/\/bobea.net\/index.php\/2025\/03\/11\/mark-carney-elu-premier-ministre-du-canada-un-tournant-pour-lamerique-du-nord\/","name":"Mark Carney \u00e9lu Premier ministre du Canada - Un tournant pour l'Am\u00e9rique du Nord ? - Bobea","isPartOf":{"@id":"https:\/\/bobea.net\/#website"},"primaryImageOfPage":{"@id":"https:\/\/bobea.net\/index.php\/2025\/03\/11\/mark-carney-elu-premier-ministre-du-canada-un-tournant-pour-lamerique-du-nord\/#primaryimage"},"image":{"@id":"https:\/\/bobea.net\/index.php\/2025\/03\/11\/mark-carney-elu-premier-ministre-du-canada-un-tournant-pour-lamerique-du-nord\/#primaryimage"},"thumbnailUrl":"https:\/\/bobea.net\/wp-content\/uploads\/2025\/03\/00e22260-fd47-11ef-896e-d7e7fb1719a4.jpg","datePublished":"2025-03-11T09:43:03+00:00","dateModified":"2025-03-11T09:43:07+00:00","breadcrumb":{"@id":"https:\/\/bobea.net\/index.php\/2025\/03\/11\/mark-carney-elu-premier-ministre-du-canada-un-tournant-pour-lamerique-du-nord\/#breadcrumb"},"inLanguage":"fr-FR","potentialAction":[{"@type":"ReadAction","target":["https:\/\/bobea.net\/index.php\/2025\/03\/11\/mark-carney-elu-premier-ministre-du-canada-un-tournant-pour-lamerique-du-nord\/"]}]},{"@type":"ImageObject","inLanguage":"fr-FR","@id":"https:\/\/bobea.net\/index.php\/2025\/03\/11\/mark-carney-elu-premier-ministre-du-canada-un-tournant-pour-lamerique-du-nord\/#primaryimage","url":"https:\/\/bobea.net\/wp-content\/uploads\/2025\/03\/00e22260-fd47-11ef-896e-d7e7fb1719a4.jpg","contentUrl":"https:\/\/bobea.net\/wp-content\/uploads\/2025\/03\/00e22260-fd47-11ef-896e-d7e7fb1719a4.jpg","width":1024,"height":576},{"@type":"BreadcrumbList","@id":"https:\/\/bobea.net\/index.php\/2025\/03\/11\/mark-carney-elu-premier-ministre-du-canada-un-tournant-pour-lamerique-du-nord\/#breadcrumb","itemListElement":[{"@type":"ListItem","position":1,"name":"Accueil","item":"https:\/\/bobea.net\/"},{"@type":"ListItem","position":2,"name":"Mark Carney \u00e9lu Premier ministre du Canada &#8211; Un tournant pour l&rsquo;Am\u00e9rique du Nord ?"}]},{"@type":"WebSite","@id":"https:\/\/bobea.net\/#website","url":"https:\/\/bobea.net\/","name":"Bobea","description":"Le magazine de la nouvelle \u00c8ve","publisher":{"@id":"https:\/\/bobea.net\/#organization"},"potentialAction":[{"@type":"SearchAction","target":{"@type":"EntryPoint","urlTemplate":"https:\/\/bobea.net\/?s={search_term_string}"},"query-input":{"@type":"PropertyValueSpecification","valueRequired":true,"valueName":"search_term_string"}}],"inLanguage":"fr-FR"},{"@type":"Organization","@id":"https:\/\/bobea.net\/#organization","name":"Bobea","url":"https:\/\/bobea.net\/","logo":{"@type":"ImageObject","inLanguage":"fr-FR","@id":"https:\/\/bobea.net\/#\/schema\/logo\/image\/","url":"https:\/\/bobea.net\/wp-content\/uploads\/2024\/06\/bobea.jpg","contentUrl":"https:\/\/bobea.net\/wp-content\/uploads\/2024\/06\/bobea.jpg","width":1080,"height":1080,"caption":"Bobea"},"image":{"@id":"https:\/\/bobea.net\/#\/schema\/logo\/image\/"},"sameAs":["https:\/\/web.facebook.com\/profile.php?id=61559252188416"]},{"@type":"Person","@id":"https:\/\/bobea.net\/#\/schema\/person\/e7f45ef187918d7c956bf619dce90ccf","name":"bobea.info","image":{"@type":"ImageObject","inLanguage":"fr-FR","@id":"https:\/\/bobea.net\/#\/schema\/person\/image\/","url":"https:\/\/secure.gravatar.com\/avatar\/36147980349df887ae30808df3e29474?s=96&d=mm&r=g","contentUrl":"https:\/\/secure.gravatar.com\/avatar\/36147980349df887ae30808df3e29474?s=96&d=mm&r=g","caption":"bobea.info"},"sameAs":["https:\/\/bobea.net"],"url":"https:\/\/bobea.net\/index.php\/author\/bobea-info\/"}]}},"_links":{"self":[{"href":"https:\/\/bobea.net\/index.php\/wp-json\/wp\/v2\/posts\/11035"}],"collection":[{"href":"https:\/\/bobea.net\/index.php\/wp-json\/wp\/v2\/posts"}],"about":[{"href":"https:\/\/bobea.net\/index.php\/wp-json\/wp\/v2\/types\/post"}],"author":[{"embeddable":true,"href":"https:\/\/bobea.net\/index.php\/wp-json\/wp\/v2\/users\/1"}],"replies":[{"embeddable":true,"href":"https:\/\/bobea.net\/index.php\/wp-json\/wp\/v2\/comments?post=11035"}],"version-history":[{"count":1,"href":"https:\/\/bobea.net\/index.php\/wp-json\/wp\/v2\/posts\/11035\/revisions"}],"predecessor-version":[{"id":11038,"href":"https:\/\/bobea.net\/index.php\/wp-json\/wp\/v2\/posts\/11035\/revisions\/11038"}],"wp:featuredmedia":[{"embeddable":true,"href":"https:\/\/bobea.net\/index.php\/wp-json\/wp\/v2\/media\/11036"}],"wp:attachment":[{"href":"https:\/\/bobea.net\/index.php\/wp-json\/wp\/v2\/media?parent=11035"}],"wp:term":[{"taxonomy":"category","embeddable":true,"href":"https:\/\/bobea.net\/index.php\/wp-json\/wp\/v2\/categories?post=11035"},{"taxonomy":"post_tag","embeddable":true,"href":"https:\/\/bobea.net\/index.php\/wp-json\/wp\/v2\/tags?post=11035"}],"curies":[{"name":"wp","href":"https:\/\/api.w.org\/{rel}","templated":true}]}}