{"id":11022,"date":"2025-03-09T22:12:14","date_gmt":"2025-03-09T22:12:14","guid":{"rendered":"https:\/\/bobea.net\/?p=11022"},"modified":"2025-03-09T22:12:15","modified_gmt":"2025-03-09T22:12:15","slug":"journee-internationale-des-femmes-2025-le-bilan-30-ans-apres-la-declaration-de-pekin","status":"publish","type":"post","link":"https:\/\/bobea.net\/index.php\/2025\/03\/09\/journee-internationale-des-femmes-2025-le-bilan-30-ans-apres-la-declaration-de-pekin\/","title":{"rendered":"Journ\u00e9e Internationale des Femmes 2025 : Le bilan 30 ans apr\u00e8s la D\u00e9claration de P\u00e9kin"},"content":{"rendered":"\n<p>La Journ\u00e9e Inter\u00adna\u00adtionale des Femmes 2025 mar\u00adque le 30e anniver\u00adsaire de la D\u00e9c\u00adla\u00adra\u00adtion et du Pro\u00adgramme d\u2019ac\u00adtion de P\u00e9kin, con\u00adsid\u00ad\u00e9r\u00e9s comme la feuille de route la plus pro\u00adgres\u00adsiste pour l\u2019au\u00adtonomi\u00adsa\u00adtion des femmes et des filles dans le monde. Cette ann\u00e9e est l\u2019oc\u00adca\u00adsion de faire le point sur les pro\u00adgr\u00e8s r\u00e9al\u00adis\u00e9s et les d\u00e9fis qui per\u00adsis\u00adtent en mati\u00e8re d\u2019\u00e9\u00adgal\u00adit\u00e9 des gen\u00adres.<\/p>\n\n\n\n<p><strong>Pro\u00adgr\u00e8s r\u00e9al\u00adis\u00e9s depuis 1995<\/strong><\/p>\n\n\n\n<p>Depuis la con\u00adf\u00e9rence de P\u00e9kin, des avanc\u00e9es sig\u00adni\u00adfica\u00adtives ont \u00e9t\u00e9 enreg\u00adistr\u00e9es :<\/p>\n\n\n\n<ol start=\"1\" class=\"wp-block-list\">\n<li>\u00c9du\u00adca\u00adtion : L\u2019\u00e9\u00adcart entre les sex\u00ades dans l\u2019ac\u00adc\u00e8s \u00e0 l\u2019\u00e9\u00add\u00adu\u00adca\u00adtion pri\u00admaire s\u2019est con\u00adsid\u00ad\u00e9rable\u00adment r\u00e9duit dans de nom\u00adbreux pays.<\/li>\n\n\n\n<li>Repr\u00e9sen\u00adta\u00adtion poli\u00adtique : Le nom\u00adbre de femmes occu\u00adpant des postes de direc\u00adtion poli\u00adtique a aug\u00admen\u00adt\u00e9, bien que la par\u00adit\u00e9 soit encore loin d\u2019\u00eatre atteinte.<\/li>\n\n\n\n<li>Droits repro\u00adduc\u00adtifs : De nom\u00adbreux pays ont ren\u00adfor\u00adc\u00e9 les lois pro\u00adt\u00e9geant les droits repro\u00adduc\u00adtifs des femmes.<\/li>\n\n\n\n<li>Lutte con\u00adtre les vio\u00adlences : La sen\u00adsi\u00adbil\u00adi\u00adsa\u00adtion aux vio\u00adlences faites aux femmes s\u2019est accrue, avec des l\u00e9g\u00adis\u00adla\u00adtions plus strictes dans de nom\u00adbreux pays.<\/li>\n<\/ol>\n\n\n\n<p><strong>D\u00e9fis per\u00adsis\u00adtants<\/strong><\/p>\n\n\n\n<p>Mal\u00adgr\u00e9 ces pro\u00adgr\u00e8s, de nom\u00adbreux d\u00e9fis sub\u00adsis\u00adtent :<\/p>\n\n\n\n<ol start=\"1\" class=\"wp-block-list\">\n<li>\u00c9cart salar\u00adi\u00adal : Les femmes gag\u00adnent encore en moyenne 20% de moins que les hommes pour un tra\u00advail \u00e9quiv\u00ada\u00adlent.<\/li>\n\n\n\n<li>Vio\u00adlences sex\u00adistes : Une femme sur trois dans le monde subit encore des vio\u00adlences physiques ou sex\u00aduelles au cours de sa vie.<\/li>\n\n\n\n<li>Sous-repr\u00e9sen\u00adta\u00adtion dans les STEM : Les femmes restent sous-repr\u00e9sen\u00adt\u00e9es dans les domaines des sci\u00adences, tech\u00adnolo\u00adgies, ing\u00e9nierie et math\u00ad\u00e9\u00adma\u00adtiques.<\/li>\n\n\n\n<li>Charge men\u00adtale et tra\u00advail non r\u00e9mun\u00e9r\u00e9 : Les femmes con\u00adtin\u00adu\u00adent d\u2019as\u00adsumer une part dis\u00adpro\u00adpor\u00adtion\u00adn\u00e9e des t\u00e2ch\u00ades domes\u00adtiques et des soins aux enfants et aux per\u00adson\u00adnes \u00e2g\u00e9es.<\/li>\n<\/ol>\n\n\n\n<p><strong>Ini\u00adtia\u00adtives pour l\u2019avenir<\/strong><\/p>\n\n\n\n<p>Pour acc\u00e9l\u00e9r\u00ader les pro\u00adgr\u00e8s, plusieurs ini\u00adtia\u00adtives ont \u00e9t\u00e9 lanc\u00e9es :<\/p>\n\n\n\n<ol start=\"1\" class=\"wp-block-list\">\n<li>Pro\u00adgramme \u201cWomen in Tech 2030\u201d : Visant \u00e0 aug\u00admenter de 50% la pr\u00e9sence des femmes dans les m\u00e9tiers de la tech d\u2019i\u00adci 2030.<\/li>\n\n\n\n<li>Fonds mon\u00addi\u00adal pour l\u2019en\u00adtre\u00adpre\u00adneuri\u00adat f\u00e9minin : Dot\u00e9 de 5 mil\u00adliards de dol\u00adlars pour soutenir les femmes entre\u00adpre\u00adneures dans les pays en d\u00e9veloppe\u00adment.<\/li>\n\n\n\n<li>Cam\u00adpagne \u201cZero Tol\u00ader\u00adance\u201d : Une ini\u00adtia\u00adtive mon\u00addi\u00adale pour \u00e9radi\u00adquer les vio\u00adlences faites aux femmes, avec un focus sur la pr\u00e9ven\u00adtion et l\u2019\u00e9\u00add\u00adu\u00adca\u00adtion.<\/li>\n<\/ol>\n\n\n\n<p><strong>Con\u00adclu\u00adsion<\/strong><\/p>\n\n\n\n<p>Trente ans apr\u00e8s P\u00e9kin, le chemin vers l\u2019\u00e9\u00adgal\u00adit\u00e9 des gen\u00adres reste long, mais les pro\u00adgr\u00e8s sont ind\u00e9\u00adni\u00adables. La Journ\u00e9e Inter\u00adna\u00adtionale des Femmes 2025 est l\u2019oc\u00adca\u00adsion de c\u00e9l\u00e9br\u00ader ces avanc\u00e9es tout en renou\u00adve\u00adlant l\u2019en\u00adgage\u00adment glob\u00adal pour un monde plus \u00e9quitable.<\/p>\n","protected":false},"excerpt":{"rendered":"<p>La Journ\u00e9e Inter\u00adna\u00adtionale des Femmes 2025 mar\u00adque le 30e anniver\u00adsaire de la D\u00e9c\u00adla\u00adra\u00adtion et du Pro\u00adgramme d\u2019ac\u00adtion de P\u00e9kin, con\u00adsid\u00ad\u00e9r\u00e9s comme la feuille de route la plus pro\u00adgres\u00adsiste pour l\u2019au\u00adtonomi\u00adsa\u00adtion\u2026 <\/p>\n","protected":false},"author":1,"featured_media":11023,"comment_status":"open","ping_status":"closed","sticky":false,"template":"","format":"standard","meta":{"wp_typography_post_enhancements_disabled":false,"footnotes":""},"categories":[73],"tags":[10148,197,1268,9823],"class_list":["post-11022","post","type-post","status-publish","format-standard","has-post-thumbnail","hentry","category-on-en-parle","tag-declaration-de-pekin","tag-droits-des-femmes","tag-egalite-des-genres","tag-journee-internationale-des-femmes-2025"],"yoast_head":"<!-- This site is optimized with the Yoast SEO plugin v24.7 - https:\/\/yoast.com\/wordpress\/plugins\/seo\/ -->\n<title>Journ\u00e9e Internationale des Femmes 2025 : Le bilan 30 ans apr\u00e8s la D\u00e9claration de P\u00e9kin - Bobea<\/title>\n<meta name=\"description\" content=\"La Journ\u00e9e Internationale des Femmes 2025 marque le 30e anniversaire de la D\u00e9claration et du Programme d&#039;action de P\u00e9kin\" \/>\n<meta name=\"robots\" content=\"index, follow, max-snippet:-1, max-image-preview:large, max-video-preview:-1\" \/>\n<link rel=\"canonical\" href=\"https:\/\/bobea.net\/index.php\/2025\/03\/09\/journee-internationale-des-femmes-2025-le-bilan-30-ans-apres-la-declaration-de-pekin\/\" \/>\n<meta property=\"og:locale\" content=\"fr_FR\" \/>\n<meta property=\"og:type\" content=\"article\" \/>\n<meta property=\"og:title\" content=\"Journ\u00e9e Internationale des Femmes 2025 : Le bilan 30 ans apr\u00e8s la D\u00e9claration de P\u00e9kin - Bobea\" \/>\n<meta property=\"og:description\" content=\"La Journ\u00e9e Internationale des Femmes 2025 marque le 30e anniversaire de la D\u00e9claration et du Programme d&#039;action de P\u00e9kin\" \/>\n<meta property=\"og:url\" content=\"https:\/\/bobea.net\/index.php\/2025\/03\/09\/journee-internationale-des-femmes-2025-le-bilan-30-ans-apres-la-declaration-de-pekin\/\" \/>\n<meta property=\"og:site_name\" content=\"Bobea\" \/>\n<meta property=\"article:publisher\" content=\"https:\/\/web.facebook.com\/profile.php?id=61559252188416\" \/>\n<meta property=\"article:published_time\" content=\"2025-03-09T22:12:14+00:00\" \/>\n<meta property=\"article:modified_time\" content=\"2025-03-09T22:12:15+00:00\" \/>\n<meta property=\"og:image\" content=\"https:\/\/bobea.net\/wp-content\/uploads\/2025\/03\/Hillary_Clinton_at_the_United_Nations_Conference_on_Women_in_Beijing_China-scaled.jpg\" \/>\n\t<meta property=\"og:image:width\" content=\"2560\" \/>\n\t<meta property=\"og:image:height\" content=\"1740\" \/>\n\t<meta property=\"og:image:type\" content=\"image\/jpeg\" \/>\n<meta name=\"author\" content=\"bobea.info\" \/>\n<meta name=\"twitter:card\" content=\"summary_large_image\" \/>\n<meta name=\"twitter:label1\" content=\"\u00c9crit par\" \/>\n\t<meta name=\"twitter:data1\" content=\"bobea.info\" \/>\n\t<meta name=\"twitter:label2\" content=\"Dur\u00e9e de lecture estim\u00e9e\" \/>\n\t<meta name=\"twitter:data2\" content=\"3 minutes\" \/>\n<script type=\"application\/ld+json\" class=\"yoast-schema-graph\">{\"@context\":\"https:\/\/schema.org\",\"@graph\":[{\"@type\":\"Article\",\"@id\":\"https:\/\/bobea.net\/index.php\/2025\/03\/09\/journee-internationale-des-femmes-2025-le-bilan-30-ans-apres-la-declaration-de-pekin\/#article\",\"isPartOf\":{\"@id\":\"https:\/\/bobea.net\/index.php\/2025\/03\/09\/journee-internationale-des-femmes-2025-le-bilan-30-ans-apres-la-declaration-de-pekin\/\"},\"author\":{\"name\":\"bobea.info\",\"@id\":\"https:\/\/bobea.net\/#\/schema\/person\/e7f45ef187918d7c956bf619dce90ccf\"},\"headline\":\"Journ\u00e9e Internationale des Femmes 2025 : Le bilan 30 ans apr\u00e8s la D\u00e9claration de P\u00e9kin\",\"datePublished\":\"2025-03-09T22:12:14+00:00\",\"dateModified\":\"2025-03-09T22:12:15+00:00\",\"mainEntityOfPage\":{\"@id\":\"https:\/\/bobea.net\/index.php\/2025\/03\/09\/journee-internationale-des-femmes-2025-le-bilan-30-ans-apres-la-declaration-de-pekin\/\"},\"wordCount\":436,\"commentCount\":0,\"publisher\":{\"@id\":\"https:\/\/bobea.net\/#organization\"},\"image\":{\"@id\":\"https:\/\/bobea.net\/index.php\/2025\/03\/09\/journee-internationale-des-femmes-2025-le-bilan-30-ans-apres-la-declaration-de-pekin\/#primaryimage\"},\"thumbnailUrl\":\"https:\/\/bobea.net\/wp-content\/uploads\/2025\/03\/Hillary_Clinton_at_the_United_Nations_Conference_on_Women_in_Beijing_China-scaled.jpg\",\"keywords\":[\"D\u00e9claration de P\u00e9kin\",\"droits des femmes\",\"\u00e9galit\u00e9 des genres\",\"Journ\u00e9e internationale des femmes 2025\"],\"articleSection\":[\"On en Parle\"],\"inLanguage\":\"fr-FR\",\"potentialAction\":[{\"@type\":\"CommentAction\",\"name\":\"Comment\",\"target\":[\"https:\/\/bobea.net\/index.php\/2025\/03\/09\/journee-internationale-des-femmes-2025-le-bilan-30-ans-apres-la-declaration-de-pekin\/#respond\"]}]},{\"@type\":\"WebPage\",\"@id\":\"https:\/\/bobea.net\/index.php\/2025\/03\/09\/journee-internationale-des-femmes-2025-le-bilan-30-ans-apres-la-declaration-de-pekin\/\",\"url\":\"https:\/\/bobea.net\/index.php\/2025\/03\/09\/journee-internationale-des-femmes-2025-le-bilan-30-ans-apres-la-declaration-de-pekin\/\",\"name\":\"Journ\u00e9e Internationale des Femmes 2025 : Le bilan 30 ans apr\u00e8s la D\u00e9claration de P\u00e9kin - Bobea\",\"isPartOf\":{\"@id\":\"https:\/\/bobea.net\/#website\"},\"primaryImageOfPage\":{\"@id\":\"https:\/\/bobea.net\/index.php\/2025\/03\/09\/journee-internationale-des-femmes-2025-le-bilan-30-ans-apres-la-declaration-de-pekin\/#primaryimage\"},\"image\":{\"@id\":\"https:\/\/bobea.net\/index.php\/2025\/03\/09\/journee-internationale-des-femmes-2025-le-bilan-30-ans-apres-la-declaration-de-pekin\/#primaryimage\"},\"thumbnailUrl\":\"https:\/\/bobea.net\/wp-content\/uploads\/2025\/03\/Hillary_Clinton_at_the_United_Nations_Conference_on_Women_in_Beijing_China-scaled.jpg\",\"datePublished\":\"2025-03-09T22:12:14+00:00\",\"dateModified\":\"2025-03-09T22:12:15+00:00\",\"description\":\"La Journ\u00e9e Internationale des Femmes 2025 marque le 30e anniversaire de la D\u00e9claration et du Programme d'action de P\u00e9kin\",\"breadcrumb\":{\"@id\":\"https:\/\/bobea.net\/index.php\/2025\/03\/09\/journee-internationale-des-femmes-2025-le-bilan-30-ans-apres-la-declaration-de-pekin\/#breadcrumb\"},\"inLanguage\":\"fr-FR\",\"potentialAction\":[{\"@type\":\"ReadAction\",\"target\":[\"https:\/\/bobea.net\/index.php\/2025\/03\/09\/journee-internationale-des-femmes-2025-le-bilan-30-ans-apres-la-declaration-de-pekin\/\"]}]},{\"@type\":\"ImageObject\",\"inLanguage\":\"fr-FR\",\"@id\":\"https:\/\/bobea.net\/index.php\/2025\/03\/09\/journee-internationale-des-femmes-2025-le-bilan-30-ans-apres-la-declaration-de-pekin\/#primaryimage\",\"url\":\"https:\/\/bobea.net\/wp-content\/uploads\/2025\/03\/Hillary_Clinton_at_the_United_Nations_Conference_on_Women_in_Beijing_China-scaled.jpg\",\"contentUrl\":\"https:\/\/bobea.net\/wp-content\/uploads\/2025\/03\/Hillary_Clinton_at_the_United_Nations_Conference_on_Women_in_Beijing_China-scaled.jpg\",\"width\":2560,\"height\":1740},{\"@type\":\"BreadcrumbList\",\"@id\":\"https:\/\/bobea.net\/index.php\/2025\/03\/09\/journee-internationale-des-femmes-2025-le-bilan-30-ans-apres-la-declaration-de-pekin\/#breadcrumb\",\"itemListElement\":[{\"@type\":\"ListItem\",\"position\":1,\"name\":\"Accueil\",\"item\":\"https:\/\/bobea.net\/\"},{\"@type\":\"ListItem\",\"position\":2,\"name\":\"Journ\u00e9e Internationale des Femmes 2025 : Le bilan 30 ans apr\u00e8s la D\u00e9claration de P\u00e9kin\"}]},{\"@type\":\"WebSite\",\"@id\":\"https:\/\/bobea.net\/#website\",\"url\":\"https:\/\/bobea.net\/\",\"name\":\"Bobea\",\"description\":\"Le magazine de la nouvelle \u00c8ve\",\"publisher\":{\"@id\":\"https:\/\/bobea.net\/#organization\"},\"potentialAction\":[{\"@type\":\"SearchAction\",\"target\":{\"@type\":\"EntryPoint\",\"urlTemplate\":\"https:\/\/bobea.net\/?s={search_term_string}\"},\"query-input\":{\"@type\":\"PropertyValueSpecification\",\"valueRequired\":true,\"valueName\":\"search_term_string\"}}],\"inLanguage\":\"fr-FR\"},{\"@type\":\"Organization\",\"@id\":\"https:\/\/bobea.net\/#organization\",\"name\":\"Bobea\",\"url\":\"https:\/\/bobea.net\/\",\"logo\":{\"@type\":\"ImageObject\",\"inLanguage\":\"fr-FR\",\"@id\":\"https:\/\/bobea.net\/#\/schema\/logo\/image\/\",\"url\":\"https:\/\/bobea.net\/wp-content\/uploads\/2024\/06\/bobea.jpg\",\"contentUrl\":\"https:\/\/bobea.net\/wp-content\/uploads\/2024\/06\/bobea.jpg\",\"width\":1080,\"height\":1080,\"caption\":\"Bobea\"},\"image\":{\"@id\":\"https:\/\/bobea.net\/#\/schema\/logo\/image\/\"},\"sameAs\":[\"https:\/\/web.facebook.com\/profile.php?id=61559252188416\"]},{\"@type\":\"Person\",\"@id\":\"https:\/\/bobea.net\/#\/schema\/person\/e7f45ef187918d7c956bf619dce90ccf\",\"name\":\"bobea.info\",\"image\":{\"@type\":\"ImageObject\",\"inLanguage\":\"fr-FR\",\"@id\":\"https:\/\/bobea.net\/#\/schema\/person\/image\/\",\"url\":\"https:\/\/secure.gravatar.com\/avatar\/36147980349df887ae30808df3e29474?s=96&d=mm&r=g\",\"contentUrl\":\"https:\/\/secure.gravatar.com\/avatar\/36147980349df887ae30808df3e29474?s=96&d=mm&r=g\",\"caption\":\"bobea.info\"},\"sameAs\":[\"https:\/\/bobea.net\"],\"url\":\"https:\/\/bobea.net\/index.php\/author\/bobea-info\/\"}]}<\/script>\n<!-- \/ Yoast SEO plugin. -->","yoast_head_json":{"title":"Journ\u00e9e Internationale des Femmes 2025 : Le bilan 30 ans apr\u00e8s la D\u00e9claration de P\u00e9kin - Bobea","description":"La Journ\u00e9e Internationale des Femmes 2025 marque le 30e anniversaire de la D\u00e9claration et du Programme d'action de P\u00e9kin","robots":{"index":"index","follow":"follow","max-snippet":"max-snippet:-1","max-image-preview":"max-image-preview:large","max-video-preview":"max-video-preview:-1"},"canonical":"https:\/\/bobea.net\/index.php\/2025\/03\/09\/journee-internationale-des-femmes-2025-le-bilan-30-ans-apres-la-declaration-de-pekin\/","og_locale":"fr_FR","og_type":"article","og_title":"Journ\u00e9e Internationale des Femmes 2025 : Le bilan 30 ans apr\u00e8s la D\u00e9claration de P\u00e9kin - Bobea","og_description":"La Journ\u00e9e Internationale des Femmes 2025 marque le 30e anniversaire de la D\u00e9claration et du Programme d'action de P\u00e9kin","og_url":"https:\/\/bobea.net\/index.php\/2025\/03\/09\/journee-internationale-des-femmes-2025-le-bilan-30-ans-apres-la-declaration-de-pekin\/","og_site_name":"Bobea","article_publisher":"https:\/\/web.facebook.com\/profile.php?id=61559252188416","article_published_time":"2025-03-09T22:12:14+00:00","article_modified_time":"2025-03-09T22:12:15+00:00","og_image":[{"width":2560,"height":1740,"url":"https:\/\/bobea.net\/wp-content\/uploads\/2025\/03\/Hillary_Clinton_at_the_United_Nations_Conference_on_Women_in_Beijing_China-scaled.jpg","type":"image\/jpeg"}],"author":"bobea.info","twitter_card":"summary_large_image","twitter_misc":{"\u00c9crit par":"bobea.info","Dur\u00e9e de lecture estim\u00e9e":"3 minutes"},"schema":{"@context":"https:\/\/schema.org","@graph":[{"@type":"Article","@id":"https:\/\/bobea.net\/index.php\/2025\/03\/09\/journee-internationale-des-femmes-2025-le-bilan-30-ans-apres-la-declaration-de-pekin\/#article","isPartOf":{"@id":"https:\/\/bobea.net\/index.php\/2025\/03\/09\/journee-internationale-des-femmes-2025-le-bilan-30-ans-apres-la-declaration-de-pekin\/"},"author":{"name":"bobea.info","@id":"https:\/\/bobea.net\/#\/schema\/person\/e7f45ef187918d7c956bf619dce90ccf"},"headline":"Journ\u00e9e Internationale des Femmes 2025 : Le bilan 30 ans apr\u00e8s la D\u00e9claration de P\u00e9kin","datePublished":"2025-03-09T22:12:14+00:00","dateModified":"2025-03-09T22:12:15+00:00","mainEntityOfPage":{"@id":"https:\/\/bobea.net\/index.php\/2025\/03\/09\/journee-internationale-des-femmes-2025-le-bilan-30-ans-apres-la-declaration-de-pekin\/"},"wordCount":436,"commentCount":0,"publisher":{"@id":"https:\/\/bobea.net\/#organization"},"image":{"@id":"https:\/\/bobea.net\/index.php\/2025\/03\/09\/journee-internationale-des-femmes-2025-le-bilan-30-ans-apres-la-declaration-de-pekin\/#primaryimage"},"thumbnailUrl":"https:\/\/bobea.net\/wp-content\/uploads\/2025\/03\/Hillary_Clinton_at_the_United_Nations_Conference_on_Women_in_Beijing_China-scaled.jpg","keywords":["D\u00e9claration de P\u00e9kin","droits des femmes","\u00e9galit\u00e9 des genres","Journ\u00e9e internationale des femmes 2025"],"articleSection":["On en Parle"],"inLanguage":"fr-FR","potentialAction":[{"@type":"CommentAction","name":"Comment","target":["https:\/\/bobea.net\/index.php\/2025\/03\/09\/journee-internationale-des-femmes-2025-le-bilan-30-ans-apres-la-declaration-de-pekin\/#respond"]}]},{"@type":"WebPage","@id":"https:\/\/bobea.net\/index.php\/2025\/03\/09\/journee-internationale-des-femmes-2025-le-bilan-30-ans-apres-la-declaration-de-pekin\/","url":"https:\/\/bobea.net\/index.php\/2025\/03\/09\/journee-internationale-des-femmes-2025-le-bilan-30-ans-apres-la-declaration-de-pekin\/","name":"Journ\u00e9e Internationale des Femmes 2025 : Le bilan 30 ans apr\u00e8s la D\u00e9claration de P\u00e9kin - Bobea","isPartOf":{"@id":"https:\/\/bobea.net\/#website"},"primaryImageOfPage":{"@id":"https:\/\/bobea.net\/index.php\/2025\/03\/09\/journee-internationale-des-femmes-2025-le-bilan-30-ans-apres-la-declaration-de-pekin\/#primaryimage"},"image":{"@id":"https:\/\/bobea.net\/index.php\/2025\/03\/09\/journee-internationale-des-femmes-2025-le-bilan-30-ans-apres-la-declaration-de-pekin\/#primaryimage"},"thumbnailUrl":"https:\/\/bobea.net\/wp-content\/uploads\/2025\/03\/Hillary_Clinton_at_the_United_Nations_Conference_on_Women_in_Beijing_China-scaled.jpg","datePublished":"2025-03-09T22:12:14+00:00","dateModified":"2025-03-09T22:12:15+00:00","description":"La Journ\u00e9e Internationale des Femmes 2025 marque le 30e anniversaire de la D\u00e9claration et du Programme d'action de P\u00e9kin","breadcrumb":{"@id":"https:\/\/bobea.net\/index.php\/2025\/03\/09\/journee-internationale-des-femmes-2025-le-bilan-30-ans-apres-la-declaration-de-pekin\/#breadcrumb"},"inLanguage":"fr-FR","potentialAction":[{"@type":"ReadAction","target":["https:\/\/bobea.net\/index.php\/2025\/03\/09\/journee-internationale-des-femmes-2025-le-bilan-30-ans-apres-la-declaration-de-pekin\/"]}]},{"@type":"ImageObject","inLanguage":"fr-FR","@id":"https:\/\/bobea.net\/index.php\/2025\/03\/09\/journee-internationale-des-femmes-2025-le-bilan-30-ans-apres-la-declaration-de-pekin\/#primaryimage","url":"https:\/\/bobea.net\/wp-content\/uploads\/2025\/03\/Hillary_Clinton_at_the_United_Nations_Conference_on_Women_in_Beijing_China-scaled.jpg","contentUrl":"https:\/\/bobea.net\/wp-content\/uploads\/2025\/03\/Hillary_Clinton_at_the_United_Nations_Conference_on_Women_in_Beijing_China-scaled.jpg","width":2560,"height":1740},{"@type":"BreadcrumbList","@id":"https:\/\/bobea.net\/index.php\/2025\/03\/09\/journee-internationale-des-femmes-2025-le-bilan-30-ans-apres-la-declaration-de-pekin\/#breadcrumb","itemListElement":[{"@type":"ListItem","position":1,"name":"Accueil","item":"https:\/\/bobea.net\/"},{"@type":"ListItem","position":2,"name":"Journ\u00e9e Internationale des Femmes 2025 : Le bilan 30 ans apr\u00e8s la D\u00e9claration de P\u00e9kin"}]},{"@type":"WebSite","@id":"https:\/\/bobea.net\/#website","url":"https:\/\/bobea.net\/","name":"Bobea","description":"Le magazine de la nouvelle \u00c8ve","publisher":{"@id":"https:\/\/bobea.net\/#organization"},"potentialAction":[{"@type":"SearchAction","target":{"@type":"EntryPoint","urlTemplate":"https:\/\/bobea.net\/?s={search_term_string}"},"query-input":{"@type":"PropertyValueSpecification","valueRequired":true,"valueName":"search_term_string"}}],"inLanguage":"fr-FR"},{"@type":"Organization","@id":"https:\/\/bobea.net\/#organization","name":"Bobea","url":"https:\/\/bobea.net\/","logo":{"@type":"ImageObject","inLanguage":"fr-FR","@id":"https:\/\/bobea.net\/#\/schema\/logo\/image\/","url":"https:\/\/bobea.net\/wp-content\/uploads\/2024\/06\/bobea.jpg","contentUrl":"https:\/\/bobea.net\/wp-content\/uploads\/2024\/06\/bobea.jpg","width":1080,"height":1080,"caption":"Bobea"},"image":{"@id":"https:\/\/bobea.net\/#\/schema\/logo\/image\/"},"sameAs":["https:\/\/web.facebook.com\/profile.php?id=61559252188416"]},{"@type":"Person","@id":"https:\/\/bobea.net\/#\/schema\/person\/e7f45ef187918d7c956bf619dce90ccf","name":"bobea.info","image":{"@type":"ImageObject","inLanguage":"fr-FR","@id":"https:\/\/bobea.net\/#\/schema\/person\/image\/","url":"https:\/\/secure.gravatar.com\/avatar\/36147980349df887ae30808df3e29474?s=96&d=mm&r=g","contentUrl":"https:\/\/secure.gravatar.com\/avatar\/36147980349df887ae30808df3e29474?s=96&d=mm&r=g","caption":"bobea.info"},"sameAs":["https:\/\/bobea.net"],"url":"https:\/\/bobea.net\/index.php\/author\/bobea-info\/"}]}},"_links":{"self":[{"href":"https:\/\/bobea.net\/index.php\/wp-json\/wp\/v2\/posts\/11022"}],"collection":[{"href":"https:\/\/bobea.net\/index.php\/wp-json\/wp\/v2\/posts"}],"about":[{"href":"https:\/\/bobea.net\/index.php\/wp-json\/wp\/v2\/types\/post"}],"author":[{"embeddable":true,"href":"https:\/\/bobea.net\/index.php\/wp-json\/wp\/v2\/users\/1"}],"replies":[{"embeddable":true,"href":"https:\/\/bobea.net\/index.php\/wp-json\/wp\/v2\/comments?post=11022"}],"version-history":[{"count":1,"href":"https:\/\/bobea.net\/index.php\/wp-json\/wp\/v2\/posts\/11022\/revisions"}],"predecessor-version":[{"id":11024,"href":"https:\/\/bobea.net\/index.php\/wp-json\/wp\/v2\/posts\/11022\/revisions\/11024"}],"wp:featuredmedia":[{"embeddable":true,"href":"https:\/\/bobea.net\/index.php\/wp-json\/wp\/v2\/media\/11023"}],"wp:attachment":[{"href":"https:\/\/bobea.net\/index.php\/wp-json\/wp\/v2\/media?parent=11022"}],"wp:term":[{"taxonomy":"category","embeddable":true,"href":"https:\/\/bobea.net\/index.php\/wp-json\/wp\/v2\/categories?post=11022"},{"taxonomy":"post_tag","embeddable":true,"href":"https:\/\/bobea.net\/index.php\/wp-json\/wp\/v2\/tags?post=11022"}],"curies":[{"name":"wp","href":"https:\/\/api.w.org\/{rel}","templated":true}]}}