{"id":11004,"date":"2025-03-09T21:58:21","date_gmt":"2025-03-09T21:58:21","guid":{"rendered":"https:\/\/bobea.net\/?p=11004"},"modified":"2025-03-09T21:58:23","modified_gmt":"2025-03-09T21:58:23","slug":"cyclone-alfred-laustralie-se-prepare-a-limpact-avec-des-mesures-drastiques","status":"publish","type":"post","link":"https:\/\/bobea.net\/index.php\/2025\/03\/09\/cyclone-alfred-laustralie-se-prepare-a-limpact-avec-des-mesures-drastiques\/","title":{"rendered":"Cyclone Alfred : L\u2019Australie se pr\u00e9pare \u00e0 l\u2019impact avec des mesures drastiques"},"content":{"rendered":"\n<p>Le cyclone Alfred, class\u00e9 cat\u00e9\u00adgorie 4 sur l\u2019\u00e9chelle Saf\u00adfir-Simp\u00adson, men\u00adace actuelle\u00adment la c\u00f4te nord-est aus\u00adtrali\u00adenne. Avec des vents atteignant jusqu\u2019\u00e0 220 km\/h et des pr\u00e9\u00adcip\u00adi\u00adta\u00adtions tor\u00adren\u00adtielles pr\u00e9vues dans le Queens\u00adland, ce ph\u00e9nom\u00e8ne cli\u00adma\u00adtique s\u2019annonce comme l\u2019un des plus destruc\u00adteurs de ces derni\u00e8res ann\u00e9es.<\/p>\n\n\n\n<p><strong>Une men\u00adace immi\u00adnente<\/strong><strong><\/strong><\/p>\n\n\n\n<p>Selon le Bureau aus\u00adtralien de m\u00e9t\u00e9orolo\u00adgie (BOM), Alfred devrait touch\u00ader terre pr\u00e8s de Cairns dans la soir\u00e9e du 10 mars. Les autorit\u00e9s locales ont \u00e9mis des ordres d\u2019\u00e9vacuation pour plusieurs mil\u00adliers d\u2019habitants vivant dans les zones c\u00f4ti\u00e8res \u00e0 risque.<\/p>\n\n\n\n<p><strong>Mesures pr\u00e9ven\u00adtives mis\u00ades en place<\/strong><strong><\/strong><\/p>\n\n\n\n<p>Face \u00e0 cette men\u00adace, le gou\u00adverne\u00adment aus\u00adtralien a mobil\u00adis\u00e9 d\u2019importantes ressources :<\/p>\n\n\n\n<ul class=\"wp-block-list\">\n<li>Des cen\u00adtres d\u2019\u00e9vacuation ont \u00e9t\u00e9 ouverts dans tout le Queens\u00adland.<\/li>\n\n\n\n<li>L\u2019arm\u00e9e aus\u00adtrali\u00adenne est d\u00e9ploy\u00e9e pour aider aux op\u00e9ra\u00adtions d\u2019\u00e9vacuation.<\/li>\n\n\n\n<li>Les \u00e9coles et entre\u00adpris\u00ades situ\u00e9es dans les zones \u00e0 risque res\u00adteront fer\u00adm\u00e9es jusqu\u2019\u00e0 nou\u00adv\u00adel ordre.<\/li>\n<\/ul>\n\n\n\n<figure class=\"wp-block-image size-full is-resized\"><img loading=\"lazy\" decoding=\"async\" width=\"600\" height=\"400\" src=\"https:\/\/bobea.net\/wp-content\/uploads\/2025\/03\/000-36zc99m-67c8be65c9131625514372.jpg\" alt class=\"wp-image-11016\" style=\"width:840px;height:auto\" srcset=\"https:\/\/bobea.net\/wp-content\/uploads\/2025\/03\/000-36zc99m-67c8be65c9131625514372.jpg 600w, https:\/\/bobea.net\/wp-content\/uploads\/2025\/03\/000-36zc99m-67c8be65c9131625514372-300x200.jpg 300w\" sizes=\"(max-width: 600px) 100vw, 600px\"><\/figure>\n\n\n\n<p><strong>Impact envi\u00adron\u00adnemen\u00adtal atten\u00addu<\/strong><strong><\/strong><\/p>\n\n\n\n<p>Les cyclones trop\u00adi\u00adcaux comme Alfred provo\u00adquent sou\u00advent des d\u00e9g\u00e2ts con\u00adsid\u00ad\u00e9rables sur l\u2019environnement local :<\/p>\n\n\n\n<ul class=\"wp-block-list\">\n<li>Des inon\u00adda\u00adtions mas\u00adsives pour\u00adraient affecter les r\u00e9cifs coral\u00adliens d\u00e9j\u00e0 frag\u00adilis\u00e9s.<\/li>\n\n\n\n<li>La faune sauvage risque \u00e9gale\u00adment d\u2019\u00eatre grave\u00adment per\u00adtur\u00adb\u00e9e par ces con\u00addi\u00adtions extr\u00eames.<\/li>\n<\/ul>\n\n\n\n<p><strong>Un rap\u00adpel du change\u00adment cli\u00adma\u00adtique<\/strong><strong><\/strong><\/p>\n\n\n\n<p>Les experts soulig\u00adnent que l\u2019intensit\u00e9 crois\u00adsante des cyclones est directe\u00adment li\u00e9e au r\u00e9chauf\u00adfe\u00adment cli\u00adma\u00adtique. Le Pr. Emi\u00adly Carter, cli\u00adma\u00adto\u00adlogue \u00e0 l\u2019Universit\u00e9 de Syd\u00adney, d\u00e9clare : \u201cNous devons agir main\u00adtenant pour r\u00e9duire nos \u00e9mis\u00adsions si nous voulons lim\u00aditer ces cat\u00ada\u00adstro\u00adphes naturelles.\u201d<\/p>\n","protected":false},"excerpt":{"rendered":"<p>Le cyclone Alfred, class\u00e9 cat\u00e9\u00adgorie 4 sur l\u2019\u00e9chelle Saf\u00ad\u00adfir-Sim\u00adp\u00ad\u00adson, men\u00adace actuelle\u00adment la c\u00f4te nord-est aus\u00adtrali\u00adenne. Avec des vents atteignant jusqu\u2019\u00e0 220 km\/h et des pr\u00e9\u00adcip\u00adi\u00adta\u00adtions tor\u00adren\u00adtielles pr\u00e9vues dans le Queens\u00adland,\u2026 <\/p>\n","protected":false},"author":1,"featured_media":11015,"comment_status":"open","ping_status":"closed","sticky":false,"template":"","format":"standard","meta":{"wp_typography_post_enhancements_disabled":false,"footnotes":""},"categories":[73],"tags":[10147,10145,10146],"class_list":["post-11004","post","type-post","status-publish","format-standard","has-post-thumbnail","hentry","category-on-en-parle","tag-changement-climatique-cyclones","tag-cyclone-alfred-australie-2025","tag-previsions-queensland-cyclone"],"yoast_head":"<!-- This site is optimized with the Yoast SEO plugin v24.7 - https:\/\/yoast.com\/wordpress\/plugins\/seo\/ -->\n<title>Cyclone Alfred : L\u2019Australie se pr\u00e9pare \u00e0 l\u2019impact avec des mesures drastiques - Bobea<\/title>\n<meta name=\"robots\" content=\"index, follow, max-snippet:-1, max-image-preview:large, max-video-preview:-1\" \/>\n<link rel=\"canonical\" href=\"https:\/\/bobea.net\/index.php\/2025\/03\/09\/cyclone-alfred-laustralie-se-prepare-a-limpact-avec-des-mesures-drastiques\/\" \/>\n<meta property=\"og:locale\" content=\"fr_FR\" \/>\n<meta property=\"og:type\" content=\"article\" \/>\n<meta property=\"og:title\" content=\"Cyclone Alfred : L\u2019Australie se pr\u00e9pare \u00e0 l\u2019impact avec des mesures drastiques - Bobea\" \/>\n<meta property=\"og:description\" content=\"Le cyclone Alfred, class\u00e9 cat\u00e9\u00adgorie 4 sur l\u2019\u00e9chelle Saf\u00adfir-Simp\u00adson, men\u00adace actuelle\u00adment la c\u00f4te nord-est aus\u00adtrali\u00adenne. Avec des vents atteignant jusqu\u2019\u00e0 220 km\/h et des pr\u00e9\u00adcip\u00adi\u00adta\u00adtions tor\u00adren\u00adtielles pr\u00e9vues dans le Queens\u00adland,&hellip;\" \/>\n<meta property=\"og:url\" content=\"https:\/\/bobea.net\/index.php\/2025\/03\/09\/cyclone-alfred-laustralie-se-prepare-a-limpact-avec-des-mesures-drastiques\/\" \/>\n<meta property=\"og:site_name\" content=\"Bobea\" \/>\n<meta property=\"article:publisher\" content=\"https:\/\/web.facebook.com\/profile.php?id=61559252188416\" \/>\n<meta property=\"article:published_time\" content=\"2025-03-09T21:58:21+00:00\" \/>\n<meta property=\"article:modified_time\" content=\"2025-03-09T21:58:23+00:00\" \/>\n<meta property=\"og:image\" content=\"https:\/\/bobea.net\/wp-content\/uploads\/2025\/03\/AP25063125884122.jpg\" \/>\n\t<meta property=\"og:image:width\" content=\"980\" \/>\n\t<meta property=\"og:image:height\" content=\"551\" \/>\n\t<meta property=\"og:image:type\" content=\"image\/jpeg\" \/>\n<meta name=\"author\" content=\"bobea.info\" \/>\n<meta name=\"twitter:card\" content=\"summary_large_image\" \/>\n<meta name=\"twitter:label1\" content=\"\u00c9crit par\" \/>\n\t<meta name=\"twitter:data1\" content=\"bobea.info\" \/>\n\t<meta name=\"twitter:label2\" content=\"Dur\u00e9e de lecture estim\u00e9e\" \/>\n\t<meta name=\"twitter:data2\" content=\"2 minutes\" \/>\n<script type=\"application\/ld+json\" class=\"yoast-schema-graph\">{\"@context\":\"https:\/\/schema.org\",\"@graph\":[{\"@type\":\"Article\",\"@id\":\"https:\/\/bobea.net\/index.php\/2025\/03\/09\/cyclone-alfred-laustralie-se-prepare-a-limpact-avec-des-mesures-drastiques\/#article\",\"isPartOf\":{\"@id\":\"https:\/\/bobea.net\/index.php\/2025\/03\/09\/cyclone-alfred-laustralie-se-prepare-a-limpact-avec-des-mesures-drastiques\/\"},\"author\":{\"name\":\"bobea.info\",\"@id\":\"https:\/\/bobea.net\/#\/schema\/person\/e7f45ef187918d7c956bf619dce90ccf\"},\"headline\":\"Cyclone Alfred : L\u2019Australie se pr\u00e9pare \u00e0 l\u2019impact avec des mesures drastiques\",\"datePublished\":\"2025-03-09T21:58:21+00:00\",\"dateModified\":\"2025-03-09T21:58:23+00:00\",\"mainEntityOfPage\":{\"@id\":\"https:\/\/bobea.net\/index.php\/2025\/03\/09\/cyclone-alfred-laustralie-se-prepare-a-limpact-avec-des-mesures-drastiques\/\"},\"wordCount\":271,\"commentCount\":0,\"publisher\":{\"@id\":\"https:\/\/bobea.net\/#organization\"},\"image\":{\"@id\":\"https:\/\/bobea.net\/index.php\/2025\/03\/09\/cyclone-alfred-laustralie-se-prepare-a-limpact-avec-des-mesures-drastiques\/#primaryimage\"},\"thumbnailUrl\":\"https:\/\/bobea.net\/wp-content\/uploads\/2025\/03\/AP25063125884122.jpg\",\"keywords\":[\"changement climatique cyclones\",\"Cyclone Alfred Australie 2025\",\"pr\u00e9visions Queensland cyclone\"],\"articleSection\":[\"On en Parle\"],\"inLanguage\":\"fr-FR\",\"potentialAction\":[{\"@type\":\"CommentAction\",\"name\":\"Comment\",\"target\":[\"https:\/\/bobea.net\/index.php\/2025\/03\/09\/cyclone-alfred-laustralie-se-prepare-a-limpact-avec-des-mesures-drastiques\/#respond\"]}]},{\"@type\":\"WebPage\",\"@id\":\"https:\/\/bobea.net\/index.php\/2025\/03\/09\/cyclone-alfred-laustralie-se-prepare-a-limpact-avec-des-mesures-drastiques\/\",\"url\":\"https:\/\/bobea.net\/index.php\/2025\/03\/09\/cyclone-alfred-laustralie-se-prepare-a-limpact-avec-des-mesures-drastiques\/\",\"name\":\"Cyclone Alfred : L\u2019Australie se pr\u00e9pare \u00e0 l\u2019impact avec des mesures drastiques - Bobea\",\"isPartOf\":{\"@id\":\"https:\/\/bobea.net\/#website\"},\"primaryImageOfPage\":{\"@id\":\"https:\/\/bobea.net\/index.php\/2025\/03\/09\/cyclone-alfred-laustralie-se-prepare-a-limpact-avec-des-mesures-drastiques\/#primaryimage\"},\"image\":{\"@id\":\"https:\/\/bobea.net\/index.php\/2025\/03\/09\/cyclone-alfred-laustralie-se-prepare-a-limpact-avec-des-mesures-drastiques\/#primaryimage\"},\"thumbnailUrl\":\"https:\/\/bobea.net\/wp-content\/uploads\/2025\/03\/AP25063125884122.jpg\",\"datePublished\":\"2025-03-09T21:58:21+00:00\",\"dateModified\":\"2025-03-09T21:58:23+00:00\",\"breadcrumb\":{\"@id\":\"https:\/\/bobea.net\/index.php\/2025\/03\/09\/cyclone-alfred-laustralie-se-prepare-a-limpact-avec-des-mesures-drastiques\/#breadcrumb\"},\"inLanguage\":\"fr-FR\",\"potentialAction\":[{\"@type\":\"ReadAction\",\"target\":[\"https:\/\/bobea.net\/index.php\/2025\/03\/09\/cyclone-alfred-laustralie-se-prepare-a-limpact-avec-des-mesures-drastiques\/\"]}]},{\"@type\":\"ImageObject\",\"inLanguage\":\"fr-FR\",\"@id\":\"https:\/\/bobea.net\/index.php\/2025\/03\/09\/cyclone-alfred-laustralie-se-prepare-a-limpact-avec-des-mesures-drastiques\/#primaryimage\",\"url\":\"https:\/\/bobea.net\/wp-content\/uploads\/2025\/03\/AP25063125884122.jpg\",\"contentUrl\":\"https:\/\/bobea.net\/wp-content\/uploads\/2025\/03\/AP25063125884122.jpg\",\"width\":980,\"height\":551},{\"@type\":\"BreadcrumbList\",\"@id\":\"https:\/\/bobea.net\/index.php\/2025\/03\/09\/cyclone-alfred-laustralie-se-prepare-a-limpact-avec-des-mesures-drastiques\/#breadcrumb\",\"itemListElement\":[{\"@type\":\"ListItem\",\"position\":1,\"name\":\"Accueil\",\"item\":\"https:\/\/bobea.net\/\"},{\"@type\":\"ListItem\",\"position\":2,\"name\":\"Cyclone Alfred : L\u2019Australie se pr\u00e9pare \u00e0 l\u2019impact avec des mesures drastiques\"}]},{\"@type\":\"WebSite\",\"@id\":\"https:\/\/bobea.net\/#website\",\"url\":\"https:\/\/bobea.net\/\",\"name\":\"Bobea\",\"description\":\"Le magazine de la nouvelle \u00c8ve\",\"publisher\":{\"@id\":\"https:\/\/bobea.net\/#organization\"},\"potentialAction\":[{\"@type\":\"SearchAction\",\"target\":{\"@type\":\"EntryPoint\",\"urlTemplate\":\"https:\/\/bobea.net\/?s={search_term_string}\"},\"query-input\":{\"@type\":\"PropertyValueSpecification\",\"valueRequired\":true,\"valueName\":\"search_term_string\"}}],\"inLanguage\":\"fr-FR\"},{\"@type\":\"Organization\",\"@id\":\"https:\/\/bobea.net\/#organization\",\"name\":\"Bobea\",\"url\":\"https:\/\/bobea.net\/\",\"logo\":{\"@type\":\"ImageObject\",\"inLanguage\":\"fr-FR\",\"@id\":\"https:\/\/bobea.net\/#\/schema\/logo\/image\/\",\"url\":\"https:\/\/bobea.net\/wp-content\/uploads\/2024\/06\/bobea.jpg\",\"contentUrl\":\"https:\/\/bobea.net\/wp-content\/uploads\/2024\/06\/bobea.jpg\",\"width\":1080,\"height\":1080,\"caption\":\"Bobea\"},\"image\":{\"@id\":\"https:\/\/bobea.net\/#\/schema\/logo\/image\/\"},\"sameAs\":[\"https:\/\/web.facebook.com\/profile.php?id=61559252188416\"]},{\"@type\":\"Person\",\"@id\":\"https:\/\/bobea.net\/#\/schema\/person\/e7f45ef187918d7c956bf619dce90ccf\",\"name\":\"bobea.info\",\"image\":{\"@type\":\"ImageObject\",\"inLanguage\":\"fr-FR\",\"@id\":\"https:\/\/bobea.net\/#\/schema\/person\/image\/\",\"url\":\"https:\/\/secure.gravatar.com\/avatar\/36147980349df887ae30808df3e29474?s=96&d=mm&r=g\",\"contentUrl\":\"https:\/\/secure.gravatar.com\/avatar\/36147980349df887ae30808df3e29474?s=96&d=mm&r=g\",\"caption\":\"bobea.info\"},\"sameAs\":[\"https:\/\/bobea.net\"],\"url\":\"https:\/\/bobea.net\/index.php\/author\/bobea-info\/\"}]}<\/script>\n<!-- \/ Yoast SEO plugin. -->","yoast_head_json":{"title":"Cyclone Alfred : L\u2019Australie se pr\u00e9pare \u00e0 l\u2019impact avec des mesures drastiques - Bobea","robots":{"index":"index","follow":"follow","max-snippet":"max-snippet:-1","max-image-preview":"max-image-preview:large","max-video-preview":"max-video-preview:-1"},"canonical":"https:\/\/bobea.net\/index.php\/2025\/03\/09\/cyclone-alfred-laustralie-se-prepare-a-limpact-avec-des-mesures-drastiques\/","og_locale":"fr_FR","og_type":"article","og_title":"Cyclone Alfred : L\u2019Australie se pr\u00e9pare \u00e0 l\u2019impact avec des mesures drastiques - Bobea","og_description":"Le cyclone Alfred, class\u00e9 cat\u00e9\u00adgorie 4 sur l\u2019\u00e9chelle Saf\u00adfir-Simp\u00adson, men\u00adace actuelle\u00adment la c\u00f4te nord-est aus\u00adtrali\u00adenne. Avec des vents atteignant jusqu\u2019\u00e0 220 km\/h et des pr\u00e9\u00adcip\u00adi\u00adta\u00adtions tor\u00adren\u00adtielles pr\u00e9vues dans le Queens\u00adland,&hellip;","og_url":"https:\/\/bobea.net\/index.php\/2025\/03\/09\/cyclone-alfred-laustralie-se-prepare-a-limpact-avec-des-mesures-drastiques\/","og_site_name":"Bobea","article_publisher":"https:\/\/web.facebook.com\/profile.php?id=61559252188416","article_published_time":"2025-03-09T21:58:21+00:00","article_modified_time":"2025-03-09T21:58:23+00:00","og_image":[{"width":980,"height":551,"url":"https:\/\/bobea.net\/wp-content\/uploads\/2025\/03\/AP25063125884122.jpg","type":"image\/jpeg"}],"author":"bobea.info","twitter_card":"summary_large_image","twitter_misc":{"\u00c9crit par":"bobea.info","Dur\u00e9e de lecture estim\u00e9e":"2 minutes"},"schema":{"@context":"https:\/\/schema.org","@graph":[{"@type":"Article","@id":"https:\/\/bobea.net\/index.php\/2025\/03\/09\/cyclone-alfred-laustralie-se-prepare-a-limpact-avec-des-mesures-drastiques\/#article","isPartOf":{"@id":"https:\/\/bobea.net\/index.php\/2025\/03\/09\/cyclone-alfred-laustralie-se-prepare-a-limpact-avec-des-mesures-drastiques\/"},"author":{"name":"bobea.info","@id":"https:\/\/bobea.net\/#\/schema\/person\/e7f45ef187918d7c956bf619dce90ccf"},"headline":"Cyclone Alfred : L\u2019Australie se pr\u00e9pare \u00e0 l\u2019impact avec des mesures drastiques","datePublished":"2025-03-09T21:58:21+00:00","dateModified":"2025-03-09T21:58:23+00:00","mainEntityOfPage":{"@id":"https:\/\/bobea.net\/index.php\/2025\/03\/09\/cyclone-alfred-laustralie-se-prepare-a-limpact-avec-des-mesures-drastiques\/"},"wordCount":271,"commentCount":0,"publisher":{"@id":"https:\/\/bobea.net\/#organization"},"image":{"@id":"https:\/\/bobea.net\/index.php\/2025\/03\/09\/cyclone-alfred-laustralie-se-prepare-a-limpact-avec-des-mesures-drastiques\/#primaryimage"},"thumbnailUrl":"https:\/\/bobea.net\/wp-content\/uploads\/2025\/03\/AP25063125884122.jpg","keywords":["changement climatique cyclones","Cyclone Alfred Australie 2025","pr\u00e9visions Queensland cyclone"],"articleSection":["On en Parle"],"inLanguage":"fr-FR","potentialAction":[{"@type":"CommentAction","name":"Comment","target":["https:\/\/bobea.net\/index.php\/2025\/03\/09\/cyclone-alfred-laustralie-se-prepare-a-limpact-avec-des-mesures-drastiques\/#respond"]}]},{"@type":"WebPage","@id":"https:\/\/bobea.net\/index.php\/2025\/03\/09\/cyclone-alfred-laustralie-se-prepare-a-limpact-avec-des-mesures-drastiques\/","url":"https:\/\/bobea.net\/index.php\/2025\/03\/09\/cyclone-alfred-laustralie-se-prepare-a-limpact-avec-des-mesures-drastiques\/","name":"Cyclone Alfred : L\u2019Australie se pr\u00e9pare \u00e0 l\u2019impact avec des mesures drastiques - Bobea","isPartOf":{"@id":"https:\/\/bobea.net\/#website"},"primaryImageOfPage":{"@id":"https:\/\/bobea.net\/index.php\/2025\/03\/09\/cyclone-alfred-laustralie-se-prepare-a-limpact-avec-des-mesures-drastiques\/#primaryimage"},"image":{"@id":"https:\/\/bobea.net\/index.php\/2025\/03\/09\/cyclone-alfred-laustralie-se-prepare-a-limpact-avec-des-mesures-drastiques\/#primaryimage"},"thumbnailUrl":"https:\/\/bobea.net\/wp-content\/uploads\/2025\/03\/AP25063125884122.jpg","datePublished":"2025-03-09T21:58:21+00:00","dateModified":"2025-03-09T21:58:23+00:00","breadcrumb":{"@id":"https:\/\/bobea.net\/index.php\/2025\/03\/09\/cyclone-alfred-laustralie-se-prepare-a-limpact-avec-des-mesures-drastiques\/#breadcrumb"},"inLanguage":"fr-FR","potentialAction":[{"@type":"ReadAction","target":["https:\/\/bobea.net\/index.php\/2025\/03\/09\/cyclone-alfred-laustralie-se-prepare-a-limpact-avec-des-mesures-drastiques\/"]}]},{"@type":"ImageObject","inLanguage":"fr-FR","@id":"https:\/\/bobea.net\/index.php\/2025\/03\/09\/cyclone-alfred-laustralie-se-prepare-a-limpact-avec-des-mesures-drastiques\/#primaryimage","url":"https:\/\/bobea.net\/wp-content\/uploads\/2025\/03\/AP25063125884122.jpg","contentUrl":"https:\/\/bobea.net\/wp-content\/uploads\/2025\/03\/AP25063125884122.jpg","width":980,"height":551},{"@type":"BreadcrumbList","@id":"https:\/\/bobea.net\/index.php\/2025\/03\/09\/cyclone-alfred-laustralie-se-prepare-a-limpact-avec-des-mesures-drastiques\/#breadcrumb","itemListElement":[{"@type":"ListItem","position":1,"name":"Accueil","item":"https:\/\/bobea.net\/"},{"@type":"ListItem","position":2,"name":"Cyclone Alfred : L\u2019Australie se pr\u00e9pare \u00e0 l\u2019impact avec des mesures drastiques"}]},{"@type":"WebSite","@id":"https:\/\/bobea.net\/#website","url":"https:\/\/bobea.net\/","name":"Bobea","description":"Le magazine de la nouvelle \u00c8ve","publisher":{"@id":"https:\/\/bobea.net\/#organization"},"potentialAction":[{"@type":"SearchAction","target":{"@type":"EntryPoint","urlTemplate":"https:\/\/bobea.net\/?s={search_term_string}"},"query-input":{"@type":"PropertyValueSpecification","valueRequired":true,"valueName":"search_term_string"}}],"inLanguage":"fr-FR"},{"@type":"Organization","@id":"https:\/\/bobea.net\/#organization","name":"Bobea","url":"https:\/\/bobea.net\/","logo":{"@type":"ImageObject","inLanguage":"fr-FR","@id":"https:\/\/bobea.net\/#\/schema\/logo\/image\/","url":"https:\/\/bobea.net\/wp-content\/uploads\/2024\/06\/bobea.jpg","contentUrl":"https:\/\/bobea.net\/wp-content\/uploads\/2024\/06\/bobea.jpg","width":1080,"height":1080,"caption":"Bobea"},"image":{"@id":"https:\/\/bobea.net\/#\/schema\/logo\/image\/"},"sameAs":["https:\/\/web.facebook.com\/profile.php?id=61559252188416"]},{"@type":"Person","@id":"https:\/\/bobea.net\/#\/schema\/person\/e7f45ef187918d7c956bf619dce90ccf","name":"bobea.info","image":{"@type":"ImageObject","inLanguage":"fr-FR","@id":"https:\/\/bobea.net\/#\/schema\/person\/image\/","url":"https:\/\/secure.gravatar.com\/avatar\/36147980349df887ae30808df3e29474?s=96&d=mm&r=g","contentUrl":"https:\/\/secure.gravatar.com\/avatar\/36147980349df887ae30808df3e29474?s=96&d=mm&r=g","caption":"bobea.info"},"sameAs":["https:\/\/bobea.net"],"url":"https:\/\/bobea.net\/index.php\/author\/bobea-info\/"}]}},"_links":{"self":[{"href":"https:\/\/bobea.net\/index.php\/wp-json\/wp\/v2\/posts\/11004"}],"collection":[{"href":"https:\/\/bobea.net\/index.php\/wp-json\/wp\/v2\/posts"}],"about":[{"href":"https:\/\/bobea.net\/index.php\/wp-json\/wp\/v2\/types\/post"}],"author":[{"embeddable":true,"href":"https:\/\/bobea.net\/index.php\/wp-json\/wp\/v2\/users\/1"}],"replies":[{"embeddable":true,"href":"https:\/\/bobea.net\/index.php\/wp-json\/wp\/v2\/comments?post=11004"}],"version-history":[{"count":1,"href":"https:\/\/bobea.net\/index.php\/wp-json\/wp\/v2\/posts\/11004\/revisions"}],"predecessor-version":[{"id":11017,"href":"https:\/\/bobea.net\/index.php\/wp-json\/wp\/v2\/posts\/11004\/revisions\/11017"}],"wp:featuredmedia":[{"embeddable":true,"href":"https:\/\/bobea.net\/index.php\/wp-json\/wp\/v2\/media\/11015"}],"wp:attachment":[{"href":"https:\/\/bobea.net\/index.php\/wp-json\/wp\/v2\/media?parent=11004"}],"wp:term":[{"taxonomy":"category","embeddable":true,"href":"https:\/\/bobea.net\/index.php\/wp-json\/wp\/v2\/categories?post=11004"},{"taxonomy":"post_tag","embeddable":true,"href":"https:\/\/bobea.net\/index.php\/wp-json\/wp\/v2\/tags?post=11004"}],"curies":[{"name":"wp","href":"https:\/\/api.w.org\/{rel}","templated":true}]}}