{"id":10999,"date":"2025-03-09T21:36:15","date_gmt":"2025-03-09T21:36:15","guid":{"rendered":"https:\/\/bobea.net\/?p=10999"},"modified":"2025-03-09T21:36:22","modified_gmt":"2025-03-09T21:36:22","slug":"liberation-de-lancien-president-sud-coreen-yoon-les-implications-politiques","status":"publish","type":"post","link":"https:\/\/bobea.net\/index.php\/2025\/03\/09\/liberation-de-lancien-president-sud-coreen-yoon-les-implications-politiques\/","title":{"rendered":"Lib\u00e9ration de l\u2019ancien pr\u00e9sident sud-cor\u00e9en Yoon : Les implications politiques"},"content":{"rendered":"\n<p>L\u2019ancien pr\u00e9si\u00addent sud-cor\u00e9en Yoon Suk-yeol a \u00e9t\u00e9 lib\u00e9r\u00e9 aujourd\u2019hui apr\u00e8s avoir purg\u00e9 deux ans de prison suite \u00e0 sa des\u00adti\u00adtu\u00adtion pour cor\u00adrup\u00adtion en 2023. Cette lib\u00e9ra\u00adtion inter\u00advient dans un con\u00adtexte poli\u00adtique ten\u00addu en Cor\u00e9e du Sud, o\u00f9 la polar\u00adi\u00adsa\u00adtion entre con\u00adser\u00adva\u00adteurs et pro\u00adgres\u00adsistes atteint son parox\u00adysme.<\/p>\n\n\n\n<p><strong>Retour sur l\u2019affaire Yoon Suk-yeol<\/strong><strong><\/strong><\/p>\n\n\n\n<p>Yoon Suk-yeol avait \u00e9t\u00e9 \u00e9lu pr\u00e9si\u00addent en 2022 sur une plate\u00adforme promet\u00adtant une lutte acharn\u00e9e con\u00adtre la cor\u00adrup\u00adtion. Cepen\u00addant, son man\u00addat a \u00e9t\u00e9 entach\u00e9 par des scan\u00addales impli\u00adquant son entourage proche. En 2023, il a \u00e9t\u00e9 recon\u00adnu coupable d\u2019avoir accep\u00adt\u00e9 des pots-de-vin d\u2019entreprises majeures en \u00e9change de faveurs poli\u00adtiques.<\/p>\n\n\n\n<p><strong>Une lib\u00e9ra\u00adtion con\u00adtro\u00adver\u00ads\u00e9e<\/strong><strong><\/strong><\/p>\n\n\n\n<p>Sa lib\u00e9ra\u00adtion anticip\u00e9e a sus\u00adcit\u00e9 des r\u00e9ac\u00adtions mit\u00adig\u00e9es. Les par\u00adti\u00adsans de Yoon salu\u00adent cette d\u00e9ci\u00adsion comme un acte de jus\u00adtice tar\u00addive pour un homme qu\u2019ils con\u00adsid\u00ad\u00e8rent comme vic\u00adtime d\u2019un com\u00adplot poli\u00adtique. \u00c0 l\u2019inverse, ses opposants d\u00e9non\u00adcent une manip\u00adu\u00adla\u00adtion judi\u00adci\u00adaire orchestr\u00e9e par ses alli\u00e9s encore influ\u00adents.<\/p>\n\n\n\n<figure class=\"wp-block-image size-full\"><img loading=\"lazy\" decoding=\"async\" width=\"980\" height=\"551\" src=\"https:\/\/bobea.net\/wp-content\/uploads\/2025\/03\/w980-p16x9-2024-10-24T072618Z_2076031488_RC2UQAAE9I7H_RTRMADP_3_SOUTHKOREA-POLAND.jpg\" alt class=\"wp-image-11001\" srcset=\"https:\/\/bobea.net\/wp-content\/uploads\/2025\/03\/w980-p16x9-2024-10-24T072618Z_2076031488_RC2UQAAE9I7H_RTRMADP_3_SOUTHKOREA-POLAND.jpg 980w, https:\/\/bobea.net\/wp-content\/uploads\/2025\/03\/w980-p16x9-2024-10-24T072618Z_2076031488_RC2UQAAE9I7H_RTRMADP_3_SOUTHKOREA-POLAND-300x169.jpg 300w, https:\/\/bobea.net\/wp-content\/uploads\/2025\/03\/w980-p16x9-2024-10-24T072618Z_2076031488_RC2UQAAE9I7H_RTRMADP_3_SOUTHKOREA-POLAND-768x432.jpg 768w\" sizes=\"(max-width: 980px) 100vw, 980px\"><\/figure>\n\n\n\n<p><strong>Les impli\u00adca\u00adtions pour la sc\u00e8ne poli\u00adtique cor\u00e9enne<\/strong><strong><\/strong><\/p>\n\n\n\n<p>La lib\u00e9ra\u00adtion de Yoon pour\u00adrait raviv\u00ader les ten\u00adsions poli\u00adtiques en Cor\u00e9e du Sud. Son par\u00adti con\u00adser\u00adva\u00adteur envis\u00adage d\u00e9j\u00e0 son retour sur la sc\u00e8ne poli\u00adtique en tant que con\u00adseiller strat\u00e9gique pour les prochaines \u00e9lec\u00adtions l\u00e9g\u00adisla\u00adtives pr\u00e9vues en 2026.<\/p>\n\n\n\n<p><strong>R\u00e9ac\u00adtions inter\u00adna\u00adtionales<\/strong><strong><\/strong><\/p>\n\n\n\n<p>La com\u00admu\u00adnaut\u00e9 inter\u00adna\u00adtionale observe cette affaire avec atten\u00adtion. La Cor\u00e9e du Sud reste un acteur cl\u00e9 dans la r\u00e9gion Asie-Paci\u00adfique, notam\u00adment dans ses rela\u00adtions avec la Chine et les \u00c9tats-Unis. La sta\u00adbil\u00adit\u00e9 poli\u00adtique interne est donc cru\u00adciale pour main\u00adtenir son r\u00f4le strat\u00e9gique.<\/p>\n","protected":false},"excerpt":{"rendered":"<p>L\u2019ancien pr\u00e9si\u00addent sud-cor\u00e9en Yoon Suk-yeol a \u00e9t\u00e9 lib\u00e9r\u00e9 aujourd\u2019hui apr\u00e8s avoir purg\u00e9 deux ans de prison suite \u00e0 sa des\u00adti\u00adtu\u00adtion pour cor\u00adrup\u00adtion en 2023. Cette lib\u00e9ra\u00adtion inter\u00advient dans un con\u00adtexte\u2026 <\/p>\n","protected":false},"author":1,"featured_media":11000,"comment_status":"open","ping_status":"closed","sticky":false,"template":"","format":"standard","meta":{"wp_typography_post_enhancements_disabled":false,"footnotes":""},"categories":[73],"tags":[10142,10144,10143],"class_list":["post-10999","post","type-post","status-publish","format-standard","has-post-thumbnail","hentry","category-on-en-parle","tag-politique-coree-du-sud-2025","tag-scandale-corruption-coree","tag-yoon-suk-yeol-liberation"],"yoast_head":"<!-- This site is optimized with the Yoast SEO plugin v24.7 - https:\/\/yoast.com\/wordpress\/plugins\/seo\/ -->\n<title>Lib\u00e9ration de l&#039;ancien pr\u00e9sident sud-cor\u00e9en Yoon : Les implications politiques - Bobea<\/title>\n<meta name=\"description\" content=\"L\u2019ancien pr\u00e9sident sud-cor\u00e9en Yoon Suk-yeol a \u00e9t\u00e9 lib\u00e9r\u00e9 aujourd\u2019hui apr\u00e8s avoir purg\u00e9 deux ans de prison suite \u00e0 sa destitution\" \/>\n<meta name=\"robots\" content=\"index, follow, max-snippet:-1, max-image-preview:large, max-video-preview:-1\" \/>\n<link rel=\"canonical\" href=\"https:\/\/bobea.net\/index.php\/2025\/03\/09\/liberation-de-lancien-president-sud-coreen-yoon-les-implications-politiques\/\" \/>\n<meta property=\"og:locale\" content=\"fr_FR\" \/>\n<meta property=\"og:type\" content=\"article\" \/>\n<meta property=\"og:title\" content=\"Lib\u00e9ration de l&#039;ancien pr\u00e9sident sud-cor\u00e9en Yoon : Les implications politiques - Bobea\" \/>\n<meta property=\"og:description\" content=\"L\u2019ancien pr\u00e9sident sud-cor\u00e9en Yoon Suk-yeol a \u00e9t\u00e9 lib\u00e9r\u00e9 aujourd\u2019hui apr\u00e8s avoir purg\u00e9 deux ans de prison suite \u00e0 sa destitution\" \/>\n<meta property=\"og:url\" content=\"https:\/\/bobea.net\/index.php\/2025\/03\/09\/liberation-de-lancien-president-sud-coreen-yoon-les-implications-politiques\/\" \/>\n<meta property=\"og:site_name\" content=\"Bobea\" \/>\n<meta property=\"article:publisher\" content=\"https:\/\/web.facebook.com\/profile.php?id=61559252188416\" \/>\n<meta property=\"article:published_time\" content=\"2025-03-09T21:36:15+00:00\" \/>\n<meta property=\"article:modified_time\" content=\"2025-03-09T21:36:22+00:00\" \/>\n<meta property=\"og:image\" content=\"https:\/\/bobea.net\/wp-content\/uploads\/2025\/03\/AA1AqsM2.jpg\" \/>\n\t<meta property=\"og:image:width\" content=\"768\" \/>\n\t<meta property=\"og:image:height\" content=\"497\" \/>\n\t<meta property=\"og:image:type\" content=\"image\/jpeg\" \/>\n<meta name=\"author\" content=\"bobea.info\" \/>\n<meta name=\"twitter:card\" content=\"summary_large_image\" \/>\n<meta name=\"twitter:label1\" content=\"\u00c9crit par\" \/>\n\t<meta name=\"twitter:data1\" content=\"bobea.info\" \/>\n\t<meta name=\"twitter:label2\" content=\"Dur\u00e9e de lecture estim\u00e9e\" \/>\n\t<meta name=\"twitter:data2\" content=\"2 minutes\" \/>\n<script type=\"application\/ld+json\" class=\"yoast-schema-graph\">{\"@context\":\"https:\/\/schema.org\",\"@graph\":[{\"@type\":\"Article\",\"@id\":\"https:\/\/bobea.net\/index.php\/2025\/03\/09\/liberation-de-lancien-president-sud-coreen-yoon-les-implications-politiques\/#article\",\"isPartOf\":{\"@id\":\"https:\/\/bobea.net\/index.php\/2025\/03\/09\/liberation-de-lancien-president-sud-coreen-yoon-les-implications-politiques\/\"},\"author\":{\"name\":\"bobea.info\",\"@id\":\"https:\/\/bobea.net\/#\/schema\/person\/e7f45ef187918d7c956bf619dce90ccf\"},\"headline\":\"Lib\u00e9ration de l\u2019ancien pr\u00e9sident sud-cor\u00e9en Yoon : Les implications politiques\",\"datePublished\":\"2025-03-09T21:36:15+00:00\",\"dateModified\":\"2025-03-09T21:36:22+00:00\",\"mainEntityOfPage\":{\"@id\":\"https:\/\/bobea.net\/index.php\/2025\/03\/09\/liberation-de-lancien-president-sud-coreen-yoon-les-implications-politiques\/\"},\"wordCount\":284,\"commentCount\":0,\"publisher\":{\"@id\":\"https:\/\/bobea.net\/#organization\"},\"image\":{\"@id\":\"https:\/\/bobea.net\/index.php\/2025\/03\/09\/liberation-de-lancien-president-sud-coreen-yoon-les-implications-politiques\/#primaryimage\"},\"thumbnailUrl\":\"https:\/\/bobea.net\/wp-content\/uploads\/2025\/03\/AA1AqsM2.jpg\",\"keywords\":[\"politique Cor\u00e9e du Sud 2025\",\"scandale corruption Cor\u00e9e\",\"Yoon Suk-yeol lib\u00e9ration\"],\"articleSection\":[\"On en Parle\"],\"inLanguage\":\"fr-FR\",\"potentialAction\":[{\"@type\":\"CommentAction\",\"name\":\"Comment\",\"target\":[\"https:\/\/bobea.net\/index.php\/2025\/03\/09\/liberation-de-lancien-president-sud-coreen-yoon-les-implications-politiques\/#respond\"]}]},{\"@type\":\"WebPage\",\"@id\":\"https:\/\/bobea.net\/index.php\/2025\/03\/09\/liberation-de-lancien-president-sud-coreen-yoon-les-implications-politiques\/\",\"url\":\"https:\/\/bobea.net\/index.php\/2025\/03\/09\/liberation-de-lancien-president-sud-coreen-yoon-les-implications-politiques\/\",\"name\":\"Lib\u00e9ration de l'ancien pr\u00e9sident sud-cor\u00e9en Yoon : Les implications politiques - Bobea\",\"isPartOf\":{\"@id\":\"https:\/\/bobea.net\/#website\"},\"primaryImageOfPage\":{\"@id\":\"https:\/\/bobea.net\/index.php\/2025\/03\/09\/liberation-de-lancien-president-sud-coreen-yoon-les-implications-politiques\/#primaryimage\"},\"image\":{\"@id\":\"https:\/\/bobea.net\/index.php\/2025\/03\/09\/liberation-de-lancien-president-sud-coreen-yoon-les-implications-politiques\/#primaryimage\"},\"thumbnailUrl\":\"https:\/\/bobea.net\/wp-content\/uploads\/2025\/03\/AA1AqsM2.jpg\",\"datePublished\":\"2025-03-09T21:36:15+00:00\",\"dateModified\":\"2025-03-09T21:36:22+00:00\",\"description\":\"L\u2019ancien pr\u00e9sident sud-cor\u00e9en Yoon Suk-yeol a \u00e9t\u00e9 lib\u00e9r\u00e9 aujourd\u2019hui apr\u00e8s avoir purg\u00e9 deux ans de prison suite \u00e0 sa destitution\",\"breadcrumb\":{\"@id\":\"https:\/\/bobea.net\/index.php\/2025\/03\/09\/liberation-de-lancien-president-sud-coreen-yoon-les-implications-politiques\/#breadcrumb\"},\"inLanguage\":\"fr-FR\",\"potentialAction\":[{\"@type\":\"ReadAction\",\"target\":[\"https:\/\/bobea.net\/index.php\/2025\/03\/09\/liberation-de-lancien-president-sud-coreen-yoon-les-implications-politiques\/\"]}]},{\"@type\":\"ImageObject\",\"inLanguage\":\"fr-FR\",\"@id\":\"https:\/\/bobea.net\/index.php\/2025\/03\/09\/liberation-de-lancien-president-sud-coreen-yoon-les-implications-politiques\/#primaryimage\",\"url\":\"https:\/\/bobea.net\/wp-content\/uploads\/2025\/03\/AA1AqsM2.jpg\",\"contentUrl\":\"https:\/\/bobea.net\/wp-content\/uploads\/2025\/03\/AA1AqsM2.jpg\",\"width\":768,\"height\":497},{\"@type\":\"BreadcrumbList\",\"@id\":\"https:\/\/bobea.net\/index.php\/2025\/03\/09\/liberation-de-lancien-president-sud-coreen-yoon-les-implications-politiques\/#breadcrumb\",\"itemListElement\":[{\"@type\":\"ListItem\",\"position\":1,\"name\":\"Accueil\",\"item\":\"https:\/\/bobea.net\/\"},{\"@type\":\"ListItem\",\"position\":2,\"name\":\"Lib\u00e9ration de l&rsquo;ancien pr\u00e9sident sud-cor\u00e9en Yoon : Les implications politiques\"}]},{\"@type\":\"WebSite\",\"@id\":\"https:\/\/bobea.net\/#website\",\"url\":\"https:\/\/bobea.net\/\",\"name\":\"Bobea\",\"description\":\"Le magazine de la nouvelle \u00c8ve\",\"publisher\":{\"@id\":\"https:\/\/bobea.net\/#organization\"},\"potentialAction\":[{\"@type\":\"SearchAction\",\"target\":{\"@type\":\"EntryPoint\",\"urlTemplate\":\"https:\/\/bobea.net\/?s={search_term_string}\"},\"query-input\":{\"@type\":\"PropertyValueSpecification\",\"valueRequired\":true,\"valueName\":\"search_term_string\"}}],\"inLanguage\":\"fr-FR\"},{\"@type\":\"Organization\",\"@id\":\"https:\/\/bobea.net\/#organization\",\"name\":\"Bobea\",\"url\":\"https:\/\/bobea.net\/\",\"logo\":{\"@type\":\"ImageObject\",\"inLanguage\":\"fr-FR\",\"@id\":\"https:\/\/bobea.net\/#\/schema\/logo\/image\/\",\"url\":\"https:\/\/bobea.net\/wp-content\/uploads\/2024\/06\/bobea.jpg\",\"contentUrl\":\"https:\/\/bobea.net\/wp-content\/uploads\/2024\/06\/bobea.jpg\",\"width\":1080,\"height\":1080,\"caption\":\"Bobea\"},\"image\":{\"@id\":\"https:\/\/bobea.net\/#\/schema\/logo\/image\/\"},\"sameAs\":[\"https:\/\/web.facebook.com\/profile.php?id=61559252188416\"]},{\"@type\":\"Person\",\"@id\":\"https:\/\/bobea.net\/#\/schema\/person\/e7f45ef187918d7c956bf619dce90ccf\",\"name\":\"bobea.info\",\"image\":{\"@type\":\"ImageObject\",\"inLanguage\":\"fr-FR\",\"@id\":\"https:\/\/bobea.net\/#\/schema\/person\/image\/\",\"url\":\"https:\/\/secure.gravatar.com\/avatar\/36147980349df887ae30808df3e29474?s=96&d=mm&r=g\",\"contentUrl\":\"https:\/\/secure.gravatar.com\/avatar\/36147980349df887ae30808df3e29474?s=96&d=mm&r=g\",\"caption\":\"bobea.info\"},\"sameAs\":[\"https:\/\/bobea.net\"],\"url\":\"https:\/\/bobea.net\/index.php\/author\/bobea-info\/\"}]}<\/script>\n<!-- \/ Yoast SEO plugin. -->","yoast_head_json":{"title":"Lib\u00e9ration de l'ancien pr\u00e9sident sud-cor\u00e9en Yoon : Les implications politiques - Bobea","description":"L\u2019ancien pr\u00e9sident sud-cor\u00e9en Yoon Suk-yeol a \u00e9t\u00e9 lib\u00e9r\u00e9 aujourd\u2019hui apr\u00e8s avoir purg\u00e9 deux ans de prison suite \u00e0 sa destitution","robots":{"index":"index","follow":"follow","max-snippet":"max-snippet:-1","max-image-preview":"max-image-preview:large","max-video-preview":"max-video-preview:-1"},"canonical":"https:\/\/bobea.net\/index.php\/2025\/03\/09\/liberation-de-lancien-president-sud-coreen-yoon-les-implications-politiques\/","og_locale":"fr_FR","og_type":"article","og_title":"Lib\u00e9ration de l'ancien pr\u00e9sident sud-cor\u00e9en Yoon : Les implications politiques - Bobea","og_description":"L\u2019ancien pr\u00e9sident sud-cor\u00e9en Yoon Suk-yeol a \u00e9t\u00e9 lib\u00e9r\u00e9 aujourd\u2019hui apr\u00e8s avoir purg\u00e9 deux ans de prison suite \u00e0 sa destitution","og_url":"https:\/\/bobea.net\/index.php\/2025\/03\/09\/liberation-de-lancien-president-sud-coreen-yoon-les-implications-politiques\/","og_site_name":"Bobea","article_publisher":"https:\/\/web.facebook.com\/profile.php?id=61559252188416","article_published_time":"2025-03-09T21:36:15+00:00","article_modified_time":"2025-03-09T21:36:22+00:00","og_image":[{"width":768,"height":497,"url":"https:\/\/bobea.net\/wp-content\/uploads\/2025\/03\/AA1AqsM2.jpg","type":"image\/jpeg"}],"author":"bobea.info","twitter_card":"summary_large_image","twitter_misc":{"\u00c9crit par":"bobea.info","Dur\u00e9e de lecture estim\u00e9e":"2 minutes"},"schema":{"@context":"https:\/\/schema.org","@graph":[{"@type":"Article","@id":"https:\/\/bobea.net\/index.php\/2025\/03\/09\/liberation-de-lancien-president-sud-coreen-yoon-les-implications-politiques\/#article","isPartOf":{"@id":"https:\/\/bobea.net\/index.php\/2025\/03\/09\/liberation-de-lancien-president-sud-coreen-yoon-les-implications-politiques\/"},"author":{"name":"bobea.info","@id":"https:\/\/bobea.net\/#\/schema\/person\/e7f45ef187918d7c956bf619dce90ccf"},"headline":"Lib\u00e9ration de l\u2019ancien pr\u00e9sident sud-cor\u00e9en Yoon : Les implications politiques","datePublished":"2025-03-09T21:36:15+00:00","dateModified":"2025-03-09T21:36:22+00:00","mainEntityOfPage":{"@id":"https:\/\/bobea.net\/index.php\/2025\/03\/09\/liberation-de-lancien-president-sud-coreen-yoon-les-implications-politiques\/"},"wordCount":284,"commentCount":0,"publisher":{"@id":"https:\/\/bobea.net\/#organization"},"image":{"@id":"https:\/\/bobea.net\/index.php\/2025\/03\/09\/liberation-de-lancien-president-sud-coreen-yoon-les-implications-politiques\/#primaryimage"},"thumbnailUrl":"https:\/\/bobea.net\/wp-content\/uploads\/2025\/03\/AA1AqsM2.jpg","keywords":["politique Cor\u00e9e du Sud 2025","scandale corruption Cor\u00e9e","Yoon Suk-yeol lib\u00e9ration"],"articleSection":["On en Parle"],"inLanguage":"fr-FR","potentialAction":[{"@type":"CommentAction","name":"Comment","target":["https:\/\/bobea.net\/index.php\/2025\/03\/09\/liberation-de-lancien-president-sud-coreen-yoon-les-implications-politiques\/#respond"]}]},{"@type":"WebPage","@id":"https:\/\/bobea.net\/index.php\/2025\/03\/09\/liberation-de-lancien-president-sud-coreen-yoon-les-implications-politiques\/","url":"https:\/\/bobea.net\/index.php\/2025\/03\/09\/liberation-de-lancien-president-sud-coreen-yoon-les-implications-politiques\/","name":"Lib\u00e9ration de l'ancien pr\u00e9sident sud-cor\u00e9en Yoon : Les implications politiques - Bobea","isPartOf":{"@id":"https:\/\/bobea.net\/#website"},"primaryImageOfPage":{"@id":"https:\/\/bobea.net\/index.php\/2025\/03\/09\/liberation-de-lancien-president-sud-coreen-yoon-les-implications-politiques\/#primaryimage"},"image":{"@id":"https:\/\/bobea.net\/index.php\/2025\/03\/09\/liberation-de-lancien-president-sud-coreen-yoon-les-implications-politiques\/#primaryimage"},"thumbnailUrl":"https:\/\/bobea.net\/wp-content\/uploads\/2025\/03\/AA1AqsM2.jpg","datePublished":"2025-03-09T21:36:15+00:00","dateModified":"2025-03-09T21:36:22+00:00","description":"L\u2019ancien pr\u00e9sident sud-cor\u00e9en Yoon Suk-yeol a \u00e9t\u00e9 lib\u00e9r\u00e9 aujourd\u2019hui apr\u00e8s avoir purg\u00e9 deux ans de prison suite \u00e0 sa destitution","breadcrumb":{"@id":"https:\/\/bobea.net\/index.php\/2025\/03\/09\/liberation-de-lancien-president-sud-coreen-yoon-les-implications-politiques\/#breadcrumb"},"inLanguage":"fr-FR","potentialAction":[{"@type":"ReadAction","target":["https:\/\/bobea.net\/index.php\/2025\/03\/09\/liberation-de-lancien-president-sud-coreen-yoon-les-implications-politiques\/"]}]},{"@type":"ImageObject","inLanguage":"fr-FR","@id":"https:\/\/bobea.net\/index.php\/2025\/03\/09\/liberation-de-lancien-president-sud-coreen-yoon-les-implications-politiques\/#primaryimage","url":"https:\/\/bobea.net\/wp-content\/uploads\/2025\/03\/AA1AqsM2.jpg","contentUrl":"https:\/\/bobea.net\/wp-content\/uploads\/2025\/03\/AA1AqsM2.jpg","width":768,"height":497},{"@type":"BreadcrumbList","@id":"https:\/\/bobea.net\/index.php\/2025\/03\/09\/liberation-de-lancien-president-sud-coreen-yoon-les-implications-politiques\/#breadcrumb","itemListElement":[{"@type":"ListItem","position":1,"name":"Accueil","item":"https:\/\/bobea.net\/"},{"@type":"ListItem","position":2,"name":"Lib\u00e9ration de l&rsquo;ancien pr\u00e9sident sud-cor\u00e9en Yoon : Les implications politiques"}]},{"@type":"WebSite","@id":"https:\/\/bobea.net\/#website","url":"https:\/\/bobea.net\/","name":"Bobea","description":"Le magazine de la nouvelle \u00c8ve","publisher":{"@id":"https:\/\/bobea.net\/#organization"},"potentialAction":[{"@type":"SearchAction","target":{"@type":"EntryPoint","urlTemplate":"https:\/\/bobea.net\/?s={search_term_string}"},"query-input":{"@type":"PropertyValueSpecification","valueRequired":true,"valueName":"search_term_string"}}],"inLanguage":"fr-FR"},{"@type":"Organization","@id":"https:\/\/bobea.net\/#organization","name":"Bobea","url":"https:\/\/bobea.net\/","logo":{"@type":"ImageObject","inLanguage":"fr-FR","@id":"https:\/\/bobea.net\/#\/schema\/logo\/image\/","url":"https:\/\/bobea.net\/wp-content\/uploads\/2024\/06\/bobea.jpg","contentUrl":"https:\/\/bobea.net\/wp-content\/uploads\/2024\/06\/bobea.jpg","width":1080,"height":1080,"caption":"Bobea"},"image":{"@id":"https:\/\/bobea.net\/#\/schema\/logo\/image\/"},"sameAs":["https:\/\/web.facebook.com\/profile.php?id=61559252188416"]},{"@type":"Person","@id":"https:\/\/bobea.net\/#\/schema\/person\/e7f45ef187918d7c956bf619dce90ccf","name":"bobea.info","image":{"@type":"ImageObject","inLanguage":"fr-FR","@id":"https:\/\/bobea.net\/#\/schema\/person\/image\/","url":"https:\/\/secure.gravatar.com\/avatar\/36147980349df887ae30808df3e29474?s=96&d=mm&r=g","contentUrl":"https:\/\/secure.gravatar.com\/avatar\/36147980349df887ae30808df3e29474?s=96&d=mm&r=g","caption":"bobea.info"},"sameAs":["https:\/\/bobea.net"],"url":"https:\/\/bobea.net\/index.php\/author\/bobea-info\/"}]}},"_links":{"self":[{"href":"https:\/\/bobea.net\/index.php\/wp-json\/wp\/v2\/posts\/10999"}],"collection":[{"href":"https:\/\/bobea.net\/index.php\/wp-json\/wp\/v2\/posts"}],"about":[{"href":"https:\/\/bobea.net\/index.php\/wp-json\/wp\/v2\/types\/post"}],"author":[{"embeddable":true,"href":"https:\/\/bobea.net\/index.php\/wp-json\/wp\/v2\/users\/1"}],"replies":[{"embeddable":true,"href":"https:\/\/bobea.net\/index.php\/wp-json\/wp\/v2\/comments?post=10999"}],"version-history":[{"count":1,"href":"https:\/\/bobea.net\/index.php\/wp-json\/wp\/v2\/posts\/10999\/revisions"}],"predecessor-version":[{"id":11002,"href":"https:\/\/bobea.net\/index.php\/wp-json\/wp\/v2\/posts\/10999\/revisions\/11002"}],"wp:featuredmedia":[{"embeddable":true,"href":"https:\/\/bobea.net\/index.php\/wp-json\/wp\/v2\/media\/11000"}],"wp:attachment":[{"href":"https:\/\/bobea.net\/index.php\/wp-json\/wp\/v2\/media?parent=10999"}],"wp:term":[{"taxonomy":"category","embeddable":true,"href":"https:\/\/bobea.net\/index.php\/wp-json\/wp\/v2\/categories?post=10999"},{"taxonomy":"post_tag","embeddable":true,"href":"https:\/\/bobea.net\/index.php\/wp-json\/wp\/v2\/tags?post=10999"}],"curies":[{"name":"wp","href":"https:\/\/api.w.org\/{rel}","templated":true}]}}