{"id":10995,"date":"2025-03-09T21:27:18","date_gmt":"2025-03-09T21:27:18","guid":{"rendered":"https:\/\/bobea.net\/?p=10995"},"modified":"2025-03-09T21:27:20","modified_gmt":"2025-03-09T21:27:20","slug":"ramadan-2025-les-horaires-du-ftour-et-limpact-sur-la-vie-quotidienne-en-france","status":"publish","type":"post","link":"https:\/\/bobea.net\/index.php\/2025\/03\/09\/ramadan-2025-les-horaires-du-ftour-et-limpact-sur-la-vie-quotidienne-en-france\/","title":{"rendered":"Ramadan 2025 : Les horaires du ftour et l\u2019impact sur la vie quotidienne en France"},"content":{"rendered":"\n<ol class=\"wp-block-list\"><\/ol>\n\n\n\n<p>Le Ramadan, mois sacr\u00e9 pour les musul\u00admans du monde entier, a d\u00e9but\u00e9 cette ann\u00e9e le 8 mars 2025. En France, o\u00f9 vivent env\u00adi\u00adron 5 mil\u00adlions de musul\u00admans, cette p\u00e9ri\u00adode est mar\u00adqu\u00e9e par des ajuste\u00adments dans la vie quo\u00adti\u00addi\u00adenne, notam\u00adment dans les horaires de tra\u00advail, les habi\u00adtudes ali\u00admen\u00adtaires et les activ\u00adit\u00e9s sociales. Cet arti\u00adcle explore les horaires du je\u00fbne (ftour) et leur impact sur les dif\u00adf\u00e9rentes sph\u00e8res de la soci\u00e9t\u00e9 fran\u00e7aise.<\/p>\n\n\n\n<p><strong>Les horaires du ftour et du suhoor en France<\/strong><strong><\/strong><\/p>\n\n\n\n<p>Le je\u00fbne com\u00admence chaque jour \u00e0 l\u2019aube (suhoor) et se ter\u00admine au couch\u00ader du soleil (ftour). En ce 9 mars 2025, les musul\u00admans de Paris rompro\u00adnt leur je\u00fbne \u00e0 18h38, tan\u00addis qu\u2019\u00e0 Mar\u00adseille, le ftour est pr\u00e9vu pour 18h42. Ces horaires vari\u00adent l\u00e9g\u00e8re\u00adment selon les r\u00e9gions en rai\u00adson des dif\u00adf\u00e9rences g\u00e9o\u00adgraphiques.<\/p>\n\n\n\n<p><strong>Adap\u00adta\u00adtions dans la vie pro\u00adfes\u00adsion\u00adnelle<\/strong><strong><\/strong><\/p>\n\n\n\n<p>De nom\u00adbreuses entre\u00adpris\u00ades fran\u00e7ais\u00ades s\u2019adaptent aux besoins de leurs employ\u00e9s musul\u00admans pen\u00addant le Ramadan. Cer\u00adtaines pro\u00adposent des horaires am\u00e9\u00adnag\u00e9s, per\u00adme\u00adt\u00adtant aux salari\u00e9s de com\u00admencer plus t\u00f4t pour ter\u00admin\u00ader leur journ\u00e9e avant le ftour. D\u2019autres met\u00adtent en place des espaces de pri\u00e8re ou des paus\u00ades pro\u00adlong\u00e9es pour aider leurs employ\u00e9s \u00e0 con\u00adcili\u00ader tra\u00advail et spir\u00adi\u00adtu\u00adal\u00adit\u00e9.<\/p>\n\n\n\n<p><strong>Impact sur le com\u00admerce et la restau\u00adra\u00adtion<\/strong><strong><\/strong><\/p>\n\n\n\n<p>Le Ramadan stim\u00adule \u00e9gale\u00adment cer\u00adtains secteurs \u00e9conomiques. Les super\u00admarch\u00e9s aug\u00admentent leurs stocks de pro\u00adduits tra\u00addi\u00adtion\u00adnels comme les dattes, les \u00e9pices ou encore les p\u00e2tis\u00adseries ori\u00aden\u00adtales. Les restau\u00adrants halal enreg\u00adistrent une hausse sig\u00adni\u00adfica\u00adtive de leur activ\u00adit\u00e9 apr\u00e8s le ftour, avec des menus sp\u00e9\u00adci\u00adaux pro\u00adpos\u00e9s pour l\u2019occasion.<\/p>\n\n\n\n<figure class=\"wp-block-image size-full\"><img loading=\"lazy\" decoding=\"async\" width=\"1024\" height=\"576\" src=\"https:\/\/bobea.net\/wp-content\/uploads\/2025\/03\/ramadan-kareem-2025_1024x1024.webp\" alt class=\"wp-image-10997\" srcset=\"https:\/\/bobea.net\/wp-content\/uploads\/2025\/03\/ramadan-kareem-2025_1024x1024.webp 1024w, https:\/\/bobea.net\/wp-content\/uploads\/2025\/03\/ramadan-kareem-2025_1024x1024-300x169.webp 300w, https:\/\/bobea.net\/wp-content\/uploads\/2025\/03\/ramadan-kareem-2025_1024x1024-768x432.webp 768w\" sizes=\"(max-width: 1024px) 100vw, 1024px\"><\/figure>\n\n\n\n<p><strong>Les d\u00e9fis ren\u00adcon\u00adtr\u00e9s par les jeunes musul\u00admans<\/strong><strong><\/strong><\/p>\n\n\n\n<p>Pour les \u00e9tu\u00addi\u00adants et lyc\u00e9ens qui je\u00fb\u00adnent, le Ramadan peut \u00eatre un d\u00e9fi, surtout pen\u00addant les p\u00e9ri\u00adodes d\u2019examens ou d\u2019activit\u00e9s sportives. Les \u00e9tab\u00adlisse\u00adments sco\u00adlaires sont de plus en plus sen\u00adsi\u00adbil\u00adis\u00e9s \u00e0 ces enjeux et offrent par\u00adfois des solu\u00adtions adap\u00adt\u00e9es, comme des repas sp\u00e9\u00adci\u00adfiques ou des salles de repos.<\/p>\n\n\n\n<p><strong>Un moment de partage et d\u2019unit\u00e9<\/strong><strong><\/strong><\/p>\n\n\n\n<p>Au-del\u00e0 des d\u00e9fis logis\u00adtiques, le Ramadan reste une p\u00e9ri\u00adode de partage et d\u2019unit\u00e9. De nom\u00adbreuses mosqu\u00e9es organ\u00adisent des iftars col\u00adlec\u00adtifs ouverts \u00e0 tous, musul\u00admans ou non-musul\u00admans, favorisant ain\u00adsi le dia\u00adlogue inter\u00adcul\u00adturel.<\/p>\n","protected":false},"excerpt":{"rendered":"<p>Le Ramadan, mois sacr\u00e9 pour les musul\u00admans du monde entier, a d\u00e9but\u00e9 cette ann\u00e9e le 8 mars 2025. En France, o\u00f9 vivent env\u00adi\u00adron 5 mil\u00adlions de musul\u00admans, cette p\u00e9ri\u00adode est\u2026 <\/p>\n","protected":false},"author":1,"featured_media":10996,"comment_status":"open","ping_status":"closed","sticky":false,"template":"","format":"standard","meta":{"wp_typography_post_enhancements_disabled":false,"footnotes":""},"categories":[73],"tags":[10138,10139,10141,10140],"class_list":["post-10995","post","type-post","status-publish","format-standard","has-post-thumbnail","hentry","category-on-en-parle","tag-horaires-ftour-france","tag-impact-ramadan-france","tag-jeune-musulman","tag-ramadan-2025"],"yoast_head":"<!-- This site is optimized with the Yoast SEO plugin v24.7 - https:\/\/yoast.com\/wordpress\/plugins\/seo\/ -->\n<title>Ramadan 2025 : Les horaires du ftour et l&#039;impact sur la vie quotidienne en France - Bobea<\/title>\n<meta name=\"robots\" content=\"index, follow, max-snippet:-1, max-image-preview:large, max-video-preview:-1\" \/>\n<link rel=\"canonical\" href=\"https:\/\/bobea.net\/index.php\/2025\/03\/09\/ramadan-2025-les-horaires-du-ftour-et-limpact-sur-la-vie-quotidienne-en-france\/\" \/>\n<meta property=\"og:locale\" content=\"fr_FR\" \/>\n<meta property=\"og:type\" content=\"article\" \/>\n<meta property=\"og:title\" content=\"Ramadan 2025 : Les horaires du ftour et l&#039;impact sur la vie quotidienne en France - Bobea\" \/>\n<meta property=\"og:description\" content=\"Le Ramadan, mois sacr\u00e9 pour les musul\u00admans du monde entier, a d\u00e9but\u00e9 cette ann\u00e9e le 8 mars 2025. En France, o\u00f9 vivent env\u00adi\u00adron 5 mil\u00adlions de musul\u00admans, cette p\u00e9ri\u00adode est&hellip;\" \/>\n<meta property=\"og:url\" content=\"https:\/\/bobea.net\/index.php\/2025\/03\/09\/ramadan-2025-les-horaires-du-ftour-et-limpact-sur-la-vie-quotidienne-en-france\/\" \/>\n<meta property=\"og:site_name\" content=\"Bobea\" \/>\n<meta property=\"article:publisher\" content=\"https:\/\/web.facebook.com\/profile.php?id=61559252188416\" \/>\n<meta property=\"article:published_time\" content=\"2025-03-09T21:27:18+00:00\" \/>\n<meta property=\"article:modified_time\" content=\"2025-03-09T21:27:20+00:00\" \/>\n<meta property=\"og:image\" content=\"https:\/\/bobea.net\/wp-content\/uploads\/2025\/03\/adobestock-746243789.jpeg\" \/>\n\t<meta property=\"og:image:width\" content=\"1280\" \/>\n\t<meta property=\"og:image:height\" content=\"853\" \/>\n\t<meta property=\"og:image:type\" content=\"image\/jpeg\" \/>\n<meta name=\"author\" content=\"bobea.info\" \/>\n<meta name=\"twitter:card\" content=\"summary_large_image\" \/>\n<meta name=\"twitter:label1\" content=\"\u00c9crit par\" \/>\n\t<meta name=\"twitter:data1\" content=\"bobea.info\" \/>\n\t<meta name=\"twitter:label2\" content=\"Dur\u00e9e de lecture estim\u00e9e\" \/>\n\t<meta name=\"twitter:data2\" content=\"3 minutes\" \/>\n<script type=\"application\/ld+json\" class=\"yoast-schema-graph\">{\"@context\":\"https:\/\/schema.org\",\"@graph\":[{\"@type\":\"Article\",\"@id\":\"https:\/\/bobea.net\/index.php\/2025\/03\/09\/ramadan-2025-les-horaires-du-ftour-et-limpact-sur-la-vie-quotidienne-en-france\/#article\",\"isPartOf\":{\"@id\":\"https:\/\/bobea.net\/index.php\/2025\/03\/09\/ramadan-2025-les-horaires-du-ftour-et-limpact-sur-la-vie-quotidienne-en-france\/\"},\"author\":{\"name\":\"bobea.info\",\"@id\":\"https:\/\/bobea.net\/#\/schema\/person\/e7f45ef187918d7c956bf619dce90ccf\"},\"headline\":\"Ramadan 2025 : Les horaires du ftour et l\u2019impact sur la vie quotidienne en France\",\"datePublished\":\"2025-03-09T21:27:18+00:00\",\"dateModified\":\"2025-03-09T21:27:20+00:00\",\"mainEntityOfPage\":{\"@id\":\"https:\/\/bobea.net\/index.php\/2025\/03\/09\/ramadan-2025-les-horaires-du-ftour-et-limpact-sur-la-vie-quotidienne-en-france\/\"},\"wordCount\":391,\"commentCount\":0,\"publisher\":{\"@id\":\"https:\/\/bobea.net\/#organization\"},\"image\":{\"@id\":\"https:\/\/bobea.net\/index.php\/2025\/03\/09\/ramadan-2025-les-horaires-du-ftour-et-limpact-sur-la-vie-quotidienne-en-france\/#primaryimage\"},\"thumbnailUrl\":\"https:\/\/bobea.net\/wp-content\/uploads\/2025\/03\/adobestock-746243789.jpeg\",\"keywords\":[\"horaires ftour France\",\"impact Ramadan France\",\"je\u00fbne musulman\",\"Ramadan 2025\"],\"articleSection\":[\"On en Parle\"],\"inLanguage\":\"fr-FR\",\"potentialAction\":[{\"@type\":\"CommentAction\",\"name\":\"Comment\",\"target\":[\"https:\/\/bobea.net\/index.php\/2025\/03\/09\/ramadan-2025-les-horaires-du-ftour-et-limpact-sur-la-vie-quotidienne-en-france\/#respond\"]}]},{\"@type\":\"WebPage\",\"@id\":\"https:\/\/bobea.net\/index.php\/2025\/03\/09\/ramadan-2025-les-horaires-du-ftour-et-limpact-sur-la-vie-quotidienne-en-france\/\",\"url\":\"https:\/\/bobea.net\/index.php\/2025\/03\/09\/ramadan-2025-les-horaires-du-ftour-et-limpact-sur-la-vie-quotidienne-en-france\/\",\"name\":\"Ramadan 2025 : Les horaires du ftour et l'impact sur la vie quotidienne en France - Bobea\",\"isPartOf\":{\"@id\":\"https:\/\/bobea.net\/#website\"},\"primaryImageOfPage\":{\"@id\":\"https:\/\/bobea.net\/index.php\/2025\/03\/09\/ramadan-2025-les-horaires-du-ftour-et-limpact-sur-la-vie-quotidienne-en-france\/#primaryimage\"},\"image\":{\"@id\":\"https:\/\/bobea.net\/index.php\/2025\/03\/09\/ramadan-2025-les-horaires-du-ftour-et-limpact-sur-la-vie-quotidienne-en-france\/#primaryimage\"},\"thumbnailUrl\":\"https:\/\/bobea.net\/wp-content\/uploads\/2025\/03\/adobestock-746243789.jpeg\",\"datePublished\":\"2025-03-09T21:27:18+00:00\",\"dateModified\":\"2025-03-09T21:27:20+00:00\",\"breadcrumb\":{\"@id\":\"https:\/\/bobea.net\/index.php\/2025\/03\/09\/ramadan-2025-les-horaires-du-ftour-et-limpact-sur-la-vie-quotidienne-en-france\/#breadcrumb\"},\"inLanguage\":\"fr-FR\",\"potentialAction\":[{\"@type\":\"ReadAction\",\"target\":[\"https:\/\/bobea.net\/index.php\/2025\/03\/09\/ramadan-2025-les-horaires-du-ftour-et-limpact-sur-la-vie-quotidienne-en-france\/\"]}]},{\"@type\":\"ImageObject\",\"inLanguage\":\"fr-FR\",\"@id\":\"https:\/\/bobea.net\/index.php\/2025\/03\/09\/ramadan-2025-les-horaires-du-ftour-et-limpact-sur-la-vie-quotidienne-en-france\/#primaryimage\",\"url\":\"https:\/\/bobea.net\/wp-content\/uploads\/2025\/03\/adobestock-746243789.jpeg\",\"contentUrl\":\"https:\/\/bobea.net\/wp-content\/uploads\/2025\/03\/adobestock-746243789.jpeg\",\"width\":1280,\"height\":853},{\"@type\":\"BreadcrumbList\",\"@id\":\"https:\/\/bobea.net\/index.php\/2025\/03\/09\/ramadan-2025-les-horaires-du-ftour-et-limpact-sur-la-vie-quotidienne-en-france\/#breadcrumb\",\"itemListElement\":[{\"@type\":\"ListItem\",\"position\":1,\"name\":\"Accueil\",\"item\":\"https:\/\/bobea.net\/\"},{\"@type\":\"ListItem\",\"position\":2,\"name\":\"Ramadan 2025 : Les horaires du ftour et l&rsquo;impact sur la vie quotidienne en France\"}]},{\"@type\":\"WebSite\",\"@id\":\"https:\/\/bobea.net\/#website\",\"url\":\"https:\/\/bobea.net\/\",\"name\":\"Bobea\",\"description\":\"Le magazine de la nouvelle \u00c8ve\",\"publisher\":{\"@id\":\"https:\/\/bobea.net\/#organization\"},\"potentialAction\":[{\"@type\":\"SearchAction\",\"target\":{\"@type\":\"EntryPoint\",\"urlTemplate\":\"https:\/\/bobea.net\/?s={search_term_string}\"},\"query-input\":{\"@type\":\"PropertyValueSpecification\",\"valueRequired\":true,\"valueName\":\"search_term_string\"}}],\"inLanguage\":\"fr-FR\"},{\"@type\":\"Organization\",\"@id\":\"https:\/\/bobea.net\/#organization\",\"name\":\"Bobea\",\"url\":\"https:\/\/bobea.net\/\",\"logo\":{\"@type\":\"ImageObject\",\"inLanguage\":\"fr-FR\",\"@id\":\"https:\/\/bobea.net\/#\/schema\/logo\/image\/\",\"url\":\"https:\/\/bobea.net\/wp-content\/uploads\/2024\/06\/bobea.jpg\",\"contentUrl\":\"https:\/\/bobea.net\/wp-content\/uploads\/2024\/06\/bobea.jpg\",\"width\":1080,\"height\":1080,\"caption\":\"Bobea\"},\"image\":{\"@id\":\"https:\/\/bobea.net\/#\/schema\/logo\/image\/\"},\"sameAs\":[\"https:\/\/web.facebook.com\/profile.php?id=61559252188416\"]},{\"@type\":\"Person\",\"@id\":\"https:\/\/bobea.net\/#\/schema\/person\/e7f45ef187918d7c956bf619dce90ccf\",\"name\":\"bobea.info\",\"image\":{\"@type\":\"ImageObject\",\"inLanguage\":\"fr-FR\",\"@id\":\"https:\/\/bobea.net\/#\/schema\/person\/image\/\",\"url\":\"https:\/\/secure.gravatar.com\/avatar\/36147980349df887ae30808df3e29474?s=96&d=mm&r=g\",\"contentUrl\":\"https:\/\/secure.gravatar.com\/avatar\/36147980349df887ae30808df3e29474?s=96&d=mm&r=g\",\"caption\":\"bobea.info\"},\"sameAs\":[\"https:\/\/bobea.net\"],\"url\":\"https:\/\/bobea.net\/index.php\/author\/bobea-info\/\"}]}<\/script>\n<!-- \/ Yoast SEO plugin. -->","yoast_head_json":{"title":"Ramadan 2025 : Les horaires du ftour et l'impact sur la vie quotidienne en France - Bobea","robots":{"index":"index","follow":"follow","max-snippet":"max-snippet:-1","max-image-preview":"max-image-preview:large","max-video-preview":"max-video-preview:-1"},"canonical":"https:\/\/bobea.net\/index.php\/2025\/03\/09\/ramadan-2025-les-horaires-du-ftour-et-limpact-sur-la-vie-quotidienne-en-france\/","og_locale":"fr_FR","og_type":"article","og_title":"Ramadan 2025 : Les horaires du ftour et l'impact sur la vie quotidienne en France - Bobea","og_description":"Le Ramadan, mois sacr\u00e9 pour les musul\u00admans du monde entier, a d\u00e9but\u00e9 cette ann\u00e9e le 8 mars 2025. En France, o\u00f9 vivent env\u00adi\u00adron 5 mil\u00adlions de musul\u00admans, cette p\u00e9ri\u00adode est&hellip;","og_url":"https:\/\/bobea.net\/index.php\/2025\/03\/09\/ramadan-2025-les-horaires-du-ftour-et-limpact-sur-la-vie-quotidienne-en-france\/","og_site_name":"Bobea","article_publisher":"https:\/\/web.facebook.com\/profile.php?id=61559252188416","article_published_time":"2025-03-09T21:27:18+00:00","article_modified_time":"2025-03-09T21:27:20+00:00","og_image":[{"width":1280,"height":853,"url":"https:\/\/bobea.net\/wp-content\/uploads\/2025\/03\/adobestock-746243789.jpeg","type":"image\/jpeg"}],"author":"bobea.info","twitter_card":"summary_large_image","twitter_misc":{"\u00c9crit par":"bobea.info","Dur\u00e9e de lecture estim\u00e9e":"3 minutes"},"schema":{"@context":"https:\/\/schema.org","@graph":[{"@type":"Article","@id":"https:\/\/bobea.net\/index.php\/2025\/03\/09\/ramadan-2025-les-horaires-du-ftour-et-limpact-sur-la-vie-quotidienne-en-france\/#article","isPartOf":{"@id":"https:\/\/bobea.net\/index.php\/2025\/03\/09\/ramadan-2025-les-horaires-du-ftour-et-limpact-sur-la-vie-quotidienne-en-france\/"},"author":{"name":"bobea.info","@id":"https:\/\/bobea.net\/#\/schema\/person\/e7f45ef187918d7c956bf619dce90ccf"},"headline":"Ramadan 2025 : Les horaires du ftour et l\u2019impact sur la vie quotidienne en France","datePublished":"2025-03-09T21:27:18+00:00","dateModified":"2025-03-09T21:27:20+00:00","mainEntityOfPage":{"@id":"https:\/\/bobea.net\/index.php\/2025\/03\/09\/ramadan-2025-les-horaires-du-ftour-et-limpact-sur-la-vie-quotidienne-en-france\/"},"wordCount":391,"commentCount":0,"publisher":{"@id":"https:\/\/bobea.net\/#organization"},"image":{"@id":"https:\/\/bobea.net\/index.php\/2025\/03\/09\/ramadan-2025-les-horaires-du-ftour-et-limpact-sur-la-vie-quotidienne-en-france\/#primaryimage"},"thumbnailUrl":"https:\/\/bobea.net\/wp-content\/uploads\/2025\/03\/adobestock-746243789.jpeg","keywords":["horaires ftour France","impact Ramadan France","je\u00fbne musulman","Ramadan 2025"],"articleSection":["On en Parle"],"inLanguage":"fr-FR","potentialAction":[{"@type":"CommentAction","name":"Comment","target":["https:\/\/bobea.net\/index.php\/2025\/03\/09\/ramadan-2025-les-horaires-du-ftour-et-limpact-sur-la-vie-quotidienne-en-france\/#respond"]}]},{"@type":"WebPage","@id":"https:\/\/bobea.net\/index.php\/2025\/03\/09\/ramadan-2025-les-horaires-du-ftour-et-limpact-sur-la-vie-quotidienne-en-france\/","url":"https:\/\/bobea.net\/index.php\/2025\/03\/09\/ramadan-2025-les-horaires-du-ftour-et-limpact-sur-la-vie-quotidienne-en-france\/","name":"Ramadan 2025 : Les horaires du ftour et l'impact sur la vie quotidienne en France - Bobea","isPartOf":{"@id":"https:\/\/bobea.net\/#website"},"primaryImageOfPage":{"@id":"https:\/\/bobea.net\/index.php\/2025\/03\/09\/ramadan-2025-les-horaires-du-ftour-et-limpact-sur-la-vie-quotidienne-en-france\/#primaryimage"},"image":{"@id":"https:\/\/bobea.net\/index.php\/2025\/03\/09\/ramadan-2025-les-horaires-du-ftour-et-limpact-sur-la-vie-quotidienne-en-france\/#primaryimage"},"thumbnailUrl":"https:\/\/bobea.net\/wp-content\/uploads\/2025\/03\/adobestock-746243789.jpeg","datePublished":"2025-03-09T21:27:18+00:00","dateModified":"2025-03-09T21:27:20+00:00","breadcrumb":{"@id":"https:\/\/bobea.net\/index.php\/2025\/03\/09\/ramadan-2025-les-horaires-du-ftour-et-limpact-sur-la-vie-quotidienne-en-france\/#breadcrumb"},"inLanguage":"fr-FR","potentialAction":[{"@type":"ReadAction","target":["https:\/\/bobea.net\/index.php\/2025\/03\/09\/ramadan-2025-les-horaires-du-ftour-et-limpact-sur-la-vie-quotidienne-en-france\/"]}]},{"@type":"ImageObject","inLanguage":"fr-FR","@id":"https:\/\/bobea.net\/index.php\/2025\/03\/09\/ramadan-2025-les-horaires-du-ftour-et-limpact-sur-la-vie-quotidienne-en-france\/#primaryimage","url":"https:\/\/bobea.net\/wp-content\/uploads\/2025\/03\/adobestock-746243789.jpeg","contentUrl":"https:\/\/bobea.net\/wp-content\/uploads\/2025\/03\/adobestock-746243789.jpeg","width":1280,"height":853},{"@type":"BreadcrumbList","@id":"https:\/\/bobea.net\/index.php\/2025\/03\/09\/ramadan-2025-les-horaires-du-ftour-et-limpact-sur-la-vie-quotidienne-en-france\/#breadcrumb","itemListElement":[{"@type":"ListItem","position":1,"name":"Accueil","item":"https:\/\/bobea.net\/"},{"@type":"ListItem","position":2,"name":"Ramadan 2025 : Les horaires du ftour et l&rsquo;impact sur la vie quotidienne en France"}]},{"@type":"WebSite","@id":"https:\/\/bobea.net\/#website","url":"https:\/\/bobea.net\/","name":"Bobea","description":"Le magazine de la nouvelle \u00c8ve","publisher":{"@id":"https:\/\/bobea.net\/#organization"},"potentialAction":[{"@type":"SearchAction","target":{"@type":"EntryPoint","urlTemplate":"https:\/\/bobea.net\/?s={search_term_string}"},"query-input":{"@type":"PropertyValueSpecification","valueRequired":true,"valueName":"search_term_string"}}],"inLanguage":"fr-FR"},{"@type":"Organization","@id":"https:\/\/bobea.net\/#organization","name":"Bobea","url":"https:\/\/bobea.net\/","logo":{"@type":"ImageObject","inLanguage":"fr-FR","@id":"https:\/\/bobea.net\/#\/schema\/logo\/image\/","url":"https:\/\/bobea.net\/wp-content\/uploads\/2024\/06\/bobea.jpg","contentUrl":"https:\/\/bobea.net\/wp-content\/uploads\/2024\/06\/bobea.jpg","width":1080,"height":1080,"caption":"Bobea"},"image":{"@id":"https:\/\/bobea.net\/#\/schema\/logo\/image\/"},"sameAs":["https:\/\/web.facebook.com\/profile.php?id=61559252188416"]},{"@type":"Person","@id":"https:\/\/bobea.net\/#\/schema\/person\/e7f45ef187918d7c956bf619dce90ccf","name":"bobea.info","image":{"@type":"ImageObject","inLanguage":"fr-FR","@id":"https:\/\/bobea.net\/#\/schema\/person\/image\/","url":"https:\/\/secure.gravatar.com\/avatar\/36147980349df887ae30808df3e29474?s=96&d=mm&r=g","contentUrl":"https:\/\/secure.gravatar.com\/avatar\/36147980349df887ae30808df3e29474?s=96&d=mm&r=g","caption":"bobea.info"},"sameAs":["https:\/\/bobea.net"],"url":"https:\/\/bobea.net\/index.php\/author\/bobea-info\/"}]}},"_links":{"self":[{"href":"https:\/\/bobea.net\/index.php\/wp-json\/wp\/v2\/posts\/10995"}],"collection":[{"href":"https:\/\/bobea.net\/index.php\/wp-json\/wp\/v2\/posts"}],"about":[{"href":"https:\/\/bobea.net\/index.php\/wp-json\/wp\/v2\/types\/post"}],"author":[{"embeddable":true,"href":"https:\/\/bobea.net\/index.php\/wp-json\/wp\/v2\/users\/1"}],"replies":[{"embeddable":true,"href":"https:\/\/bobea.net\/index.php\/wp-json\/wp\/v2\/comments?post=10995"}],"version-history":[{"count":1,"href":"https:\/\/bobea.net\/index.php\/wp-json\/wp\/v2\/posts\/10995\/revisions"}],"predecessor-version":[{"id":10998,"href":"https:\/\/bobea.net\/index.php\/wp-json\/wp\/v2\/posts\/10995\/revisions\/10998"}],"wp:featuredmedia":[{"embeddable":true,"href":"https:\/\/bobea.net\/index.php\/wp-json\/wp\/v2\/media\/10996"}],"wp:attachment":[{"href":"https:\/\/bobea.net\/index.php\/wp-json\/wp\/v2\/media?parent=10995"}],"wp:term":[{"taxonomy":"category","embeddable":true,"href":"https:\/\/bobea.net\/index.php\/wp-json\/wp\/v2\/categories?post=10995"},{"taxonomy":"post_tag","embeddable":true,"href":"https:\/\/bobea.net\/index.php\/wp-json\/wp\/v2\/tags?post=10995"}],"curies":[{"name":"wp","href":"https:\/\/api.w.org\/{rel}","templated":true}]}}