{"id":10612,"date":"2025-03-04T14:10:20","date_gmt":"2025-03-04T14:10:20","guid":{"rendered":"https:\/\/bobea.net\/?p=10612"},"modified":"2025-03-04T14:10:22","modified_gmt":"2025-03-04T14:10:22","slug":"leducation-des-filles-en-2025-un-enjeu-mondial-pour-lemancipation-et-le-developpement","status":"publish","type":"post","link":"https:\/\/bobea.net\/index.php\/2025\/03\/04\/leducation-des-filles-en-2025-un-enjeu-mondial-pour-lemancipation-et-le-developpement\/","title":{"rendered":"L\u2019\u00e9ducation des filles en 2025 : Un enjeu mondial pour l\u2019\u00e9mancipation et le d\u00e9veloppement"},"content":{"rendered":"\n<p>En 2025, l\u2019\u00e9\u00add\u00adu\u00adca\u00adtion des filles reste un enjeu majeur pour le d\u00e9veloppe\u00adment mon\u00addi\u00adal. Mal\u00adgr\u00e9 des pro\u00adgr\u00e8s sig\u00adni\u00adfi\u00adcat\u00adifs, des d\u00e9fis per\u00adsis\u00adtants emp\u00eachent encore des mil\u00adlions de filles d\u2019ac\u00adc\u00e9der \u00e0 une \u00e9du\u00adca\u00adtion de qual\u00adit\u00e9. L\u2019\u00e9\u00add\u00adu\u00adca\u00adtion est un levi\u00ader essen\u00adtiel pour bris\u00ader le cycle de la pau\u00advret\u00e9, pro\u00admou\u00advoir l\u2019\u00e9\u00adgal\u00adit\u00e9 des gen\u00adres et stim\u00aduler le d\u00e9veloppe\u00adment \u00e9conomique.<\/p>\n\n\n\n<p><strong>Pro\u00adgr\u00e8s r\u00e9al\u00adis\u00e9s<\/strong><\/p>\n\n\n\n<p>Au cours des derni\u00e8res d\u00e9cen\u00adnies, le nom\u00adbre de filles sco\u00adlar\u00adis\u00e9es a con\u00adsid\u00ad\u00e9rable\u00adment aug\u00admen\u00adt\u00e9. Des ini\u00adtia\u00adtives comme le \u201cGlob\u00adal Part\u00adner\u00adship for Girls\u2019 and Wom\u00aden\u2019s Edu\u00adca\u00adtion\u201d ont con\u00adtribu\u00e9 \u00e0 r\u00e9duire les dis\u00adpar\u00adit\u00e9s entre les sex\u00ades dans l\u2019ac\u00adc\u00e8s \u00e0 l\u2019\u00e9\u00add\u00adu\u00adca\u00adtion. Cepen\u00addant, 129 mil\u00adlions de filles dans le monde ne sont tou\u00adjours pas sco\u00adlar\u00adis\u00e9es, prin\u00adci\u00adpale\u00adment en rai\u00adson de fac\u00adteurs tels que la pau\u00advret\u00e9, les con\u00adflits et les normes socio\u00adcul\u00adturelles.<\/p>\n\n\n\n<p><strong>D\u00e9fis per\u00adsis\u00adtants<\/strong><\/p>\n\n\n\n<ol start=\"1\" class=\"wp-block-list\">\n<li><strong>Con\u00adflits et crises<\/strong>&nbsp;: Les zones touch\u00e9es par les con\u00adflits voient sou\u00advent l\u2019\u00e9\u00add\u00adu\u00adca\u00adtion des filles par\u00adti\u00adc\u00aduli\u00e8re\u00adment men\u00adac\u00e9e. Les \u00e9coles sont sou\u00advent cibl\u00e9es, et les filles sont plus sus\u00adcep\u00adti\u00adbles d\u2019\u00eatre mar\u00adi\u00e9es pr\u00e9\u00adco\u00adce\u00adment ou de quit\u00adter l\u2019\u00e9\u00adcole pour des raisons de s\u00e9cu\u00adrit\u00e9.<\/li>\n\n\n\n<li><strong>Normes socio\u00adcul\u00adturelles<\/strong>&nbsp;: Dans cer\u00adtaines r\u00e9gions, les filles sont encore con\u00adsid\u00ad\u00e9r\u00e9es comme moins dignes d\u2019\u00e9\u00add\u00adu\u00adca\u00adtion que les gar\u00e7ons. Cela se traduit par des taux d\u2019a\u00adban\u00addon sco\u00adlaire plus \u00e9lev\u00e9s chez les filles.<\/li>\n\n\n\n<li><strong>Ressources lim\u00adit\u00e9es<\/strong>&nbsp;: Les \u00e9coles dans les zones rurales ou d\u00e9fa\u00advoris\u00e9es man\u00adquent sou\u00advent de ressources, ce qui affecte la qual\u00adit\u00e9 de l\u2019\u00e9\u00add\u00adu\u00adca\u00adtion offerte aux filles.<\/li>\n<\/ol>\n\n\n\n<figure class=\"wp-block-image size-large\"><img loading=\"lazy\" decoding=\"async\" width=\"1024\" height=\"683\" src=\"https:\/\/bobea.net\/wp-content\/uploads\/2025\/03\/UN0284179.jpg-1024x683.webp\" alt class=\"wp-image-10614\" srcset=\"https:\/\/bobea.net\/wp-content\/uploads\/2025\/03\/UN0284179.jpg-1024x683.webp 1024w, https:\/\/bobea.net\/wp-content\/uploads\/2025\/03\/UN0284179.jpg-300x200.webp 300w, https:\/\/bobea.net\/wp-content\/uploads\/2025\/03\/UN0284179.jpg-768x512.webp 768w, https:\/\/bobea.net\/wp-content\/uploads\/2025\/03\/UN0284179.jpg-1536x1024.webp 1536w, https:\/\/bobea.net\/wp-content\/uploads\/2025\/03\/UN0284179.jpg.webp 1920w\" sizes=\"(max-width: 1024px) 100vw, 1024px\"><\/figure>\n\n\n\n<p><strong>Ini\u00adtia\u00adtives pour relever ces d\u00e9fis<\/strong><\/p>\n\n\n\n<p>Des organ\u00adi\u00adsa\u00adtions comme l\u2019U\u00adNICEF et l\u2019UNESCO tra\u00advail\u00adlent active\u00adment pour am\u00e9lior\u00ader l\u2019ac\u00adc\u00e8s \u00e0 l\u2019\u00e9\u00add\u00adu\u00adca\u00adtion des filles. Des pro\u00adgrammes inno\u00advants, tels que les \u00e9coles mobiles ou les cours en ligne, visent \u00e0 attein\u00addre les filles dans les zones les plus recul\u00e9es ou en sit\u00adu\u00ada\u00adtion de crise.<\/p>\n\n\n\n<p>L\u2019\u00e9\u00add\u00adu\u00adca\u00adtion des filles est cru\u00adciale pour le d\u00e9veloppe\u00adment \u00e9conomique. Selon le Fonds mon\u00e9\u00adtaire inter\u00adna\u00adtion\u00adal (FMI), chaque ann\u00e9e sup\u00adpl\u00e9\u00admen\u00adtaire d\u2019\u00e9\u00add\u00adu\u00adca\u00adtion pour une fille peut aug\u00admenter son revenu futur de 10 \u00e0 20%. Cela a un impact direct sur la r\u00e9duc\u00adtion de la pau\u00advret\u00e9 et l\u2019am\u00e9lio\u00adra\u00adtion des indi\u00adca\u00adteurs de san\u00adt\u00e9.<\/p>\n\n\n\n<p><strong>Con\u00adclu\u00adsion<\/strong><\/p>\n\n\n\n<p>L\u2019\u00e9\u00add\u00adu\u00adca\u00adtion des filles en 2025 reste un d\u00e9fi majeur mais aus\u00adsi une oppor\u00adtu\u00adnit\u00e9 immense pour le d\u00e9veloppe\u00adment mon\u00addi\u00adal. En con\u00adtin\u00adu\u00adant \u00e0 inve\u00adstir dans l\u2019\u00e9\u00add\u00adu\u00adca\u00adtion des filles, nous pou\u00advons esp\u00e9r\u00ader un avenir plus \u00e9quitable et prosp\u00e8re pour toutes. Les efforts doivent se pour\u00adsuiv\u00adre pour sur\u00admon\u00adter les obsta\u00adcles per\u00adsis\u00adtants et garan\u00adtir que chaque fille puisse acc\u00e9der \u00e0 une \u00e9du\u00adca\u00adtion de qual\u00adit\u00e9.<\/p>\n","protected":false},"excerpt":{"rendered":"<p>En 2025, l\u2019\u00e9\u00add\u00adu\u00adca\u00adtion des filles reste un enjeu majeur pour le d\u00e9veloppe\u00adment mon\u00addi\u00adal. Mal\u00adgr\u00e9 des pro\u00adgr\u00e8s sig\u00adni\u00adfi\u00adcat\u00adifs, des d\u00e9fis per\u00adsis\u00adtants emp\u00eachent encore des mil\u00adlions de filles d\u2019ac\u00adc\u00e9der \u00e0 une \u00e9du\u00adca\u00adtion\u2026 <\/p>\n","protected":false},"author":1,"featured_media":10613,"comment_status":"open","ping_status":"open","sticky":false,"template":"","format":"standard","meta":{"wp_typography_post_enhancements_disabled":false,"footnotes":""},"categories":[73],"tags":[10037,10035,638,1268,10036],"class_list":["post-10612","post","type-post","status-publish","format-standard","has-post-thumbnail","hentry","category-on-en-parle","tag-conflits","tag-developpement-mondial","tag-education-des-filles","tag-egalite-des-genres","tag-pauvrete"],"yoast_head":"<!-- This site is optimized with the Yoast SEO plugin v24.7 - https:\/\/yoast.com\/wordpress\/plugins\/seo\/ -->\n<title>L&#039;\u00e9ducation des filles en 2025 : Un enjeu mondial pour l&#039;\u00e9mancipation et le d\u00e9veloppement - Bobea<\/title>\n<meta name=\"robots\" content=\"index, follow, max-snippet:-1, max-image-preview:large, max-video-preview:-1\" \/>\n<link rel=\"canonical\" href=\"https:\/\/bobea.net\/index.php\/2025\/03\/04\/leducation-des-filles-en-2025-un-enjeu-mondial-pour-lemancipation-et-le-developpement\/\" \/>\n<meta property=\"og:locale\" content=\"fr_FR\" \/>\n<meta property=\"og:type\" content=\"article\" \/>\n<meta property=\"og:title\" content=\"L&#039;\u00e9ducation des filles en 2025 : Un enjeu mondial pour l&#039;\u00e9mancipation et le d\u00e9veloppement - Bobea\" \/>\n<meta property=\"og:description\" content=\"En 2025, l\u2019\u00e9\u00add\u00adu\u00adca\u00adtion des filles reste un enjeu majeur pour le d\u00e9veloppe\u00adment mon\u00addi\u00adal. Mal\u00adgr\u00e9 des pro\u00adgr\u00e8s sig\u00adni\u00adfi\u00adcat\u00adifs, des d\u00e9fis per\u00adsis\u00adtants emp\u00eachent encore des mil\u00adlions de filles d\u2019ac\u00adc\u00e9der \u00e0 une \u00e9du\u00adca\u00adtion&hellip;\" \/>\n<meta property=\"og:url\" content=\"https:\/\/bobea.net\/index.php\/2025\/03\/04\/leducation-des-filles-en-2025-un-enjeu-mondial-pour-lemancipation-et-le-developpement\/\" \/>\n<meta property=\"og:site_name\" content=\"Bobea\" \/>\n<meta property=\"article:publisher\" content=\"https:\/\/web.facebook.com\/profile.php?id=61559252188416\" \/>\n<meta property=\"article:published_time\" content=\"2025-03-04T14:10:20+00:00\" \/>\n<meta property=\"article:modified_time\" content=\"2025-03-04T14:10:22+00:00\" \/>\n<meta property=\"og:image\" content=\"https:\/\/bobea.net\/wp-content\/uploads\/2025\/03\/field_media_image-7483-262839_vignette_rdc-4-0.jpg\" \/>\n\t<meta property=\"og:image:width\" content=\"734\" \/>\n\t<meta property=\"og:image:height\" content=\"414\" \/>\n\t<meta property=\"og:image:type\" content=\"image\/jpeg\" \/>\n<meta name=\"author\" content=\"bobea.info\" \/>\n<meta name=\"twitter:card\" content=\"summary_large_image\" \/>\n<meta name=\"twitter:label1\" content=\"\u00c9crit par\" \/>\n\t<meta name=\"twitter:data1\" content=\"bobea.info\" \/>\n\t<meta name=\"twitter:label2\" content=\"Dur\u00e9e de lecture estim\u00e9e\" \/>\n\t<meta name=\"twitter:data2\" content=\"3 minutes\" \/>\n<script type=\"application\/ld+json\" class=\"yoast-schema-graph\">{\"@context\":\"https:\/\/schema.org\",\"@graph\":[{\"@type\":\"Article\",\"@id\":\"https:\/\/bobea.net\/index.php\/2025\/03\/04\/leducation-des-filles-en-2025-un-enjeu-mondial-pour-lemancipation-et-le-developpement\/#article\",\"isPartOf\":{\"@id\":\"https:\/\/bobea.net\/index.php\/2025\/03\/04\/leducation-des-filles-en-2025-un-enjeu-mondial-pour-lemancipation-et-le-developpement\/\"},\"author\":{\"name\":\"bobea.info\",\"@id\":\"https:\/\/bobea.net\/#\/schema\/person\/e7f45ef187918d7c956bf619dce90ccf\"},\"headline\":\"L\u2019\u00e9ducation des filles en 2025 : Un enjeu mondial pour l\u2019\u00e9mancipation et le d\u00e9veloppement\",\"datePublished\":\"2025-03-04T14:10:20+00:00\",\"dateModified\":\"2025-03-04T14:10:22+00:00\",\"mainEntityOfPage\":{\"@id\":\"https:\/\/bobea.net\/index.php\/2025\/03\/04\/leducation-des-filles-en-2025-un-enjeu-mondial-pour-lemancipation-et-le-developpement\/\"},\"wordCount\":444,\"commentCount\":0,\"publisher\":{\"@id\":\"https:\/\/bobea.net\/#organization\"},\"image\":{\"@id\":\"https:\/\/bobea.net\/index.php\/2025\/03\/04\/leducation-des-filles-en-2025-un-enjeu-mondial-pour-lemancipation-et-le-developpement\/#primaryimage\"},\"thumbnailUrl\":\"https:\/\/bobea.net\/wp-content\/uploads\/2025\/03\/field_media_image-7483-262839_vignette_rdc-4-0.jpg\",\"keywords\":[\"conflits\",\"d\u00e9veloppement mondial\",\"\u00e9ducation des filles\",\"\u00e9galit\u00e9 des genres\",\"pauvret\u00e9\"],\"articleSection\":[\"On en Parle\"],\"inLanguage\":\"fr-FR\",\"potentialAction\":[{\"@type\":\"CommentAction\",\"name\":\"Comment\",\"target\":[\"https:\/\/bobea.net\/index.php\/2025\/03\/04\/leducation-des-filles-en-2025-un-enjeu-mondial-pour-lemancipation-et-le-developpement\/#respond\"]}]},{\"@type\":\"WebPage\",\"@id\":\"https:\/\/bobea.net\/index.php\/2025\/03\/04\/leducation-des-filles-en-2025-un-enjeu-mondial-pour-lemancipation-et-le-developpement\/\",\"url\":\"https:\/\/bobea.net\/index.php\/2025\/03\/04\/leducation-des-filles-en-2025-un-enjeu-mondial-pour-lemancipation-et-le-developpement\/\",\"name\":\"L'\u00e9ducation des filles en 2025 : Un enjeu mondial pour l'\u00e9mancipation et le d\u00e9veloppement - Bobea\",\"isPartOf\":{\"@id\":\"https:\/\/bobea.net\/#website\"},\"primaryImageOfPage\":{\"@id\":\"https:\/\/bobea.net\/index.php\/2025\/03\/04\/leducation-des-filles-en-2025-un-enjeu-mondial-pour-lemancipation-et-le-developpement\/#primaryimage\"},\"image\":{\"@id\":\"https:\/\/bobea.net\/index.php\/2025\/03\/04\/leducation-des-filles-en-2025-un-enjeu-mondial-pour-lemancipation-et-le-developpement\/#primaryimage\"},\"thumbnailUrl\":\"https:\/\/bobea.net\/wp-content\/uploads\/2025\/03\/field_media_image-7483-262839_vignette_rdc-4-0.jpg\",\"datePublished\":\"2025-03-04T14:10:20+00:00\",\"dateModified\":\"2025-03-04T14:10:22+00:00\",\"breadcrumb\":{\"@id\":\"https:\/\/bobea.net\/index.php\/2025\/03\/04\/leducation-des-filles-en-2025-un-enjeu-mondial-pour-lemancipation-et-le-developpement\/#breadcrumb\"},\"inLanguage\":\"fr-FR\",\"potentialAction\":[{\"@type\":\"ReadAction\",\"target\":[\"https:\/\/bobea.net\/index.php\/2025\/03\/04\/leducation-des-filles-en-2025-un-enjeu-mondial-pour-lemancipation-et-le-developpement\/\"]}]},{\"@type\":\"ImageObject\",\"inLanguage\":\"fr-FR\",\"@id\":\"https:\/\/bobea.net\/index.php\/2025\/03\/04\/leducation-des-filles-en-2025-un-enjeu-mondial-pour-lemancipation-et-le-developpement\/#primaryimage\",\"url\":\"https:\/\/bobea.net\/wp-content\/uploads\/2025\/03\/field_media_image-7483-262839_vignette_rdc-4-0.jpg\",\"contentUrl\":\"https:\/\/bobea.net\/wp-content\/uploads\/2025\/03\/field_media_image-7483-262839_vignette_rdc-4-0.jpg\",\"width\":734,\"height\":414,\"caption\":\"L'\u00e9ducation des filles en 2025 : Un enjeu mondial pour l'\u00e9mancipation et le d\u00e9veloppement\"},{\"@type\":\"BreadcrumbList\",\"@id\":\"https:\/\/bobea.net\/index.php\/2025\/03\/04\/leducation-des-filles-en-2025-un-enjeu-mondial-pour-lemancipation-et-le-developpement\/#breadcrumb\",\"itemListElement\":[{\"@type\":\"ListItem\",\"position\":1,\"name\":\"Accueil\",\"item\":\"https:\/\/bobea.net\/\"},{\"@type\":\"ListItem\",\"position\":2,\"name\":\"L&rsquo;\u00e9ducation des filles en 2025 : Un enjeu mondial pour l&rsquo;\u00e9mancipation et le d\u00e9veloppement\"}]},{\"@type\":\"WebSite\",\"@id\":\"https:\/\/bobea.net\/#website\",\"url\":\"https:\/\/bobea.net\/\",\"name\":\"Bobea\",\"description\":\"Le magazine de la nouvelle \u00c8ve\",\"publisher\":{\"@id\":\"https:\/\/bobea.net\/#organization\"},\"potentialAction\":[{\"@type\":\"SearchAction\",\"target\":{\"@type\":\"EntryPoint\",\"urlTemplate\":\"https:\/\/bobea.net\/?s={search_term_string}\"},\"query-input\":{\"@type\":\"PropertyValueSpecification\",\"valueRequired\":true,\"valueName\":\"search_term_string\"}}],\"inLanguage\":\"fr-FR\"},{\"@type\":\"Organization\",\"@id\":\"https:\/\/bobea.net\/#organization\",\"name\":\"Bobea\",\"url\":\"https:\/\/bobea.net\/\",\"logo\":{\"@type\":\"ImageObject\",\"inLanguage\":\"fr-FR\",\"@id\":\"https:\/\/bobea.net\/#\/schema\/logo\/image\/\",\"url\":\"https:\/\/bobea.net\/wp-content\/uploads\/2024\/06\/bobea.jpg\",\"contentUrl\":\"https:\/\/bobea.net\/wp-content\/uploads\/2024\/06\/bobea.jpg\",\"width\":1080,\"height\":1080,\"caption\":\"Bobea\"},\"image\":{\"@id\":\"https:\/\/bobea.net\/#\/schema\/logo\/image\/\"},\"sameAs\":[\"https:\/\/web.facebook.com\/profile.php?id=61559252188416\"]},{\"@type\":\"Person\",\"@id\":\"https:\/\/bobea.net\/#\/schema\/person\/e7f45ef187918d7c956bf619dce90ccf\",\"name\":\"bobea.info\",\"image\":{\"@type\":\"ImageObject\",\"inLanguage\":\"fr-FR\",\"@id\":\"https:\/\/bobea.net\/#\/schema\/person\/image\/\",\"url\":\"https:\/\/secure.gravatar.com\/avatar\/36147980349df887ae30808df3e29474?s=96&d=mm&r=g\",\"contentUrl\":\"https:\/\/secure.gravatar.com\/avatar\/36147980349df887ae30808df3e29474?s=96&d=mm&r=g\",\"caption\":\"bobea.info\"},\"sameAs\":[\"https:\/\/bobea.net\"],\"url\":\"https:\/\/bobea.net\/index.php\/author\/bobea-info\/\"}]}<\/script>\n<!-- \/ Yoast SEO plugin. -->","yoast_head_json":{"title":"L'\u00e9ducation des filles en 2025 : Un enjeu mondial pour l'\u00e9mancipation et le d\u00e9veloppement - Bobea","robots":{"index":"index","follow":"follow","max-snippet":"max-snippet:-1","max-image-preview":"max-image-preview:large","max-video-preview":"max-video-preview:-1"},"canonical":"https:\/\/bobea.net\/index.php\/2025\/03\/04\/leducation-des-filles-en-2025-un-enjeu-mondial-pour-lemancipation-et-le-developpement\/","og_locale":"fr_FR","og_type":"article","og_title":"L'\u00e9ducation des filles en 2025 : Un enjeu mondial pour l'\u00e9mancipation et le d\u00e9veloppement - Bobea","og_description":"En 2025, l\u2019\u00e9\u00add\u00adu\u00adca\u00adtion des filles reste un enjeu majeur pour le d\u00e9veloppe\u00adment mon\u00addi\u00adal. Mal\u00adgr\u00e9 des pro\u00adgr\u00e8s sig\u00adni\u00adfi\u00adcat\u00adifs, des d\u00e9fis per\u00adsis\u00adtants emp\u00eachent encore des mil\u00adlions de filles d\u2019ac\u00adc\u00e9der \u00e0 une \u00e9du\u00adca\u00adtion&hellip;","og_url":"https:\/\/bobea.net\/index.php\/2025\/03\/04\/leducation-des-filles-en-2025-un-enjeu-mondial-pour-lemancipation-et-le-developpement\/","og_site_name":"Bobea","article_publisher":"https:\/\/web.facebook.com\/profile.php?id=61559252188416","article_published_time":"2025-03-04T14:10:20+00:00","article_modified_time":"2025-03-04T14:10:22+00:00","og_image":[{"width":734,"height":414,"url":"https:\/\/bobea.net\/wp-content\/uploads\/2025\/03\/field_media_image-7483-262839_vignette_rdc-4-0.jpg","type":"image\/jpeg"}],"author":"bobea.info","twitter_card":"summary_large_image","twitter_misc":{"\u00c9crit par":"bobea.info","Dur\u00e9e de lecture estim\u00e9e":"3 minutes"},"schema":{"@context":"https:\/\/schema.org","@graph":[{"@type":"Article","@id":"https:\/\/bobea.net\/index.php\/2025\/03\/04\/leducation-des-filles-en-2025-un-enjeu-mondial-pour-lemancipation-et-le-developpement\/#article","isPartOf":{"@id":"https:\/\/bobea.net\/index.php\/2025\/03\/04\/leducation-des-filles-en-2025-un-enjeu-mondial-pour-lemancipation-et-le-developpement\/"},"author":{"name":"bobea.info","@id":"https:\/\/bobea.net\/#\/schema\/person\/e7f45ef187918d7c956bf619dce90ccf"},"headline":"L\u2019\u00e9ducation des filles en 2025 : Un enjeu mondial pour l\u2019\u00e9mancipation et le d\u00e9veloppement","datePublished":"2025-03-04T14:10:20+00:00","dateModified":"2025-03-04T14:10:22+00:00","mainEntityOfPage":{"@id":"https:\/\/bobea.net\/index.php\/2025\/03\/04\/leducation-des-filles-en-2025-un-enjeu-mondial-pour-lemancipation-et-le-developpement\/"},"wordCount":444,"commentCount":0,"publisher":{"@id":"https:\/\/bobea.net\/#organization"},"image":{"@id":"https:\/\/bobea.net\/index.php\/2025\/03\/04\/leducation-des-filles-en-2025-un-enjeu-mondial-pour-lemancipation-et-le-developpement\/#primaryimage"},"thumbnailUrl":"https:\/\/bobea.net\/wp-content\/uploads\/2025\/03\/field_media_image-7483-262839_vignette_rdc-4-0.jpg","keywords":["conflits","d\u00e9veloppement mondial","\u00e9ducation des filles","\u00e9galit\u00e9 des genres","pauvret\u00e9"],"articleSection":["On en Parle"],"inLanguage":"fr-FR","potentialAction":[{"@type":"CommentAction","name":"Comment","target":["https:\/\/bobea.net\/index.php\/2025\/03\/04\/leducation-des-filles-en-2025-un-enjeu-mondial-pour-lemancipation-et-le-developpement\/#respond"]}]},{"@type":"WebPage","@id":"https:\/\/bobea.net\/index.php\/2025\/03\/04\/leducation-des-filles-en-2025-un-enjeu-mondial-pour-lemancipation-et-le-developpement\/","url":"https:\/\/bobea.net\/index.php\/2025\/03\/04\/leducation-des-filles-en-2025-un-enjeu-mondial-pour-lemancipation-et-le-developpement\/","name":"L'\u00e9ducation des filles en 2025 : Un enjeu mondial pour l'\u00e9mancipation et le d\u00e9veloppement - Bobea","isPartOf":{"@id":"https:\/\/bobea.net\/#website"},"primaryImageOfPage":{"@id":"https:\/\/bobea.net\/index.php\/2025\/03\/04\/leducation-des-filles-en-2025-un-enjeu-mondial-pour-lemancipation-et-le-developpement\/#primaryimage"},"image":{"@id":"https:\/\/bobea.net\/index.php\/2025\/03\/04\/leducation-des-filles-en-2025-un-enjeu-mondial-pour-lemancipation-et-le-developpement\/#primaryimage"},"thumbnailUrl":"https:\/\/bobea.net\/wp-content\/uploads\/2025\/03\/field_media_image-7483-262839_vignette_rdc-4-0.jpg","datePublished":"2025-03-04T14:10:20+00:00","dateModified":"2025-03-04T14:10:22+00:00","breadcrumb":{"@id":"https:\/\/bobea.net\/index.php\/2025\/03\/04\/leducation-des-filles-en-2025-un-enjeu-mondial-pour-lemancipation-et-le-developpement\/#breadcrumb"},"inLanguage":"fr-FR","potentialAction":[{"@type":"ReadAction","target":["https:\/\/bobea.net\/index.php\/2025\/03\/04\/leducation-des-filles-en-2025-un-enjeu-mondial-pour-lemancipation-et-le-developpement\/"]}]},{"@type":"ImageObject","inLanguage":"fr-FR","@id":"https:\/\/bobea.net\/index.php\/2025\/03\/04\/leducation-des-filles-en-2025-un-enjeu-mondial-pour-lemancipation-et-le-developpement\/#primaryimage","url":"https:\/\/bobea.net\/wp-content\/uploads\/2025\/03\/field_media_image-7483-262839_vignette_rdc-4-0.jpg","contentUrl":"https:\/\/bobea.net\/wp-content\/uploads\/2025\/03\/field_media_image-7483-262839_vignette_rdc-4-0.jpg","width":734,"height":414,"caption":"L'\u00e9ducation des filles en 2025 : Un enjeu mondial pour l'\u00e9mancipation et le d\u00e9veloppement"},{"@type":"BreadcrumbList","@id":"https:\/\/bobea.net\/index.php\/2025\/03\/04\/leducation-des-filles-en-2025-un-enjeu-mondial-pour-lemancipation-et-le-developpement\/#breadcrumb","itemListElement":[{"@type":"ListItem","position":1,"name":"Accueil","item":"https:\/\/bobea.net\/"},{"@type":"ListItem","position":2,"name":"L&rsquo;\u00e9ducation des filles en 2025 : Un enjeu mondial pour l&rsquo;\u00e9mancipation et le d\u00e9veloppement"}]},{"@type":"WebSite","@id":"https:\/\/bobea.net\/#website","url":"https:\/\/bobea.net\/","name":"Bobea","description":"Le magazine de la nouvelle \u00c8ve","publisher":{"@id":"https:\/\/bobea.net\/#organization"},"potentialAction":[{"@type":"SearchAction","target":{"@type":"EntryPoint","urlTemplate":"https:\/\/bobea.net\/?s={search_term_string}"},"query-input":{"@type":"PropertyValueSpecification","valueRequired":true,"valueName":"search_term_string"}}],"inLanguage":"fr-FR"},{"@type":"Organization","@id":"https:\/\/bobea.net\/#organization","name":"Bobea","url":"https:\/\/bobea.net\/","logo":{"@type":"ImageObject","inLanguage":"fr-FR","@id":"https:\/\/bobea.net\/#\/schema\/logo\/image\/","url":"https:\/\/bobea.net\/wp-content\/uploads\/2024\/06\/bobea.jpg","contentUrl":"https:\/\/bobea.net\/wp-content\/uploads\/2024\/06\/bobea.jpg","width":1080,"height":1080,"caption":"Bobea"},"image":{"@id":"https:\/\/bobea.net\/#\/schema\/logo\/image\/"},"sameAs":["https:\/\/web.facebook.com\/profile.php?id=61559252188416"]},{"@type":"Person","@id":"https:\/\/bobea.net\/#\/schema\/person\/e7f45ef187918d7c956bf619dce90ccf","name":"bobea.info","image":{"@type":"ImageObject","inLanguage":"fr-FR","@id":"https:\/\/bobea.net\/#\/schema\/person\/image\/","url":"https:\/\/secure.gravatar.com\/avatar\/36147980349df887ae30808df3e29474?s=96&d=mm&r=g","contentUrl":"https:\/\/secure.gravatar.com\/avatar\/36147980349df887ae30808df3e29474?s=96&d=mm&r=g","caption":"bobea.info"},"sameAs":["https:\/\/bobea.net"],"url":"https:\/\/bobea.net\/index.php\/author\/bobea-info\/"}]}},"_links":{"self":[{"href":"https:\/\/bobea.net\/index.php\/wp-json\/wp\/v2\/posts\/10612"}],"collection":[{"href":"https:\/\/bobea.net\/index.php\/wp-json\/wp\/v2\/posts"}],"about":[{"href":"https:\/\/bobea.net\/index.php\/wp-json\/wp\/v2\/types\/post"}],"author":[{"embeddable":true,"href":"https:\/\/bobea.net\/index.php\/wp-json\/wp\/v2\/users\/1"}],"replies":[{"embeddable":true,"href":"https:\/\/bobea.net\/index.php\/wp-json\/wp\/v2\/comments?post=10612"}],"version-history":[{"count":1,"href":"https:\/\/bobea.net\/index.php\/wp-json\/wp\/v2\/posts\/10612\/revisions"}],"predecessor-version":[{"id":10615,"href":"https:\/\/bobea.net\/index.php\/wp-json\/wp\/v2\/posts\/10612\/revisions\/10615"}],"wp:featuredmedia":[{"embeddable":true,"href":"https:\/\/bobea.net\/index.php\/wp-json\/wp\/v2\/media\/10613"}],"wp:attachment":[{"href":"https:\/\/bobea.net\/index.php\/wp-json\/wp\/v2\/media?parent=10612"}],"wp:term":[{"taxonomy":"category","embeddable":true,"href":"https:\/\/bobea.net\/index.php\/wp-json\/wp\/v2\/categories?post=10612"},{"taxonomy":"post_tag","embeddable":true,"href":"https:\/\/bobea.net\/index.php\/wp-json\/wp\/v2\/tags?post=10612"}],"curies":[{"name":"wp","href":"https:\/\/api.w.org\/{rel}","templated":true}]}}