{"id":10306,"date":"2025-02-27T14:00:06","date_gmt":"2025-02-27T14:00:06","guid":{"rendered":"https:\/\/bobea.net\/?p=10306"},"modified":"2025-02-27T14:00:07","modified_gmt":"2025-02-27T14:00:07","slug":"jane-birkin-licone-britannique-qui-a-conquis-la-france","status":"publish","type":"post","link":"https:\/\/bobea.net\/index.php\/2025\/02\/27\/jane-birkin-licone-britannique-qui-a-conquis-la-france\/","title":{"rendered":"Jane Birkin : l\u2019ic\u00f4ne britannique qui a conquis la France"},"content":{"rendered":"\n<p>Jane Birkin, d\u00e9c\u00e9d\u00e9e le 16 juil\u00adlet 2023 \u00e0 l\u2019\u00e2ge de 76 ans, restera \u00e0 jamais dans les m\u00e9moires comme une fig\u00adure embl\u00e9\u00adma\u00adtique de la cul\u00adture fran\u00e7aise, bien qu\u2019elle soit n\u00e9e \u00e0 Lon\u00addres. Son par\u00adcours unique illus\u00adtre la fusion par\u00adfaite entre le charme bri\u00adtan\u00adnique et l\u2019\u00e9l\u00e9\u00adgance fran\u00e7aise.<\/p>\n\n\n\n<p>Arriv\u00e9e en France \u00e0 la fin des ann\u00e9es 1960, Jane Birkin a rapi\u00adde\u00adment cap\u00adtiv\u00e9 le c\u0153ur des Fran\u00e7ais gr\u00e2ce \u00e0 sa col\u00adlab\u00ado\u00adra\u00adtion artis\u00adtique et per\u00adson\u00adnelle avec Serge Gains\u00adbourg. Leur duo mythique \u201cJe t\u2019aime\u2026 moi non plus\u201d a mar\u00adqu\u00e9 le d\u00e9but d\u2019une car\u00adri\u00e8re pro\u00adlifique et d\u2019une his\u00adtoire d\u2019amour avec la France qui dur\u00adera toute sa vie.<\/p>\n\n\n\n<p>Au-del\u00e0 de sa car\u00adri\u00e8re musi\u00adcale, Birkin s\u2019est impos\u00e9e comme une ic\u00f4ne de style. Son allure d\u00e9con\u00adtrac\u00adt\u00e9e, m\u00ealant sim\u00adplic\u00adit\u00e9 et sophis\u00adti\u00adca\u00adtion, a inspir\u00e9 des g\u00e9n\u00e9ra\u00adtions de femmes. Le c\u00e9l\u00e8bre sac Birkin d\u2019Her\u00adm\u00e8s, cr\u00e9\u00e9 en 1984 suite \u00e0 une ren\u00adcon\u00adtre for\u00adtu\u00adite avec le PDG de la mar\u00adque, est devenu un sym\u00adbole de luxe et d\u2019\u00e9l\u00e9\u00adgance \u00e0 la fran\u00e7aise.<\/p>\n\n\n\n<p>En tant qu\u2019ac\u00adtrice, Birkin a bril\u00adl\u00e9 dans le cin\u00e9\u00adma fran\u00e7ais, tra\u00advail\u00adlant avec des r\u00e9al\u00adisa\u00adteurs renom\u00adm\u00e9s comme Jacques Riv\u00adette et Agn\u00e8s Var\u00adda. Elle a su tran\u00adscen\u00adder son image de muse pour devenir une artiste accom\u00adplie \u00e0 part enti\u00e8re.<\/p>\n\n\n\n<figure class=\"wp-block-image size-full\"><img loading=\"lazy\" decoding=\"async\" width=\"980\" height=\"551\" src=\"https:\/\/bobea.net\/wp-content\/uploads\/2025\/02\/000_33P76QF.jpg\" alt class=\"wp-image-10308\" srcset=\"https:\/\/bobea.net\/wp-content\/uploads\/2025\/02\/000_33P76QF.jpg 980w, https:\/\/bobea.net\/wp-content\/uploads\/2025\/02\/000_33P76QF-300x169.jpg 300w, https:\/\/bobea.net\/wp-content\/uploads\/2025\/02\/000_33P76QF-768x432.jpg 768w\" sizes=\"(max-width: 980px) 100vw, 980px\"><\/figure>\n\n\n\n<p>L\u2019en\u00adgage\u00adment de Birkin pour divers\u00ades caus\u00ades human\u00adi\u00adtaires a ren\u00adfor\u00adc\u00e9 son statut d\u2019ic\u00f4ne bien-aim\u00e9e en France. Son sou\u00adtien aux r\u00e9fugi\u00e9s et son impli\u00adca\u00adtion dans la lutte con\u00adtre le sida ont mon\u00adtr\u00e9 une facette engag\u00e9e de sa per\u00adson\u00adnal\u00adit\u00e9.<\/p>\n\n\n\n<p>Mal\u00adgr\u00e9 son accent bri\u00adtan\u00adnique qu\u2019elle n\u2019a jamais per\u00addu, Jane Birkin est dev\u00adenue un sym\u00adbole de la cul\u00adture fran\u00e7aise, incar\u00adnant une forme d\u2019\u00e9l\u00e9\u00adgance et de lib\u00adert\u00e9 typ\u00adique\u00adment parisi\u00adenne. Son h\u00e9ritage con\u00adtin\u00adue d\u2019in\u00adflu\u00adencer la mode, la musique et le cin\u00e9\u00adma, faisant d\u2019elle une fig\u00adure intem\u00adporelle de la cul\u00adture fran\u00e7aise<\/p>\n","protected":false},"excerpt":{"rendered":"<p>Jane Birkin, d\u00e9c\u00e9d\u00e9e le 16 juil\u00adlet 2023 \u00e0 l\u2019\u00e2ge de 76 ans, restera \u00e0 jamais dans les m\u00e9moires comme une fig\u00adure embl\u00e9\u00adma\u00adtique de la cul\u00adture fran\u00e7aise, bien qu\u2019elle soit n\u00e9e\u2026 <\/p>\n","protected":false},"author":1,"featured_media":10307,"comment_status":"open","ping_status":"open","sticky":false,"template":"","format":"standard","meta":{"wp_typography_post_enhancements_disabled":false,"footnotes":""},"categories":[83,56],"tags":[],"class_list":["post-10306","post","type-post","status-publish","format-standard","has-post-thumbnail","hentry","category-dreams-people","category-passions"],"yoast_head":"<!-- This site is optimized with the Yoast SEO plugin v24.7 - https:\/\/yoast.com\/wordpress\/plugins\/seo\/ -->\n<title>Jane Birkin : l&#039;ic\u00f4ne britannique qui a conquis la France - Bobea<\/title>\n<meta name=\"description\" content=\"Jane Birkin, d\u00e9c\u00e9d\u00e9e le 16 juillet 2023 \u00e0 l&#039;\u00e2ge de 76 ans, restera \u00e0 jamais dans les m\u00e9moires comme une figure embl\u00e9matique\" \/>\n<meta name=\"robots\" content=\"index, follow, max-snippet:-1, max-image-preview:large, max-video-preview:-1\" \/>\n<link rel=\"canonical\" href=\"https:\/\/bobea.net\/index.php\/2025\/02\/27\/jane-birkin-licone-britannique-qui-a-conquis-la-france\/\" \/>\n<meta property=\"og:locale\" content=\"fr_FR\" \/>\n<meta property=\"og:type\" content=\"article\" \/>\n<meta property=\"og:title\" content=\"Jane Birkin : l&#039;ic\u00f4ne britannique qui a conquis la France - Bobea\" \/>\n<meta property=\"og:description\" content=\"Jane Birkin, d\u00e9c\u00e9d\u00e9e le 16 juillet 2023 \u00e0 l&#039;\u00e2ge de 76 ans, restera \u00e0 jamais dans les m\u00e9moires comme une figure embl\u00e9matique\" \/>\n<meta property=\"og:url\" content=\"https:\/\/bobea.net\/index.php\/2025\/02\/27\/jane-birkin-licone-britannique-qui-a-conquis-la-france\/\" \/>\n<meta property=\"og:site_name\" content=\"Bobea\" \/>\n<meta property=\"article:publisher\" content=\"https:\/\/web.facebook.com\/profile.php?id=61559252188416\" \/>\n<meta property=\"article:published_time\" content=\"2025-02-27T14:00:06+00:00\" \/>\n<meta property=\"article:modified_time\" content=\"2025-02-27T14:00:07+00:00\" \/>\n<meta property=\"og:image\" content=\"https:\/\/bobea.net\/wp-content\/uploads\/2025\/02\/000_33P36K2.jpg\" \/>\n\t<meta property=\"og:image:width\" content=\"1280\" \/>\n\t<meta property=\"og:image:height\" content=\"720\" \/>\n\t<meta property=\"og:image:type\" content=\"image\/jpeg\" \/>\n<meta name=\"author\" content=\"bobea.info\" \/>\n<meta name=\"twitter:card\" content=\"summary_large_image\" \/>\n<meta name=\"twitter:label1\" content=\"\u00c9crit par\" \/>\n\t<meta name=\"twitter:data1\" content=\"bobea.info\" \/>\n\t<meta name=\"twitter:label2\" content=\"Dur\u00e9e de lecture estim\u00e9e\" \/>\n\t<meta name=\"twitter:data2\" content=\"2 minutes\" \/>\n<script type=\"application\/ld+json\" class=\"yoast-schema-graph\">{\"@context\":\"https:\/\/schema.org\",\"@graph\":[{\"@type\":\"Article\",\"@id\":\"https:\/\/bobea.net\/index.php\/2025\/02\/27\/jane-birkin-licone-britannique-qui-a-conquis-la-france\/#article\",\"isPartOf\":{\"@id\":\"https:\/\/bobea.net\/index.php\/2025\/02\/27\/jane-birkin-licone-britannique-qui-a-conquis-la-france\/\"},\"author\":{\"name\":\"bobea.info\",\"@id\":\"https:\/\/bobea.net\/#\/schema\/person\/e7f45ef187918d7c956bf619dce90ccf\"},\"headline\":\"Jane Birkin : l\u2019ic\u00f4ne britannique qui a conquis la France\",\"datePublished\":\"2025-02-27T14:00:06+00:00\",\"dateModified\":\"2025-02-27T14:00:07+00:00\",\"mainEntityOfPage\":{\"@id\":\"https:\/\/bobea.net\/index.php\/2025\/02\/27\/jane-birkin-licone-britannique-qui-a-conquis-la-france\/\"},\"wordCount\":338,\"commentCount\":0,\"publisher\":{\"@id\":\"https:\/\/bobea.net\/#organization\"},\"image\":{\"@id\":\"https:\/\/bobea.net\/index.php\/2025\/02\/27\/jane-birkin-licone-britannique-qui-a-conquis-la-france\/#primaryimage\"},\"thumbnailUrl\":\"https:\/\/bobea.net\/wp-content\/uploads\/2025\/02\/000_33P36K2.jpg\",\"articleSection\":[\"Dreams People\",\"Passions\"],\"inLanguage\":\"fr-FR\",\"potentialAction\":[{\"@type\":\"CommentAction\",\"name\":\"Comment\",\"target\":[\"https:\/\/bobea.net\/index.php\/2025\/02\/27\/jane-birkin-licone-britannique-qui-a-conquis-la-france\/#respond\"]}]},{\"@type\":\"WebPage\",\"@id\":\"https:\/\/bobea.net\/index.php\/2025\/02\/27\/jane-birkin-licone-britannique-qui-a-conquis-la-france\/\",\"url\":\"https:\/\/bobea.net\/index.php\/2025\/02\/27\/jane-birkin-licone-britannique-qui-a-conquis-la-france\/\",\"name\":\"Jane Birkin : l'ic\u00f4ne britannique qui a conquis la France - Bobea\",\"isPartOf\":{\"@id\":\"https:\/\/bobea.net\/#website\"},\"primaryImageOfPage\":{\"@id\":\"https:\/\/bobea.net\/index.php\/2025\/02\/27\/jane-birkin-licone-britannique-qui-a-conquis-la-france\/#primaryimage\"},\"image\":{\"@id\":\"https:\/\/bobea.net\/index.php\/2025\/02\/27\/jane-birkin-licone-britannique-qui-a-conquis-la-france\/#primaryimage\"},\"thumbnailUrl\":\"https:\/\/bobea.net\/wp-content\/uploads\/2025\/02\/000_33P36K2.jpg\",\"datePublished\":\"2025-02-27T14:00:06+00:00\",\"dateModified\":\"2025-02-27T14:00:07+00:00\",\"description\":\"Jane Birkin, d\u00e9c\u00e9d\u00e9e le 16 juillet 2023 \u00e0 l'\u00e2ge de 76 ans, restera \u00e0 jamais dans les m\u00e9moires comme une figure embl\u00e9matique\",\"breadcrumb\":{\"@id\":\"https:\/\/bobea.net\/index.php\/2025\/02\/27\/jane-birkin-licone-britannique-qui-a-conquis-la-france\/#breadcrumb\"},\"inLanguage\":\"fr-FR\",\"potentialAction\":[{\"@type\":\"ReadAction\",\"target\":[\"https:\/\/bobea.net\/index.php\/2025\/02\/27\/jane-birkin-licone-britannique-qui-a-conquis-la-france\/\"]}]},{\"@type\":\"ImageObject\",\"inLanguage\":\"fr-FR\",\"@id\":\"https:\/\/bobea.net\/index.php\/2025\/02\/27\/jane-birkin-licone-britannique-qui-a-conquis-la-france\/#primaryimage\",\"url\":\"https:\/\/bobea.net\/wp-content\/uploads\/2025\/02\/000_33P36K2.jpg\",\"contentUrl\":\"https:\/\/bobea.net\/wp-content\/uploads\/2025\/02\/000_33P36K2.jpg\",\"width\":1280,\"height\":720},{\"@type\":\"BreadcrumbList\",\"@id\":\"https:\/\/bobea.net\/index.php\/2025\/02\/27\/jane-birkin-licone-britannique-qui-a-conquis-la-france\/#breadcrumb\",\"itemListElement\":[{\"@type\":\"ListItem\",\"position\":1,\"name\":\"Accueil\",\"item\":\"https:\/\/bobea.net\/\"},{\"@type\":\"ListItem\",\"position\":2,\"name\":\"Jane Birkin : l&rsquo;ic\u00f4ne britannique qui a conquis la France\"}]},{\"@type\":\"WebSite\",\"@id\":\"https:\/\/bobea.net\/#website\",\"url\":\"https:\/\/bobea.net\/\",\"name\":\"Bobea\",\"description\":\"Le magazine de la nouvelle \u00c8ve\",\"publisher\":{\"@id\":\"https:\/\/bobea.net\/#organization\"},\"potentialAction\":[{\"@type\":\"SearchAction\",\"target\":{\"@type\":\"EntryPoint\",\"urlTemplate\":\"https:\/\/bobea.net\/?s={search_term_string}\"},\"query-input\":{\"@type\":\"PropertyValueSpecification\",\"valueRequired\":true,\"valueName\":\"search_term_string\"}}],\"inLanguage\":\"fr-FR\"},{\"@type\":\"Organization\",\"@id\":\"https:\/\/bobea.net\/#organization\",\"name\":\"Bobea\",\"url\":\"https:\/\/bobea.net\/\",\"logo\":{\"@type\":\"ImageObject\",\"inLanguage\":\"fr-FR\",\"@id\":\"https:\/\/bobea.net\/#\/schema\/logo\/image\/\",\"url\":\"https:\/\/bobea.net\/wp-content\/uploads\/2024\/06\/bobea.jpg\",\"contentUrl\":\"https:\/\/bobea.net\/wp-content\/uploads\/2024\/06\/bobea.jpg\",\"width\":1080,\"height\":1080,\"caption\":\"Bobea\"},\"image\":{\"@id\":\"https:\/\/bobea.net\/#\/schema\/logo\/image\/\"},\"sameAs\":[\"https:\/\/web.facebook.com\/profile.php?id=61559252188416\"]},{\"@type\":\"Person\",\"@id\":\"https:\/\/bobea.net\/#\/schema\/person\/e7f45ef187918d7c956bf619dce90ccf\",\"name\":\"bobea.info\",\"image\":{\"@type\":\"ImageObject\",\"inLanguage\":\"fr-FR\",\"@id\":\"https:\/\/bobea.net\/#\/schema\/person\/image\/\",\"url\":\"https:\/\/secure.gravatar.com\/avatar\/36147980349df887ae30808df3e29474?s=96&d=mm&r=g\",\"contentUrl\":\"https:\/\/secure.gravatar.com\/avatar\/36147980349df887ae30808df3e29474?s=96&d=mm&r=g\",\"caption\":\"bobea.info\"},\"sameAs\":[\"https:\/\/bobea.net\"],\"url\":\"https:\/\/bobea.net\/index.php\/author\/bobea-info\/\"}]}<\/script>\n<!-- \/ Yoast SEO plugin. -->","yoast_head_json":{"title":"Jane Birkin : l'ic\u00f4ne britannique qui a conquis la France - Bobea","description":"Jane Birkin, d\u00e9c\u00e9d\u00e9e le 16 juillet 2023 \u00e0 l'\u00e2ge de 76 ans, restera \u00e0 jamais dans les m\u00e9moires comme une figure embl\u00e9matique","robots":{"index":"index","follow":"follow","max-snippet":"max-snippet:-1","max-image-preview":"max-image-preview:large","max-video-preview":"max-video-preview:-1"},"canonical":"https:\/\/bobea.net\/index.php\/2025\/02\/27\/jane-birkin-licone-britannique-qui-a-conquis-la-france\/","og_locale":"fr_FR","og_type":"article","og_title":"Jane Birkin : l'ic\u00f4ne britannique qui a conquis la France - Bobea","og_description":"Jane Birkin, d\u00e9c\u00e9d\u00e9e le 16 juillet 2023 \u00e0 l'\u00e2ge de 76 ans, restera \u00e0 jamais dans les m\u00e9moires comme une figure embl\u00e9matique","og_url":"https:\/\/bobea.net\/index.php\/2025\/02\/27\/jane-birkin-licone-britannique-qui-a-conquis-la-france\/","og_site_name":"Bobea","article_publisher":"https:\/\/web.facebook.com\/profile.php?id=61559252188416","article_published_time":"2025-02-27T14:00:06+00:00","article_modified_time":"2025-02-27T14:00:07+00:00","og_image":[{"width":1280,"height":720,"url":"https:\/\/bobea.net\/wp-content\/uploads\/2025\/02\/000_33P36K2.jpg","type":"image\/jpeg"}],"author":"bobea.info","twitter_card":"summary_large_image","twitter_misc":{"\u00c9crit par":"bobea.info","Dur\u00e9e de lecture estim\u00e9e":"2 minutes"},"schema":{"@context":"https:\/\/schema.org","@graph":[{"@type":"Article","@id":"https:\/\/bobea.net\/index.php\/2025\/02\/27\/jane-birkin-licone-britannique-qui-a-conquis-la-france\/#article","isPartOf":{"@id":"https:\/\/bobea.net\/index.php\/2025\/02\/27\/jane-birkin-licone-britannique-qui-a-conquis-la-france\/"},"author":{"name":"bobea.info","@id":"https:\/\/bobea.net\/#\/schema\/person\/e7f45ef187918d7c956bf619dce90ccf"},"headline":"Jane Birkin : l\u2019ic\u00f4ne britannique qui a conquis la France","datePublished":"2025-02-27T14:00:06+00:00","dateModified":"2025-02-27T14:00:07+00:00","mainEntityOfPage":{"@id":"https:\/\/bobea.net\/index.php\/2025\/02\/27\/jane-birkin-licone-britannique-qui-a-conquis-la-france\/"},"wordCount":338,"commentCount":0,"publisher":{"@id":"https:\/\/bobea.net\/#organization"},"image":{"@id":"https:\/\/bobea.net\/index.php\/2025\/02\/27\/jane-birkin-licone-britannique-qui-a-conquis-la-france\/#primaryimage"},"thumbnailUrl":"https:\/\/bobea.net\/wp-content\/uploads\/2025\/02\/000_33P36K2.jpg","articleSection":["Dreams People","Passions"],"inLanguage":"fr-FR","potentialAction":[{"@type":"CommentAction","name":"Comment","target":["https:\/\/bobea.net\/index.php\/2025\/02\/27\/jane-birkin-licone-britannique-qui-a-conquis-la-france\/#respond"]}]},{"@type":"WebPage","@id":"https:\/\/bobea.net\/index.php\/2025\/02\/27\/jane-birkin-licone-britannique-qui-a-conquis-la-france\/","url":"https:\/\/bobea.net\/index.php\/2025\/02\/27\/jane-birkin-licone-britannique-qui-a-conquis-la-france\/","name":"Jane Birkin : l'ic\u00f4ne britannique qui a conquis la France - Bobea","isPartOf":{"@id":"https:\/\/bobea.net\/#website"},"primaryImageOfPage":{"@id":"https:\/\/bobea.net\/index.php\/2025\/02\/27\/jane-birkin-licone-britannique-qui-a-conquis-la-france\/#primaryimage"},"image":{"@id":"https:\/\/bobea.net\/index.php\/2025\/02\/27\/jane-birkin-licone-britannique-qui-a-conquis-la-france\/#primaryimage"},"thumbnailUrl":"https:\/\/bobea.net\/wp-content\/uploads\/2025\/02\/000_33P36K2.jpg","datePublished":"2025-02-27T14:00:06+00:00","dateModified":"2025-02-27T14:00:07+00:00","description":"Jane Birkin, d\u00e9c\u00e9d\u00e9e le 16 juillet 2023 \u00e0 l'\u00e2ge de 76 ans, restera \u00e0 jamais dans les m\u00e9moires comme une figure embl\u00e9matique","breadcrumb":{"@id":"https:\/\/bobea.net\/index.php\/2025\/02\/27\/jane-birkin-licone-britannique-qui-a-conquis-la-france\/#breadcrumb"},"inLanguage":"fr-FR","potentialAction":[{"@type":"ReadAction","target":["https:\/\/bobea.net\/index.php\/2025\/02\/27\/jane-birkin-licone-britannique-qui-a-conquis-la-france\/"]}]},{"@type":"ImageObject","inLanguage":"fr-FR","@id":"https:\/\/bobea.net\/index.php\/2025\/02\/27\/jane-birkin-licone-britannique-qui-a-conquis-la-france\/#primaryimage","url":"https:\/\/bobea.net\/wp-content\/uploads\/2025\/02\/000_33P36K2.jpg","contentUrl":"https:\/\/bobea.net\/wp-content\/uploads\/2025\/02\/000_33P36K2.jpg","width":1280,"height":720},{"@type":"BreadcrumbList","@id":"https:\/\/bobea.net\/index.php\/2025\/02\/27\/jane-birkin-licone-britannique-qui-a-conquis-la-france\/#breadcrumb","itemListElement":[{"@type":"ListItem","position":1,"name":"Accueil","item":"https:\/\/bobea.net\/"},{"@type":"ListItem","position":2,"name":"Jane Birkin : l&rsquo;ic\u00f4ne britannique qui a conquis la France"}]},{"@type":"WebSite","@id":"https:\/\/bobea.net\/#website","url":"https:\/\/bobea.net\/","name":"Bobea","description":"Le magazine de la nouvelle \u00c8ve","publisher":{"@id":"https:\/\/bobea.net\/#organization"},"potentialAction":[{"@type":"SearchAction","target":{"@type":"EntryPoint","urlTemplate":"https:\/\/bobea.net\/?s={search_term_string}"},"query-input":{"@type":"PropertyValueSpecification","valueRequired":true,"valueName":"search_term_string"}}],"inLanguage":"fr-FR"},{"@type":"Organization","@id":"https:\/\/bobea.net\/#organization","name":"Bobea","url":"https:\/\/bobea.net\/","logo":{"@type":"ImageObject","inLanguage":"fr-FR","@id":"https:\/\/bobea.net\/#\/schema\/logo\/image\/","url":"https:\/\/bobea.net\/wp-content\/uploads\/2024\/06\/bobea.jpg","contentUrl":"https:\/\/bobea.net\/wp-content\/uploads\/2024\/06\/bobea.jpg","width":1080,"height":1080,"caption":"Bobea"},"image":{"@id":"https:\/\/bobea.net\/#\/schema\/logo\/image\/"},"sameAs":["https:\/\/web.facebook.com\/profile.php?id=61559252188416"]},{"@type":"Person","@id":"https:\/\/bobea.net\/#\/schema\/person\/e7f45ef187918d7c956bf619dce90ccf","name":"bobea.info","image":{"@type":"ImageObject","inLanguage":"fr-FR","@id":"https:\/\/bobea.net\/#\/schema\/person\/image\/","url":"https:\/\/secure.gravatar.com\/avatar\/36147980349df887ae30808df3e29474?s=96&d=mm&r=g","contentUrl":"https:\/\/secure.gravatar.com\/avatar\/36147980349df887ae30808df3e29474?s=96&d=mm&r=g","caption":"bobea.info"},"sameAs":["https:\/\/bobea.net"],"url":"https:\/\/bobea.net\/index.php\/author\/bobea-info\/"}]}},"_links":{"self":[{"href":"https:\/\/bobea.net\/index.php\/wp-json\/wp\/v2\/posts\/10306"}],"collection":[{"href":"https:\/\/bobea.net\/index.php\/wp-json\/wp\/v2\/posts"}],"about":[{"href":"https:\/\/bobea.net\/index.php\/wp-json\/wp\/v2\/types\/post"}],"author":[{"embeddable":true,"href":"https:\/\/bobea.net\/index.php\/wp-json\/wp\/v2\/users\/1"}],"replies":[{"embeddable":true,"href":"https:\/\/bobea.net\/index.php\/wp-json\/wp\/v2\/comments?post=10306"}],"version-history":[{"count":1,"href":"https:\/\/bobea.net\/index.php\/wp-json\/wp\/v2\/posts\/10306\/revisions"}],"predecessor-version":[{"id":10309,"href":"https:\/\/bobea.net\/index.php\/wp-json\/wp\/v2\/posts\/10306\/revisions\/10309"}],"wp:featuredmedia":[{"embeddable":true,"href":"https:\/\/bobea.net\/index.php\/wp-json\/wp\/v2\/media\/10307"}],"wp:attachment":[{"href":"https:\/\/bobea.net\/index.php\/wp-json\/wp\/v2\/media?parent=10306"}],"wp:term":[{"taxonomy":"category","embeddable":true,"href":"https:\/\/bobea.net\/index.php\/wp-json\/wp\/v2\/categories?post=10306"},{"taxonomy":"post_tag","embeddable":true,"href":"https:\/\/bobea.net\/index.php\/wp-json\/wp\/v2\/tags?post=10306"}],"curies":[{"name":"wp","href":"https:\/\/api.w.org\/{rel}","templated":true}]}}