{"id":10119,"date":"2025-02-25T14:26:12","date_gmt":"2025-02-25T14:26:12","guid":{"rendered":"https:\/\/bobea.net\/?p=10119"},"modified":"2025-02-25T14:26:13","modified_gmt":"2025-02-25T14:26:13","slug":"lancement-de-linstitut-national-devaluation-de-lia-en-france","status":"publish","type":"post","link":"https:\/\/bobea.net\/index.php\/2025\/02\/25\/lancement-de-linstitut-national-devaluation-de-lia-en-france\/","title":{"rendered":"Lancement de l\u2019Institut national d\u2019\u00e9valuation de l\u2019IA en France"},"content":{"rendered":"\n<p>Le 20 f\u00e9vri\u00ader 2025 mar\u00adque une \u00e9tape cru\u00adciale dans le d\u00e9veloppe\u00adment et la r\u00e9gu\u00adla\u00adtion de l\u2019in\u00adtel\u00adli\u00adgence arti\u00adfi\u00adcielle en France avec la cr\u00e9a\u00adtion de l\u2019In\u00adsti\u00adtut Nation\u00adal pour l\u2019\u00c9\u00adval\u00adu\u00ada\u00adtion et la S\u00e9cu\u00adrit\u00e9 de l\u2019In\u00adtel\u00adli\u00adgence Arti\u00adfi\u00adcielle (INESIA).<\/p>\n\n\n\n<p>Cette ini\u00adtia\u00adtive gou\u00adverne\u00admen\u00adtale vise \u00e0 \u00e9tablir un cadre robuste pour l\u2019\u00e9\u00adval\u00adu\u00ada\u00adtion, la cer\u00adti\u00adfi\u00adca\u00adtion et la sur\u00adveil\u00adlance des sys\u00adt\u00e8mes d\u2019IA d\u00e9ploy\u00e9s sur le ter\u00adri\u00adtoire nation\u00adal.<\/p>\n\n\n\n<p>Mis\u00adsions prin\u00adci\u00adpales de l\u2019I\u00adNE\u00adSIA :<\/p>\n\n\n\n<ol start=\"1\" class=\"wp-block-list\">\n<li>\u00c9val\u00adu\u00ada\u00adtion des sys\u00adt\u00e8mes d\u2019IA :<\/li>\n<\/ol>\n\n\n\n<ol start=\"1\" class=\"wp-block-list\">\n<li>D\u00e9veloppe\u00adment de m\u00e9thodolo\u00adgies stan\u00addard\u00adis\u00ad\u00e9es pour tester la fia\u00adbil\u00adit\u00e9 et la s\u00e9cu\u00adrit\u00e9 des IA<\/li>\n\n\n\n<li>Cer\u00adti\u00adfi\u00adca\u00adtion des sys\u00adt\u00e8mes d\u2019IA util\u00adis\u00e9s dans des secteurs cri\u00adtiques (san\u00adt\u00e9, trans\u00adport, d\u00e9fense)<\/li>\n<\/ol>\n\n\n\n<ol start=\"2\" class=\"wp-block-list\">\n<li>Recherche en s\u00e9cu\u00adrit\u00e9 de l\u2019IA :<\/li>\n<\/ol>\n\n\n\n<ol start=\"2\" class=\"wp-block-list\">\n<li>Finance\u00adment de pro\u00adjets de recherche sur la robustesse et la s\u00fbret\u00e9 des algo\u00adrithmes<\/li>\n\n\n\n<li>Col\u00adlab\u00ado\u00adra\u00adtion avec des uni\u00adver\u00adsit\u00e9s et des lab\u00ado\u00adra\u00adtoires inter\u00adna\u00adtionaux<\/li>\n<\/ol>\n\n\n\n<ol start=\"3\" class=\"wp-block-list\">\n<li>Veille tech\u00adnologique :<\/li>\n<\/ol>\n\n\n\n<ol start=\"3\" class=\"wp-block-list\">\n<li>Suivi des avanc\u00e9es mon\u00addi\u00adales en mati\u00e8re d\u2019IA et antic\u00adi\u00adpa\u00adtion des risques poten\u00adtiels<\/li>\n\n\n\n<li>Pub\u00adli\u00adca\u00adtion de rap\u00adports trimestriels sur l\u2019\u00e9\u00adtat de l\u2019art en s\u00e9cu\u00adrit\u00e9 de l\u2019IA<\/li>\n<\/ol>\n\n\n\n<ol start=\"4\" class=\"wp-block-list\">\n<li>For\u00adma\u00adtion et sen\u00adsi\u00adbil\u00adi\u00adsa\u00adtion :<\/li>\n<\/ol>\n\n\n\n<ol start=\"4\" class=\"wp-block-list\">\n<li>Pro\u00adgrammes de for\u00adma\u00adtion pour les pro\u00adfes\u00adsion\u00adnels de l\u2019IA sur les enjeux de s\u00e9cu\u00adrit\u00e9<\/li>\n\n\n\n<li>Cam\u00adpagnes de sen\u00adsi\u00adbil\u00adi\u00adsa\u00adtion du grand pub\u00adlic aux impli\u00adca\u00adtions de l\u2019IA dans la vie quo\u00adti\u00addi\u00adenne<\/li>\n<\/ol>\n\n\n\n<ol start=\"5\" class=\"wp-block-list\">\n<li>Con\u00adseil aux pou\u00advoirs publics :<\/li>\n<\/ol>\n\n\n\n<ol start=\"5\" class=\"wp-block-list\">\n<li>Recom\u00adman\u00adda\u00adtions pour l\u2019adap\u00adta\u00adtion du cadre l\u00e9gal et r\u00e9gle\u00admen\u00adtaire<\/li>\n\n\n\n<li>Par\u00adtic\u00adi\u00adpa\u00adtion \u00e0 l\u2019\u00e9lab\u00ado\u00adra\u00adtion de normes inter\u00adna\u00adtionales en mati\u00e8re d\u2019IA<\/li>\n<\/ol>\n\n\n\n<p>Struc\u00adture et gou\u00adver\u00adnance :<\/p>\n\n\n\n<p>L\u2019INESIA est plac\u00e9 sous la tutelle con\u00adjointe du Min\u00adist\u00e8re de l\u2019\u00c9\u00adconomie et du Min\u00adist\u00e8re de l\u2019En\u00adseigne\u00adment Sup\u00e9rieur et de la Recherche. Sa direc\u00adtion est assur\u00e9e par le Pr. Sophie Durand, experte recon\u00adnue en cyber\u00ads\u00e9cu\u00adrit\u00e9 et en \u00e9thique de l\u2019IA.<\/p>\n\n\n\n<p>Le con\u00adseil d\u2019ad\u00admin\u00adis\u00adtra\u00adtion de l\u2019in\u00adsti\u00adtut inclut des repr\u00e9sen\u00adtants du gou\u00adverne\u00adment, du monde acad\u00e9mique, de l\u2019in\u00addus\u00adtrie et de la soci\u00e9t\u00e9 civile, garan\u00adtis\u00adsant une approche pluridis\u00adci\u00adplinaire et \u00e9quili\u00adbr\u00e9e.<\/p>\n\n\n\n<p>Impacts atten\u00addus :<\/p>\n\n\n\n<ul class=\"wp-block-list\">\n<li>Ren\u00adforce\u00adment de la con\u00adfi\u00adance du pub\u00adlic dans les tech\u00adnolo\u00adgies d\u2019IA<\/li>\n\n\n\n<li>Am\u00e9lio\u00adra\u00adtion de la com\u00adp\u00e9ti\u00adtiv\u00adit\u00e9 des entre\u00adpris\u00ades fran\u00e7ais\u00ades d\u2019IA sur le march\u00e9 inter\u00adna\u00adtion\u00adal<\/li>\n\n\n\n<li>Posi\u00adtion\u00adnement de la France comme leader europ\u00e9en en mati\u00e8re de r\u00e9gu\u00adla\u00adtion de l\u2019IA<\/li>\n<\/ul>\n\n\n\n<figure class=\"wp-block-image size-full is-resized\"><img loading=\"lazy\" decoding=\"async\" width=\"635\" height=\"397\" src=\"https:\/\/bobea.net\/wp-content\/uploads\/2025\/02\/La-France-a-cr-un-institut-pour-encadrer-le-d-9686636.jpeg\" alt class=\"wp-image-10121\" style=\"width:840px;height:auto\" srcset=\"https:\/\/bobea.net\/wp-content\/uploads\/2025\/02\/La-France-a-cr-un-institut-pour-encadrer-le-d-9686636.jpeg 635w, https:\/\/bobea.net\/wp-content\/uploads\/2025\/02\/La-France-a-cr-un-institut-pour-encadrer-le-d-9686636-300x188.jpeg 300w\" sizes=\"(max-width: 635px) 100vw, 635px\"><\/figure>\n\n\n\n<p>D\u00e9fis \u00e0 relever :<\/p>\n\n\n\n<ul class=\"wp-block-list\">\n<li>Adap\u00adta\u00adtion rapi\u00adde aux \u00e9vo\u00adlu\u00adtions tech\u00adnologiques dans le domaine de l\u2019IA<\/li>\n\n\n\n<li>\u00c9quili\u00adbre entre inno\u00adva\u00adtion et r\u00e9gu\u00adla\u00adtion<\/li>\n\n\n\n<li>Har\u00admon\u00adi\u00adsa\u00adtion des stan\u00addards fran\u00e7ais avec les normes inter\u00adna\u00adtionales \u00e9mer\u00adgentes<\/li>\n<\/ul>\n\n\n\n<p>Le Pr. Sophie Durand d\u00e9clare : \u201cL\u2019INESIA jouera un r\u00f4le cru\u00adcial dans la con\u00adstruc\u00adtion d\u2019un \u00e9cosys\u00adt\u00e8me d\u2019IA s\u00fbr et \u00e9thique en France. Notre objec\u00adtif est de pro\u00admou\u00advoir une inno\u00adva\u00adtion respon\u00ads\u00adable qui respecte les valeurs fon\u00adda\u00admen\u00adtales de notre soci\u00e9t\u00e9.\u201d<\/p>\n\n\n\n<p>La cr\u00e9a\u00adtion de l\u2019I\u00adNE\u00adSIA s\u2019in\u00adscrit dans la strat\u00e9gie glob\u00adale de la France pour devenir un acteur majeur de l\u2019IA au niveau mon\u00addi\u00adal, tout en garan\u00adtis\u00adsant une approche \u00e9thique et cen\u00adtr\u00e9e sur l\u2019hu\u00admain. Cet insti\u00adtut pio\u00adnnier pour\u00adrait servir de mod\u00ad\u00e8le pour d\u2019autres pays cher\u00adchant \u00e0 encadr\u00ader le d\u00e9veloppe\u00adment de l\u2019IA.<\/p>\n","protected":false},"excerpt":{"rendered":"<p>Le 20 f\u00e9vri\u00ader 2025 mar\u00adque une \u00e9tape cru\u00adciale dans le d\u00e9veloppe\u00adment et la r\u00e9gu\u00adla\u00adtion de l\u2019in\u00adtel\u00adli\u00adgence arti\u00adfi\u00adcielle en France avec la cr\u00e9a\u00adtion de l\u2019In\u00adsti\u00adtut Nation\u00adal pour l\u2019\u00c9\u00adval\u00adu\u00ada\u00adtion et la S\u00e9cu\u00adrit\u00e9\u2026 <\/p>\n","protected":false},"author":1,"featured_media":10120,"comment_status":"open","ping_status":"open","sticky":false,"template":"","format":"standard","meta":{"wp_typography_post_enhancements_disabled":false,"footnotes":""},"categories":[73],"tags":[],"class_list":["post-10119","post","type-post","status-publish","format-standard","has-post-thumbnail","hentry","category-on-en-parle"],"yoast_head":"<!-- This site is optimized with the Yoast SEO plugin v24.7 - https:\/\/yoast.com\/wordpress\/plugins\/seo\/ -->\n<title>Lancement de l&#039;Institut national d&#039;\u00e9valuation de l&#039;IA en France - Bobea<\/title>\n<meta name=\"robots\" content=\"index, follow, max-snippet:-1, max-image-preview:large, max-video-preview:-1\" \/>\n<link rel=\"canonical\" href=\"https:\/\/bobea.net\/index.php\/2025\/02\/25\/lancement-de-linstitut-national-devaluation-de-lia-en-france\/\" \/>\n<meta property=\"og:locale\" content=\"fr_FR\" \/>\n<meta property=\"og:type\" content=\"article\" \/>\n<meta property=\"og:title\" content=\"Lancement de l&#039;Institut national d&#039;\u00e9valuation de l&#039;IA en France - Bobea\" \/>\n<meta property=\"og:description\" content=\"Le 20 f\u00e9vri\u00ader 2025 mar\u00adque une \u00e9tape cru\u00adciale dans le d\u00e9veloppe\u00adment et la r\u00e9gu\u00adla\u00adtion de l\u2019in\u00adtel\u00adli\u00adgence arti\u00adfi\u00adcielle en France avec la cr\u00e9a\u00adtion de l\u2019In\u00adsti\u00adtut Nation\u00adal pour l\u2019\u00c9\u00adval\u00adu\u00ada\u00adtion et la S\u00e9cu\u00adrit\u00e9&hellip;\" \/>\n<meta property=\"og:url\" content=\"https:\/\/bobea.net\/index.php\/2025\/02\/25\/lancement-de-linstitut-national-devaluation-de-lia-en-france\/\" \/>\n<meta property=\"og:site_name\" content=\"Bobea\" \/>\n<meta property=\"article:publisher\" content=\"https:\/\/web.facebook.com\/profile.php?id=61559252188416\" \/>\n<meta property=\"article:published_time\" content=\"2025-02-25T14:26:12+00:00\" \/>\n<meta property=\"article:modified_time\" content=\"2025-02-25T14:26:13+00:00\" \/>\n<meta property=\"og:image\" content=\"https:\/\/bobea.net\/wp-content\/uploads\/2025\/02\/Chercheuse_inteligence_artificielle.jpg\" \/>\n\t<meta property=\"og:image:width\" content=\"400\" \/>\n\t<meta property=\"og:image:height\" content=\"267\" \/>\n\t<meta property=\"og:image:type\" content=\"image\/jpeg\" \/>\n<meta name=\"author\" content=\"bobea.info\" \/>\n<meta name=\"twitter:card\" content=\"summary_large_image\" \/>\n<meta name=\"twitter:label1\" content=\"\u00c9crit par\" \/>\n\t<meta name=\"twitter:data1\" content=\"bobea.info\" \/>\n\t<meta name=\"twitter:label2\" content=\"Dur\u00e9e de lecture estim\u00e9e\" \/>\n\t<meta name=\"twitter:data2\" content=\"3 minutes\" \/>\n<script type=\"application\/ld+json\" class=\"yoast-schema-graph\">{\"@context\":\"https:\/\/schema.org\",\"@graph\":[{\"@type\":\"Article\",\"@id\":\"https:\/\/bobea.net\/index.php\/2025\/02\/25\/lancement-de-linstitut-national-devaluation-de-lia-en-france\/#article\",\"isPartOf\":{\"@id\":\"https:\/\/bobea.net\/index.php\/2025\/02\/25\/lancement-de-linstitut-national-devaluation-de-lia-en-france\/\"},\"author\":{\"name\":\"bobea.info\",\"@id\":\"https:\/\/bobea.net\/#\/schema\/person\/e7f45ef187918d7c956bf619dce90ccf\"},\"headline\":\"Lancement de l\u2019Institut national d\u2019\u00e9valuation de l\u2019IA en France\",\"datePublished\":\"2025-02-25T14:26:12+00:00\",\"dateModified\":\"2025-02-25T14:26:13+00:00\",\"mainEntityOfPage\":{\"@id\":\"https:\/\/bobea.net\/index.php\/2025\/02\/25\/lancement-de-linstitut-national-devaluation-de-lia-en-france\/\"},\"wordCount\":511,\"commentCount\":0,\"publisher\":{\"@id\":\"https:\/\/bobea.net\/#organization\"},\"image\":{\"@id\":\"https:\/\/bobea.net\/index.php\/2025\/02\/25\/lancement-de-linstitut-national-devaluation-de-lia-en-france\/#primaryimage\"},\"thumbnailUrl\":\"https:\/\/bobea.net\/wp-content\/uploads\/2025\/02\/Chercheuse_inteligence_artificielle.jpg\",\"articleSection\":[\"On en Parle\"],\"inLanguage\":\"fr-FR\",\"potentialAction\":[{\"@type\":\"CommentAction\",\"name\":\"Comment\",\"target\":[\"https:\/\/bobea.net\/index.php\/2025\/02\/25\/lancement-de-linstitut-national-devaluation-de-lia-en-france\/#respond\"]}]},{\"@type\":\"WebPage\",\"@id\":\"https:\/\/bobea.net\/index.php\/2025\/02\/25\/lancement-de-linstitut-national-devaluation-de-lia-en-france\/\",\"url\":\"https:\/\/bobea.net\/index.php\/2025\/02\/25\/lancement-de-linstitut-national-devaluation-de-lia-en-france\/\",\"name\":\"Lancement de l'Institut national d'\u00e9valuation de l'IA en France - Bobea\",\"isPartOf\":{\"@id\":\"https:\/\/bobea.net\/#website\"},\"primaryImageOfPage\":{\"@id\":\"https:\/\/bobea.net\/index.php\/2025\/02\/25\/lancement-de-linstitut-national-devaluation-de-lia-en-france\/#primaryimage\"},\"image\":{\"@id\":\"https:\/\/bobea.net\/index.php\/2025\/02\/25\/lancement-de-linstitut-national-devaluation-de-lia-en-france\/#primaryimage\"},\"thumbnailUrl\":\"https:\/\/bobea.net\/wp-content\/uploads\/2025\/02\/Chercheuse_inteligence_artificielle.jpg\",\"datePublished\":\"2025-02-25T14:26:12+00:00\",\"dateModified\":\"2025-02-25T14:26:13+00:00\",\"breadcrumb\":{\"@id\":\"https:\/\/bobea.net\/index.php\/2025\/02\/25\/lancement-de-linstitut-national-devaluation-de-lia-en-france\/#breadcrumb\"},\"inLanguage\":\"fr-FR\",\"potentialAction\":[{\"@type\":\"ReadAction\",\"target\":[\"https:\/\/bobea.net\/index.php\/2025\/02\/25\/lancement-de-linstitut-national-devaluation-de-lia-en-france\/\"]}]},{\"@type\":\"ImageObject\",\"inLanguage\":\"fr-FR\",\"@id\":\"https:\/\/bobea.net\/index.php\/2025\/02\/25\/lancement-de-linstitut-national-devaluation-de-lia-en-france\/#primaryimage\",\"url\":\"https:\/\/bobea.net\/wp-content\/uploads\/2025\/02\/Chercheuse_inteligence_artificielle.jpg\",\"contentUrl\":\"https:\/\/bobea.net\/wp-content\/uploads\/2025\/02\/Chercheuse_inteligence_artificielle.jpg\",\"width\":400,\"height\":267},{\"@type\":\"BreadcrumbList\",\"@id\":\"https:\/\/bobea.net\/index.php\/2025\/02\/25\/lancement-de-linstitut-national-devaluation-de-lia-en-france\/#breadcrumb\",\"itemListElement\":[{\"@type\":\"ListItem\",\"position\":1,\"name\":\"Accueil\",\"item\":\"https:\/\/bobea.net\/\"},{\"@type\":\"ListItem\",\"position\":2,\"name\":\"Lancement de l&rsquo;Institut national d&rsquo;\u00e9valuation de l&rsquo;IA en France\"}]},{\"@type\":\"WebSite\",\"@id\":\"https:\/\/bobea.net\/#website\",\"url\":\"https:\/\/bobea.net\/\",\"name\":\"Bobea\",\"description\":\"Le magazine de la nouvelle \u00c8ve\",\"publisher\":{\"@id\":\"https:\/\/bobea.net\/#organization\"},\"potentialAction\":[{\"@type\":\"SearchAction\",\"target\":{\"@type\":\"EntryPoint\",\"urlTemplate\":\"https:\/\/bobea.net\/?s={search_term_string}\"},\"query-input\":{\"@type\":\"PropertyValueSpecification\",\"valueRequired\":true,\"valueName\":\"search_term_string\"}}],\"inLanguage\":\"fr-FR\"},{\"@type\":\"Organization\",\"@id\":\"https:\/\/bobea.net\/#organization\",\"name\":\"Bobea\",\"url\":\"https:\/\/bobea.net\/\",\"logo\":{\"@type\":\"ImageObject\",\"inLanguage\":\"fr-FR\",\"@id\":\"https:\/\/bobea.net\/#\/schema\/logo\/image\/\",\"url\":\"https:\/\/bobea.net\/wp-content\/uploads\/2024\/06\/bobea.jpg\",\"contentUrl\":\"https:\/\/bobea.net\/wp-content\/uploads\/2024\/06\/bobea.jpg\",\"width\":1080,\"height\":1080,\"caption\":\"Bobea\"},\"image\":{\"@id\":\"https:\/\/bobea.net\/#\/schema\/logo\/image\/\"},\"sameAs\":[\"https:\/\/web.facebook.com\/profile.php?id=61559252188416\"]},{\"@type\":\"Person\",\"@id\":\"https:\/\/bobea.net\/#\/schema\/person\/e7f45ef187918d7c956bf619dce90ccf\",\"name\":\"bobea.info\",\"image\":{\"@type\":\"ImageObject\",\"inLanguage\":\"fr-FR\",\"@id\":\"https:\/\/bobea.net\/#\/schema\/person\/image\/\",\"url\":\"https:\/\/secure.gravatar.com\/avatar\/36147980349df887ae30808df3e29474?s=96&d=mm&r=g\",\"contentUrl\":\"https:\/\/secure.gravatar.com\/avatar\/36147980349df887ae30808df3e29474?s=96&d=mm&r=g\",\"caption\":\"bobea.info\"},\"sameAs\":[\"https:\/\/bobea.net\"],\"url\":\"https:\/\/bobea.net\/index.php\/author\/bobea-info\/\"}]}<\/script>\n<!-- \/ Yoast SEO plugin. -->","yoast_head_json":{"title":"Lancement de l'Institut national d'\u00e9valuation de l'IA en France - Bobea","robots":{"index":"index","follow":"follow","max-snippet":"max-snippet:-1","max-image-preview":"max-image-preview:large","max-video-preview":"max-video-preview:-1"},"canonical":"https:\/\/bobea.net\/index.php\/2025\/02\/25\/lancement-de-linstitut-national-devaluation-de-lia-en-france\/","og_locale":"fr_FR","og_type":"article","og_title":"Lancement de l'Institut national d'\u00e9valuation de l'IA en France - Bobea","og_description":"Le 20 f\u00e9vri\u00ader 2025 mar\u00adque une \u00e9tape cru\u00adciale dans le d\u00e9veloppe\u00adment et la r\u00e9gu\u00adla\u00adtion de l\u2019in\u00adtel\u00adli\u00adgence arti\u00adfi\u00adcielle en France avec la cr\u00e9a\u00adtion de l\u2019In\u00adsti\u00adtut Nation\u00adal pour l\u2019\u00c9\u00adval\u00adu\u00ada\u00adtion et la S\u00e9cu\u00adrit\u00e9&hellip;","og_url":"https:\/\/bobea.net\/index.php\/2025\/02\/25\/lancement-de-linstitut-national-devaluation-de-lia-en-france\/","og_site_name":"Bobea","article_publisher":"https:\/\/web.facebook.com\/profile.php?id=61559252188416","article_published_time":"2025-02-25T14:26:12+00:00","article_modified_time":"2025-02-25T14:26:13+00:00","og_image":[{"width":400,"height":267,"url":"https:\/\/bobea.net\/wp-content\/uploads\/2025\/02\/Chercheuse_inteligence_artificielle.jpg","type":"image\/jpeg"}],"author":"bobea.info","twitter_card":"summary_large_image","twitter_misc":{"\u00c9crit par":"bobea.info","Dur\u00e9e de lecture estim\u00e9e":"3 minutes"},"schema":{"@context":"https:\/\/schema.org","@graph":[{"@type":"Article","@id":"https:\/\/bobea.net\/index.php\/2025\/02\/25\/lancement-de-linstitut-national-devaluation-de-lia-en-france\/#article","isPartOf":{"@id":"https:\/\/bobea.net\/index.php\/2025\/02\/25\/lancement-de-linstitut-national-devaluation-de-lia-en-france\/"},"author":{"name":"bobea.info","@id":"https:\/\/bobea.net\/#\/schema\/person\/e7f45ef187918d7c956bf619dce90ccf"},"headline":"Lancement de l\u2019Institut national d\u2019\u00e9valuation de l\u2019IA en France","datePublished":"2025-02-25T14:26:12+00:00","dateModified":"2025-02-25T14:26:13+00:00","mainEntityOfPage":{"@id":"https:\/\/bobea.net\/index.php\/2025\/02\/25\/lancement-de-linstitut-national-devaluation-de-lia-en-france\/"},"wordCount":511,"commentCount":0,"publisher":{"@id":"https:\/\/bobea.net\/#organization"},"image":{"@id":"https:\/\/bobea.net\/index.php\/2025\/02\/25\/lancement-de-linstitut-national-devaluation-de-lia-en-france\/#primaryimage"},"thumbnailUrl":"https:\/\/bobea.net\/wp-content\/uploads\/2025\/02\/Chercheuse_inteligence_artificielle.jpg","articleSection":["On en Parle"],"inLanguage":"fr-FR","potentialAction":[{"@type":"CommentAction","name":"Comment","target":["https:\/\/bobea.net\/index.php\/2025\/02\/25\/lancement-de-linstitut-national-devaluation-de-lia-en-france\/#respond"]}]},{"@type":"WebPage","@id":"https:\/\/bobea.net\/index.php\/2025\/02\/25\/lancement-de-linstitut-national-devaluation-de-lia-en-france\/","url":"https:\/\/bobea.net\/index.php\/2025\/02\/25\/lancement-de-linstitut-national-devaluation-de-lia-en-france\/","name":"Lancement de l'Institut national d'\u00e9valuation de l'IA en France - Bobea","isPartOf":{"@id":"https:\/\/bobea.net\/#website"},"primaryImageOfPage":{"@id":"https:\/\/bobea.net\/index.php\/2025\/02\/25\/lancement-de-linstitut-national-devaluation-de-lia-en-france\/#primaryimage"},"image":{"@id":"https:\/\/bobea.net\/index.php\/2025\/02\/25\/lancement-de-linstitut-national-devaluation-de-lia-en-france\/#primaryimage"},"thumbnailUrl":"https:\/\/bobea.net\/wp-content\/uploads\/2025\/02\/Chercheuse_inteligence_artificielle.jpg","datePublished":"2025-02-25T14:26:12+00:00","dateModified":"2025-02-25T14:26:13+00:00","breadcrumb":{"@id":"https:\/\/bobea.net\/index.php\/2025\/02\/25\/lancement-de-linstitut-national-devaluation-de-lia-en-france\/#breadcrumb"},"inLanguage":"fr-FR","potentialAction":[{"@type":"ReadAction","target":["https:\/\/bobea.net\/index.php\/2025\/02\/25\/lancement-de-linstitut-national-devaluation-de-lia-en-france\/"]}]},{"@type":"ImageObject","inLanguage":"fr-FR","@id":"https:\/\/bobea.net\/index.php\/2025\/02\/25\/lancement-de-linstitut-national-devaluation-de-lia-en-france\/#primaryimage","url":"https:\/\/bobea.net\/wp-content\/uploads\/2025\/02\/Chercheuse_inteligence_artificielle.jpg","contentUrl":"https:\/\/bobea.net\/wp-content\/uploads\/2025\/02\/Chercheuse_inteligence_artificielle.jpg","width":400,"height":267},{"@type":"BreadcrumbList","@id":"https:\/\/bobea.net\/index.php\/2025\/02\/25\/lancement-de-linstitut-national-devaluation-de-lia-en-france\/#breadcrumb","itemListElement":[{"@type":"ListItem","position":1,"name":"Accueil","item":"https:\/\/bobea.net\/"},{"@type":"ListItem","position":2,"name":"Lancement de l&rsquo;Institut national d&rsquo;\u00e9valuation de l&rsquo;IA en France"}]},{"@type":"WebSite","@id":"https:\/\/bobea.net\/#website","url":"https:\/\/bobea.net\/","name":"Bobea","description":"Le magazine de la nouvelle \u00c8ve","publisher":{"@id":"https:\/\/bobea.net\/#organization"},"potentialAction":[{"@type":"SearchAction","target":{"@type":"EntryPoint","urlTemplate":"https:\/\/bobea.net\/?s={search_term_string}"},"query-input":{"@type":"PropertyValueSpecification","valueRequired":true,"valueName":"search_term_string"}}],"inLanguage":"fr-FR"},{"@type":"Organization","@id":"https:\/\/bobea.net\/#organization","name":"Bobea","url":"https:\/\/bobea.net\/","logo":{"@type":"ImageObject","inLanguage":"fr-FR","@id":"https:\/\/bobea.net\/#\/schema\/logo\/image\/","url":"https:\/\/bobea.net\/wp-content\/uploads\/2024\/06\/bobea.jpg","contentUrl":"https:\/\/bobea.net\/wp-content\/uploads\/2024\/06\/bobea.jpg","width":1080,"height":1080,"caption":"Bobea"},"image":{"@id":"https:\/\/bobea.net\/#\/schema\/logo\/image\/"},"sameAs":["https:\/\/web.facebook.com\/profile.php?id=61559252188416"]},{"@type":"Person","@id":"https:\/\/bobea.net\/#\/schema\/person\/e7f45ef187918d7c956bf619dce90ccf","name":"bobea.info","image":{"@type":"ImageObject","inLanguage":"fr-FR","@id":"https:\/\/bobea.net\/#\/schema\/person\/image\/","url":"https:\/\/secure.gravatar.com\/avatar\/36147980349df887ae30808df3e29474?s=96&d=mm&r=g","contentUrl":"https:\/\/secure.gravatar.com\/avatar\/36147980349df887ae30808df3e29474?s=96&d=mm&r=g","caption":"bobea.info"},"sameAs":["https:\/\/bobea.net"],"url":"https:\/\/bobea.net\/index.php\/author\/bobea-info\/"}]}},"_links":{"self":[{"href":"https:\/\/bobea.net\/index.php\/wp-json\/wp\/v2\/posts\/10119"}],"collection":[{"href":"https:\/\/bobea.net\/index.php\/wp-json\/wp\/v2\/posts"}],"about":[{"href":"https:\/\/bobea.net\/index.php\/wp-json\/wp\/v2\/types\/post"}],"author":[{"embeddable":true,"href":"https:\/\/bobea.net\/index.php\/wp-json\/wp\/v2\/users\/1"}],"replies":[{"embeddable":true,"href":"https:\/\/bobea.net\/index.php\/wp-json\/wp\/v2\/comments?post=10119"}],"version-history":[{"count":0,"href":"https:\/\/bobea.net\/index.php\/wp-json\/wp\/v2\/posts\/10119\/revisions"}],"wp:featuredmedia":[{"embeddable":true,"href":"https:\/\/bobea.net\/index.php\/wp-json\/wp\/v2\/media\/10120"}],"wp:attachment":[{"href":"https:\/\/bobea.net\/index.php\/wp-json\/wp\/v2\/media?parent=10119"}],"wp:term":[{"taxonomy":"category","embeddable":true,"href":"https:\/\/bobea.net\/index.php\/wp-json\/wp\/v2\/categories?post=10119"},{"taxonomy":"post_tag","embeddable":true,"href":"https:\/\/bobea.net\/index.php\/wp-json\/wp\/v2\/tags?post=10119"}],"curies":[{"name":"wp","href":"https:\/\/api.w.org\/{rel}","templated":true}]}}