{"id":10115,"date":"2025-02-25T14:18:13","date_gmt":"2025-02-25T14:18:13","guid":{"rendered":"https:\/\/bobea.net\/?p=10115"},"modified":"2025-02-25T14:18:14","modified_gmt":"2025-02-25T14:18:14","slug":"la-france-devoile-sa-strategie-ia-3-0-pour-2025-2030","status":"publish","type":"post","link":"https:\/\/bobea.net\/index.php\/2025\/02\/25\/la-france-devoile-sa-strategie-ia-3-0-pour-2025-2030\/","title":{"rendered":"La France d\u00e9voile sa strat\u00e9gie IA 3.0 pour 2025\u20132030"},"content":{"rendered":"\n<p>Le gou\u00adverne\u00adment fran\u00e7ais a lanc\u00e9 le 15 f\u00e9vri\u00ader 2025 la troisi\u00e8me phase de sa strat\u00e9gie nationale pour l\u2019in\u00adtel\u00adli\u00adgence arti\u00adfi\u00adcielle, bap\u00adtis\u00e9e \u201cIA 3.0\u201d. Cette ini\u00adtia\u00adtive ambitieuse vise \u00e0 posi\u00adtion\u00adner la France comme leader europ\u00e9en et acteur mon\u00addi\u00adal majeur dans le domaine de l\u2019IA d\u2019i\u00adci 2030.<\/p>\n\n\n\n<p>Axes prin\u00adci\u00adpaux de la strat\u00e9gie IA 3.0 :<\/p>\n\n\n\n<ol start=\"1\" class=\"wp-block-list\">\n<li>Recherche et d\u00e9veloppe\u00adment :<\/li>\n<\/ol>\n\n\n\n<ol start=\"1\" class=\"wp-block-list\">\n<li>Cr\u00e9a\u00adtion de 5 nou\u00adveaux insti\u00adtuts inter\u00addis\u00adci\u00adplinaires d\u2019IA<\/li>\n\n\n\n<li>Aug\u00admen\u00adta\u00adtion de 50% du bud\u00adget allou\u00e9 \u00e0 la recherche en IA<\/li>\n\n\n\n<li>Pro\u00adgramme de bours\u00ades pour attir\u00ader les tal\u00adents inter\u00adna\u00adtionaux<\/li>\n<\/ol>\n\n\n\n<ol start=\"2\" class=\"wp-block-list\">\n<li>For\u00adma\u00adtion et com\u00adp\u00e9\u00adtences :<\/li>\n<\/ol>\n\n\n\n<ol start=\"2\" class=\"wp-block-list\">\n<li>Intro\u00adduc\u00adtion de l\u2019IA dans tous les cur\u00adsus uni\u00adver\u00adsi\u00adtaires<\/li>\n\n\n\n<li>Cr\u00e9a\u00adtion de 10 000 places en for\u00adma\u00adtion con\u00adtin\u00adue en IA<\/li>\n\n\n\n<li>Lance\u00adment du pro\u00adgramme \u201cIA pour tous\u201d visant \u00e0 for\u00admer le grand pub\u00adlic<\/li>\n<\/ol>\n\n\n\n<ol start=\"3\" class=\"wp-block-list\">\n<li>Inno\u00adva\u00adtion indus\u00adtrielle :<\/li>\n<\/ol>\n\n\n\n<ol start=\"3\" class=\"wp-block-list\">\n<li>Fonds d\u2019in\u00advestisse\u00adment de 2 mil\u00adliards d\u2019eu\u00adros pour les star\u00adtups IA<\/li>\n\n\n\n<li>Cr\u00e9a\u00adtion de \u201chubs IA\u201d dans 10 villes fran\u00e7ais\u00ades<\/li>\n\n\n\n<li>Inci\u00adta\u00adtions fis\u00adcales pour les entre\u00adpris\u00ades investis\u00adsant dans l\u2019IA<\/li>\n<\/ol>\n\n\n\n<ol start=\"4\" class=\"wp-block-list\">\n<li>IA \u00e9thique et respon\u00ads\u00adable :<\/li>\n<\/ol>\n\n\n\n<ol start=\"4\" class=\"wp-block-list\">\n<li>Mise en place d\u2019un comit\u00e9 nation\u00adal d\u2019\u00e9thique de l\u2019IA<\/li>\n\n\n\n<li>D\u00e9veloppe\u00adment d\u2019outils pour l\u2019au\u00addit des algo\u00adrithmes<\/li>\n\n\n\n<li>Pro\u00admo\u00adtion de l\u2019\u00e9\u00adco\u00adcon\u00adcep\u00adtion des sys\u00adt\u00e8mes d\u2019IA<\/li>\n<\/ol>\n\n\n\n<ol start=\"5\" class=\"wp-block-list\">\n<li>Coop\u00e9ra\u00adtion inter\u00adna\u00adtionale :<\/li>\n<\/ol>\n\n\n\n<ol start=\"5\" class=\"wp-block-list\">\n<li>Ren\u00adforce\u00adment des parte\u00adnar\u00adi\u00adats europ\u00e9ens en IA<\/li>\n\n\n\n<li>Pro\u00adgramme d\u2019\u00e9changes avec les pays lead\u00aders en IA (USA, Chine, Cana\u00adda)<\/li>\n<\/ol>\n\n\n\n<p>Impacts atten\u00addus :<\/p>\n\n\n\n<ul class=\"wp-block-list\">\n<li>Cr\u00e9a\u00adtion de 100 000 emplois dans le secteur de l\u2019IA d\u2019i\u00adci 2030<\/li>\n\n\n\n<li>Aug\u00admen\u00adta\u00adtion de 2% du PIB gr\u00e2ce aux appli\u00adca\u00adtions de l\u2019IA<\/li>\n\n\n\n<li>Posi\u00adtion\u00adnement de la France dans le top 5 mon\u00addi\u00adal des d\u00e9p\u00f4ts de brevets en IA<\/li>\n<\/ul>\n\n\n\n<p>R\u00e9ac\u00adtions des acteurs du secteur :<\/p>\n\n\n\n<p>Marie Lefort, CEO de Fren\u00adchAI, une start\u00adup sp\u00e9\u00adcial\u00adis\u00e9e en IA, d\u00e9clare : \u201cCette strat\u00e9gie donne un coup d\u2019ac\u00adc\u00e9l\u00e9ra\u00adteur for\u00admi\u00adda\u00adble \u00e0 l\u2019\u00e9\u00adcosys\u00adt\u00e8me IA fran\u00e7ais. C\u2019est l\u2019op\u00adpor\u00adtu\u00adnit\u00e9 pour nous de rivalis\u00ader avec les g\u00e9ants am\u00e9ri\u00adcains et chi\u00adnois.\u201d<\/p>\n\n\n\n<figure class=\"wp-block-image size-full\"><img loading=\"lazy\" decoding=\"async\" width=\"850\" height=\"564\" src=\"https:\/\/bobea.net\/wp-content\/uploads\/2025\/02\/ebp-image-blog-aide-ai-bd-compresse.webp\" alt class=\"wp-image-10117\" srcset=\"https:\/\/bobea.net\/wp-content\/uploads\/2025\/02\/ebp-image-blog-aide-ai-bd-compresse.webp 850w, https:\/\/bobea.net\/wp-content\/uploads\/2025\/02\/ebp-image-blog-aide-ai-bd-compresse-300x199.webp 300w, https:\/\/bobea.net\/wp-content\/uploads\/2025\/02\/ebp-image-blog-aide-ai-bd-compresse-768x510.webp 768w\" sizes=\"(max-width: 850px) 100vw, 850px\"><\/figure>\n\n\n\n<p>Le Pr. Antoine Dupont, directeur de recherche au CNRS, ajoute : \u201cL\u2019ac\u00adcent mis sur la recherche inter\u00addis\u00adci\u00adplinaire est cru\u00adcial. C\u2019est en com\u00adbi\u00adnant l\u2019IA avec d\u2019autres domaines que nous fer\u00adons les avanc\u00e9es les plus sig\u00adni\u00adfica\u00adtives.\u201d<\/p>\n\n\n\n<p>D\u00e9fis \u00e0 relever :<\/p>\n\n\n\n<ul class=\"wp-block-list\">\n<li>Assur\u00ader une dis\u00adtri\u00adb\u00adu\u00adtion \u00e9quitable des b\u00e9n\u00e9\u00adfices de l\u2019IA dans la soci\u00e9t\u00e9<\/li>\n\n\n\n<li>G\u00e9r\u00ader les impli\u00adca\u00adtions \u00e9thiques et sociales du d\u00e9veloppe\u00adment rapi\u00adde de l\u2019IA<\/li>\n\n\n\n<li>Main\u00adtenir la sou\u00adverainet\u00e9 tech\u00adnologique face aux g\u00e9ants inter\u00adna\u00adtionaux de la tech<\/li>\n<\/ul>\n\n\n\n<p>La strat\u00e9gie IA 3.0 repr\u00e9sente un investisse\u00adment mas\u00adsif de la France dans les tech\u00adnolo\u00adgies du futur. Elle t\u00e9moigne de la volon\u00adt\u00e9 du pays de jouer un r\u00f4le de pre\u00admier plan dans la r\u00e9vo\u00adlu\u00adtion de l\u2019IA, tout en pro\u00admou\u00advant une approche \u00e9thique et cen\u00adtr\u00e9e sur l\u2019hu\u00admain.<\/p>\n","protected":false},"excerpt":{"rendered":"<p>Le gou\u00adverne\u00adment fran\u00e7ais a lanc\u00e9 le 15 f\u00e9vri\u00ader 2025 la troisi\u00e8me phase de sa strat\u00e9gie nationale pour l\u2019in\u00adtel\u00adli\u00adgence arti\u00adfi\u00adcielle, bap\u00adtis\u00e9e \u201cIA 3.0\u201d. Cette ini\u00adtia\u00adtive ambitieuse vise \u00e0 posi\u00adtion\u00adner la France\u2026 <\/p>\n","protected":false},"author":1,"featured_media":10116,"comment_status":"open","ping_status":"open","sticky":false,"template":"","format":"standard","meta":{"wp_typography_post_enhancements_disabled":false,"footnotes":""},"categories":[74],"tags":[2154,9898,9897,9900,9899,9896,9895],"class_list":["post-10115","post","type-post","status-publish","format-standard","has-post-thumbnail","hentry","category-gloria","tag-ethique-ia","tag-formation-ia","tag-ia-3-0","tag-industrie-ia-francaise","tag-innovation-ia","tag-recherche-ia","tag-strategie-ia-france"],"yoast_head":"<!-- This site is optimized with the Yoast SEO plugin v24.7 - https:\/\/yoast.com\/wordpress\/plugins\/seo\/ -->\n<title>La France d\u00e9voile sa strat\u00e9gie IA 3.0 pour 2025-2030 - Bobea<\/title>\n<meta name=\"robots\" content=\"index, follow, max-snippet:-1, max-image-preview:large, max-video-preview:-1\" \/>\n<link rel=\"canonical\" href=\"https:\/\/bobea.net\/index.php\/2025\/02\/25\/la-france-devoile-sa-strategie-ia-3-0-pour-2025-2030\/\" \/>\n<meta property=\"og:locale\" content=\"fr_FR\" \/>\n<meta property=\"og:type\" content=\"article\" \/>\n<meta property=\"og:title\" content=\"La France d\u00e9voile sa strat\u00e9gie IA 3.0 pour 2025-2030 - Bobea\" \/>\n<meta property=\"og:description\" content=\"Le gou\u00adverne\u00adment fran\u00e7ais a lanc\u00e9 le 15 f\u00e9vri\u00ader 2025 la troisi\u00e8me phase de sa strat\u00e9gie nationale pour l\u2019in\u00adtel\u00adli\u00adgence arti\u00adfi\u00adcielle, bap\u00adtis\u00e9e \u201cIA 3.0\u201d. Cette ini\u00adtia\u00adtive ambitieuse vise \u00e0 posi\u00adtion\u00adner la France&hellip;\" \/>\n<meta property=\"og:url\" content=\"https:\/\/bobea.net\/index.php\/2025\/02\/25\/la-france-devoile-sa-strategie-ia-3-0-pour-2025-2030\/\" \/>\n<meta property=\"og:site_name\" content=\"Bobea\" \/>\n<meta property=\"article:publisher\" content=\"https:\/\/web.facebook.com\/profile.php?id=61559252188416\" \/>\n<meta property=\"article:published_time\" content=\"2025-02-25T14:18:13+00:00\" \/>\n<meta property=\"article:modified_time\" content=\"2025-02-25T14:18:14+00:00\" \/>\n<meta property=\"og:image\" content=\"https:\/\/bobea.net\/wp-content\/uploads\/2025\/02\/457339999e801dd852c51526606f617a55c3271a.jpg\" \/>\n\t<meta property=\"og:image:width\" content=\"1440\" \/>\n\t<meta property=\"og:image:height\" content=\"808\" \/>\n\t<meta property=\"og:image:type\" content=\"image\/jpeg\" \/>\n<meta name=\"author\" content=\"bobea.info\" \/>\n<meta name=\"twitter:card\" content=\"summary_large_image\" \/>\n<meta name=\"twitter:label1\" content=\"\u00c9crit par\" \/>\n\t<meta name=\"twitter:data1\" content=\"bobea.info\" \/>\n\t<meta name=\"twitter:label2\" content=\"Dur\u00e9e de lecture estim\u00e9e\" \/>\n\t<meta name=\"twitter:data2\" content=\"3 minutes\" \/>\n<script type=\"application\/ld+json\" class=\"yoast-schema-graph\">{\"@context\":\"https:\/\/schema.org\",\"@graph\":[{\"@type\":\"Article\",\"@id\":\"https:\/\/bobea.net\/index.php\/2025\/02\/25\/la-france-devoile-sa-strategie-ia-3-0-pour-2025-2030\/#article\",\"isPartOf\":{\"@id\":\"https:\/\/bobea.net\/index.php\/2025\/02\/25\/la-france-devoile-sa-strategie-ia-3-0-pour-2025-2030\/\"},\"author\":{\"name\":\"bobea.info\",\"@id\":\"https:\/\/bobea.net\/#\/schema\/person\/e7f45ef187918d7c956bf619dce90ccf\"},\"headline\":\"La France d\u00e9voile sa strat\u00e9gie IA 3.0 pour 2025\u20132030\",\"datePublished\":\"2025-02-25T14:18:13+00:00\",\"dateModified\":\"2025-02-25T14:18:14+00:00\",\"mainEntityOfPage\":{\"@id\":\"https:\/\/bobea.net\/index.php\/2025\/02\/25\/la-france-devoile-sa-strategie-ia-3-0-pour-2025-2030\/\"},\"wordCount\":442,\"commentCount\":0,\"publisher\":{\"@id\":\"https:\/\/bobea.net\/#organization\"},\"image\":{\"@id\":\"https:\/\/bobea.net\/index.php\/2025\/02\/25\/la-france-devoile-sa-strategie-ia-3-0-pour-2025-2030\/#primaryimage\"},\"thumbnailUrl\":\"https:\/\/bobea.net\/wp-content\/uploads\/2025\/02\/457339999e801dd852c51526606f617a55c3271a.jpg\",\"keywords\":[\"\u00e9thique IA\",\"formation IA\",\"IA 3.0\",\"industrie IA fran\u00e7aise\",\"innovation IA\",\"recherche IA\",\"Strat\u00e9gie IA France\"],\"articleSection\":[\"Gloria\"],\"inLanguage\":\"fr-FR\",\"potentialAction\":[{\"@type\":\"CommentAction\",\"name\":\"Comment\",\"target\":[\"https:\/\/bobea.net\/index.php\/2025\/02\/25\/la-france-devoile-sa-strategie-ia-3-0-pour-2025-2030\/#respond\"]}]},{\"@type\":\"WebPage\",\"@id\":\"https:\/\/bobea.net\/index.php\/2025\/02\/25\/la-france-devoile-sa-strategie-ia-3-0-pour-2025-2030\/\",\"url\":\"https:\/\/bobea.net\/index.php\/2025\/02\/25\/la-france-devoile-sa-strategie-ia-3-0-pour-2025-2030\/\",\"name\":\"La France d\u00e9voile sa strat\u00e9gie IA 3.0 pour 2025-2030 - Bobea\",\"isPartOf\":{\"@id\":\"https:\/\/bobea.net\/#website\"},\"primaryImageOfPage\":{\"@id\":\"https:\/\/bobea.net\/index.php\/2025\/02\/25\/la-france-devoile-sa-strategie-ia-3-0-pour-2025-2030\/#primaryimage\"},\"image\":{\"@id\":\"https:\/\/bobea.net\/index.php\/2025\/02\/25\/la-france-devoile-sa-strategie-ia-3-0-pour-2025-2030\/#primaryimage\"},\"thumbnailUrl\":\"https:\/\/bobea.net\/wp-content\/uploads\/2025\/02\/457339999e801dd852c51526606f617a55c3271a.jpg\",\"datePublished\":\"2025-02-25T14:18:13+00:00\",\"dateModified\":\"2025-02-25T14:18:14+00:00\",\"breadcrumb\":{\"@id\":\"https:\/\/bobea.net\/index.php\/2025\/02\/25\/la-france-devoile-sa-strategie-ia-3-0-pour-2025-2030\/#breadcrumb\"},\"inLanguage\":\"fr-FR\",\"potentialAction\":[{\"@type\":\"ReadAction\",\"target\":[\"https:\/\/bobea.net\/index.php\/2025\/02\/25\/la-france-devoile-sa-strategie-ia-3-0-pour-2025-2030\/\"]}]},{\"@type\":\"ImageObject\",\"inLanguage\":\"fr-FR\",\"@id\":\"https:\/\/bobea.net\/index.php\/2025\/02\/25\/la-france-devoile-sa-strategie-ia-3-0-pour-2025-2030\/#primaryimage\",\"url\":\"https:\/\/bobea.net\/wp-content\/uploads\/2025\/02\/457339999e801dd852c51526606f617a55c3271a.jpg\",\"contentUrl\":\"https:\/\/bobea.net\/wp-content\/uploads\/2025\/02\/457339999e801dd852c51526606f617a55c3271a.jpg\",\"width\":1440,\"height\":808},{\"@type\":\"BreadcrumbList\",\"@id\":\"https:\/\/bobea.net\/index.php\/2025\/02\/25\/la-france-devoile-sa-strategie-ia-3-0-pour-2025-2030\/#breadcrumb\",\"itemListElement\":[{\"@type\":\"ListItem\",\"position\":1,\"name\":\"Accueil\",\"item\":\"https:\/\/bobea.net\/\"},{\"@type\":\"ListItem\",\"position\":2,\"name\":\"La France d\u00e9voile sa strat\u00e9gie IA 3.0 pour 2025-2030\"}]},{\"@type\":\"WebSite\",\"@id\":\"https:\/\/bobea.net\/#website\",\"url\":\"https:\/\/bobea.net\/\",\"name\":\"Bobea\",\"description\":\"Le magazine de la nouvelle \u00c8ve\",\"publisher\":{\"@id\":\"https:\/\/bobea.net\/#organization\"},\"potentialAction\":[{\"@type\":\"SearchAction\",\"target\":{\"@type\":\"EntryPoint\",\"urlTemplate\":\"https:\/\/bobea.net\/?s={search_term_string}\"},\"query-input\":{\"@type\":\"PropertyValueSpecification\",\"valueRequired\":true,\"valueName\":\"search_term_string\"}}],\"inLanguage\":\"fr-FR\"},{\"@type\":\"Organization\",\"@id\":\"https:\/\/bobea.net\/#organization\",\"name\":\"Bobea\",\"url\":\"https:\/\/bobea.net\/\",\"logo\":{\"@type\":\"ImageObject\",\"inLanguage\":\"fr-FR\",\"@id\":\"https:\/\/bobea.net\/#\/schema\/logo\/image\/\",\"url\":\"https:\/\/bobea.net\/wp-content\/uploads\/2024\/06\/bobea.jpg\",\"contentUrl\":\"https:\/\/bobea.net\/wp-content\/uploads\/2024\/06\/bobea.jpg\",\"width\":1080,\"height\":1080,\"caption\":\"Bobea\"},\"image\":{\"@id\":\"https:\/\/bobea.net\/#\/schema\/logo\/image\/\"},\"sameAs\":[\"https:\/\/web.facebook.com\/profile.php?id=61559252188416\"]},{\"@type\":\"Person\",\"@id\":\"https:\/\/bobea.net\/#\/schema\/person\/e7f45ef187918d7c956bf619dce90ccf\",\"name\":\"bobea.info\",\"image\":{\"@type\":\"ImageObject\",\"inLanguage\":\"fr-FR\",\"@id\":\"https:\/\/bobea.net\/#\/schema\/person\/image\/\",\"url\":\"https:\/\/secure.gravatar.com\/avatar\/36147980349df887ae30808df3e29474?s=96&d=mm&r=g\",\"contentUrl\":\"https:\/\/secure.gravatar.com\/avatar\/36147980349df887ae30808df3e29474?s=96&d=mm&r=g\",\"caption\":\"bobea.info\"},\"sameAs\":[\"https:\/\/bobea.net\"],\"url\":\"https:\/\/bobea.net\/index.php\/author\/bobea-info\/\"}]}<\/script>\n<!-- \/ Yoast SEO plugin. -->","yoast_head_json":{"title":"La France d\u00e9voile sa strat\u00e9gie IA 3.0 pour 2025-2030 - Bobea","robots":{"index":"index","follow":"follow","max-snippet":"max-snippet:-1","max-image-preview":"max-image-preview:large","max-video-preview":"max-video-preview:-1"},"canonical":"https:\/\/bobea.net\/index.php\/2025\/02\/25\/la-france-devoile-sa-strategie-ia-3-0-pour-2025-2030\/","og_locale":"fr_FR","og_type":"article","og_title":"La France d\u00e9voile sa strat\u00e9gie IA 3.0 pour 2025-2030 - Bobea","og_description":"Le gou\u00adverne\u00adment fran\u00e7ais a lanc\u00e9 le 15 f\u00e9vri\u00ader 2025 la troisi\u00e8me phase de sa strat\u00e9gie nationale pour l\u2019in\u00adtel\u00adli\u00adgence arti\u00adfi\u00adcielle, bap\u00adtis\u00e9e \u201cIA 3.0\u201d. Cette ini\u00adtia\u00adtive ambitieuse vise \u00e0 posi\u00adtion\u00adner la France&hellip;","og_url":"https:\/\/bobea.net\/index.php\/2025\/02\/25\/la-france-devoile-sa-strategie-ia-3-0-pour-2025-2030\/","og_site_name":"Bobea","article_publisher":"https:\/\/web.facebook.com\/profile.php?id=61559252188416","article_published_time":"2025-02-25T14:18:13+00:00","article_modified_time":"2025-02-25T14:18:14+00:00","og_image":[{"width":1440,"height":808,"url":"https:\/\/bobea.net\/wp-content\/uploads\/2025\/02\/457339999e801dd852c51526606f617a55c3271a.jpg","type":"image\/jpeg"}],"author":"bobea.info","twitter_card":"summary_large_image","twitter_misc":{"\u00c9crit par":"bobea.info","Dur\u00e9e de lecture estim\u00e9e":"3 minutes"},"schema":{"@context":"https:\/\/schema.org","@graph":[{"@type":"Article","@id":"https:\/\/bobea.net\/index.php\/2025\/02\/25\/la-france-devoile-sa-strategie-ia-3-0-pour-2025-2030\/#article","isPartOf":{"@id":"https:\/\/bobea.net\/index.php\/2025\/02\/25\/la-france-devoile-sa-strategie-ia-3-0-pour-2025-2030\/"},"author":{"name":"bobea.info","@id":"https:\/\/bobea.net\/#\/schema\/person\/e7f45ef187918d7c956bf619dce90ccf"},"headline":"La France d\u00e9voile sa strat\u00e9gie IA 3.0 pour 2025\u20132030","datePublished":"2025-02-25T14:18:13+00:00","dateModified":"2025-02-25T14:18:14+00:00","mainEntityOfPage":{"@id":"https:\/\/bobea.net\/index.php\/2025\/02\/25\/la-france-devoile-sa-strategie-ia-3-0-pour-2025-2030\/"},"wordCount":442,"commentCount":0,"publisher":{"@id":"https:\/\/bobea.net\/#organization"},"image":{"@id":"https:\/\/bobea.net\/index.php\/2025\/02\/25\/la-france-devoile-sa-strategie-ia-3-0-pour-2025-2030\/#primaryimage"},"thumbnailUrl":"https:\/\/bobea.net\/wp-content\/uploads\/2025\/02\/457339999e801dd852c51526606f617a55c3271a.jpg","keywords":["\u00e9thique IA","formation IA","IA 3.0","industrie IA fran\u00e7aise","innovation IA","recherche IA","Strat\u00e9gie IA France"],"articleSection":["Gloria"],"inLanguage":"fr-FR","potentialAction":[{"@type":"CommentAction","name":"Comment","target":["https:\/\/bobea.net\/index.php\/2025\/02\/25\/la-france-devoile-sa-strategie-ia-3-0-pour-2025-2030\/#respond"]}]},{"@type":"WebPage","@id":"https:\/\/bobea.net\/index.php\/2025\/02\/25\/la-france-devoile-sa-strategie-ia-3-0-pour-2025-2030\/","url":"https:\/\/bobea.net\/index.php\/2025\/02\/25\/la-france-devoile-sa-strategie-ia-3-0-pour-2025-2030\/","name":"La France d\u00e9voile sa strat\u00e9gie IA 3.0 pour 2025-2030 - Bobea","isPartOf":{"@id":"https:\/\/bobea.net\/#website"},"primaryImageOfPage":{"@id":"https:\/\/bobea.net\/index.php\/2025\/02\/25\/la-france-devoile-sa-strategie-ia-3-0-pour-2025-2030\/#primaryimage"},"image":{"@id":"https:\/\/bobea.net\/index.php\/2025\/02\/25\/la-france-devoile-sa-strategie-ia-3-0-pour-2025-2030\/#primaryimage"},"thumbnailUrl":"https:\/\/bobea.net\/wp-content\/uploads\/2025\/02\/457339999e801dd852c51526606f617a55c3271a.jpg","datePublished":"2025-02-25T14:18:13+00:00","dateModified":"2025-02-25T14:18:14+00:00","breadcrumb":{"@id":"https:\/\/bobea.net\/index.php\/2025\/02\/25\/la-france-devoile-sa-strategie-ia-3-0-pour-2025-2030\/#breadcrumb"},"inLanguage":"fr-FR","potentialAction":[{"@type":"ReadAction","target":["https:\/\/bobea.net\/index.php\/2025\/02\/25\/la-france-devoile-sa-strategie-ia-3-0-pour-2025-2030\/"]}]},{"@type":"ImageObject","inLanguage":"fr-FR","@id":"https:\/\/bobea.net\/index.php\/2025\/02\/25\/la-france-devoile-sa-strategie-ia-3-0-pour-2025-2030\/#primaryimage","url":"https:\/\/bobea.net\/wp-content\/uploads\/2025\/02\/457339999e801dd852c51526606f617a55c3271a.jpg","contentUrl":"https:\/\/bobea.net\/wp-content\/uploads\/2025\/02\/457339999e801dd852c51526606f617a55c3271a.jpg","width":1440,"height":808},{"@type":"BreadcrumbList","@id":"https:\/\/bobea.net\/index.php\/2025\/02\/25\/la-france-devoile-sa-strategie-ia-3-0-pour-2025-2030\/#breadcrumb","itemListElement":[{"@type":"ListItem","position":1,"name":"Accueil","item":"https:\/\/bobea.net\/"},{"@type":"ListItem","position":2,"name":"La France d\u00e9voile sa strat\u00e9gie IA 3.0 pour 2025-2030"}]},{"@type":"WebSite","@id":"https:\/\/bobea.net\/#website","url":"https:\/\/bobea.net\/","name":"Bobea","description":"Le magazine de la nouvelle \u00c8ve","publisher":{"@id":"https:\/\/bobea.net\/#organization"},"potentialAction":[{"@type":"SearchAction","target":{"@type":"EntryPoint","urlTemplate":"https:\/\/bobea.net\/?s={search_term_string}"},"query-input":{"@type":"PropertyValueSpecification","valueRequired":true,"valueName":"search_term_string"}}],"inLanguage":"fr-FR"},{"@type":"Organization","@id":"https:\/\/bobea.net\/#organization","name":"Bobea","url":"https:\/\/bobea.net\/","logo":{"@type":"ImageObject","inLanguage":"fr-FR","@id":"https:\/\/bobea.net\/#\/schema\/logo\/image\/","url":"https:\/\/bobea.net\/wp-content\/uploads\/2024\/06\/bobea.jpg","contentUrl":"https:\/\/bobea.net\/wp-content\/uploads\/2024\/06\/bobea.jpg","width":1080,"height":1080,"caption":"Bobea"},"image":{"@id":"https:\/\/bobea.net\/#\/schema\/logo\/image\/"},"sameAs":["https:\/\/web.facebook.com\/profile.php?id=61559252188416"]},{"@type":"Person","@id":"https:\/\/bobea.net\/#\/schema\/person\/e7f45ef187918d7c956bf619dce90ccf","name":"bobea.info","image":{"@type":"ImageObject","inLanguage":"fr-FR","@id":"https:\/\/bobea.net\/#\/schema\/person\/image\/","url":"https:\/\/secure.gravatar.com\/avatar\/36147980349df887ae30808df3e29474?s=96&d=mm&r=g","contentUrl":"https:\/\/secure.gravatar.com\/avatar\/36147980349df887ae30808df3e29474?s=96&d=mm&r=g","caption":"bobea.info"},"sameAs":["https:\/\/bobea.net"],"url":"https:\/\/bobea.net\/index.php\/author\/bobea-info\/"}]}},"_links":{"self":[{"href":"https:\/\/bobea.net\/index.php\/wp-json\/wp\/v2\/posts\/10115"}],"collection":[{"href":"https:\/\/bobea.net\/index.php\/wp-json\/wp\/v2\/posts"}],"about":[{"href":"https:\/\/bobea.net\/index.php\/wp-json\/wp\/v2\/types\/post"}],"author":[{"embeddable":true,"href":"https:\/\/bobea.net\/index.php\/wp-json\/wp\/v2\/users\/1"}],"replies":[{"embeddable":true,"href":"https:\/\/bobea.net\/index.php\/wp-json\/wp\/v2\/comments?post=10115"}],"version-history":[{"count":0,"href":"https:\/\/bobea.net\/index.php\/wp-json\/wp\/v2\/posts\/10115\/revisions"}],"wp:featuredmedia":[{"embeddable":true,"href":"https:\/\/bobea.net\/index.php\/wp-json\/wp\/v2\/media\/10116"}],"wp:attachment":[{"href":"https:\/\/bobea.net\/index.php\/wp-json\/wp\/v2\/media?parent=10115"}],"wp:term":[{"taxonomy":"category","embeddable":true,"href":"https:\/\/bobea.net\/index.php\/wp-json\/wp\/v2\/categories?post=10115"},{"taxonomy":"post_tag","embeddable":true,"href":"https:\/\/bobea.net\/index.php\/wp-json\/wp\/v2\/tags?post=10115"}],"curies":[{"name":"wp","href":"https:\/\/api.w.org\/{rel}","templated":true}]}}