{"id":10100,"date":"2025-02-25T13:56:05","date_gmt":"2025-02-25T13:56:05","guid":{"rendered":"https:\/\/bobea.net\/?p=10100"},"modified":"2025-02-25T13:56:07","modified_gmt":"2025-02-25T13:56:07","slug":"nappes-phreatiques-en-france-un-bilan-positif-pour-2025","status":"publish","type":"post","link":"https:\/\/bobea.net\/index.php\/2025\/02\/25\/nappes-phreatiques-en-france-un-bilan-positif-pour-2025\/","title":{"rendered":"Nappes phr\u00e9atiques en France : Un bilan positif pour 2025"},"content":{"rendered":"\n<p>Le dernier rap\u00adport du Bureau de Recherch\u00ades G\u00e9ologiques et Mini\u00e8res (BRGM) r\u00e9v\u00e8le une sit\u00adu\u00ada\u00adtion encour\u00adageante pour les nappes phr\u00e9a\u00adtiques fran\u00e7ais\u00ades au 1er f\u00e9vri\u00ader 2025. Selon cette \u00e9tude, 68% des niveaux sont au-dessus des nor\u00admales saison\u00adni\u00e8res, un chiffre qui soulage les experts apr\u00e8s plusieurs ann\u00e9es de s\u00e9cher\u00adesse intense.<\/p>\n\n\n\n<p>Cette am\u00e9lio\u00adra\u00adtion sig\u00adni\u00adfica\u00adtive est attribu\u00e9e \u00e0 une com\u00adbi\u00adnai\u00adson de fac\u00adteurs :<\/p>\n\n\n\n<ol start=\"1\" class=\"wp-block-list\">\n<li>Des pr\u00e9\u00adcip\u00adi\u00adta\u00adtions autom\u00adnales et hiver\u00adnales sup\u00e9rieures \u00e0 la moyenne<\/li>\n\n\n\n<li>Une ges\u00adtion plus effi\u00adcace des ressources en eau<\/li>\n\n\n\n<li>L\u2019im\u00adpact posi\u00adtif des poli\u00adtiques de con\u00adser\u00adva\u00adtion mis\u00ades en place ces derni\u00e8res ann\u00e9es<\/li>\n<\/ol>\n\n\n\n<p>Les r\u00e9gions les plus b\u00e9n\u00e9\u00adfi\u00adci\u00adaires de cette recharge sont le Nord-Est et le Cen\u00adtre de la France, o\u00f9 cer\u00adtaines nappes affichent des niveaux record. Cepen\u00addant, le Sud-Est reste une zone de vig\u00adi\u00adlance, avec des niveaux encore inf\u00e9rieurs aux moyennes de sai\u00adson dans cer\u00adtains secteurs.<\/p>\n\n\n\n<p>Ce bilan posi\u00adtif a des impli\u00adca\u00adtions majeures pour l\u2019a\u00adgri\u00adcul\u00adture, l\u2019in\u00addus\u00adtrie et la con\u00adsom\u00adma\u00adtion domes\u00adtique. Les agricul\u00adteurs, en par\u00adti\u00adc\u00aduli\u00ader, voient cette nou\u00advelle d\u2019un bon \u0153il, antic\u00adi\u00adpant une sai\u00adson de crois\u00adsance plus favor\u00adable.<\/p>\n\n\n\n<p>N\u00e9an\u00admoins, les experts du BRGM appel\u00adlent \u00e0 la pru\u00addence. Ils soulig\u00adnent que cette sit\u00adu\u00ada\u00adtion favor\u00adable ne doit pas con\u00adduire \u00e0 un rel\u00e2che\u00adment des efforts de con\u00adser\u00adva\u00adtion. Le change\u00adment cli\u00adma\u00adtique con\u00adtin\u00adue de pos\u00ader des d\u00e9fis \u00e0 long terme pour la ges\u00adtion des ressources en eau.<\/p>\n\n\n\n<p>Des ini\u00adtia\u00adtives inno\u00advantes de ges\u00adtion de l\u2019eau, telles que la recharge arti\u00adfi\u00adcielle des nappes et l\u2019am\u00e9lio\u00adra\u00adtion des tech\u00adniques d\u2019ir\u00adri\u00adga\u00adtion, con\u00adtin\u00adu\u00adent d\u2019\u00eatre d\u00e9velop\u00adp\u00e9es et mis\u00ades en \u0153uvre \u00e0 tra\u00advers le pays.<\/p>\n\n\n\n<p>Ce bilan posi\u00adtif des nappes phr\u00e9a\u00adtiques en 2025 offre un r\u00e9pit bien\u00advenu et d\u00e9mon\u00adtre l\u2019ef\u00adfi\u00adcac\u00adit\u00e9 des mesures de ges\u00adtion de l\u2019eau. Il souligne \u00e9gale\u00adment l\u2019im\u00adpor\u00adtance de main\u00adtenir une approche proac\u00adtive dans la con\u00adser\u00adva\u00adtion des ressources hydriques face aux d\u00e9fis cli\u00adma\u00adtiques futurs.<\/p>\n","protected":false},"excerpt":{"rendered":"<p>Le dernier rap\u00adport du Bureau de Recherch\u00ades G\u00e9ologiques et Mini\u00e8res (BRGM) r\u00e9v\u00e8le une sit\u00adu\u00ada\u00adtion encour\u00adageante pour les nappes phr\u00e9a\u00adtiques fran\u00e7ais\u00ades au 1er f\u00e9vri\u00ader 2025. Selon cette \u00e9tude, 68% des niveaux\u2026 <\/p>\n","protected":false},"author":1,"featured_media":10101,"comment_status":"open","ping_status":"open","sticky":false,"template":"","format":"standard","meta":{"wp_typography_post_enhancements_disabled":false,"footnotes":""},"categories":[73],"tags":[9881,9877,2316,8964,107,9879,9880,9878],"class_list":["post-10100","post","type-post","status-publish","format-standard","has-post-thumbnail","hentry","category-on-en-parle","tag-agriculture","tag-brgm","tag-changement-climatique","tag-conservation","tag-france","tag-gestion-de-leau","tag-nappes-phreatiques","tag-ressources-en-eau"],"yoast_head":"<!-- This site is optimized with the Yoast SEO plugin v24.7 - https:\/\/yoast.com\/wordpress\/plugins\/seo\/ -->\n<title>Nappes phr\u00e9atiques en France : Un bilan positif pour 2025 - Bobea<\/title>\n<meta name=\"robots\" content=\"index, follow, max-snippet:-1, max-image-preview:large, max-video-preview:-1\" \/>\n<link rel=\"canonical\" href=\"https:\/\/bobea.net\/index.php\/2025\/02\/25\/nappes-phreatiques-en-france-un-bilan-positif-pour-2025\/\" \/>\n<meta property=\"og:locale\" content=\"fr_FR\" \/>\n<meta property=\"og:type\" content=\"article\" \/>\n<meta property=\"og:title\" content=\"Nappes phr\u00e9atiques en France : Un bilan positif pour 2025 - Bobea\" \/>\n<meta property=\"og:description\" content=\"Le dernier rap\u00adport du Bureau de Recherch\u00ades G\u00e9ologiques et Mini\u00e8res (BRGM) r\u00e9v\u00e8le une sit\u00adu\u00ada\u00adtion encour\u00adageante pour les nappes phr\u00e9a\u00adtiques fran\u00e7ais\u00ades au 1er f\u00e9vri\u00ader 2025. Selon cette \u00e9tude, 68% des niveaux&hellip;\" \/>\n<meta property=\"og:url\" content=\"https:\/\/bobea.net\/index.php\/2025\/02\/25\/nappes-phreatiques-en-france-un-bilan-positif-pour-2025\/\" \/>\n<meta property=\"og:site_name\" content=\"Bobea\" \/>\n<meta property=\"article:publisher\" content=\"https:\/\/web.facebook.com\/profile.php?id=61559252188416\" \/>\n<meta property=\"article:published_time\" content=\"2025-02-25T13:56:05+00:00\" \/>\n<meta property=\"article:modified_time\" content=\"2025-02-25T13:56:07+00:00\" \/>\n<meta property=\"og:image\" content=\"https:\/\/bobea.net\/wp-content\/uploads\/2025\/02\/nappes-phreatiques-mars-2024-6beb46-0@1x.jpeg\" \/>\n\t<meta property=\"og:image:width\" content=\"767\" \/>\n\t<meta property=\"og:image:height\" content=\"431\" \/>\n\t<meta property=\"og:image:type\" content=\"image\/jpeg\" \/>\n<meta name=\"author\" content=\"bobea.info\" \/>\n<meta name=\"twitter:card\" content=\"summary_large_image\" \/>\n<meta name=\"twitter:label1\" content=\"\u00c9crit par\" \/>\n\t<meta name=\"twitter:data1\" content=\"bobea.info\" \/>\n\t<meta name=\"twitter:label2\" content=\"Dur\u00e9e de lecture estim\u00e9e\" \/>\n\t<meta name=\"twitter:data2\" content=\"2 minutes\" \/>\n<script type=\"application\/ld+json\" class=\"yoast-schema-graph\">{\"@context\":\"https:\/\/schema.org\",\"@graph\":[{\"@type\":\"Article\",\"@id\":\"https:\/\/bobea.net\/index.php\/2025\/02\/25\/nappes-phreatiques-en-france-un-bilan-positif-pour-2025\/#article\",\"isPartOf\":{\"@id\":\"https:\/\/bobea.net\/index.php\/2025\/02\/25\/nappes-phreatiques-en-france-un-bilan-positif-pour-2025\/\"},\"author\":{\"name\":\"bobea.info\",\"@id\":\"https:\/\/bobea.net\/#\/schema\/person\/e7f45ef187918d7c956bf619dce90ccf\"},\"headline\":\"Nappes phr\u00e9atiques en France : Un bilan positif pour 2025\",\"datePublished\":\"2025-02-25T13:56:05+00:00\",\"dateModified\":\"2025-02-25T13:56:07+00:00\",\"mainEntityOfPage\":{\"@id\":\"https:\/\/bobea.net\/index.php\/2025\/02\/25\/nappes-phreatiques-en-france-un-bilan-positif-pour-2025\/\"},\"wordCount\":318,\"commentCount\":0,\"publisher\":{\"@id\":\"https:\/\/bobea.net\/#organization\"},\"image\":{\"@id\":\"https:\/\/bobea.net\/index.php\/2025\/02\/25\/nappes-phreatiques-en-france-un-bilan-positif-pour-2025\/#primaryimage\"},\"thumbnailUrl\":\"https:\/\/bobea.net\/wp-content\/uploads\/2025\/02\/nappes-phreatiques-mars-2024-6beb46-0@1x.jpeg\",\"keywords\":[\"agriculture\",\"BRGM\",\"changement climatique\",\"conservation\",\"France\",\"gestion de l'eau\",\"nappes phr\u00e9atiques\",\"ressources en eau\"],\"articleSection\":[\"On en Parle\"],\"inLanguage\":\"fr-FR\",\"potentialAction\":[{\"@type\":\"CommentAction\",\"name\":\"Comment\",\"target\":[\"https:\/\/bobea.net\/index.php\/2025\/02\/25\/nappes-phreatiques-en-france-un-bilan-positif-pour-2025\/#respond\"]}]},{\"@type\":\"WebPage\",\"@id\":\"https:\/\/bobea.net\/index.php\/2025\/02\/25\/nappes-phreatiques-en-france-un-bilan-positif-pour-2025\/\",\"url\":\"https:\/\/bobea.net\/index.php\/2025\/02\/25\/nappes-phreatiques-en-france-un-bilan-positif-pour-2025\/\",\"name\":\"Nappes phr\u00e9atiques en France : Un bilan positif pour 2025 - Bobea\",\"isPartOf\":{\"@id\":\"https:\/\/bobea.net\/#website\"},\"primaryImageOfPage\":{\"@id\":\"https:\/\/bobea.net\/index.php\/2025\/02\/25\/nappes-phreatiques-en-france-un-bilan-positif-pour-2025\/#primaryimage\"},\"image\":{\"@id\":\"https:\/\/bobea.net\/index.php\/2025\/02\/25\/nappes-phreatiques-en-france-un-bilan-positif-pour-2025\/#primaryimage\"},\"thumbnailUrl\":\"https:\/\/bobea.net\/wp-content\/uploads\/2025\/02\/nappes-phreatiques-mars-2024-6beb46-0@1x.jpeg\",\"datePublished\":\"2025-02-25T13:56:05+00:00\",\"dateModified\":\"2025-02-25T13:56:07+00:00\",\"breadcrumb\":{\"@id\":\"https:\/\/bobea.net\/index.php\/2025\/02\/25\/nappes-phreatiques-en-france-un-bilan-positif-pour-2025\/#breadcrumb\"},\"inLanguage\":\"fr-FR\",\"potentialAction\":[{\"@type\":\"ReadAction\",\"target\":[\"https:\/\/bobea.net\/index.php\/2025\/02\/25\/nappes-phreatiques-en-france-un-bilan-positif-pour-2025\/\"]}]},{\"@type\":\"ImageObject\",\"inLanguage\":\"fr-FR\",\"@id\":\"https:\/\/bobea.net\/index.php\/2025\/02\/25\/nappes-phreatiques-en-france-un-bilan-positif-pour-2025\/#primaryimage\",\"url\":\"https:\/\/bobea.net\/wp-content\/uploads\/2025\/02\/nappes-phreatiques-mars-2024-6beb46-0@1x.jpeg\",\"contentUrl\":\"https:\/\/bobea.net\/wp-content\/uploads\/2025\/02\/nappes-phreatiques-mars-2024-6beb46-0@1x.jpeg\",\"width\":767,\"height\":431},{\"@type\":\"BreadcrumbList\",\"@id\":\"https:\/\/bobea.net\/index.php\/2025\/02\/25\/nappes-phreatiques-en-france-un-bilan-positif-pour-2025\/#breadcrumb\",\"itemListElement\":[{\"@type\":\"ListItem\",\"position\":1,\"name\":\"Accueil\",\"item\":\"https:\/\/bobea.net\/\"},{\"@type\":\"ListItem\",\"position\":2,\"name\":\"Nappes phr\u00e9atiques en France : Un bilan positif pour 2025\"}]},{\"@type\":\"WebSite\",\"@id\":\"https:\/\/bobea.net\/#website\",\"url\":\"https:\/\/bobea.net\/\",\"name\":\"Bobea\",\"description\":\"Le magazine de la nouvelle \u00c8ve\",\"publisher\":{\"@id\":\"https:\/\/bobea.net\/#organization\"},\"potentialAction\":[{\"@type\":\"SearchAction\",\"target\":{\"@type\":\"EntryPoint\",\"urlTemplate\":\"https:\/\/bobea.net\/?s={search_term_string}\"},\"query-input\":{\"@type\":\"PropertyValueSpecification\",\"valueRequired\":true,\"valueName\":\"search_term_string\"}}],\"inLanguage\":\"fr-FR\"},{\"@type\":\"Organization\",\"@id\":\"https:\/\/bobea.net\/#organization\",\"name\":\"Bobea\",\"url\":\"https:\/\/bobea.net\/\",\"logo\":{\"@type\":\"ImageObject\",\"inLanguage\":\"fr-FR\",\"@id\":\"https:\/\/bobea.net\/#\/schema\/logo\/image\/\",\"url\":\"https:\/\/bobea.net\/wp-content\/uploads\/2024\/06\/bobea.jpg\",\"contentUrl\":\"https:\/\/bobea.net\/wp-content\/uploads\/2024\/06\/bobea.jpg\",\"width\":1080,\"height\":1080,\"caption\":\"Bobea\"},\"image\":{\"@id\":\"https:\/\/bobea.net\/#\/schema\/logo\/image\/\"},\"sameAs\":[\"https:\/\/web.facebook.com\/profile.php?id=61559252188416\"]},{\"@type\":\"Person\",\"@id\":\"https:\/\/bobea.net\/#\/schema\/person\/e7f45ef187918d7c956bf619dce90ccf\",\"name\":\"bobea.info\",\"image\":{\"@type\":\"ImageObject\",\"inLanguage\":\"fr-FR\",\"@id\":\"https:\/\/bobea.net\/#\/schema\/person\/image\/\",\"url\":\"https:\/\/secure.gravatar.com\/avatar\/36147980349df887ae30808df3e29474?s=96&d=mm&r=g\",\"contentUrl\":\"https:\/\/secure.gravatar.com\/avatar\/36147980349df887ae30808df3e29474?s=96&d=mm&r=g\",\"caption\":\"bobea.info\"},\"sameAs\":[\"https:\/\/bobea.net\"],\"url\":\"https:\/\/bobea.net\/index.php\/author\/bobea-info\/\"}]}<\/script>\n<!-- \/ Yoast SEO plugin. -->","yoast_head_json":{"title":"Nappes phr\u00e9atiques en France : Un bilan positif pour 2025 - Bobea","robots":{"index":"index","follow":"follow","max-snippet":"max-snippet:-1","max-image-preview":"max-image-preview:large","max-video-preview":"max-video-preview:-1"},"canonical":"https:\/\/bobea.net\/index.php\/2025\/02\/25\/nappes-phreatiques-en-france-un-bilan-positif-pour-2025\/","og_locale":"fr_FR","og_type":"article","og_title":"Nappes phr\u00e9atiques en France : Un bilan positif pour 2025 - Bobea","og_description":"Le dernier rap\u00adport du Bureau de Recherch\u00ades G\u00e9ologiques et Mini\u00e8res (BRGM) r\u00e9v\u00e8le une sit\u00adu\u00ada\u00adtion encour\u00adageante pour les nappes phr\u00e9a\u00adtiques fran\u00e7ais\u00ades au 1er f\u00e9vri\u00ader 2025. Selon cette \u00e9tude, 68% des niveaux&hellip;","og_url":"https:\/\/bobea.net\/index.php\/2025\/02\/25\/nappes-phreatiques-en-france-un-bilan-positif-pour-2025\/","og_site_name":"Bobea","article_publisher":"https:\/\/web.facebook.com\/profile.php?id=61559252188416","article_published_time":"2025-02-25T13:56:05+00:00","article_modified_time":"2025-02-25T13:56:07+00:00","og_image":[{"width":767,"height":431,"url":"https:\/\/bobea.net\/wp-content\/uploads\/2025\/02\/nappes-phreatiques-mars-2024-6beb46-0@1x.jpeg","type":"image\/jpeg"}],"author":"bobea.info","twitter_card":"summary_large_image","twitter_misc":{"\u00c9crit par":"bobea.info","Dur\u00e9e de lecture estim\u00e9e":"2 minutes"},"schema":{"@context":"https:\/\/schema.org","@graph":[{"@type":"Article","@id":"https:\/\/bobea.net\/index.php\/2025\/02\/25\/nappes-phreatiques-en-france-un-bilan-positif-pour-2025\/#article","isPartOf":{"@id":"https:\/\/bobea.net\/index.php\/2025\/02\/25\/nappes-phreatiques-en-france-un-bilan-positif-pour-2025\/"},"author":{"name":"bobea.info","@id":"https:\/\/bobea.net\/#\/schema\/person\/e7f45ef187918d7c956bf619dce90ccf"},"headline":"Nappes phr\u00e9atiques en France : Un bilan positif pour 2025","datePublished":"2025-02-25T13:56:05+00:00","dateModified":"2025-02-25T13:56:07+00:00","mainEntityOfPage":{"@id":"https:\/\/bobea.net\/index.php\/2025\/02\/25\/nappes-phreatiques-en-france-un-bilan-positif-pour-2025\/"},"wordCount":318,"commentCount":0,"publisher":{"@id":"https:\/\/bobea.net\/#organization"},"image":{"@id":"https:\/\/bobea.net\/index.php\/2025\/02\/25\/nappes-phreatiques-en-france-un-bilan-positif-pour-2025\/#primaryimage"},"thumbnailUrl":"https:\/\/bobea.net\/wp-content\/uploads\/2025\/02\/nappes-phreatiques-mars-2024-6beb46-0@1x.jpeg","keywords":["agriculture","BRGM","changement climatique","conservation","France","gestion de l'eau","nappes phr\u00e9atiques","ressources en eau"],"articleSection":["On en Parle"],"inLanguage":"fr-FR","potentialAction":[{"@type":"CommentAction","name":"Comment","target":["https:\/\/bobea.net\/index.php\/2025\/02\/25\/nappes-phreatiques-en-france-un-bilan-positif-pour-2025\/#respond"]}]},{"@type":"WebPage","@id":"https:\/\/bobea.net\/index.php\/2025\/02\/25\/nappes-phreatiques-en-france-un-bilan-positif-pour-2025\/","url":"https:\/\/bobea.net\/index.php\/2025\/02\/25\/nappes-phreatiques-en-france-un-bilan-positif-pour-2025\/","name":"Nappes phr\u00e9atiques en France : Un bilan positif pour 2025 - Bobea","isPartOf":{"@id":"https:\/\/bobea.net\/#website"},"primaryImageOfPage":{"@id":"https:\/\/bobea.net\/index.php\/2025\/02\/25\/nappes-phreatiques-en-france-un-bilan-positif-pour-2025\/#primaryimage"},"image":{"@id":"https:\/\/bobea.net\/index.php\/2025\/02\/25\/nappes-phreatiques-en-france-un-bilan-positif-pour-2025\/#primaryimage"},"thumbnailUrl":"https:\/\/bobea.net\/wp-content\/uploads\/2025\/02\/nappes-phreatiques-mars-2024-6beb46-0@1x.jpeg","datePublished":"2025-02-25T13:56:05+00:00","dateModified":"2025-02-25T13:56:07+00:00","breadcrumb":{"@id":"https:\/\/bobea.net\/index.php\/2025\/02\/25\/nappes-phreatiques-en-france-un-bilan-positif-pour-2025\/#breadcrumb"},"inLanguage":"fr-FR","potentialAction":[{"@type":"ReadAction","target":["https:\/\/bobea.net\/index.php\/2025\/02\/25\/nappes-phreatiques-en-france-un-bilan-positif-pour-2025\/"]}]},{"@type":"ImageObject","inLanguage":"fr-FR","@id":"https:\/\/bobea.net\/index.php\/2025\/02\/25\/nappes-phreatiques-en-france-un-bilan-positif-pour-2025\/#primaryimage","url":"https:\/\/bobea.net\/wp-content\/uploads\/2025\/02\/nappes-phreatiques-mars-2024-6beb46-0@1x.jpeg","contentUrl":"https:\/\/bobea.net\/wp-content\/uploads\/2025\/02\/nappes-phreatiques-mars-2024-6beb46-0@1x.jpeg","width":767,"height":431},{"@type":"BreadcrumbList","@id":"https:\/\/bobea.net\/index.php\/2025\/02\/25\/nappes-phreatiques-en-france-un-bilan-positif-pour-2025\/#breadcrumb","itemListElement":[{"@type":"ListItem","position":1,"name":"Accueil","item":"https:\/\/bobea.net\/"},{"@type":"ListItem","position":2,"name":"Nappes phr\u00e9atiques en France : Un bilan positif pour 2025"}]},{"@type":"WebSite","@id":"https:\/\/bobea.net\/#website","url":"https:\/\/bobea.net\/","name":"Bobea","description":"Le magazine de la nouvelle \u00c8ve","publisher":{"@id":"https:\/\/bobea.net\/#organization"},"potentialAction":[{"@type":"SearchAction","target":{"@type":"EntryPoint","urlTemplate":"https:\/\/bobea.net\/?s={search_term_string}"},"query-input":{"@type":"PropertyValueSpecification","valueRequired":true,"valueName":"search_term_string"}}],"inLanguage":"fr-FR"},{"@type":"Organization","@id":"https:\/\/bobea.net\/#organization","name":"Bobea","url":"https:\/\/bobea.net\/","logo":{"@type":"ImageObject","inLanguage":"fr-FR","@id":"https:\/\/bobea.net\/#\/schema\/logo\/image\/","url":"https:\/\/bobea.net\/wp-content\/uploads\/2024\/06\/bobea.jpg","contentUrl":"https:\/\/bobea.net\/wp-content\/uploads\/2024\/06\/bobea.jpg","width":1080,"height":1080,"caption":"Bobea"},"image":{"@id":"https:\/\/bobea.net\/#\/schema\/logo\/image\/"},"sameAs":["https:\/\/web.facebook.com\/profile.php?id=61559252188416"]},{"@type":"Person","@id":"https:\/\/bobea.net\/#\/schema\/person\/e7f45ef187918d7c956bf619dce90ccf","name":"bobea.info","image":{"@type":"ImageObject","inLanguage":"fr-FR","@id":"https:\/\/bobea.net\/#\/schema\/person\/image\/","url":"https:\/\/secure.gravatar.com\/avatar\/36147980349df887ae30808df3e29474?s=96&d=mm&r=g","contentUrl":"https:\/\/secure.gravatar.com\/avatar\/36147980349df887ae30808df3e29474?s=96&d=mm&r=g","caption":"bobea.info"},"sameAs":["https:\/\/bobea.net"],"url":"https:\/\/bobea.net\/index.php\/author\/bobea-info\/"}]}},"_links":{"self":[{"href":"https:\/\/bobea.net\/index.php\/wp-json\/wp\/v2\/posts\/10100"}],"collection":[{"href":"https:\/\/bobea.net\/index.php\/wp-json\/wp\/v2\/posts"}],"about":[{"href":"https:\/\/bobea.net\/index.php\/wp-json\/wp\/v2\/types\/post"}],"author":[{"embeddable":true,"href":"https:\/\/bobea.net\/index.php\/wp-json\/wp\/v2\/users\/1"}],"replies":[{"embeddable":true,"href":"https:\/\/bobea.net\/index.php\/wp-json\/wp\/v2\/comments?post=10100"}],"version-history":[{"count":0,"href":"https:\/\/bobea.net\/index.php\/wp-json\/wp\/v2\/posts\/10100\/revisions"}],"wp:featuredmedia":[{"embeddable":true,"href":"https:\/\/bobea.net\/index.php\/wp-json\/wp\/v2\/media\/10101"}],"wp:attachment":[{"href":"https:\/\/bobea.net\/index.php\/wp-json\/wp\/v2\/media?parent=10100"}],"wp:term":[{"taxonomy":"category","embeddable":true,"href":"https:\/\/bobea.net\/index.php\/wp-json\/wp\/v2\/categories?post=10100"},{"taxonomy":"post_tag","embeddable":true,"href":"https:\/\/bobea.net\/index.php\/wp-json\/wp\/v2\/tags?post=10100"}],"curies":[{"name":"wp","href":"https:\/\/api.w.org\/{rel}","templated":true}]}}